{"id":8079,"date":"2019-04-10T13:49:31","date_gmt":"2019-04-10T13:49:31","guid":{"rendered":"http:\/\/www.lapluma.net\/?p=8079"},"modified":"2019-04-10T13:49:53","modified_gmt":"2019-04-10T13:49:53","slug":"hasta-cuando-van-a-llover-bombas-sobre-gaza","status":"publish","type":"post","link":"https:\/\/www.lapluma.net\/fr\/2019\/04\/10\/hasta-cuando-van-a-llover-bombas-sobre-gaza\/","title":{"rendered":"\u00bfHasta cu\u00e1ndo van a llover bombas sobre Gaza?"},"content":{"rendered":"<p style=\"text-align: justify;\"><span style=\"font-size: 12pt;\"><img loading=\"lazy\" decoding=\"async\" class=\"alignleft\" src=\"http:\/\/www.tlaxcala-int.org\/upload\/aut_4826.jpg\" width=\"77\" height=\"108\" border=\"0\" \/>El r\u00e9gimen terrorista de Israel desat\u00f3 nuevamente bombardeos masivos contra la Franja de Gaza, destruyendo 500 casas.\u00a0<em>Y generando una nueva crisis de p\u00e1nico entre el pueblo palestino.<\/em><\/span><\/p>\n<div style=\"text-align: justify;\"><span style=\"font-size: 12pt;\">Las ecuaciones siempre parecen cerrar de forma perfecta para Benjam\u00edn Netanyahu. El primer ministro israel\u00ed, acusado de corrupci\u00f3n por la justicia de su pa\u00eds, no vacila en ordenar una catarata de bombardeos sobre la Franja de Gaza cuando huele que su credibilidad est\u00e1 en juego. Pero Netanyahu no s\u00f3lo se mueve por el sencillo instinto de sobrevivir; su formaci\u00f3n dentro del sionismo, una ideolog\u00eda ultraderechista y racista, lo define como un l\u00edder consciente de que uno de sus principales objetivos es reprimir (en lo posible hasta el exterminio) al pueblo palestino.<\/span><\/div>\n<div><\/div>\n<div><em><img loading=\"lazy\" decoding=\"async\" class=\"aligncenter\" src=\"http:\/\/www.tlaxcala-int.org\/upload\/gal_18760.jpg\" alt=\"\" width=\"510\" height=\"306\" \/><\/em><\/div>\n<div style=\"text-align: justify;\"><\/div>\n<div style=\"text-align: justify;\"><span style=\"font-size: 12pt;\">En los \u00faltimos d\u00edas, esa ecuaci\u00f3n a la que se aferra Netanyahu se aline\u00f3 perfectamente. Con la campa\u00f1a electoral para los comisi\u00f3s parlamentarios del pr\u00f3ximo 9 de abril en Israel, el primer ministro \u2013asediado por las cr\u00edticas internas y externas- obtuvo un nuevo trofeo: el gobierno de Donald Trump reconoci\u00f3 que los Altos del Gol\u00e1n son territorio israel\u00ed. Esa regi\u00f3n siria fue arrebatada por el ej\u00e9rcito israel\u00ed luego de la Guerra de los Seis D\u00edas en 1967. En los \u00faltimos a\u00f1os, los Altos del Gol\u00e1n se convirtieron en una de las retaguardias de muchos grupos irregulares que operan en territorio sirio, incluido Al Qaeda. Desde esa zona, el Estado israel\u00ed asisti\u00f3 a los mercenarios que luego reingresaba a Siria, inclusive instalando hospitales de campa\u00f1a para que fueran atendidos.<\/span><\/div>\n<div style=\"text-align: justify;\"><\/div>\n<div style=\"text-align: justify;\"><span style=\"font-size: 12pt;\">El mismo lunes pasado en que Trump tend\u00eda otra vez sus manos para respaldar a Netanyahu, la aviaci\u00f3n israel\u00ed desataba una lluvia de bombas sobre la Franja de Gaza, una porci\u00f3n de territorio palestino de apenas 360 kil\u00f3metros cuadrados en donde habitan dos millones de personas. Gaza, que moja sus tierra en el Mar de Mediterr\u00e1neo, es considera la prisi\u00f3n a cielo abierto m\u00e1s grande del mundo. Bloqueada econ\u00f3micamente y asediada por las fuerzas militares israel\u00edes, la Franja sobrevive hace a\u00f1os entre los golpes mortales de los bombardeos y la indiferencia de la comunidad internacional.<\/span><\/div>\n<div style=\"text-align: justify;\"><\/div>\n<div style=\"text-align: justify;\"><span style=\"font-size: 12pt;\">Unas horas antes de los ataques israel\u00edes se hab\u00eda reportado la ca\u00edda de un cohete artesanal en el norte de Tel Aviv, que dej\u00f3 como saldo a siete personas heridas. La ecuaci\u00f3n, como siempre, se resolvi\u00f3 sin contradicciones para Netanyahu. Los bombardeos que demolieron partes enteras de Gaza eran la respuesta que buena parte de la sociedad israel\u00ed espera de sus gobernantes. El Movimiento de Resistencia Isl\u00e1mica Hamas (y por ende, Ir\u00e1n, en una asociaci\u00f3n transitiva permanente que defiende el gobierno de Tel Aviv) era el responsable del cohete lanzado.<\/span><\/div>\n<div style=\"text-align: justify;\"><\/div>\n<div style=\"text-align: justify;\"><span style=\"font-size: 12pt;\">La Autoridad Nacional Palestina (ANP) inform\u00f3 el martes que los ataques a\u00e9reos contra Gaza causaron da\u00f1os en 500 casas y otras 30 fueron totalmente destruidas. El ministro de Obras P\u00fablicas y Vivienda palestinas, Mofeed Al Hasayneh, confirm\u00f3 que 13 familias palestinas se quedaron sin hogar y cientos de residentes en Gaza debieron abandonar sus casas. Al Hasanyneh exigi\u00f3 a la comunidad internacional que ejerza presi\u00f3n sobre Israel para que detenga sus ataques y que estos hechos, como muchos otros, no queden en la impunidad.<\/span><\/div>\n<div style=\"text-align: justify;\"><\/div>\n<div style=\"text-align: justify;\"><span style=\"font-size: 12pt;\">El CPDH alert\u00f3 que \u201cadem\u00e1s de la destrucci\u00f3n causada por los ataques a\u00e9reos contra el blanco al que apuntaban y de los da\u00f1os causados a las viviendas e instalaciones cercanas, las explosiones resultantes han causado p\u00e1nico y temor entre la poblaci\u00f3n civil, muy particularmente entre las y los ni\u00f1os, al reproducir las experiencias traum\u00e1ticas que vivieron en las tres ofensivas israel\u00edes de 2008-2009, 2012 y 2014\u201d.<\/span><\/div>\n<div style=\"text-align: justify;\"><\/div>\n<div style=\"text-align: justify;\"><span style=\"font-size: 12pt;\">\u201cCon esta escalada generalizada, los civiles palestinos de la Franja de Gaza han vuelto a sufrir ataques a\u00e9reos desproporcionados -que se inscriben en la pol\u00edtica de castigo colectivo que les aplica Israel\u201d, remarc\u00f3 el CPDH.<\/span><\/div>\n<div style=\"text-align: justify;\"><\/div>\n<div style=\"text-align: justify;\"><span style=\"font-size: 12pt;\">Estos nuevos ataques sobre la Franja tambi\u00e9n son una respuesta a las Marchas del Retorno, que desde el a\u00f1o pasado se realizan todos los viernes. Frente a las protestas masivas de palestinos y palestina, Israel no vari\u00f3 en sus respuestas: francotiradores y soldados hacen punter\u00eda sobre hombres, mujeres y ni\u00f1os que reclaman la tierra que les pertenece y le es negada. Durante las Marchas del Retorno, Israel asesin\u00f3 a 196 manifestantes, entre ellos ocho personas discapacitadas, tres param\u00e9dicos que asist\u00edan a gente herida y dos periodistas que cubr\u00edan las protestas. A esto se suma que m\u00e1s de 15.200 personas han resultado heridas, incluyendo 3.300 menores, 177 param\u00e9dicos y 154 periodistas.<\/span><\/div>\n<div style=\"text-align: justify;\"><\/div>\n<div style=\"text-align: justify;\"><span style=\"font-size: 12pt;\">Desde el Centro Al Mezan para los Derechos Humanos recordaron que las movilizaciones contra la ocupaci\u00f3n israel\u00ed son \u201cun derecho de libre expresi\u00f3n y un derecho fundamental que debe respetarse\u201d. Por su parte, la comisi\u00f3n independiente creada por la Organizaci\u00f3n de las Naciones Unidas (ONU) para investigar el accionar del Ej\u00e9rcito y las autoridades israel\u00edes ante las Marchas del Retorno lleg\u00f3 a la conclusi\u00f3n de que los ataques podr\u00edan constituir \u201ccr\u00edmenes de guerra o contra la humanidad\u201d.<\/span><\/div>\n<div style=\"text-align: justify;\"><\/div>\n<div style=\"text-align: justify;\"><span style=\"font-size: 12pt;\">\u201cLa situaci\u00f3n en la Franja de Gaza es parte de una longeva campa\u00f1a de violencia y terror que est\u00e1 siendo emprendida contra nuestro pueblo por Israel\u201d, denunci\u00f3 recientemente el embajador de Palestina en la ONU, Riad Mansur. \u201cEl Consejo de Seguridad de Naciones Unidas debe hacer escuchar su voz y actuar para impedir la continuaci\u00f3n de la violencia y la escalda de esta grave situaci\u00f3n\u201d, manifest\u00f3 el diplom\u00e1tico.<\/span><\/div>\n<div style=\"text-align: justify;\"><\/div>\n<div style=\"text-align: justify;\"><span style=\"font-size: 12pt;\">Mientras la destrucci\u00f3n se aferra a Gaza de la mano de Netanyahu y la guardia de hierro que lo secunda, los palestinos y las palestinas se preparan para redoblar las protestas el pr\u00f3ximo viernes. En la Franja, un territorio donde la muerte vuelva con el mismo sonido que los cazas israel\u00edes, nadie est\u00e1 dispuesto a bajar los brazos.<\/span><\/div>\n<div><\/div>\n<div style=\"text-align: justify;\"><strong><span class=\"auteur\" style=\"font-size: 12pt;\">Leandro Albani <\/span><\/strong><\/div>\n<div><\/div>\n<div><strong><span style=\"font-size: 12pt;\">Traducciones disponibles: <span class=\"navigation_cadre\"><a href=\"http:\/\/www.tlaxcala-int.org\/article.asp?reference=25764\">Italiano<\/a>\u00a0 <\/span><\/span><\/strong><\/div>\n<div><\/div>\n<div><strong><span style=\"font-size: 12pt;\">Fuente: <a href=\"http:\/\/www.tlaxcala-int.org\/article.asp?reference=25763\">Tlaxcala<\/a>, 10 de abril de 2019<\/span><\/strong><\/div>\n<div><\/div>\n<div><strong><span style=\"font-size: 12pt;\">Publicado por <\/span><\/strong><a href=\"https:\/\/www.lahaine.org\/mundo.php\/ihasta-cuando-van-a-llover\"><strong><span style=\"font-size: 12pt;\">La Haine<\/span><\/strong><\/a><\/div>\n","protected":false},"excerpt":{"rendered":"<p>Mientras la destrucci\u00f3n se aferra a Gaza de la mano de Netanyahu y la guardia de hierro que lo secunda, los palestinos y las palestinas se preparan para redoblar las protestas el pr\u00f3ximo viernes. En la Franja, un territorio donde la muerte vuelva con el mismo sonido que los cazas israel\u00edes, nadie est\u00e1 dispuesto a bajar los brazos.<\/p>\n","protected":false},"author":123,"featured_media":8081,"comment_status":"open","ping_status":"open","sticky":false,"template":"","format":"standard","meta":{"_uf_show_specific_survey":0,"_uf_disable_surveys":false,"footnotes":""},"categories":[218],"tags":[739],"coauthors":[1120],"class_list":["post-8079","post","type-post","status-publish","format-standard","has-post-thumbnail","hentry","category-mundo","tag-gaza"],"translation":{"provider":"WPGlobus","version":"2.12.2","language":"fr","enabled_languages":["es","fr"],"languages":{"es":{"title":true,"content":true,"excerpt":true},"fr":{"title":false,"content":false,"excerpt":false}}},"_links":{"self":[{"href":"https:\/\/www.lapluma.net\/fr\/wp-json\/wp\/v2\/posts\/8079","targetHints":{"allow":["GET"]}}],"collection":[{"href":"https:\/\/www.lapluma.net\/fr\/wp-json\/wp\/v2\/posts"}],"about":[{"href":"https:\/\/www.lapluma.net\/fr\/wp-json\/wp\/v2\/types\/post"}],"author":[{"embeddable":true,"href":"https:\/\/www.lapluma.net\/fr\/wp-json\/wp\/v2\/users\/123"}],"replies":[{"embeddable":true,"href":"https:\/\/www.lapluma.net\/fr\/wp-json\/wp\/v2\/comments?post=8079"}],"version-history":[{"count":2,"href":"https:\/\/www.lapluma.net\/fr\/wp-json\/wp\/v2\/posts\/8079\/revisions"}],"predecessor-version":[{"id":8083,"href":"https:\/\/www.lapluma.net\/fr\/wp-json\/wp\/v2\/posts\/8079\/revisions\/8083"}],"wp:featuredmedia":[{"embeddable":true,"href":"https:\/\/www.lapluma.net\/fr\/wp-json\/wp\/v2\/media\/8081"}],"wp:attachment":[{"href":"https:\/\/www.lapluma.net\/fr\/wp-json\/wp\/v2\/media?parent=8079"}],"wp:term":[{"taxonomy":"category","embeddable":true,"href":"https:\/\/www.lapluma.net\/fr\/wp-json\/wp\/v2\/categories?post=8079"},{"taxonomy":"post_tag","embeddable":true,"href":"https:\/\/www.lapluma.net\/fr\/wp-json\/wp\/v2\/tags?post=8079"},{"taxonomy":"author","embeddable":true,"href":"https:\/\/www.lapluma.net\/fr\/wp-json\/wp\/v2\/coauthors?post=8079"}],"curies":[{"name":"wp","href":"https:\/\/api.w.org\/{rel}","templated":true}]}}