{"id":80603,"date":"2025-07-08T08:59:33","date_gmt":"2025-07-08T08:59:33","guid":{"rendered":"https:\/\/www.lapluma.net\/?p=80603"},"modified":"2025-07-09T09:53:15","modified_gmt":"2025-07-09T09:53:15","slug":"80603","status":"publish","type":"post","link":"https:\/\/www.lapluma.net\/fr\/2025\/07\/08\/80603\/","title":{"rendered":"Planeta fumigado : Pesticidas letales, v\u00edctimas infantiles"},"content":{"rendered":"<p style=\"padding-left: 40px;\"><em><span style=\"font-size: 14pt;\">El impacto nocivo de los pesticidas no perdona Norte ni Sur geogr\u00e1ficos; tampoco adultos y sobre todo ni\u00f1os. Venenos legales, muchas veces letales, los pesticidas constituyen la punta de lanza del agro moderno.<\/span><\/em><\/p>\n<p style=\"text-align: justify;\"><span style=\"font-size: 14pt;\">Doscientos seis ni\u00f1os y ni\u00f1as de 6 a 13 a\u00f1os de edad en tres comunas agr\u00edcolas del sure\u00f1o Cant\u00f3n (provincia o estado) de Valais, Suiza, estuvieron altamente expuestos a pesticidas. As\u00ed lo certifica un estudio del Instituto Suizo de Medicina Tropical y Salud P\u00fablica (Swiss TPH) que las autoridades cantonales acaban de publicar.<\/span><\/p>\n<p style=\"text-align: justify;\"><span style=\"font-size: 14pt;\">Los resultados fueron significativos por el impacto potencial en la salud infantil: de los 81 pesticidas analizados, 36 quedaron registrados en las pulseras de silicona de los ni\u00f1os que participaron en el estudio en Chamoson, Salgesch y Saxon, tres municipios en la extensa cuenca del r\u00edo R\u00f3dano.<\/span><\/p>\n<figure id=\"attachment_80618\" aria-describedby=\"caption-attachment-80618\" style=\"width: 600px\" class=\"wp-caption aligncenter\"><img loading=\"lazy\" decoding=\"async\" class=\"wp-image-80618\" src=\"https:\/\/www.lapluma.net\/wp-content\/uploads\/2025\/07\/Atencion-escuela-No-fumigar-Protestas-ecoportal.net_-300x181.webp\" alt=\"\" width=\"600\" height=\"363\" srcset=\"https:\/\/www.lapluma.net\/wp-content\/uploads\/2025\/07\/Atencion-escuela-No-fumigar-Protestas-ecoportal.net_-300x181.webp 300w, https:\/\/www.lapluma.net\/wp-content\/uploads\/2025\/07\/Atencion-escuela-No-fumigar-Protestas-ecoportal.net_.webp 640w\" sizes=\"auto, (max-width: 600px) 100vw, 600px\" \/><figcaption id=\"caption-attachment-80618\" class=\"wp-caption-text\">Protestas en Entre Rios por fumigaciones, ecoportal.net<\/figcaption><\/figure>\n<p style=\"text-align: justify;\"><span style=\"font-size: 14pt;\">El nivel de su exposici\u00f3n a los t\u00f3xicos se midi\u00f3 durante cuatro per\u00edodos: en enero y febrero (el invierno europeo), es decir fuera de la temporada de fumigaci\u00f3n de pesticidas; as\u00ed como en abril, mayo y junio, durante el pico de fumigaci\u00f3n. Adem\u00e1s del registro en los brazaletes se utiliz\u00f3 el resultado de muestras de orina.<\/span><\/p>\n<p style=\"text-align: justify;\"><span style=\"font-size: 14pt;\">De los 36 pesticidas identificados, la mitad se detect\u00f3 con poca frecuencia (menos del 5% de los ni\u00f1os). Sin embargo, seis de los agrot\u00f3xicos se encontraron en m\u00e1s del 40% de los participantes del estudio. Todos los ni\u00f1os estuvieron expuestos, como m\u00ednimo, a un pesticida durante al menos uno de los periodos de an\u00e1lisis. El promedio de contacto por ni\u00f1o lleg\u00f3 a 14 agentes t\u00f3xicos, aunque algunos estuvieron expuestos a 32. Estos diferentes niveles de exposici\u00f3n, seg\u00fan Swiss TPH, dependieron de diversos factores: el momento del a\u00f1o y la distancia de separaci\u00f3n entre los hogares de esos ni\u00f1os y las actividades agr\u00edcolas, as\u00ed como las dimensiones de las zonas de cultivo.<\/span><\/p>\n<p style=\"text-align: justify;\"><span style=\"font-size: 14pt;\">El estudio tambi\u00e9n investig\u00f3 posibles v\u00ednculos entre la exposici\u00f3n a los seis pesticidas m\u00e1s detectados y s\u00edntomas respiratorios de los participantes. Aunque no se encontr\u00f3 asociaci\u00f3n a corto plazo con s\u00edntomas como tos o dificultad para respirar, las pruebas de espirometr\u00eda, que miden el volumen pulmonar y el flujo de aire, mostraron una ligera reducci\u00f3n de la funci\u00f3n pulmonar asociada, espec\u00edficamente, producto de los pesticidas propiconazol y metalaxil.<\/span><\/p>\n<figure id=\"attachment_80607\" aria-describedby=\"caption-attachment-80607\" style=\"width: 600px\" class=\"wp-caption aligncenter\"><img loading=\"lazy\" decoding=\"async\" class=\"wp-image-80607\" src=\"https:\/\/www.lapluma.net\/wp-content\/uploads\/2025\/07\/Los-pesticidas-en-gran-escala-surcan-ya-la-superficie-planetaria.-Foto-FAO-Dorian-Goian-300x92.jpg\" alt=\"\" width=\"600\" height=\"183\" srcset=\"https:\/\/www.lapluma.net\/wp-content\/uploads\/2025\/07\/Los-pesticidas-en-gran-escala-surcan-ya-la-superficie-planetaria.-Foto-FAO-Dorian-Goian-300x92.jpg 300w, https:\/\/www.lapluma.net\/wp-content\/uploads\/2025\/07\/Los-pesticidas-en-gran-escala-surcan-ya-la-superficie-planetaria.-Foto-FAO-Dorian-Goian-768x235.jpg 768w, https:\/\/www.lapluma.net\/wp-content\/uploads\/2025\/07\/Los-pesticidas-en-gran-escala-surcan-ya-la-superficie-planetaria.-Foto-FAO-Dorian-Goian.jpg 920w\" sizes=\"auto, (max-width: 600px) 100vw, 600px\" \/><figcaption id=\"caption-attachment-80607\" class=\"wp-caption-text\">Los pesticidas en gran escala surcan ya la superficie planetaria. Foto FAO Dorian Goian.<\/figcaption><\/figure>\n<h5><span style=\"font-size: 18pt;\">Estudio revelador<\/span><\/h5>\n<figure id=\"attachment_80619\" aria-describedby=\"caption-attachment-80619\" style=\"width: 119px\" class=\"wp-caption alignleft\"><img loading=\"lazy\" decoding=\"async\" class=\"wp-image-80619\" src=\"https:\/\/www.lapluma.net\/wp-content\/uploads\/2025\/07\/Nicole-Probst-Hensch.png\" alt=\"\" width=\"119\" height=\"158\" \/><figcaption id=\"caption-attachment-80619\" class=\"wp-caption-text\">Nicole Probst-Hensch.png<\/figcaption><\/figure>\n<p style=\"text-align: justify;\"><span style=\"font-size: 14pt;\">Este estudio es el primero de esta naturaleza en Suiza.<a href=\"https:\/\/www.swisstph.ch\/fr\/news\/news-detail-1\/news\/childrens-exposure-to-pesticides-in-vineyard-and-orchard-regions\" target=\"_blank\" rel=\"noopener\"> Nicole Probst-Hensch, jefa del Departamento de Epidemiolog\u00eda y Salud P\u00fablica de Swiss TPH, asegur\u00f3 que, debido a que los pesticidas constituyen un tema controvertido<\/a>, es fundamental contar con datos que orienten el debate y la acci\u00f3n. Y alent\u00f3 a que se realicen otras investigaciones de esta naturaleza con una cobertura m\u00e1s amplia, a nivel nacional, para comprender mejor los efectos a largo plazo de los agroqu\u00edmicos sobre la salud.<\/span><\/p>\n<p style=\"text-align: justify;\"><span style=\"font-size: 14pt;\">El m\u00e9dico pediatra Bernard Borel, especialista en temas de salud y comentarista para el cotidiano helv\u00e9tico <em>Le Courrier,<\/em> est\u00e1 muy familiarizado con esa regi\u00f3n, ya que vive en Aigle, en el mismo Cant\u00f3n de Valais. Seg\u00fan \u00e9l, los resultados esenciales del estudio exigir\u00edan profundizar las conclusiones y expandir los controles <a class=\"cs_glossaire\" href=\"https:\/\/www.cadtm.org\/Futuros\" name=\"mot933_0\"><span class=\"gl_mot\">futuros<\/span><\/a>. Borel afirma a este corresponsal que \u201clo m\u00e1s preocupante es que algunos plaguicidas prohibidos en Suiza desde hace varios a\u00f1os debido a sus posibles efectos sobre la salud, se encontraron en las pulseras\u201d.<\/span><\/p>\n<figure id=\"attachment_80620\" aria-describedby=\"caption-attachment-80620\" style=\"width: 600px\" class=\"wp-caption aligncenter\"><img loading=\"lazy\" decoding=\"async\" class=\"wp-image-80620\" src=\"https:\/\/www.lapluma.net\/wp-content\/uploads\/2025\/07\/Bernard-Borel-colaboradores-Congo--300x183.png\" alt=\"\" width=\"600\" height=\"367\" srcset=\"https:\/\/www.lapluma.net\/wp-content\/uploads\/2025\/07\/Bernard-Borel-colaboradores-Congo--300x183.png 300w, https:\/\/www.lapluma.net\/wp-content\/uploads\/2025\/07\/Bernard-Borel-colaboradores-Congo--435x267.png 435w, https:\/\/www.lapluma.net\/wp-content\/uploads\/2025\/07\/Bernard-Borel-colaboradores-Congo-.png 437w\" sizes=\"auto, (max-width: 600px) 100vw, 600px\" \/><figcaption id=\"caption-attachment-80620\" class=\"wp-caption-text\">Bernard Borel con dos colaboradores locales en el Congo, marzo 2020 , Alainet<\/figcaption><\/figure>\n<p style=\"text-align: justify;\"><span style=\"font-size: 14pt;\">Adem\u00e1s, que se detectaron biomarcadores urinarios de pesticidas de todos los ni\u00f1os en al menos un periodo de la evaluaci\u00f3n, indicador de algo m\u00e1s que una simple \u201cexposici\u00f3n a t\u00f3xicos\u201d. Aunque los ni\u00f1os que participaron en el estudio afortunadamente no presentaron s\u00edntomas respiratorios graves, el n\u00famero de ellos con alg\u00fan tipo de s\u00edntomas, como observa Borel, aument\u00f3 del 10% durante el per\u00edodo invernal (parad\u00f3jicamente, cuando los ni\u00f1os suelen desarrollar infecciones respiratorias m\u00e1s comunes) al 20% durante el per\u00edodo de fumigaci\u00f3n intensiva, la estaci\u00f3n del a\u00f1o cuando los infantes tienen, te\u00f3ricamente, menos problemas respiratorios.<\/span><\/p>\n<figure id=\"attachment_80608\" aria-describedby=\"caption-attachment-80608\" style=\"width: 600px\" class=\"wp-caption aligncenter\"><img loading=\"lazy\" decoding=\"async\" class=\"wp-image-80608\" src=\"https:\/\/www.lapluma.net\/wp-content\/uploads\/2025\/07\/tierra-Fumigacion-en-una-granja-en-Perola-Estado-de-Parana-Brasil.-Foto-Marcelo-Curia-_Public-Eye--300x200.webp\" alt=\"\" width=\"600\" height=\"400\" srcset=\"https:\/\/www.lapluma.net\/wp-content\/uploads\/2025\/07\/tierra-Fumigacion-en-una-granja-en-Perola-Estado-de-Parana-Brasil.-Foto-Marcelo-Curia-_Public-Eye--300x200.webp 300w, https:\/\/www.lapluma.net\/wp-content\/uploads\/2025\/07\/tierra-Fumigacion-en-una-granja-en-Perola-Estado-de-Parana-Brasil.-Foto-Marcelo-Curia-_Public-Eye--435x290.webp 435w, https:\/\/www.lapluma.net\/wp-content\/uploads\/2025\/07\/tierra-Fumigacion-en-una-granja-en-Perola-Estado-de-Parana-Brasil.-Foto-Marcelo-Curia-_Public-Eye--150x100.webp 150w, https:\/\/www.lapluma.net\/wp-content\/uploads\/2025\/07\/tierra-Fumigacion-en-una-granja-en-Perola-Estado-de-Parana-Brasil.-Foto-Marcelo-Curia-_Public-Eye--370x247.webp 370w, https:\/\/www.lapluma.net\/wp-content\/uploads\/2025\/07\/tierra-Fumigacion-en-una-granja-en-Perola-Estado-de-Parana-Brasil.-Foto-Marcelo-Curia-_Public-Eye-.webp 768w\" sizes=\"auto, (max-width: 600px) 100vw, 600px\" \/><figcaption id=\"caption-attachment-80608\" class=\"wp-caption-text\">Fumigaci\u00f3n en una granja en Perola, Estado de Paran\u00e1, Brasil. Foto: Marcelo Curia-Public Eye<\/figcaption><\/figure>\n<p style=\"text-align: justify;\"><span style=\"font-size: 14pt;\">Por otra parte, acota Borel, en Suiza se venden unos 200 pesticidas para uso agr\u00edcola. Aunque menos que hace unos a\u00f1os, y quiz\u00e1s debido a una mayor toma de conciencia entre los sectores afectados, de todos modos \u201csiguen apareciendo nuevos agrot\u00f3xicos en el mercado. Su uso es muy frecuente y se observa que la voluntad pol\u00edtica de encontrar alternativas a los agrot\u00f3xicos se debilita ante la \u2018necesidad\u2019 de producir m\u00e1s\u201d. En este pa\u00eds, los vi\u00f1edos y las granjas son los mayores consumidores de pesticidas, con un promedio anual de 25 kilogramos por hect\u00e1rea.<\/span><\/p>\n<p style=\"text-align: justify;\"><span style=\"font-size: 14pt;\">Borel critica tambi\u00e9n la cobertura que algunos medios de informaci\u00f3n helv\u00e9ticos hicieron del estudio, los cuales subrayaron sus \u201cconclusiones tranquilizadoras\u201d. Seg\u00fan este pediatra, \u201csaber que nuestros hijos est\u00e1n expuestos a pesticidas \u2013porque no hay ninguna raz\u00f3n para que sea muy diferente en mi municipio de Aigle\u2013 deber\u00eda alarmarnos e incitarnos a buscar y aplicar, cuanto antes, m\u00e9todos de producci\u00f3n agr\u00edcola alternativos\u201d. En coincidencia con el Instituto de Medicina Tropical, Borel argumenta que es necesario proseguir y profundizar el estudio del cant\u00f3n de Valais a nivel suizo y europeo porque el impacto nocivo de los pesticidas ya es una preocupaci\u00f3n cotidiana pr\u00e1cticamente en todo el mundo.<\/span><\/p>\n<p style=\"text-align: justify;\"><span style=\"font-size: 14pt;\"><strong>Plaguicidas sin fronteras<\/strong><\/span><\/p>\n<p style=\"text-align: justify;\"><span style=\"font-size: 14pt;\">Seg\u00fan datos actualizados de la Organizaci\u00f3n de las Naciones Unidas para la Agricultura y la Alimentaci\u00f3n (FAO), <a href=\"https:\/\/www.fao.org\/statistics\/highlights-archive\/highlights-detail\/pesticides-use-and-trade-1990-2022\/en\" target=\"_blank\" rel=\"noopener\">en 2022 el uso total de plaguicidas en la agricultura mundial fue de m\u00e1s de 3 millones de toneladas de ingredientes activos<\/a>, un 4% m\u00e1s que en 2021. Esto representa un aumento del 13% en una d\u00e9cada, y el doble de los agrot\u00f3xicos empleados en 1990.<\/span><\/p>\n<figure id=\"attachment_80621\" aria-describedby=\"caption-attachment-80621\" style=\"width: 530px\" class=\"wp-caption aligncenter\"><img loading=\"lazy\" decoding=\"async\" class=\"wp-image-80621\" src=\"https:\/\/www.lapluma.net\/wp-content\/uploads\/2025\/07\/Pesticidas-agricolas-tan-cancerigenos-como-el-tabaco-biotechmagazineandnews.com_-300x200.webp\" alt=\"\" width=\"530\" height=\"353\" srcset=\"https:\/\/www.lapluma.net\/wp-content\/uploads\/2025\/07\/Pesticidas-agricolas-tan-cancerigenos-como-el-tabaco-biotechmagazineandnews.com_-300x200.webp 300w, https:\/\/www.lapluma.net\/wp-content\/uploads\/2025\/07\/Pesticidas-agricolas-tan-cancerigenos-como-el-tabaco-biotechmagazineandnews.com_-150x100.webp 150w, https:\/\/www.lapluma.net\/wp-content\/uploads\/2025\/07\/Pesticidas-agricolas-tan-cancerigenos-como-el-tabaco-biotechmagazineandnews.com_-370x247.webp 370w, https:\/\/www.lapluma.net\/wp-content\/uploads\/2025\/07\/Pesticidas-agricolas-tan-cancerigenos-como-el-tabaco-biotechmagazineandnews.com_.webp 405w\" sizes=\"auto, (max-width: 530px) 100vw, 530px\" \/><figcaption id=\"caption-attachment-80621\" class=\"wp-caption-text\">Los riesgos para la salud y el medioambiente asociados con el uso de insecticidas son claros para los expertos. Foto EFT Drone en Pixabay<\/figcaption><\/figure>\n<p style=\"text-align: center;\"><strong><a href=\"https:\/\/biotechmagazineandnews.com\/los-pesticidas-agricolas-tan-cancerigenos-como-el-tabaco\/\" target=\"_blank\" rel=\"noopener\"><span style=\"font-size: 14pt;\">Los pesticidas agr\u00edcolas, tan cancer\u00edgenos como el tabaco\u00a0biotechmagazineandnews.com<\/span><\/a><\/strong><\/p>\n<p style=\"text-align: justify;\"><span style=\"font-size: 14pt;\">Suiza es una potencia mundial en el sector de los agroqu\u00edmicos y sus principales multinacionales son muy activas en la exportaci\u00f3n, promoci\u00f3n y venta de dichos productos en casi todo el planeta.<\/span><\/p>\n<p style=\"text-align: justify;\"><span style=\"font-size: 14pt;\">En 2020, y debido a presiones de varias Organizaciones No Gubernamentales (ONGs) helv\u00e9ticas enfocadas en la protecci\u00f3n del medioambiente y la cooperaci\u00f3n con el desarrollo, el gobierno suizo reforz\u00f3 normas de control para la exportaci\u00f3n de 100 plaguicidas ya prohibidos en el pa\u00eds y vet\u00f3 la exportaci\u00f3n de cinco sustancias especialmente peligrosas. De esta manera, trat\u00f3 de dar respuesta a ONGs como Public Eye (Mirada Ciudadana), que hab\u00edan denunciado las exportaciones descontroladas de agrot\u00f3xicos con consecuencias dram\u00e1ticas para el Sur Global. Varios plaguicidas del gigante agroqu\u00edmico Syngenta estuvieron implicados en graves <a href=\"https:\/\/exportationstoxiques.publiceye.ch\/\" target=\"_blank\" rel=\"noopener\">intoxicaciones entre agricultores de algod\u00f3n en India<\/a> y por lo menos en un caso de <a href=\"https:\/\/stories.publiceye.ch\/fr\/costa-rica\/\" target=\"_blank\" rel=\"noopener\">contaminaci\u00f3n de agua potable en Brasil.<\/a><\/span><\/p>\n<p><img loading=\"lazy\" decoding=\"async\" class=\"aligncenter wp-image-80610\" src=\"https:\/\/www.lapluma.net\/wp-content\/uploads\/2025\/07\/Campana-europea-de-sindicatos-y-ONG-para-que-Espana-suspenda-la-exportacion-de-agrotoxicos-300x207.jpg\" alt=\"\" width=\"600\" height=\"413\" srcset=\"https:\/\/www.lapluma.net\/wp-content\/uploads\/2025\/07\/Campana-europea-de-sindicatos-y-ONG-para-que-Espana-suspenda-la-exportacion-de-agrotoxicos-300x207.jpg 300w, https:\/\/www.lapluma.net\/wp-content\/uploads\/2025\/07\/Campana-europea-de-sindicatos-y-ONG-para-que-Espana-suspenda-la-exportacion-de-agrotoxicos-768x529.jpg 768w, https:\/\/www.lapluma.net\/wp-content\/uploads\/2025\/07\/Campana-europea-de-sindicatos-y-ONG-para-que-Espana-suspenda-la-exportacion-de-agrotoxicos-220x150.jpg 220w, https:\/\/www.lapluma.net\/wp-content\/uploads\/2025\/07\/Campana-europea-de-sindicatos-y-ONG-para-que-Espana-suspenda-la-exportacion-de-agrotoxicos.jpg 800w\" sizes=\"auto, (max-width: 600px) 100vw, 600px\" \/><\/p>\n<p style=\"text-align: justify;\"><span style=\"font-size: 14pt;\"><img loading=\"lazy\" decoding=\"async\" class=\"size-full wp-image-80614 alignright\" src=\"https:\/\/www.lapluma.net\/wp-content\/uploads\/2025\/07\/Public-Eye.png\" alt=\"\" width=\"214\" height=\"79\" \/>Seg\u00fan un estudio de Public Eye de fines de 2024, todo indica que las nuevas regulaciones no han tenido el impacto deseado debido a deficiencias significativas. As\u00ed, por ejemplo 80 de los t\u00f3xicos vetados en suelo suizo durante los \u00faltimos cinco a\u00f1os no se han visto afectados por las restricciones a la exportaci\u00f3n. Entre ellos se encuentran el tiametoxam, un neonicotinoide extremadamente agresivo para los polinizadores, y el clortalonil, un fungicida probablemente cancer\u00edgeno cuyos residuos de degradaci\u00f3n se acumulan en el agua potable.<\/span><\/p>\n<figure id=\"attachment_80615\" aria-describedby=\"caption-attachment-80615\" style=\"width: 600px\" class=\"wp-caption aligncenter\"><img loading=\"lazy\" decoding=\"async\" class=\"wp-image-80615\" src=\"https:\/\/www.lapluma.net\/wp-content\/uploads\/2025\/07\/Protesta-Grenpeace-Stop-pesticidas-300x200.webp\" alt=\"\" width=\"600\" height=\"400\" srcset=\"https:\/\/www.lapluma.net\/wp-content\/uploads\/2025\/07\/Protesta-Grenpeace-Stop-pesticidas-300x200.webp 300w, https:\/\/www.lapluma.net\/wp-content\/uploads\/2025\/07\/Protesta-Grenpeace-Stop-pesticidas-768x512.webp 768w, https:\/\/www.lapluma.net\/wp-content\/uploads\/2025\/07\/Protesta-Grenpeace-Stop-pesticidas-435x290.webp 435w, https:\/\/www.lapluma.net\/wp-content\/uploads\/2025\/07\/Protesta-Grenpeace-Stop-pesticidas-150x100.webp 150w, https:\/\/www.lapluma.net\/wp-content\/uploads\/2025\/07\/Protesta-Grenpeace-Stop-pesticidas-370x247.webp 370w, https:\/\/www.lapluma.net\/wp-content\/uploads\/2025\/07\/Protesta-Grenpeace-Stop-pesticidas.webp 1024w\" sizes=\"auto, (max-width: 600px) 100vw, 600px\" \/><figcaption id=\"caption-attachment-80615\" class=\"wp-caption-text\">Protesta de Greenpeace ante un tribunal suizo para exigir que se pronuncie a favor de la biodiversidad y contra el uso de un tipo de pesticida producido por la multinacional Syngenta. Foto Greenpeace<\/figcaption><\/figure>\n<p style=\"text-align: justify;\"><span style=\"font-size: 14pt;\">La raz\u00f3n de esta cuestionable excepcionalidad, seg\u00fan Public Eye, es sencilla: \u201cLa lista suiza de plaguicidas sujetos a restricciones de exportaci\u00f3n no se ha actualizado desde 2019, a diferencia de la Uni\u00f3n Europea, cuya lista se revisa anualmente y a la que se han a\u00f1adido alrededor de 100 plaguicidas prohibidos en el \u00faltimo lustro\u201d. Como resultado, la exportaci\u00f3n desde Suiza escapa al control de las autoridades, y las multinacionales que fabrican esos agrot\u00f3xicos no est\u00e1n obligadas a informar a los pa\u00edses importadores sobre la peligrosidad de esas sustancias ni a obtener su consentimiento previo para la exportaci\u00f3n.<\/span><\/p>\n<p style=\"text-align: justify;\"><span style=\"font-size: 14pt;\">Public Eye posee nueva informaci\u00f3n que indica<a href=\"https:\/\/www.publiceye.ch\/fr\/news\/detail\/pesticides-interdits-les-exportations-suisses-echappent-a-tout-controle\" target=\"_blank\" rel=\"noopener\"> que Suiza contin\u00faa exportando a varios pa\u00edses de la Uni\u00f3n Europea pesticidas muy peligroso<\/a>s y prohibidos localmente: 380 toneladas en 2022. De las cuales, 223 toneladas son de propiconazol y 8 de tiametoxam (ambos producidos por Syngenta), as\u00ed como 153 del herbicida etoxisulfur\u00f3n (comercializado por el fabricante alem\u00e1n Bayer). Como estas sustancias est\u00e1n prohibidas en la Uni\u00f3n Europea, puede afirmarse con certeza que esos pa\u00edses act\u00faan como intermediarios, reexport\u00e1ndolas a terceros pa\u00edses fuera de esa regi\u00f3n y en medio de una din\u00e1mica ascendente de consumo mundial de agrot\u00f3xicos.<\/span><\/p>\n<figure id=\"attachment_80616\" aria-describedby=\"caption-attachment-80616\" style=\"width: 394px\" class=\"wp-caption aligncenter\"><img loading=\"lazy\" decoding=\"async\" class=\"wp-image-80616\" src=\"https:\/\/www.lapluma.net\/wp-content\/uploads\/2025\/07\/El-libro-negro-de-los-peticidas-197x300.gif\" alt=\"\" width=\"394\" height=\"600\" \/><figcaption id=\"caption-attachment-80616\" class=\"wp-caption-text\">El libro negro de los pesticidas. Numerosas organizaciones entre las cuales Multiwatch suiza se movilizan en toda Europa para denunciar el uso arbitrario y la exportaci\u00f3n peligrosa de agrot\u00f3xicos.<\/figcaption><\/figure>\n<p style=\"text-align: justify;\"><span style=\"font-size: 14pt;\">De las comarcas vitivin\u00edcolas vecinas al R\u00f3dano suizo, a Brasil \u2013principal usuario de pesticidas peligrosos a nivel mundial\u2013 y pasando por pr\u00e1cticamente toda la superficie planetaria, el reinado de los agrot\u00f3xicos impera, impone y evade con sutilezas los candados protectores. Con un costo elevado para la poblaci\u00f3n mundial, fundamentalmente sus sectores m\u00e1s vulnerables: los propios trabajadores agr\u00edcolas, las comunidades aleda\u00f1as a los cultivos y, lo m\u00e1s preocupante, la propia ni\u00f1ez.<\/span><\/p>\n<figure id=\"attachment_80617\" aria-describedby=\"caption-attachment-80617\" style=\"width: 320px\" class=\"wp-caption aligncenter\"><img loading=\"lazy\" decoding=\"async\" class=\"wp-image-80617\" src=\"https:\/\/www.lapluma.net\/wp-content\/uploads\/2025\/07\/Koldo-Hernandez-Lozano-Blancanieves-y-los-48-pesticidas-213x300.jpg\" alt=\"\" width=\"320\" height=\"450\" srcset=\"https:\/\/www.lapluma.net\/wp-content\/uploads\/2025\/07\/Koldo-Hernandez-Lozano-Blancanieves-y-los-48-pesticidas-213x300.jpg 213w, https:\/\/www.lapluma.net\/wp-content\/uploads\/2025\/07\/Koldo-Hernandez-Lozano-Blancanieves-y-los-48-pesticidas.jpg 250w\" sizes=\"auto, (max-width: 320px) 100vw, 320px\" \/><figcaption id=\"caption-attachment-80617\" class=\"wp-caption-text\"><a href=\"https:\/\/www.ecologistasenaccion.org\/162155\/blancanieves-y-los-48-pesticidas\/\">BLANCANIEVES Y LOS 48 PESTICIDAS &#8211; ECOLOGISTAS EN ACCI\u00d3N<\/a><\/figcaption><\/figure>\n<p style=\"text-align: justify;\"><span style=\"font-size: 14pt;\">Sergio Ferrari desde Berna, Suiza para La Pluma<\/span><\/p>\n","protected":false},"excerpt":{"rendered":"<p>De las comarcas vitivin\u00edcolas vecinas al R\u00f3dano suizo, a Brasil \u2013principal usuario de pesticidas peligrosos a nivel mundial\u2013 y pasando por pr\u00e1cticamente toda la superficie planetaria, el reinado de los agrot\u00f3xicos impera, impone y evade con sutilezas los candados protectores. Con un costo elevado para la poblaci\u00f3n mundial, fundamentalmente sus sectores m\u00e1s vulnerables: los propios trabajadores agr\u00edcolas, las comunidades aleda\u00f1as a los cultivos y, lo m\u00e1s preocupante, la propia ni\u00f1ez.<\/p>\n","protected":false},"author":887,"featured_media":80609,"comment_status":"open","ping_status":"open","sticky":false,"template":"","format":"standard","meta":{"_uf_show_specific_survey":0,"_uf_disable_surveys":false,"footnotes":""},"categories":[9,15],"tags":[24991,30066,30065,30068,7682,30067],"coauthors":[13416],"class_list":["post-80603","post","type-post","status-publish","format-standard","has-post-thumbnail","hentry","category-economia-de-la-naturaleza","category-impunidad","tag-canton-de-valais","tag-exposicion-a-los-toxicos","tag-pesticidas-letales","tag-planeta-fumigado","tag-sergio-ferrari","tag-suiza-violacion-de-ddhh-dih"],"translation":{"provider":"WPGlobus","version":"2.12.2","language":"fr","enabled_languages":["es","fr"],"languages":{"es":{"title":true,"content":true,"excerpt":true},"fr":{"title":false,"content":false,"excerpt":false}}},"_links":{"self":[{"href":"https:\/\/www.lapluma.net\/fr\/wp-json\/wp\/v2\/posts\/80603","targetHints":{"allow":["GET"]}}],"collection":[{"href":"https:\/\/www.lapluma.net\/fr\/wp-json\/wp\/v2\/posts"}],"about":[{"href":"https:\/\/www.lapluma.net\/fr\/wp-json\/wp\/v2\/types\/post"}],"author":[{"embeddable":true,"href":"https:\/\/www.lapluma.net\/fr\/wp-json\/wp\/v2\/users\/887"}],"replies":[{"embeddable":true,"href":"https:\/\/www.lapluma.net\/fr\/wp-json\/wp\/v2\/comments?post=80603"}],"version-history":[{"count":6,"href":"https:\/\/www.lapluma.net\/fr\/wp-json\/wp\/v2\/posts\/80603\/revisions"}],"predecessor-version":[{"id":80623,"href":"https:\/\/www.lapluma.net\/fr\/wp-json\/wp\/v2\/posts\/80603\/revisions\/80623"}],"wp:featuredmedia":[{"embeddable":true,"href":"https:\/\/www.lapluma.net\/fr\/wp-json\/wp\/v2\/media\/80609"}],"wp:attachment":[{"href":"https:\/\/www.lapluma.net\/fr\/wp-json\/wp\/v2\/media?parent=80603"}],"wp:term":[{"taxonomy":"category","embeddable":true,"href":"https:\/\/www.lapluma.net\/fr\/wp-json\/wp\/v2\/categories?post=80603"},{"taxonomy":"post_tag","embeddable":true,"href":"https:\/\/www.lapluma.net\/fr\/wp-json\/wp\/v2\/tags?post=80603"},{"taxonomy":"author","embeddable":true,"href":"https:\/\/www.lapluma.net\/fr\/wp-json\/wp\/v2\/coauthors?post=80603"}],"curies":[{"name":"wp","href":"https:\/\/api.w.org\/{rel}","templated":true}]}}