{"id":79599,"date":"2025-06-07T09:55:38","date_gmt":"2025-06-07T09:55:38","guid":{"rendered":"https:\/\/www.lapluma.net\/?p=79599"},"modified":"2025-06-07T11:04:06","modified_gmt":"2025-06-07T11:04:06","slug":"79599","status":"publish","type":"post","link":"https:\/\/www.lapluma.net\/fr\/2025\/06\/07\/79599\/","title":{"rendered":"El narcoparamilitarismo colombiano, obst\u00e1culo estrat\u00e9gico para la soluci\u00f3n del conflicto interno colombiano"},"content":{"rendered":"<p style=\"text-align: justify;\"><span style=\"font-size: 14pt;\">Quien quiera informarse sobre este singular, creciente, abarcante y complejo fen\u00f3meno de la actual formaci\u00f3n social concreta colombiana, al intentar aproximarse a \u00e9l, encuentra por ejemplo, en el principal buscador de internet, 2\u00b4350.000 resultados, que parad\u00f3jicamente en lugar de producir mayor claridad intelectual, por el contrario, introducen al lector en una especie de tinta espesa y densa de calamares cocinados en su propia tinta, confirmando as\u00ed, la intenci\u00f3n del \u201centramado\u201d del bloque de Poder Contrainsurgente dominante en el Estado colombiano, por aumentar la confusi\u00f3n e impedir su clarificaci\u00f3n, introduciendo cada vez m\u00e1s hip\u00f3tesis enmara\u00f1adas, rid\u00edculas y hasta esperp\u00e9nticas.<\/span><\/p>\n<p style=\"text-align: justify;\"><span style=\"font-size: 14pt;\">Una muestra de la complejidad de los m\u00e1s destacados an\u00e1lisis que se han producido en los \u00faltimos a\u00f1os sobre el fen\u00f3meno narco paramilitar colombiano, el lector puede confirmarlo leyendo el condensado art\u00edculo \u201ccient\u00edfico\u201d titulado: <a href=\"http:\/\/scielo.org.co\/scielo.php?script=sci_arttext&amp;pid=S0121-47052007000200006\">Los estudios sobre el Paramilitarismo en Colombia<\/a>, realizado sobre 59 libros aparecidos hasta 2007 por el profesor universitario Edwin Cruz Rodr\u00edguez (polit\u00f3logo y especialista en an\u00e1lisis de pol\u00edticas p\u00fablicas Universidad Nacional de Colombia, estudios de Maestr\u00eda en an\u00e1lisis de problemas pol\u00edticos, econ\u00f3micos e internacionales contempor\u00e1neos IAED-IHEAL-Universidad Externado de Colombia. Miembro del Grupo de Investigaci\u00f3n en Teor\u00eda Pol\u00edtica Contempor\u00e1nea del Departamento de Ciencia Pol\u00edtica de la Universidad Nacional de Colombia).\u00a0<\/span><\/p>\n<p><img loading=\"lazy\" decoding=\"async\" class=\"aligncenter wp-image-67439\" src=\"https:\/\/www.lapluma.net\/wp-content\/uploads\/2024\/06\/0001-Narcoparamilitarismo-1-300x180.jpg\" alt=\"\" width=\"600\" height=\"360\" srcset=\"https:\/\/www.lapluma.net\/wp-content\/uploads\/2024\/06\/0001-Narcoparamilitarismo-1-300x180.jpg 300w, https:\/\/www.lapluma.net\/wp-content\/uploads\/2024\/06\/0001-Narcoparamilitarismo-1.jpg 500w\" sizes=\"auto, (max-width: 600px) 100vw, 600px\" \/><\/p>\n<p style=\"text-align: justify;\"><span style=\"font-size: 14pt;\">A lo que se suma, la estrategia del Estado colombiano y sus fuerzas para la hegemon\u00eda y la coerci\u00f3n, que a lo largo de los 20 a\u00f1os de los gobiernos del llamado Uribato (AUV. Santos, Duque) prolongado en el gobierno del Pacto Hist\u00f3rico, ha consistido mantener una innumerable y cambiante cantidad de clasificaciones \u201coficiales\u201d sobre el din\u00e1mico y camale\u00f3nico fen\u00f3meno, manteniendo una f\u00e9rrea ambig\u00fcedad para soportar los fines estatales pol\u00edticos hegem\u00f3nicos-coercitivos.<\/span><\/p>\n<p style=\"text-align: justify;\"><span style=\"font-size: 14pt;\">Se relativiza la discusi\u00f3n de fondo con hip\u00f3tesis ambiguas de si es una pieza fundamental del hist\u00f3rico entramado contrainsurgente nacional e imperial global para dominaci\u00f3n total de Pueblos (recu\u00e9rdese el origen imperialista de la contrainsurgencia universal, en la<a href=\"https:\/\/es.wikipedia.org\/wiki\/Ocupaci%C3%B3n_estadounidense_de_Filipinas\"> ocupaci\u00f3n del US Army en las Filipinas 1898-1904<\/a>. El ej\u00e9rcito brit\u00e1nico en India, China y Malasia. El ej\u00e9rcito franc\u00e9s en Indochina, \u00c1frica negra, el Magreb y Argelia, etc.) o, si es un simple fen\u00f3meno de doble cara, ilegal-legal con \u201cciertas relaciones clandestinas\u201d con el Estado, para captar rentas de las abundantes y gananciosas econom\u00edas ilegales.<\/span><\/p>\n<p class=\"has-text-align-justify\" style=\"text-align: justify;\"><span style=\"font-size: 14pt;\">Si es un fen\u00f3meno pol\u00edtico anti subversivo o simplemente criminal mafioso. Si su funci\u00f3n principal es para brindar seguridad a sus miembros org\u00e1nicos socios y promotores: terratenientes gamonales, narcos, pol\u00edticos nacionales regionales o locales, o si es para expandir el control social hegem\u00f3nico del Estado.<\/span><\/p>\n<p class=\"has-text-align-justify\" style=\"text-align: justify;\"><span style=\"font-size: 14pt;\">Si es un fen\u00f3meno persistente (con rupturas y continuidades) o simplemente un cambio de camisa y de nombre despu\u00e9s de cada masacre cometida: Gao, Gao residual, Gao econ\u00f3mico, etc, seg\u00fan la definici\u00f3n operacional de las FFMM.<\/span><\/p>\n<p class=\"has-text-align-justify\" style=\"text-align: justify;\"><span style=\"font-size: 14pt;\">Si son parte del ambiguo t\u00e9rmino afrancesado de elite\u201d que significa simplemente minor\u00eda y que ha hecho fortuna como concepto de alto valor ideol\u00f3gico en la politolog\u00eda dominante, o si son parte de la clase olig\u00e1rquica dominante, concepto clasista ya olvidado o sepultado que chupa gladiolo en los anaqueles de los polit\u00f3logos adictos al r\u00e9gimen.<\/span><\/p>\n<p class=\"has-text-align-justify\" style=\"text-align: justify;\"><span style=\"font-size: 14pt;\">Si su historia se remonta a 1959, cuando lleg\u00f3 la misi\u00f3n del general US Army\u00a0Lieutenant General William Pelham Yarborough a asesorar al gobierno del naciente Estado plebiscitario surgido del pacto de Sitges, Espa\u00f1a entre dos exclusivos jefes, el falangista Laureano G\u00f3mez y el Panamericanista proyanqui Alberto Lleras o, si se remonta 12\u00a0\u00a0a\u00f1os atr\u00e1s,\u00a0a las organizaciones falangistas oficiales para exterminar comunistas y opositores al r\u00e9gimen copiadas del nazis hitleriano, c\u00f3mo el\u00a0<em>tenebroso Servicio de Inteligencia Colombiano SIC , la polic\u00eda Chulavita y las bandas de asesinos llamadas P\u00e1jaros ( como el <a href=\"https:\/\/es.wikipedia.org\/wiki\/Le%C3%B3n_Mar%C3%ADa_Lozano\">C\u00f3ndor Le\u00f3n Mar\u00eda Lozano;<\/a>\u00a0<\/em>montadas por el nacional-catolicismo laureanista y conservador cuando asumi\u00f3 la presidencia Ospina P\u00e9rez, se precipit\u00f3 el asesinato de J E Gait\u00e1n y con su sangre se \u201cdesbordaron las aguas\u201d hasta el d\u00eda de hoy (<a href=\"https:\/\/freytter.eus\/files\/pdf\/El-Estado-plebiscitario-creado-por-el-pacto-de-Sitges-1.957-en-el-origen-del-Estado-contrainsurgente-colombiano-.-Por-Alberto-Pinz%C3%B3n-S%C3%A1nchez-.pdf\">ver mi an\u00e1lisis<\/a> )\u00a0<\/span><\/p>\n<p style=\"text-align: justify;\"><span style=\"font-size: 14pt;\">En fin, la\u00a0<em>carencia,\u00a0<\/em>a la fecha o falta total de un concepto cient\u00edfico es decir dial\u00e9ctico y materialista, que d\u00e9 cuenta de las profundas contradicciones nuevas y recicladas del fen\u00f3meno contrainsurgente narcoparamilitar colombiano como: 1) Las relaciones con el Estado colombiano.\u00a0\u00a02)\u00a0\u00a0Los apoyos org\u00e1nicos y coaliciones. 3) Las estructuras organizacionales con todos sus nombres. 4)\u00a0\u00a0Las econom\u00edas llamadas ilegales. 5)\u00a0\u00a0Las caracter\u00edsticas regionales y locales analizadas en el libro compilado por el sacerdote jesuita Javier Giraldo titulado:\u00a0<em>\u00bfDel Paramilitarismo al Paramilitarismo?\u00a0\u00a0Ed Rosa Luxemburg Srtiftung. Medell\u00edn. Colombia. 2022<\/em>.\u00a0\u00a0<\/span><\/p>\n<p><img loading=\"lazy\" decoding=\"async\" class=\" wp-image-79607 aligncenter\" src=\"https:\/\/www.lapluma.net\/wp-content\/uploads\/2025\/06\/Capture-decran-Javier-Giraldo-Del-paramilitarismo-al-paramilitarismo-208x300.png\" alt=\"\" width=\"389\" height=\"561\" srcset=\"https:\/\/www.lapluma.net\/wp-content\/uploads\/2025\/06\/Capture-decran-Javier-Giraldo-Del-paramilitarismo-al-paramilitarismo-208x300.png 208w, https:\/\/www.lapluma.net\/wp-content\/uploads\/2025\/06\/Capture-decran-Javier-Giraldo-Del-paramilitarismo-al-paramilitarismo.png 388w\" sizes=\"auto, (max-width: 389px) 100vw, 389px\" \/><\/p>\n<p class=\"has-text-align-justify\" style=\"text-align: center;\"><a href=\"https:\/\/rosalux.org.ec\/pdfs\/DEL_PARAMILITARISMO_AL_PARAMILITARISMO.pdf\"><span style=\"font-size: 14pt;\">\u00bfDel Paramilitarismo al Paramilitarismo?\u00a0\u00a0Ed Rosa Luxemburg Srtiftung. Medell\u00edn. Colombia. 2022\u00a0<\/span><\/a><span style=\"font-size: 14pt;\"> PDF<\/span><\/p>\n<p class=\"has-text-align-justify\" style=\"text-align: justify;\"><span style=\"font-size: 14pt;\">Pero adem\u00e1s de una correcta conceptualizaci\u00f3n cient\u00edfica tan necesaria que incluya el\u00a0\u00a0\u00a0desentra\u00f1amiento hist\u00f3rico dialectico de sus fuentes\u00a0<em>contrainsurgente<\/em>s globales, sus v\u00ednculos ideol\u00f3gicos con los \u201cFreikorps\u201d o camisas pardas de Hitler, o con las camisas negras de Mussolini o las camisas nuevas con la cara al sol de Franco, es decir con su soporte ideol\u00f3gico global nazi-fascista, expresi\u00f3n superior del Imperialismo como fase superior del capitalismo. Se torna obligatorio para los movimientos sociales y el antifascismo universal, plantear dos tareas adicionales:<\/span><\/p>\n<p class=\"has-text-align-justify\" style=\"text-align: justify;\"><span style=\"font-size: 14pt;\">\u00a01-Una agitaci\u00f3n pol\u00edtico-estrat\u00e9gica persistente de denuncia y actualizaci\u00f3n de su accionar inhumano. 2) la realizaci\u00f3n de acciones p\u00fablicas acad\u00e9micas y de memoria como el reciente seminario sobre v\u00edctimas del Estado, paramilitarismo y exilio, realizado este 15 de mayo 2025 en Bilbao, Pa\u00eds Vasco, que demostr\u00f3 en la discusi\u00f3n colectiva, que sin el\u00a0<strong>desmonte\u00a0<\/strong>de este monstruo multiforme de tantas cabezas entramadas. NO habr\u00e1 paz en Colombia, pues a\u00a0\u00a0pesar de los tantos a\u00f1os de denuncias y las exigencia de su desmonte total, realizadas por la\u00a0\u00a0opini\u00f3n p\u00fablica nacional e internacional y los millones de v\u00edctimas suyas, en lugar de haberse disminuido su accionar inhumano, se ha incrementado peligrosamente hasta la barbarie actual que estamos viendo pavoridos e IMPIDIENDO y obstruyendo la consecuci\u00f3n de la paz en Colombia.<\/span><\/p>\n<h2><span style=\"font-size: 14pt;\">Alberto Pinz\u00f3n S\u00e1nchez<\/span><\/h2>\n<h2><span style=\"font-size: 14pt;\">Fuente: <a href=\"https:\/\/prensabolivariana.org\/2025\/05\/27\/el-narco-paramilitarismo-colombiano-obstaculo-estrategico-para-la-solucion-del-conflicto-interno-colombiano\/\">Prensa Bolivariana<\/a>\/<a href=\"https:\/\/rebelion.org\/el-narco-paramilitarismo-colombiano-obstaculo-estrategico-para-la-solucion-del-conflicto-interno-colombiano\/\">Rebeli\u00f3n<\/a>, 27\/31\/ de junio de 2005<\/span><\/h2>\n<h2><span style=\"font-size: 14pt;\">Editado por <a href=\"https:\/\/www.lapluma.net\/nosotros\/editora\/\">Mar\u00eda Piedad Ossaba<\/a><\/span><\/h2>\n","protected":false},"excerpt":{"rendered":"<p>No habr\u00e1 paz en Colombia, pues a\u00a0\u00a0pesar de los tantos a\u00f1os de denuncias y las exigencia de su desmonte total, realizadas por la\u00a0\u00a0opini\u00f3n p\u00fablica nacional e internacional y los millones de v\u00edctimas suyas, en lugar de haberse disminuido su accionar inhumano, se ha incrementado peligrosamente hasta la barbarie actual que estamos viendo pavoridos e IMPIDIENDO y obstruyendo la consecuci\u00f3n de la paz en Colombia.<\/p>\n","protected":false},"author":273,"featured_media":79609,"comment_status":"open","ping_status":"open","sticky":false,"template":"","format":"standard","meta":{"_uf_show_specific_survey":0,"_uf_disable_surveys":false,"footnotes":""},"categories":[5],"tags":[1526,5124,29780,29781,17496],"coauthors":[2421],"class_list":["post-79599","post","type-post","status-publish","format-standard","has-post-thumbnail","hentry","category-editoriales-y-opiniones","tag-paramilitarismo","tag-alberto-pinzon-sanchez","tag-edwin-cruz-rodriguez","tag-imperialismo-narcopolitica","tag-kariba-colombia-abya-yala-6"],"translation":{"provider":"WPGlobus","version":"2.12.2","language":"fr","enabled_languages":["es","fr"],"languages":{"es":{"title":true,"content":true,"excerpt":true},"fr":{"title":false,"content":false,"excerpt":false}}},"_links":{"self":[{"href":"https:\/\/www.lapluma.net\/fr\/wp-json\/wp\/v2\/posts\/79599","targetHints":{"allow":["GET"]}}],"collection":[{"href":"https:\/\/www.lapluma.net\/fr\/wp-json\/wp\/v2\/posts"}],"about":[{"href":"https:\/\/www.lapluma.net\/fr\/wp-json\/wp\/v2\/types\/post"}],"author":[{"embeddable":true,"href":"https:\/\/www.lapluma.net\/fr\/wp-json\/wp\/v2\/users\/273"}],"replies":[{"embeddable":true,"href":"https:\/\/www.lapluma.net\/fr\/wp-json\/wp\/v2\/comments?post=79599"}],"version-history":[{"count":9,"href":"https:\/\/www.lapluma.net\/fr\/wp-json\/wp\/v2\/posts\/79599\/revisions"}],"predecessor-version":[{"id":79638,"href":"https:\/\/www.lapluma.net\/fr\/wp-json\/wp\/v2\/posts\/79599\/revisions\/79638"}],"wp:featuredmedia":[{"embeddable":true,"href":"https:\/\/www.lapluma.net\/fr\/wp-json\/wp\/v2\/media\/79609"}],"wp:attachment":[{"href":"https:\/\/www.lapluma.net\/fr\/wp-json\/wp\/v2\/media?parent=79599"}],"wp:term":[{"taxonomy":"category","embeddable":true,"href":"https:\/\/www.lapluma.net\/fr\/wp-json\/wp\/v2\/categories?post=79599"},{"taxonomy":"post_tag","embeddable":true,"href":"https:\/\/www.lapluma.net\/fr\/wp-json\/wp\/v2\/tags?post=79599"},{"taxonomy":"author","embeddable":true,"href":"https:\/\/www.lapluma.net\/fr\/wp-json\/wp\/v2\/coauthors?post=79599"}],"curies":[{"name":"wp","href":"https:\/\/api.w.org\/{rel}","templated":true}]}}