{"id":79190,"date":"2025-05-26T15:28:31","date_gmt":"2025-05-26T15:28:31","guid":{"rendered":"https:\/\/www.lapluma.net\/?p=79190"},"modified":"2025-05-26T21:27:44","modified_gmt":"2025-05-26T21:27:44","slug":"79190","status":"publish","type":"post","link":"https:\/\/www.lapluma.net\/fr\/2025\/05\/26\/79190\/","title":{"rendered":"Am\u00e9rica Latina : La cuesti\u00f3n laboral en disputa"},"content":{"rendered":"<p style=\"text-align: justify;\"><span style=\"font-size: 14pt;\">En Am\u00e9rica Latina, la <i>cuesti\u00f3n laboral<\/i> ha adquirido una relevancia cr\u00edtica, al punto de convertirse en un eje central de la polarizaci\u00f3n socia Mientras las \u00e9lites econ\u00f3micas y empresariales tienden a reducir al trabajador a un mero \u00ab\u00a0factor de producci\u00f3n\u00a0\u00bb, percibiendo sus derechos como obst\u00e1culos para la eficiencia y la competitividad, los sectores progresistas insisten en que estos derechos son fundamentales para evitar la explotaci\u00f3n y garantizar condiciones de vida dignas. Esta visi\u00f3n empresarial, sustentada en la ideolog\u00eda neoliberal y el anarcocapitalismo, ha impulsado la flexibilizaci\u00f3n de las relaciones laborales en detrimento de los trabajadores, con promesas de crecimiento que no se han traducido en bienestar colectivo.\u00a0<\/span><\/p>\n<p style=\"text-align: justify;\"><span style=\"font-size: 14pt;\">Hist\u00f3ricamente, durante el siglo XX, Am\u00e9rica Latina instaur\u00f3 un marco institucional de protecci\u00f3n laboral, influenciado por constituciones sociales como <a href=\"https:\/\/revistas-colaboracion.juridicas.unam.mx\/index.php\/akade\/article\/viewFile\/38601\/35465\">la pionera mexicana de 1917<\/a>. Pa\u00edses como Ecuador establecieron derechos significativos: jornadas m\u00e1ximas de trabajo, salarios m\u00ednimos, recargos por horas extra, vacaciones pagadas, derecho a sindicalizaci\u00f3n, indemnizaciones por despidos, as\u00ed como garant\u00edas para mujeres trabajadoras y menores de edad. Sin embargo, desde la d\u00e9cada de 1980, estas conquistas han sido sistem\u00e1ticamente erosionadas por las pol\u00edticas neoliberales, que han debilitado las protecciones laborales con el argumento de mejorar la eficiencia del mercado.<br \/>\n<\/span><\/p>\n<p><img loading=\"lazy\" decoding=\"async\" class=\" wp-image-79198 aligncenter\" src=\"https:\/\/www.lapluma.net\/wp-content\/uploads\/2025\/05\/Reforma-laboral-300x171.webp\" alt=\"\" width=\"581\" height=\"331\" srcset=\"https:\/\/www.lapluma.net\/wp-content\/uploads\/2025\/05\/Reforma-laboral-300x171.webp 300w, https:\/\/www.lapluma.net\/wp-content\/uploads\/2025\/05\/Reforma-laboral-768x439.webp 768w, https:\/\/www.lapluma.net\/wp-content\/uploads\/2025\/05\/Reforma-laboral-510x290.webp 510w, https:\/\/www.lapluma.net\/wp-content\/uploads\/2025\/05\/Reforma-laboral.webp 1024w\" sizes=\"auto, (max-width: 581px) 100vw, 581px\" \/><\/p>\n<p style=\"text-align: justify;\">\n<p style=\"text-align: justify;\"><span style=\"font-size: 14pt;\">Actualmente, existe una fuerte tensi\u00f3n entre dos modelos econ\u00f3micos. Por un lado, un modelo orientado por la perversa idea de \u201clibertad econ\u00f3mica\u201d que aboga por la m\u00ednima intervenci\u00f3n estatal; por otro, una propuesta de econom\u00eda social que busca regular la actividad privada mediante el Estado, a fin de frenar abusos, asegurar bienes p\u00fablicos y extender derechos sociales universales en \u00e1reas como salud, educaci\u00f3n, vivienda y seguridad social. Esta tensi\u00f3n se refleja en la pol\u00edtica regional: gobiernos progresistas tienden a restaurar y fortalecer los derechos laborales, mientras que gobiernos de derecha, especialmente los alineados con intereses empresariales, promueven su desmantelamiento.<\/span><\/p>\n<p style=\"text-align: justify;\"><span style=\"font-size: 14pt;\">El caso de Colombia ilustra esta disputa. El presidente Gustavo Petro impuls\u00f3 una ambiciosa <a href=\"https:\/\/t.ly\/oPeVB\">consulta popular<\/a> con 12 preguntas para restituir derechos laborales hist\u00f3ricos y proponer otros nuevos. Entre los derechos que buscaban recuperarse se inclu\u00edan la jornada laboral de ocho horas, recargos del 100% por trabajo en domingos y festivos, estabilidad mediante contratos indefinidos y prohibici\u00f3n de la tercerizaci\u00f3n. Adem\u00e1s, se propon\u00edan innovaciones como la contrataci\u00f3n obligatoria de personas con discapacidad, inclusi\u00f3n de trabajadores de plataformas digitales en el sistema de seguridad social, reconocimiento de licencias relacionadas con la salud femenina, formalizaci\u00f3n del trabajo informal y creaci\u00f3n de un fondo pensional campesino. A pesar de su enfoque integral y progresista, la propuesta fue rechazada por el Senado, que actu\u00f3 en favor de los intereses empresariales. Petro ha recibido un amplio respaldo ciudadano, lo cual ha desembocado en una nueva propuesta de consulta sobre 16 preguntas, en las que se incluyen: transformaci\u00f3n del sistema de salud, producci\u00f3n p\u00fablica de medicamentos, convertir a las EPS en gestoras sin intermediaci\u00f3n financiera,fortalecer la atenci\u00f3n primaria extramural con enfoque territorial, y dignificar las condiciones laborales del talento humano en salud, garantizando estabilidad y contrataci\u00f3n directa.<\/span><\/p>\n<figure id=\"attachment_79194\" aria-describedby=\"caption-attachment-79194\" style=\"width: 550px\" class=\"wp-caption aligncenter\"><img loading=\"lazy\" decoding=\"async\" class=\"wp-image-79194\" src=\"https:\/\/www.lapluma.net\/wp-content\/uploads\/2025\/05\/Petro-consulta-popular-300x271.jpeg\" alt=\"\" width=\"550\" height=\"497\" srcset=\"https:\/\/www.lapluma.net\/wp-content\/uploads\/2025\/05\/Petro-consulta-popular-300x271.jpeg 300w, https:\/\/www.lapluma.net\/wp-content\/uploads\/2025\/05\/Petro-consulta-popular-1024x926.jpeg 1024w, https:\/\/www.lapluma.net\/wp-content\/uploads\/2025\/05\/Petro-consulta-popular-768x694.jpeg 768w, https:\/\/www.lapluma.net\/wp-content\/uploads\/2025\/05\/Petro-consulta-popular.jpeg 1416w\" sizes=\"auto, (max-width: 550px) 100vw, 550px\" \/><figcaption id=\"caption-attachment-79194\" class=\"wp-caption-text\"><a href=\"https:\/\/t.ly\/oPeVB\">Radican en Senado nueva propuesta de consulta popular<\/a><\/figcaption><\/figure>\n<p style=\"text-align: justify;\"><span style=\"font-size: 14pt;\">En contraste, Panam\u00e1 ha vivido una profunda crisis social. Las protestas y paros que estallaron desde abril fueron duramente reprimidos por el Estado, con encarcelamientos y persecuciones a l\u00edderes sociales y sindicales. Las movilizaciones se originaron en el rechazo al aumento de la edad de jubilaci\u00f3n, la privatizaci\u00f3n del sistema previsional \u2014similares a las AFP de Chile\u2014, la precarizaci\u00f3n de los jubilados y la resistencia a pol\u00edticas extractivistas como la miner\u00eda, adem\u00e1s de los acuerdos de seguridad con Estados Unidos que generan temores sobre la soberan\u00eda del pa\u00eds. Argentina tambi\u00e9n ha atravesado momentos similares, marcados por la represi\u00f3n a las protestas sociales, particularmente las de jubilados, quienes han visto reducidos sus ingresos. Ecuador, por su parte, ha tenido una tradici\u00f3n destacada en la protecci\u00f3n laboral que brinda el C\u00f3digo del Trabajo, lo cual es una caracter\u00edstica te\u00f3rica, aunque constantemente burlada en la vida cotidiana concreta. Desde 1979, la jornada laboral se limita a 40 horas semanales y desde 1928 existe un sistema de seguridad social. Los trabajadores tienen jubilaci\u00f3n patronal, reparto de utilidades y licencias de maternidad. La Constituci\u00f3n de 2008 proh\u00edbe expresamente la tercerizaci\u00f3n, el trabajo por horas y todo tipo de precarizaci\u00f3n. Pero las leyes no han impedido el avance de las flexibilizaciones desde los a\u00f1os 80, acentuadas desde 2017 con gobiernos empresariales que buscan reducir la edad de jubilaci\u00f3n, modificar pensiones y debilitar la estabilidad laboral, todo bajo el argumento de mejorar la \u201ccompetitividad\u201d econ\u00f3mica<\/span><\/p>\n<p style=\"text-align: justify;\"><span style=\"font-size: 14pt;\">Fuera de la regi\u00f3n, Italia ofrece un ejemplo relevante en los actuales d\u00edas. El 8 y 9 de junio (2025) se realizar\u00e1 una consulta popular con cinco preguntas destinadas a revertir el <a href=\"https:\/\/cincodias.elpais.com\/cincodias\/2015\/06\/19\/economia\/1434720186_995068.html\">\u201cJobs Act\u201d de 2015<\/a>, que impide la reincorporaci\u00f3n de trabajadores despedidos sin causa justa en empresas con m\u00e1s de 15 empleados, afectando a m\u00e1s de 3,5 millones de personas. Tambi\u00e9n se busca eliminar los l\u00edmites a las indemnizaciones por despido en peque\u00f1as empresas, y regular los contratos temporales, actualmente v\u00e1lidos por 12 meses sin necesidad de justificaci\u00f3n. El refer\u00e9ndum incluye la extensi\u00f3n de las responsabilidades legales en salud y seguridad laboral a empresas contratistas y subcontratistas, y propone adem\u00e1s reducir el requisito de residencia legal para la ciudadan\u00eda de diez a cinco a\u00f1os, lo cual facilitar\u00eda la integraci\u00f3n de migrantes.<\/span><\/p>\n<figure id=\"attachment_79196\" aria-describedby=\"caption-attachment-79196\" style=\"width: 559px\" class=\"wp-caption aligncenter\"><img loading=\"lazy\" decoding=\"async\" class=\"wp-image-79196\" src=\"https:\/\/www.lapluma.net\/wp-content\/uploads\/2025\/05\/Capture-decran-Matteo-Renzi-300x196.png\" alt=\"\" width=\"559\" height=\"365\" srcset=\"https:\/\/www.lapluma.net\/wp-content\/uploads\/2025\/05\/Capture-decran-Matteo-Renzi-300x196.png 300w, https:\/\/www.lapluma.net\/wp-content\/uploads\/2025\/05\/Capture-decran-Matteo-Renzi-292x190.png 292w, https:\/\/www.lapluma.net\/wp-content\/uploads\/2025\/05\/Capture-decran-Matteo-Renzi.png 736w\" sizes=\"auto, (max-width: 559px) 100vw, 559px\" \/><figcaption id=\"caption-attachment-79196\" class=\"wp-caption-text\"><a href=\"https:\/\/cincodias.elpais.com\/cincodias\/2015\/06\/19\/economia\/1434720186_995068.html\">El \u2018Jobs act\u2019 de Renzi impulsa el empleo en Italia<\/a> : El primer ministro italiano, Matteo Renzi.EFE<\/figcaption><\/figure>\n<p style=\"text-align: justify;\"><span style=\"font-size: 14pt;\">En el contexto latinoamericano de retrocesos en materia de trabajo, la restauraci\u00f3n y expansi\u00f3n de los derechos laborales se convierte en una exigencia. La precarizaci\u00f3n del trabajo no es una fatalidad sino el resultado hist\u00f3rico de decisiones pol\u00edticas ajenas al inter\u00e9s de crear una sociedad con justicia. Las pol\u00edticas neoliberales que persisten han fracasado en su promesa de generar desarrollo con bienestar humano. Frente a ello, se plantea como urgente la recuperaci\u00f3n de principios fundamentales del derecho laboral. Esto implica no solo restaurar derechos hist\u00f3ricamente conquistados, sino tambi\u00e9n innovar en la protecci\u00f3n de nuevos grupos laborales vulnerables y adaptar las legislaciones al contexto contempor\u00e1neo sin perder de vista el bienestar colectivo. La dignificaci\u00f3n del trabajo, en este sentido, es una condici\u00f3n esencial para enfrentar la desigualdad estructural que aqueja a Am\u00e9rica Latina.<\/span><\/p>\n<h2><span style=\"font-size: 14pt;\">Juan J. Paz y Mi\u00f1o Cepeda para La Pluma, Ecuador 26 de mayo de 2025<\/span><\/h2>\n<h2><span style=\"font-size: 14pt;\">Editado por <a href=\"https:\/\/www.lapluma.net\/nosotros\/editora\/\">Mar\u00eda Piedad Ossaba<\/a><\/span><\/h2>\n<h2><span style=\"font-size: 14pt;\">Publicado por <a href=\"https:\/\/www.historiaypresente.com\/la-cuestion-laboral-en-disputa\/\">Blog Historia y presente<\/a><\/span><\/h2>\n<h2><span style=\"font-size: 14pt;\">Visita la red del colectivo Ruta Kr\u00edtica, el nuevo blog de difusi\u00f3n del pensamiento y la comunicaci\u00f3n alternativos<\/span><\/h2>\n","protected":false},"excerpt":{"rendered":"<p>En el contexto latinoamericano de retrocesos en materia de trabajo, la restauraci\u00f3n y expansi\u00f3n de los derechos laborales se convierte en una exigencia. La precarizaci\u00f3n del trabajo no es una fatalidad sino el resultado hist\u00f3rico de decisiones pol\u00edticas ajenas al inter\u00e9s de crear una sociedad con justicia. Las pol\u00edticas neoliberales que persisten han fracasado en su promesa de generar desarrollo con bienestar humano.<\/p>\n","protected":false},"author":8,"featured_media":79197,"comment_status":"open","ping_status":"open","sticky":false,"template":"","format":"standard","meta":{"_uf_show_specific_survey":0,"_uf_disable_surveys":false,"footnotes":""},"categories":[5],"tags":[28636,816,29695,13744,24789,29696,16887],"coauthors":[257],"class_list":["post-79190","post","type-post","status-publish","format-standard","has-post-thumbnail","hentry","category-editoriales-y-opiniones","tag-america-latina-el-caribe-abya-yala","tag-crisis-social","tag-cuestion-laboral","tag-juan-j-paz-y-mino-cepeda-2","tag-libertad-economica","tag-polarizacion-social","tag-violacion-de-ddhh-dih"],"translation":{"provider":"WPGlobus","version":"2.12.2","language":"fr","enabled_languages":["es","fr"],"languages":{"es":{"title":true,"content":true,"excerpt":true},"fr":{"title":false,"content":false,"excerpt":false}}},"_links":{"self":[{"href":"https:\/\/www.lapluma.net\/fr\/wp-json\/wp\/v2\/posts\/79190","targetHints":{"allow":["GET"]}}],"collection":[{"href":"https:\/\/www.lapluma.net\/fr\/wp-json\/wp\/v2\/posts"}],"about":[{"href":"https:\/\/www.lapluma.net\/fr\/wp-json\/wp\/v2\/types\/post"}],"author":[{"embeddable":true,"href":"https:\/\/www.lapluma.net\/fr\/wp-json\/wp\/v2\/users\/8"}],"replies":[{"embeddable":true,"href":"https:\/\/www.lapluma.net\/fr\/wp-json\/wp\/v2\/comments?post=79190"}],"version-history":[{"count":6,"href":"https:\/\/www.lapluma.net\/fr\/wp-json\/wp\/v2\/posts\/79190\/revisions"}],"predecessor-version":[{"id":79201,"href":"https:\/\/www.lapluma.net\/fr\/wp-json\/wp\/v2\/posts\/79190\/revisions\/79201"}],"wp:featuredmedia":[{"embeddable":true,"href":"https:\/\/www.lapluma.net\/fr\/wp-json\/wp\/v2\/media\/79197"}],"wp:attachment":[{"href":"https:\/\/www.lapluma.net\/fr\/wp-json\/wp\/v2\/media?parent=79190"}],"wp:term":[{"taxonomy":"category","embeddable":true,"href":"https:\/\/www.lapluma.net\/fr\/wp-json\/wp\/v2\/categories?post=79190"},{"taxonomy":"post_tag","embeddable":true,"href":"https:\/\/www.lapluma.net\/fr\/wp-json\/wp\/v2\/tags?post=79190"},{"taxonomy":"author","embeddable":true,"href":"https:\/\/www.lapluma.net\/fr\/wp-json\/wp\/v2\/coauthors?post=79190"}],"curies":[{"name":"wp","href":"https:\/\/api.w.org\/{rel}","templated":true}]}}