{"id":78871,"date":"2025-05-18T06:05:27","date_gmt":"2025-05-18T06:05:27","guid":{"rendered":"https:\/\/www.lapluma.net\/?p=78871"},"modified":"2025-09-16T18:24:33","modified_gmt":"2025-09-16T18:24:33","slug":"78871","status":"publish","type":"post","link":"https:\/\/www.lapluma.net\/fr\/2025\/05\/18\/78871\/","title":{"rendered":"Por qu\u00e9 Alemania es fan\u00e1tica sionista"},"content":{"rendered":"<p style=\"text-align: justify;\" data-adtags-visited=\"true\"><span style=\"font-size: 14pt;\">Alemania es tal vez el pa\u00eds que m\u00e1s y con m\u00e1s fuerza reprime a quienes denuncian el genocidio sionista.<\/span><\/p>\n<p style=\"text-align: justify;\" data-adtags-visited=\"true\"><span style=\"font-size: 14pt;\">Tanto as\u00ed, que <a href=\"https:\/\/es.wikipedia.org\/wiki\/Francesca_Albanese\">Francesca Albanese<\/a>, \u2013 relatora especial de Naciones Unidas (ONU) para los territorios ocupados por Israel \u2013, denunci\u00f3 que en ning\u00fan otro lado se sinti\u00f3 tan amenazada y vigilada, como en su reciente visita a Alemania.<\/span><\/p>\n<p style=\"text-align: justify;\" data-adtags-visited=\"true\"><span style=\"font-size: 14pt;\">Desde el fin de la Segunda Guerra Mundial se ha hecho un lugar com\u00fan explicar que el pueblo alem\u00e1n sufre un complejo de culpa por las atrocidades masivas cometidas por sus soldados, polic\u00edas, funcionarios y grandes empresarios, especialmente en lo que ellos llamaban el <em>\u201cEste\u201d<\/em>, que eran los pa\u00edses eslavos, especialmente Polonia y la Uni\u00f3n Sovi\u00e9tica.<\/span><\/p>\n<div class=\"wordads-ad-wrapper wordads-ad-wrapper--inline\" style=\"text-align: justify;\">\n<div id=\"atatags-1416576435-162749\" data-adtags-width=\"0\"><span style=\"font-size: 14pt;\">En esos pa\u00edses el plan nazi contemplaba que jud\u00edos y no jud\u00edos estaban todos condenados a la esclavitud y la muerte, en distintas l\u00edneas de tiempo, de acuerdo a las necesidades del Reich. A este supuesto complejo de culpa es que se atribuye el fan\u00e1tico fervor alem\u00e1n por Israel.<\/span><\/div>\n<div data-adtags-width=\"0\"><\/div>\n<div data-adtags-width=\"0\"><span style=\"font-size: 14pt;\">Alemania es tambi\u00e9n el campe\u00f3n de la guerra contra Rusia: en ese pa\u00eds est\u00e1n estrictamente prohibidos los s\u00edmbolos sovi\u00e9ticos y rusos, y cualquier alusi\u00f3n a la victoria de la URSS en la Gran Guerra Patria.<\/span><\/div>\n<div data-adtags-width=\"0\"><\/div>\n<div data-adtags-width=\"0\"><span style=\"font-size: 14pt;\">Sutil y no tan sutilmente, recordar la derrota nazi es un delito.<\/span><\/div>\n<div data-adtags-width=\"0\"><\/div>\n<div data-adtags-width=\"0\"><span style=\"font-size: 14pt;\">El conocido soci\u00f3logo portugu\u00e9s Boaventura de Sousa Santos ha vinculado el pasado y el presente:<\/span><\/div>\n<div data-adtags-width=\"0\"><\/div>\n<div data-adtags-width=\"0\"><span style=\"font-size: 14pt;\"><em>\u00abLa complicidad (alemana) con el genocidio de Gaza est\u00e1 siendo llevada a un extremo tal que nos hace observar, noventa a\u00f1os despu\u00e9s, que los alemanes est\u00e1n nuevamente normalizando un crimen horrendo contra seres que consideran inferiores, un crimen que esta vez no es cometido por ellos, sino por sus antiguas v\u00edctimas<strong><span style=\"color: #ff0000;\">*<\/span><\/strong>, de quienes se consideran aliados incondicionales\u201d.<\/em><\/span><\/div>\n<\/div>\n<h3><span style=\"font-size: 18pt;\">El juicio de Adolf Eichmann<\/span><\/h3>\n<p style=\"text-align: justify;\" data-adtags-visited=\"true\"><span style=\"font-size: 14pt;\">Muchas personas citan la famosa frase <em>\u201cla banalidad del mal\u201d<\/em>, de la fil\u00f3sofa alemana <a href=\"https:\/\/www.ecured.cu\/Hannah_Arendt\">Hannah Arendt<\/a>, que resume magistralmente la actitud del bur\u00f3crata encargado de organizar los cr\u00edmenes del Estado.<\/span><\/p>\n<p style=\"text-align: justify;\" data-adtags-visited=\"true\"><span style=\"font-size: 14pt;\">Arendt public\u00f3 en 1963 una cr\u00f3nica de 434 p\u00e1ginas acerca del espectacular juicio celebrado en la Jerusal\u00e9n ocupada, al criminal de guerra alem\u00e1n Adolf Eichmann por las autoridades israel\u00edes. Eichmann hab\u00eda sido secuestrado en 1960 por agentes del Mossad en Buenos Aires, y llevado a clandestinamente a Israel para un <em>\u201cjuicio\u201d<\/em> en que todos conoc\u00edan el final: la horca.<\/span><\/p>\n<p style=\"text-align: justify;\" data-adtags-visited=\"true\"><span style=\"font-size: 14pt;\">La cr\u00f3nica \u2013 <em>\u201cEichmann en Jerusal\u00e9n\u201d<\/em> \u2013 abunda en detalles de la historia reciente y actual de Alemania, y caracteriza con precisi\u00f3n a los l\u00edderes militares y civiles encargados de la <em>\u201cSoluci\u00f3n Final\u201d<\/em> del <em>\u201cproblema jud\u00edo\u201d<\/em>, una maquinaria de la que Eichmann era una pieza clave, pero secundaria: encargado de organizar el transporte de las v\u00edctimas.<\/span><\/p>\n<p data-adtags-visited=\"true\"><img loading=\"lazy\" decoding=\"async\" class=\"aligncenter wp-image-78876\" src=\"https:\/\/www.lapluma.net\/wp-content\/uploads\/2025\/05\/Capture-decran-Hannah-Arendt-Eichmann-en-Jerusalen-199x300.png\" alt=\"\" width=\"398\" height=\"600\" srcset=\"https:\/\/www.lapluma.net\/wp-content\/uploads\/2025\/05\/Capture-decran-Hannah-Arendt-Eichmann-en-Jerusalen-199x300.png 199w, https:\/\/www.lapluma.net\/wp-content\/uploads\/2025\/05\/Capture-decran-Hannah-Arendt-Eichmann-en-Jerusalen.png 366w\" sizes=\"auto, (max-width: 398px) 100vw, 398px\" \/><\/p>\n<p style=\"text-align: center;\" data-adtags-visited=\"true\"><a href=\"https:\/\/epaginapersonal.unam.mx\/app\/webroot\/files\/5880\/Asignaturas\/1877\/Archivo2.5827.pdf\"><span style=\"font-size: 14pt;\">Hannah Arendt <em>\u201cEichmann en Jerusal\u00e9n\u201d<\/em><\/span><\/a><span style=\"font-size: 14pt;\"> , <\/span><span style=\"font-size: 14pt;\">Formato PDF<\/span><\/p>\n<p style=\"text-align: justify;\" data-adtags-visited=\"true\"><span style=\"font-size: 14pt;\">Arendt anota con agudeza lo siguiente: los genocidas nazis juzgados en los pa\u00edses donde cometieron sus cr\u00edmenes fueron casi todos ejecutados, pero cuando los juicios se celebraron en Alemania Occidental, las condenas fueron leves y muchas veces ni siquiera se cumplieron. Decenas de miles de nazis activos se mantuvieron en sus puestos y hasta en la c\u00fapula del Estado y de la OTAN, sin problema alguno.<\/span><\/p>\n<h3><span style=\"font-size: 18pt;\">Complicidad siniestra<\/span><\/h3>\n<p style=\"text-align: justify;\"><span style=\"font-size: 14pt;\">En el juicio, Eichmann describi\u00f3 detalladamente el m\u00e9todo empleado por la maquinaria alemana para la \u201cSoluci\u00f3n Final\u201d: establecer comisiones de trabajo conjunto con las agrupaciones jud\u00edas \u2013 \u201cConsejos Jud\u00edos\u201d \u2013 para que fueran ellos mismos quienes seleccionaran, agruparan y prepararan a las futuras v\u00edctimas.<\/span><\/p>\n<p style=\"text-align: justify;\"><span style=\"font-size: 14pt;\">Tras ser designados por sus propios l\u00edderes para el exterminio, los condenados deb\u00edan adem\u00e1s llenar numerosos formularios detallando todos sus bienes, los cuales donaban legalmente a los l\u00edderes de la comunidad jud\u00eda, quienes se quedaban con una parte \u2013 ostensiblemente para salvar a otros y promover la emigraci\u00f3n \u2013 y el resto era traspasado al Reich.<\/span><\/p>\n<p style=\"text-align: justify;\"><span style=\"font-size: 14pt;\">No eran s\u00f3lo pertenencias dom\u00e9sticas, sino cuentas y activos por miles de millones de d\u00f3lares actuales, y esto ocurr\u00eda no s\u00f3lo en Alemania, sino en todos los pa\u00edses ocupados o bajo control nazi. Una masiva acumulaci\u00f3n de capital mediante la extorsi\u00f3n, el robo y el homicidio.<\/span><\/p>\n<p style=\"text-align: justify;\"><span style=\"font-size: 14pt;\">En aquel entonces los sionistas eran minor\u00eda en las comunidades jud\u00edas europeas, pero eran los mejor organizados y mejor financiados. Tambi\u00e9n ellos participaron en el esquema, y con m\u00e1s \u00e9xito, al punto que \u2013 seg\u00fan Arendt \u2013 sus dirigentes fueron eximidos del uso del brazalete amarillo con la estrella de David \u2013 obligatorio para los jud\u00edos \u2013 y ten\u00edan salvoconducto para circulaci\u00f3n libre en el territorio del Reich.<\/span><\/p>\n<p style=\"text-align: justify;\"><span style=\"font-size: 14pt;\">Jud\u00edos eran no s\u00f3lo los seleccionadores, sino tambi\u00e9n los polic\u00edas que los iban a buscar, los funcionarios que tramitaban las deportaciones, quienes los recib\u00edan en el punto de destino, quienes decid\u00edan all\u00ed quienes morir\u00edan de inmediato o ir\u00edan de esclavos a las industrias alemanas, quienes los conduc\u00edan enga\u00f1ados a las c\u00e1maras de gas, y quienes luego llevaban los cuerpos al crematorio.<\/span><\/p>\n<p style=\"text-align: justify;\"><span style=\"font-size: 14pt;\">Esto, por lo dem\u00e1s est\u00e1 descrito en primera persona por el escritor italiano <a href=\"https:\/\/www.ecured.cu\/Primo_Levi\">Primo Levi,<\/a> exguerrillero antifascista y sobreviviente de Auschwitz, en su corto y contundente libro \u201cSi esto es un hombre.\u201d<\/span><\/p>\n<p><img loading=\"lazy\" decoding=\"async\" class=\"aligncenter wp-image-78877\" src=\"https:\/\/www.lapluma.net\/wp-content\/uploads\/2025\/05\/Capture-decran-Primo-Levi-Si-esto-es-un-hombre-195x300.png\" alt=\"\" width=\"391\" height=\"600\" srcset=\"https:\/\/www.lapluma.net\/wp-content\/uploads\/2025\/05\/Capture-decran-Primo-Levi-Si-esto-es-un-hombre-195x300.png 195w, https:\/\/www.lapluma.net\/wp-content\/uploads\/2025\/05\/Capture-decran-Primo-Levi-Si-esto-es-un-hombre.png 345w\" sizes=\"auto, (max-width: 391px) 100vw, 391px\" \/><\/p>\n<p style=\"text-align: center;\" data-adtags-visited=\"true\"><span style=\"font-size: 14pt;\"><a href=\"https:\/\/proassetspdlcom.cdnstatics2.com\/usuaris\/libros_contenido\/arxius\/28\/27998_Si%20esto%20es%20un%20hombre.pdf\">Primo Levi\u00a0 <em>\u201cSi esto es un hombre\u00a0\u00bb<\/em><\/a>, Formato PDF<\/span><\/p>\n<p style=\"text-align: justify;\" data-adtags-visited=\"true\"><span style=\"font-size: 14pt;\">Arendt constat\u00f3 que el juicio contra Eichmann se convirti\u00f3 en un arma de doble filo para la judicatura sionista, puesto que muchos de los testigos hab\u00edan formado parte de este esquema. Tambi\u00e9n constat\u00f3 que \u2013 igual que en Alemania Occidental \u2013 en Israel los pocos jud\u00edos juzgados por esas acciones fueron absueltos o recibieron condenas leves, y al poco tiempo estaban totalmente integrados a la sociedad israel\u00ed, en calidad de v\u00edctimas.<\/span><\/p>\n<h3 data-adtags-visited=\"true\"><span style=\"font-size: 18pt;\"><strong>Espacios vac\u00edos<\/strong><\/span><\/h3>\n<p style=\"text-align: justify;\" data-adtags-visited=\"true\"><span style=\"font-size: 14pt;\">Cuando Adolf Hitler resolvi\u00f3 que una parte de Polonia ocupada (la Prusia Oriental), ser\u00eda incorporada al Reich, demand\u00f3 un <em>\u201cespacio vac\u00edo\u201d<\/em> para los colonos alemanes. No se trataba de ocupar y controlar, sino de evacuar y exterminar a las poblaciones locales, que por ser eslavas eran inferiores.<\/span><\/p>\n<p style=\"text-align: justify;\" data-adtags-visited=\"true\"><span style=\"font-size: 14pt;\">La mayor parte de los habitantes de Polonia, as\u00ed como de la Uni\u00f3n Sovi\u00e9tica, hab\u00edan sido designados como objeto de un exterminio gradual a trav\u00e9s de la mala alimentaci\u00f3n y trabajo esclavo: una ampliaci\u00f3n exponencial del esquema de Auschwitz-Birkenau.<\/span><\/p>\n<article class=\"profile\">\n<div class=\"field field--name-field-country field--type-address-country field--label-hidden field__item\" style=\"text-align: center;\">\n<figure id=\"attachment_78889\" aria-describedby=\"caption-attachment-78889\" style=\"width: 550px\" class=\"wp-caption aligncenter\"><img loading=\"lazy\" decoding=\"async\" class=\"wp-image-78889\" src=\"https:\/\/www.lapluma.net\/wp-content\/uploads\/2025\/05\/Gaza-Auschwitz-Afefa.jpg\" alt=\"\" width=\"550\" height=\"796\" srcset=\"https:\/\/www.lapluma.net\/wp-content\/uploads\/2025\/05\/Gaza-Auschwitz-Afefa.jpg 800w, https:\/\/www.lapluma.net\/wp-content\/uploads\/2025\/05\/Gaza-Auschwitz-Afefa-207x300.jpg 207w, https:\/\/www.lapluma.net\/wp-content\/uploads\/2025\/05\/Gaza-Auschwitz-Afefa-707x1024.jpg 707w, https:\/\/www.lapluma.net\/wp-content\/uploads\/2025\/05\/Gaza-Auschwitz-Afefa-768x1112.jpg 768w\" sizes=\"auto, (max-width: 550px) 100vw, 550px\" \/><figcaption id=\"caption-attachment-78889\" class=\"wp-caption-text\">Mohammed Afefa<\/figcaption><\/figure>\n<\/div>\n<div class=\"field field--name-cartoonist-detail-link field--type-string field--label-hidden field__item\" style=\"text-align: center;\"><\/div>\n<\/article>\n<p style=\"text-align: justify;\" data-adtags-visited=\"true\"><span style=\"font-size: 14pt;\">Tales planes son id\u00e9nticos a los que ha formulado y aplica Israel para toda la zona del Levante (y que ha reiterado abiertamente en los \u00faltimos d\u00edas el vocero oficial de la infamia sionista, el ministro de Finanzas <a href=\"https:\/\/es.wikipedia.org\/wiki\/Bezalel_Smotrich\">Bezalel Smotrich<\/a>).<\/span><\/p>\n<p style=\"text-align: justify;\" data-adtags-visited=\"true\"><span style=\"font-size: 14pt;\">Los m\u00e9todos de exterminio sionista son aun m\u00e1s brutales que los nazis, m\u00e1s eficaces, m\u00e1s crueles y m\u00e1s concentrados, obra del aprendizaje.<\/span><\/p>\n<figure id=\"attachment_78875\" aria-describedby=\"caption-attachment-78875\" style=\"width: 490px\" class=\"wp-caption aligncenter\"><img loading=\"lazy\" decoding=\"async\" class=\"wp-image-78875\" src=\"https:\/\/www.lapluma.net\/wp-content\/uploads\/2025\/05\/auschwitz-gaza-300x208.jpg\" alt=\"\" width=\"490\" height=\"340\" srcset=\"https:\/\/www.lapluma.net\/wp-content\/uploads\/2025\/05\/auschwitz-gaza-300x208.jpg 300w, https:\/\/www.lapluma.net\/wp-content\/uploads\/2025\/05\/auschwitz-gaza.jpg 517w\" sizes=\"auto, (max-width: 490px) 100vw, 490px\" \/><figcaption id=\"caption-attachment-78875\" class=\"wp-caption-text\">Auschwitz- Gaza.<\/figcaption><\/figure>\n<p style=\"text-align: justify;\" data-adtags-visited=\"true\"><span style=\"font-size: 14pt;\">Son personajes como Eichmann \u2013 <em>\u201ct\u00e9cnicos\u201d sionistas<\/em>\u00a0\u2013 quienes en hojas de c\u00e1lculo suman los datos de kil\u00f3metros cuadrados, fuentes de agua, recursos agropecuarios y mar\u00edtimos, las calor\u00edas necesarias para una supervivencia b\u00e1sica, la cantidad de gente que se debe evacuar y\/o exterminar, la mano de obra que debe sobrevivir, las municiones necesarias para destruir las ciudades, los medios de transporte para las v\u00edctimas, etc., etc.<\/span><\/p>\n<p style=\"text-align: justify;\" data-adtags-visited=\"true\"><span style=\"font-size: 14pt;\">Como Eichmann, si es que llegan a ser juzgados, no dir\u00e1n \u2013 como s\u00ed lo har\u00e1n los jefes militares y pol\u00edticos y sus c\u00f3mplices alrededor del mundo \u2013 que fueron enga\u00f1ados u obedecieron \u00f3rdenes: dir\u00e1n orgullosamente que ejecutaron <em>\u201cacciones de Estado\u201d<\/em>, y con gran eficiencia.<\/span><\/p>\n<p style=\"text-align: justify;\" data-adtags-visited=\"true\"><span style=\"font-size: 14pt;\">No ver\u00e1n en ello problemas de conciencia, ni necesariamente alg\u00fan odio especial hacia los palestinos que exterminan, sino los prop\u00f3sitos superiores de su raza y su Estado: la acumulaci\u00f3n de capital.<\/span><\/p>\n<p style=\"text-align: justify;\" data-adtags-visited=\"true\"><span style=\"font-size: 14pt;\">Hannah Arendt tuvo que escribir 368 p\u00e1ginas para concluir con la frase famosa de la <em>\u201cbanalidad del mal\u201d<\/em>, tras relatar la pat\u00e9tica ejecuci\u00f3n del protagonista.<\/span><\/p>\n<p style=\"text-align: justify;\" data-adtags-visited=\"true\"><span style=\"font-size: 14pt;\">De ah\u00ed se llega a comprender mejor por qu\u00e9 la clase dirigente alemana, los herederos culturales del nazismo, los propietarios de las grandes empresas como Siemens o Krupp, que se beneficiaron del capital adquirido en los territorios ocupados, y del trabajo esclavo, sean tan ardientes defensores del sionismo.<\/span><\/p>\n<p style=\"text-align: justify;\" data-adtags-visited=\"true\"><span style=\"font-size: 14pt;\">Esa Alemania, ya despojada de complejos y culpas, y de la sombra antifascista de la Rep\u00fablica Democr\u00e1tica Alemana, es la que se est\u00e1 rearmando a todo vapor, pronosticando una guerra continental contra Rusia \u2013 seg\u00fan su Ministro de Defensa, Oscar Pistorius \u2013 antes de 2030.<\/span><\/p>\n<p style=\"text-align: justify;\"><span style=\"font-size: 14pt;\">En palabras de Boaventura, <em>\u201cla perplejidad es tal que el extremismo alem\u00e1n nos lleva a preguntarnos si el apoyo al genocidio de Gaza se explica menos por el deseo de expiar un crimen horrendo que por una insidiosa e inconsciente voluntad de justificarlo. El inconsciente colectivo tiene razones que la raz\u00f3n desconoce.\u00bb<\/em><\/span><\/p>\n<p style=\"text-align: justify; padding-left: 40px;\"><span style=\"font-size: 14pt; color: #000000;\"><span style=\"color: #ff0000;\">* <strong><em><span style=\"color: #000000;\">\u00bf\u201cAntiguas v\u00edctimas\u201d?<\/span> <\/em><\/strong><\/span>Los dirigentes sionistas de hoy -as\u00ed como los de ayer -no tienen nada que ver con las v\u00edctimas jud\u00edas de la \u201cSoluci\u00f3n Final\u201d. Ni las representan. Los sionistas tuvieron grandes dificultades para convencer a los supervivientes de los campos de concentraci\u00f3n de que tomaran el camino de Palestina: la mayor\u00eda quer\u00eda ir a las Am\u00e9ricas. As\u00ed que ejercieron fuertes presiones, acompa\u00f1adas de amenazas. \u00ab<strong><em>Si supiera que podemos salvar a todos los ni\u00f1os [jud\u00edos] de Alemania envi\u00e1ndolos a Inglaterra, pero s\u00f3lo a la mitad de ellos envi\u00e1ndolos a Palestina, elegir\u00eda esta \u00faltima opci\u00f3n, porque no se trata s\u00f3lo de tener en cuenta el n\u00famero de ni\u00f1os, sino tambi\u00e9n la historia del pueblo jud\u00edo<\/em><\/strong>\u00bb (David Ben Gurion,discurso ante el comit\u00e9 central del partido Mapai, diciembre de 1938). [<em>NDLR La Pluma<\/em>]<\/span><\/p>\n<h2><span style=\"font-size: 14pt;\">Alejandro Kirk<\/span><\/h2>\n<h2><span style=\"font-size: 14pt;\">Fuente: <a href=\"https:\/\/prensaopal.cl\/2025\/05\/15\/por-que-alemania-es-fanatica-sionista\/\">Prensa Opal<\/a>\/ <a href=\"https:\/\/www.elciudadano.com\/columnas\/por-que-alemania-es-fanatica-sionista\/05\/16\/\">El ciudadano.com<\/a>\/15 de mayo de 2025<\/span><\/h2>\n<h2><span style=\"font-size: 14pt;\">Editado por <\/span><a href=\"https:\/\/www.lapluma.net\/nosotros\/editora\/\"><span style=\"font-size: 14pt;\">Mar\u00eda Piedad Ossaba<\/span><\/a><\/h2>\n","protected":false},"excerpt":{"rendered":"<p>Los l\u00edderes del mundo occidental tienen la piel delicada: se resisten a llamar genocidio un genocidio. Se limitan a decir que no est\u00e1 muy bien o podr\u00eda ser mejor, y siguen suministr\u00e1ndole armas a Israel para asesinar ni\u00f1os palestinos. Alemania cuyo pasado aconsejar\u00eda algo de circunspecci\u00f3n, pone su granito de konzentrationslager&#8230; <\/p>\n","protected":false},"author":512,"featured_media":78874,"comment_status":"open","ping_status":"open","sticky":false,"template":"","format":"standard","meta":{"_uf_show_specific_survey":0,"_uf_disable_surveys":false,"footnotes":""},"categories":[7,6],"tags":[11411,17009,24214,29623,29624,24873,25391,8930,662,1890,1199,27702,27097],"coauthors":[4890],"class_list":["post-78871","post","type-post","status-publish","format-standard","has-post-thumbnail","hentry","category-ddhh","category-politique","tag-alemania-palida-madre","tag-alejandro-kirk","tag-banalidad-del-mal","tag-eichmann","tag-gaza-auschwitz","tag-genocidio-de-gaza","tag-genocidio-de-judios","tag-hannah-arendt","tag-hitler","tag-primo-levi","tag-racismo","tag-sionihilismo","tag-solucion-final"],"translation":{"provider":"WPGlobus","version":"2.12.2","language":"fr","enabled_languages":["es","fr"],"languages":{"es":{"title":true,"content":true,"excerpt":true},"fr":{"title":false,"content":false,"excerpt":false}}},"_links":{"self":[{"href":"https:\/\/www.lapluma.net\/fr\/wp-json\/wp\/v2\/posts\/78871","targetHints":{"allow":["GET"]}}],"collection":[{"href":"https:\/\/www.lapluma.net\/fr\/wp-json\/wp\/v2\/posts"}],"about":[{"href":"https:\/\/www.lapluma.net\/fr\/wp-json\/wp\/v2\/types\/post"}],"author":[{"embeddable":true,"href":"https:\/\/www.lapluma.net\/fr\/wp-json\/wp\/v2\/users\/512"}],"replies":[{"embeddable":true,"href":"https:\/\/www.lapluma.net\/fr\/wp-json\/wp\/v2\/comments?post=78871"}],"version-history":[{"count":6,"href":"https:\/\/www.lapluma.net\/fr\/wp-json\/wp\/v2\/posts\/78871\/revisions"}],"predecessor-version":[{"id":78978,"href":"https:\/\/www.lapluma.net\/fr\/wp-json\/wp\/v2\/posts\/78871\/revisions\/78978"}],"wp:featuredmedia":[{"embeddable":true,"href":"https:\/\/www.lapluma.net\/fr\/wp-json\/wp\/v2\/media\/78874"}],"wp:attachment":[{"href":"https:\/\/www.lapluma.net\/fr\/wp-json\/wp\/v2\/media?parent=78871"}],"wp:term":[{"taxonomy":"category","embeddable":true,"href":"https:\/\/www.lapluma.net\/fr\/wp-json\/wp\/v2\/categories?post=78871"},{"taxonomy":"post_tag","embeddable":true,"href":"https:\/\/www.lapluma.net\/fr\/wp-json\/wp\/v2\/tags?post=78871"},{"taxonomy":"author","embeddable":true,"href":"https:\/\/www.lapluma.net\/fr\/wp-json\/wp\/v2\/coauthors?post=78871"}],"curies":[{"name":"wp","href":"https:\/\/api.w.org\/{rel}","templated":true}]}}