{"id":78278,"date":"2025-04-29T10:35:13","date_gmt":"2025-04-29T10:35:13","guid":{"rendered":"https:\/\/www.lapluma.net\/?p=78278"},"modified":"2025-04-29T12:26:08","modified_gmt":"2025-04-29T12:26:08","slug":"78278","status":"publish","type":"post","link":"https:\/\/www.lapluma.net\/fr\/2025\/04\/29\/78278\/","title":{"rendered":"Dignidad laboral a las urnas: Colombia da el ejemplo"},"content":{"rendered":"<p style=\"text-align: justify;\"><span style=\"font-size: 14pt;\">Am\u00e9rica Latina no solo es la regi\u00f3n m\u00e1s inequitativa del mundo, sino tambi\u00e9n la que cuenta con empresarios y millonarios que no quieren pagar impuestos y que, sobre todo, se resisten a los derechos laborales. Consideran que con ellos se agravan los \u201ccostos de producci\u00f3n\u201d (aunque en realidad lo que se afecta es la tasa de ganancia) y normalmente son incapaces de pensar que gracias a los derechos sociales y laborales siempre se ha producido una mejora de las condiciones de vida de las clases trabajadoras.<\/span><\/p>\n<p style=\"text-align: justify;\"><span style=\"font-size: 14pt;\">Hist\u00f3ricamente los derechos laborales se han implantado con el avance del capitalismo, no solo por las luchas obreras y la acci\u00f3n de los intelectuales identificados con esas acciones, sino por intermedio de gobiernos que supieron comprender la necesidad de reconocerlos, a fin de que el estallido social no derive en revoluciones capaces de derrumbar al sistema econ\u00f3mico de libre empresa. Durante el siglo XIX se lograron contratos individuales, jornadas m\u00e1ximas, salarios m\u00ednimos y se reconocieron sindicatos y huelgas. Durante el siglo XX a esos derechos se uni\u00f3 una constante ampliaci\u00f3n: descansos obligatorios pagados, horas extraordinarias con recargos, permisos por salud y maternidad, seguridad social. Despu\u00e9s de la Segunda Guerra Mundial en Europa se implantaron Estados de bienestar, con amplias garant\u00edas para los trabajadores.<\/span><\/p>\n<p style=\"text-align: justify;\"><span style=\"font-size: 14pt;\">Conquistar derechos laborales en Am\u00e9rica Latina siempre fue un drama en el siglo XIX, incluso por la generalizada existencia de pa\u00edses precapitalistas con reg\u00edmenes olig\u00e1rquicos. Sin embargo, la<a href=\"https:\/\/www.ecured.cu\/Revoluci%C3%B3n_mexicana_(1910-1920)\"> Revoluci\u00f3n Mexicana (1910)<\/a> marc\u00f3 la reacci\u00f3n contra esas herencias y la Constituci\u00f3n de 1917 fue pionera en proclamar los principales derechos de los trabajadores. Con el avance del siglo XX los pa\u00edses latinoamericanos aprobaron Constituciones y c\u00f3digos del trabajo que reconocieron similares derechos. En Ecuador los principios centrales se acogieron en la Constituci\u00f3n de 1929.<\/span><\/p>\n<p style=\"text-align: justify;\"><span style=\"font-size: 14pt;\">A partir de la d\u00e9cada de 1980 esos derechos hist\u00f3ricos comenzaron a sufrir el camino de la flexibilizaci\u00f3n en casi todos los pa\u00edses latinoamericanos, al imponerse la ideolog\u00eda neoliberal. Desde la siguiente d\u00e9cada los derechos laborales no han importado, con tal de promover la \u201ccompetitividad\u201d del empresariado privado. Y la persistente presi\u00f3n empresarial por sujetar las relaciones laborales exclusivamente a sus intereses ha continuado hasta el presente, a pesar de la interrupci\u00f3n provocada por los gobernantes progresistas en las d\u00e9cadas iniciales del siglo XXI.<\/span><\/p>\n<p><img loading=\"lazy\" decoding=\"async\" class=\" wp-image-78209 aligncenter\" src=\"https:\/\/www.lapluma.net\/wp-content\/uploads\/2025\/04\/Capture-decran-si-a-la-Consulta-Popular-300x245.png\" alt=\"\" width=\"561\" height=\"458\" \/><\/p>\n<p style=\"text-align: justify;\"><span style=\"font-size: 14pt;\">Con esos antecedentes es posible comprender que el presidente colombiano Gustavo Petro proponga una consulta popular de 12 preguntas, destinada a lograr una profunda <a href=\"https:\/\/www.lapluma.net\/2025\/04\/25\/78193\/\">reforma laboral<\/a>. De una parte, se busca restaurar derechos que ya exist\u00edan y que fueron suspendidos o eliminados por distintos gobiernos neoliberales del pasado (y violados o burlados por empresarios expoliadores), como la jornada m\u00e1xima de 8 horas diarias diurnas (entre 6am y 6pm, para garantizar recargos por trabajo nocturno), que es una conquista universal nacida del movimiento obrero de Chicago del 1 de mayo de 1886; el recargo del 100\u202f% al trabajo en d\u00edas de descanso dominical o festivo; los permisos para atender tratamientos m\u00e9dicos y licencias por per\u00edodos menstruales incapacitantes; la estabilidad laboral mediante contratos a t\u00e9rmino indefinido. De otra parte, hay nuevos derechos: que las empresas contraten al menos 2 personas con discapacidad por cada 100 trabajadores; que los j\u00f3venes aprendices del Sena y de instituciones similares tengan un contrato laboral; que las personas trabajadoras en plataformas de reparto acuerden su tipo de contrato y se les garantice el pago de la seguridad social; establecer un r\u00e9gimen laboral especial para los trabajadores agrarios, garantizando sus derechos y salario justo; formalizaci\u00f3n de trabajadores informales (trabajadoras dom\u00e9sticas, madres comunitarias, periodistas, deportistas, artistas, conductores, y otros), con acceso a la seguridad social; constituir un fondo especial para el bono pensional destinado a campesinos y campesinas. Se propone eliminar la tercerizaci\u00f3n e intermediaci\u00f3n laboral; y lograr para las pymes tasas preferenciales e incentivos. Es el saludo de Colombia al 1\u00ba. de mayo, D\u00eda del Trabajo.<\/span><\/p>\n<p style=\"text-align: center;\"><iframe loading=\"lazy\" title=\"An\u00e1lisis | Gobierno Petro presenta la consulta popular que llevar\u00e1 al Senado\" src=\"https:\/\/www.youtube.com\/embed\/KtXxpn1hNGk\" width=\"800\" height=\"467\" frameborder=\"0\" allowfullscreen=\"allowfullscreen\"><\/iframe><\/p>\n<p style=\"text-align: justify;\"><span style=\"font-size: 14pt;\">Ese conjunto de derechos existe en distintos pa\u00edses de Am\u00e9rica Latina. En Ecuador la jornada de 40 horas semanales se estableci\u00f3 en 1979; el recargo por horas suplementarias con el 50% de lunes a viernes y 100% en s\u00e1bados, domingos y d\u00edas festivos se dispuso en el primer C\u00f3digo del Trabajo expedido en 1938; la seguridad social se inaugur\u00f3 en 1928; es obligaci\u00f3n empresarial afiliar a los trabajadores y constituye una infracci\u00f3n penal no hacerlo; existe el seguro social campesino; tambi\u00e9n las empresas deben emplear un n\u00famero m\u00ednimo de personas con discapacidad; hay indemnizaciones por despido y otras; la Constituci\u00f3n de 2008 proh\u00edbe el trabajo por horas y el tercerizado. Existen otros derechos: jubilaci\u00f3n patronal, reparto de utilidades, sindicalizaci\u00f3n, huelga, contrato colectivo, derechos por maternidad, jornadas especiales, etc. Pero todos estos derechos han sufrido \u201cflexibilizaciones\u201d desde los a\u00f1os 80, impulsadas por la clase empresarial, que tiene propuestas muy imaginativas: cumplir las 40 horas en 3.5 o en 6 d\u00edas; contratos eventuales u ocasionales, por emprendimiento o por proyecto; aumentar el tiempo en contratos a prueba; introducir el concepto de \u201ctrabajador plurifuncional\u201d; no pagar indemnizaciones ni recargos, y otras tantas medidas que solo tienen en la mira la reducci\u00f3n de las responsabilidades patronales. Con los gobiernos empresariales sucedidos desde 2017 las flexibilizaciones laborales galopan y actualmente est\u00e1n en la mira el aumento de la edad de jubilaci\u00f3n o la reducci\u00f3n de pensiones jubilares y hasta de salarios, bajo el argumento de que el pa\u00eds tiene el tercer salario m\u00e1s alto en Latinoam\u00e9rica.<\/span><\/p>\n<p style=\"text-align: justify;\"><span style=\"font-size: 14pt;\">Ninguno de los derechos laborales ha frenado el desarrollo en Am\u00e9rica Latina ni ha impedido las inversiones empresariales. Desde luego afectan las intenciones por contar con trabajadores m\u00e1s parecidos a los esclavos o a los jornaleros de las viejas haciendas latinoamericanas en las que las relaciones laborales se sujetaban a la voluntad de los patrones. Garant\u00edas bajo Estados de bienestar, como las que tienen los pa\u00edses europeos n\u00f3rdicos tampoco han impedido su progreso, sino que han mejorado la calidad de vida general. El bienestar que fue alcanzado desde el <a href=\"https:\/\/www.ecured.cu\/New_Deal\">New Deal<\/a> de <a href=\"https:\/\/www.ecured.cu\/New_Deal\">Franklin D. Roosevelt (1933-1945)<\/a> en los Estados Unidos, se perdi\u00f3 desde que <a href=\"https:\/\/www.ecured.cu\/Ronald_Reagan\">Ronald Reagan (1981-1989)<\/a> desarticul\u00f3 ese progreso bajo la perversa idea de \u201clibertad econ\u00f3mica\u201d, que tambi\u00e9n se expandi\u00f3 por Am\u00e9rica Latina. El reciente informe de la OIT sobre \u201c<a href=\"https:\/\/t.ly\/Dn4Z7\">Trabajo, empleo, protecci\u00f3n laboral y social en Am\u00e9rica Latina y el Caribe, 1994-2024<\/a>\u201d\u00a0 da cuenta de algunos avances institucionales, pero no en todos los pa\u00edses, por lo cual los desaf\u00edos para mejorar la calidad del trabajo siguen presentes.<\/span><\/p>\n<p><img loading=\"lazy\" decoding=\"async\" class=\" wp-image-78285 aligncenter\" src=\"https:\/\/www.lapluma.net\/wp-content\/uploads\/2025\/04\/Capture-decran-OIT-Trabajo-empleo-y-proteccion-Laboral-y-social-AL-211x300.png\" alt=\"\" width=\"533\" height=\"758\" srcset=\"https:\/\/www.lapluma.net\/wp-content\/uploads\/2025\/04\/Capture-decran-OIT-Trabajo-empleo-y-proteccion-Laboral-y-social-AL-211x300.png 211w, https:\/\/www.lapluma.net\/wp-content\/uploads\/2025\/04\/Capture-decran-OIT-Trabajo-empleo-y-proteccion-Laboral-y-social-AL.png 382w\" sizes=\"auto, (max-width: 533px) 100vw, 533px\" \/><\/p>\n<h3 class=\"ilo--hero-card--title\" style=\"text-align: center;\"><a href=\"https:\/\/www.ilo.org\/es\/publications\/trabajo-empleo-proteccion-laboral-y-social-en-america-latina-y-el-caribe\"><span style=\"font-size: 14pt;\">Trabajo, empleo, protecci\u00f3n laboral y social en Am\u00e9rica Latina y el Caribe, 1994-2024 Formato PDF<\/span><\/a><\/h3>\n<p style=\"text-align: justify;\"><span style=\"font-size: 14pt;\">De otra parte, mientras en M\u00e9xico se enrumba el progreso sustentado con pol\u00edticas sociales, en Argentina retrocede la calidad general de la vida de los trabajadores por la ideolog\u00eda libertaria y Ecuador est\u00e1 en igual camino. De modo que la reforma laboral en Colombia responde al nivel de afectaci\u00f3n que han tenido los derechos laborales en toda la regi\u00f3n y que hay un clamor social retenido para revertir esa situaci\u00f3n, restaurar las conquistas hist\u00f3ricas y avanzar en nuevos derechos que garanticen el bienestar colectivo, favorezcan la redistribuci\u00f3n de la riqueza e impidan la explotaci\u00f3n humana, que son aspiraciones que todav\u00eda no logran consolidarse, en forma definitiva y para el largo tiempo, en Am\u00e9rica Latina.<\/span><\/p>\n<h2 style=\"text-align: justify;\"><span style=\"font-size: 14pt;\">Juan J. Paz y Mi\u00f1o Cepeda para La Pluma, Ecuador 7 de abril de 2025<\/span><\/h2>\n<h2 style=\"text-align: justify;\"><span style=\"font-size: 14pt;\">Editado por <a href=\"https:\/\/www.lapluma.net\/nosotros\/editora\/\">Mar\u00eda Piedad Ossaba<\/a><\/span><\/h2>\n<h2 style=\"text-align: justify;\"><span style=\"font-size: 14pt;\">Publicado por <a href=\"https:\/\/www.historiaypresente.com\/progresismo-y-socialismo\/\">Blog Historia y presente<\/a><\/span><\/h2>\n<h2 style=\"text-align: justify;\"><span style=\"font-size: 14pt;\">Visita la red del colectivo Ruta Kr\u00edtica, el nuevo blog de difusi\u00f3n del pensamiento y la comunicaci\u00f3n alternativos<\/span><\/h2>\n<h3><span style=\"font-size: 14pt;\">Lea en La pluma:<\/span><\/h3>\n<h3 class=\"entry-title\"><a href=\"https:\/\/www.lapluma.net\/2025\/04\/25\/78193\/\" rel=\"bookmark\">Por qu\u00e9 votar S\u00cd en la Consulta Popular laboral convocada por Petro<\/a><\/h3>\n<h3><span style=\"font-size: 14pt;\">Art\u00edculos relacionados<\/span><\/h3>\n<h3><a href=\"https:\/\/www.pagina12.com.ar\/820295-el-gobierno-de-petro-presento-las-12-preguntas-de-su-consult\"><span style=\"font-size: 14pt;\">El Gobierno de Petro present\u00f3 las 12 preguntas de su consulta popular<\/span><\/a><\/h3>\n<h3 class=\"c-articulo__titulo\"><span style=\"font-size: 14pt;\"><a href=\"https:\/\/www.eltiempo.com\/politica\/gobierno\/estas-serian-las-preguntas-de-la-consulta-popular-de-la-consulta-por-la-reforma-laboral-de-gustavo-petro-3446814\">Estas son las doce preguntas de la consulta popular por la reforma laboral de Gustavo Petro<\/a><\/span><\/h3>\n","protected":false},"excerpt":{"rendered":"<p>El bienestar que fue alcanzado desde el New Deal de Franklin D. Roosevelt (1933-1945) en los Estados Unidos, se perdi\u00f3 desde que Ronald Reagan (1981-1989) desarticul\u00f3 ese progreso bajo la perversa idea de \u201clibertad econ\u00f3mica\u201d, que tambi\u00e9n se expandi\u00f3 por Am\u00e9rica Latina.<\/p>\n","protected":false},"author":8,"featured_media":78286,"comment_status":"open","ping_status":"open","sticky":false,"template":"","format":"standard","meta":{"_uf_show_specific_survey":0,"_uf_disable_surveys":false,"footnotes":""},"categories":[7,6],"tags":[14524,29502,14213,20116,13744,17496,4439],"coauthors":[257],"class_list":["post-78278","post","type-post","status-publish","format-standard","has-post-thumbnail","hentry","category-ddhh","category-politique","tag-abya-yala-america-latina-y-el-caribe","tag-consulta-popular-laboral","tag-derechos-laborales","tag-gobierno-de-gustavo-petro","tag-juan-j-paz-y-mino-cepeda-2","tag-kariba-colombia-abya-yala-6","tag-reforma-laboral"],"translation":{"provider":"WPGlobus","version":"2.12.2","language":"fr","enabled_languages":["es","fr"],"languages":{"es":{"title":true,"content":true,"excerpt":true},"fr":{"title":false,"content":false,"excerpt":false}}},"_links":{"self":[{"href":"https:\/\/www.lapluma.net\/fr\/wp-json\/wp\/v2\/posts\/78278","targetHints":{"allow":["GET"]}}],"collection":[{"href":"https:\/\/www.lapluma.net\/fr\/wp-json\/wp\/v2\/posts"}],"about":[{"href":"https:\/\/www.lapluma.net\/fr\/wp-json\/wp\/v2\/types\/post"}],"author":[{"embeddable":true,"href":"https:\/\/www.lapluma.net\/fr\/wp-json\/wp\/v2\/users\/8"}],"replies":[{"embeddable":true,"href":"https:\/\/www.lapluma.net\/fr\/wp-json\/wp\/v2\/comments?post=78278"}],"version-history":[{"count":7,"href":"https:\/\/www.lapluma.net\/fr\/wp-json\/wp\/v2\/posts\/78278\/revisions"}],"predecessor-version":[{"id":78288,"href":"https:\/\/www.lapluma.net\/fr\/wp-json\/wp\/v2\/posts\/78278\/revisions\/78288"}],"wp:featuredmedia":[{"embeddable":true,"href":"https:\/\/www.lapluma.net\/fr\/wp-json\/wp\/v2\/media\/78286"}],"wp:attachment":[{"href":"https:\/\/www.lapluma.net\/fr\/wp-json\/wp\/v2\/media?parent=78278"}],"wp:term":[{"taxonomy":"category","embeddable":true,"href":"https:\/\/www.lapluma.net\/fr\/wp-json\/wp\/v2\/categories?post=78278"},{"taxonomy":"post_tag","embeddable":true,"href":"https:\/\/www.lapluma.net\/fr\/wp-json\/wp\/v2\/tags?post=78278"},{"taxonomy":"author","embeddable":true,"href":"https:\/\/www.lapluma.net\/fr\/wp-json\/wp\/v2\/coauthors?post=78278"}],"curies":[{"name":"wp","href":"https:\/\/api.w.org\/{rel}","templated":true}]}}