{"id":7825,"date":"2019-04-01T21:09:26","date_gmt":"2019-04-01T21:09:26","guid":{"rendered":"http:\/\/www.lapluma.net\/?p=7825"},"modified":"2019-04-01T21:09:26","modified_gmt":"2019-04-01T21:09:26","slug":"el-papa-pedira-al-rey-de-marruecos-una-solucion-para-el-sahara-occidental","status":"publish","type":"post","link":"https:\/\/www.lapluma.net\/fr\/2019\/04\/01\/el-papa-pedira-al-rey-de-marruecos-una-solucion-para-el-sahara-occidental\/","title":{"rendered":"El Papa pedir\u00e1 al rey de Marruecos una soluci\u00f3n para el S\u00e1hara occidental"},"content":{"rendered":"<p style=\"text-align: justify;\"><span style=\"font-size: 12pt;\"><img loading=\"lazy\" decoding=\"async\" class=\"alignleft\" src=\"http:\/\/www.tlaxcala-int.org\/upload\/aut_6656.jpg\" width=\"94\" height=\"94\" border=\"0\" \/>Francisco viaja este s\u00e1bado al pa\u00eds norteafricano, donde se encontrar\u00e1 con los dos obispos cat\u00f3licos en el territorio, ambos espa\u00f1oles<\/span><\/p>\n<p style=\"text-align: justify;\"><span style=\"font-size: 12pt;\">Organizaciones humanitarias\u00a0lograron el compromiso del\u00a0Pont\u00edfice de recordar a Mohammed VI \u00ab\u00a0el sinsentido de mantener la ocupaci\u00f3n del territorio saharaui\u00a0\u00bb<\/span><\/p>\n<p class=\"mce\" style=\"text-align: justify;\"><span style=\"font-size: 12pt;\">El papa Francisco visita Marruecos. El viaje\u00a0guarda mucho significado para el di\u00e1logo con el islam moderado, pero tambi\u00e9n para la minor\u00eda cristiana en el pa\u00eds (apenas 30.000 cat\u00f3licos, seg\u00fan las estad\u00edsticas). Adem\u00e1s, este periplo tiene alto contenido pol\u00edtico, especialmente para los activistas del S\u00e1hara Occidental, que en las \u00faltimas semanas lograron arrancar el compromiso a Bergoglio de que hablar\u00eda con el rey de Marruecos para solicitar una soluci\u00f3n al conflicto de la antigua colonia espa\u00f1ola.\u00a0<\/span><\/p>\n<p class=\"mce\" style=\"text-align: justify;\"><span style=\"font-size: 12pt;\">La presencia hist\u00f3rica espa\u00f1ola en el pa\u00eds ha dejado marcas significativas en el \u00e1mbito religioso. De hecho, los dos obispos del pa\u00eds son espa\u00f1oles: el arzobispo de T\u00e1nger, Santiago Agrelo; y el de Rabat, el salesiano Crist\u00f3bal L\u00f3pez, que acompa\u00f1ar\u00e1n al Papa en su viaje, y le mostrar\u00e1n la situaci\u00f3n de los migrantes en el pa\u00eds, as\u00ed como de la minor\u00eda cristiana, que ha pedido una ley que les otorgue m\u00e1s libertad religiosa en un pa\u00eds mayoritariamente musulm\u00e1n, pero socio estrat\u00e9gico de Occidente.<\/span><\/p>\n<p class=\"mce\"><img loading=\"lazy\" decoding=\"async\" class=\"aligncenter\" src=\"https:\/\/www.eldiario.es\/fotos\/Papa-saharauis-verano-familias-italianas_EDIIMA20190329_0375_19.jpg\" alt=\"El Papa, con ni\u00f1os saharauis que pasan el verano con familias italianas\" width=\"643\" height=\"362\" \/><\/p>\n<figure class=\"media-holder\"><figcaption class=\"caption-inside\">\n<p align=\"center\"><strong>El Papa, con ni\u00f1os saharauis que pasan el verano con familias italianas<\/strong><\/p>\n<\/figcaption><\/figure>\n<p class=\"mce\" style=\"text-align: justify;\"><span style=\"font-size: 12pt;\">Francisco ya ha tenido contacto con la situaci\u00f3n de los saharauis. Hace unos meses se fotografi\u00f3 con un grupo de ni\u00f1os procedentes de los territorios ocupados y recibi\u00f3 al algunas\u00a0organizaciones humanitarias que le hicieron entrega de un escrito en el que piden al Pont\u00edfice que, durante el viaje de este fin de semana, \u00ab\u00a0indique al Rey de Marruecos el sinsentido de mantener la ocupaci\u00f3n del territorio saharaui, y que interceda por los presos y por el respeto a sus gentes y a sus recursos naturales\u00a0\u00bb.<\/span><\/p>\n<p class=\"mce\" style=\"text-align: justify;\"><span style=\"font-size: 12pt;\">\u00ab\u00a0No es una misi\u00f3n f\u00e1cil, pero sabemos a qui\u00e9n se lo pedimos: a\u00a0alguien que sabe que no se puede mirar para otro lado cuando se produce la injusticia\u00a0\u00bb, subrayan los firmantes del escrito enviado al Papa.<\/span><\/p>\n<p class=\"mce\" style=\"text-align: justify;\"><span style=\"font-size: 12pt;\">\u00ab\u00a0Ante la inminente visita de Su Santidad al Reino de Marruecos, consideramos nuestra obligaci\u00f3n recordarle que\u00a0ese pa\u00eds ocupa ilegalmente una parte del S\u00e1hara Occidental, antigua colonia espa\u00f1ola que no fue descolonizada por Espa\u00f1a y que sigue pendiente de que se realice un refer\u00e9ndum de autodeterminaci\u00f3n\u00a0\u00bb, se lee en la carta.<\/span><\/p>\n<p style=\"text-align: justify;\" align=\"justify\"><span style=\"font-size: 12pt;\"><strong>Soluci\u00f3n encallada<\/strong><\/span><\/p>\n<p class=\"mce\" style=\"text-align: justify;\"><span style=\"font-size: 12pt;\">Lo que est\u00e1 pendiente es si Francisco hablar\u00e1 del S\u00e1hara en p\u00fablico o en audiencia privada. Y el efecto que pueda tener en el Gobierno marroqu\u00ed. El conflicto del S\u00e1hara se extiende desde la salida precipitada (y no conforme a la legalidad, seg\u00fan resoluci\u00f3n de la ONU) de Espa\u00f1a como potencia administradora en 1975. Anexionado en su mayor\u00eda por Marruecos, el pa\u00eds norteafricano niega la v\u00eda de una refer\u00e9ndum de autodeterminaci\u00f3n como territorio descolonizado. En diciembre pasado, se retomaron las conversaciones entre el Gobierno marroqu\u00ed y el Frente Polisario auspiciadas por la ONU en Suiza tras a\u00f1os de silencio. En los \u00faltimos meses, el Consejo de Seguridad ha presionado a las dos partes para sentarse a la mesa, principalmente aprobando pr\u00f3rrogas m\u00e1s cortas de la misi\u00f3n de paz desplegada en la zona (Minurso).<\/span><\/p>\n<p style=\"text-align: justify;\" align=\"justify\"><span style=\"font-size: 12pt;\"><strong>Muro de la verg\u00fcenza<\/strong><\/span><\/p>\n<p class=\"mce\" style=\"text-align: justify;\"><span style=\"font-size: 12pt;\">La carta que lleg\u00f3 a Francisco tambi\u00e9n denuncia el \u00ab\u00a0muro de la verg\u00fcenza\u00a0\u00bb que \u00ab\u00a0divide y separa a los territorios ocupados de los liberados del S\u00e1hara Occidental\u00a0\u00bb. Un \u00ab\u00a0muro militarizado de 2.270 km\u00a0\u00bb, cuyos m\u00e1rgenes \u00ab\u00a0est\u00e1n plagados de minas\u00a0\u00bb. Este es el contexto socio-pol\u00edtico al que llega el Papa y en el que deber\u00e1 moverse para hacer llegar el mensaje al que se comprometi\u00f3 con esos grupos actividas saharauis: \u00ab\u00a0Lograr la paz, pero no la paz del exterminio, sino la paz de la justicia\u00a0\u00bb. Una soluci\u00f3n encallada desde hace m\u00e1s de 40 a\u00f1os.<\/span><\/p>\n<p style=\"text-align: justify;\" align=\"justify\"><strong><span class=\"titre_pp\" style=\"font-size: 12pt;\"><a href=\"http:\/\/www.tlaxcala-int.org\/article.asp?reference=25592\">\u25baCarta al Papa ante su visita a Marruecos<\/a><\/span><\/strong><\/p>\n<p style=\"text-align: justify;\"><strong><span class=\"auteur\" style=\"font-size: 12pt;\"> <a href=\"http:\/\/www.tlaxcala-int.org\/biographie.asp?ref_aut=6656&amp;lg_pp=es\">Jes\u00fas Bastante<\/a> <\/span><\/strong><\/p>\n<p><strong><span style=\"font-size: 12pt;\">Source: <a href=\"http:\/\/www.tlaxcala-int.org\/article.asp?reference=25690\">Tlaxcala<\/a>, 31 de marzo de 2019<\/span><\/strong><\/p>\n<p><strong><span style=\"font-size: 12pt;\">Publicado en <a href=\"https:\/\/www.eldiario.es\/internacional\/Papa-Rey-Marruecos-Sahara-Occidental_0_882962053.html\">El Diario<\/a><\/span><\/strong><\/p>\n","protected":false},"excerpt":{"rendered":"<p>\u00ab\u00a0Lograr la paz, pero no la paz del exterminio, sino la paz de la justicia\u00a0\u00bb. Una soluci\u00f3n encallada desde hace m\u00e1s de 40 a\u00f1os.<\/p>\n","protected":false},"author":459,"featured_media":7826,"comment_status":"open","ping_status":"open","sticky":false,"template":"","format":"standard","meta":{"_uf_show_specific_survey":0,"_uf_disable_surveys":false,"footnotes":""},"categories":[218],"tags":[4322,481,480],"coauthors":[4319],"class_list":["post-7825","post","type-post","status-publish","format-standard","has-post-thumbnail","hentry","category-monde","tag-jesus-bastante","tag-ocupacion-marroqui","tag-sahara-occidental-ocupado"],"translation":{"provider":"WPGlobus","version":"2.12.2","language":"fr","enabled_languages":["es","fr"],"languages":{"es":{"title":true,"content":true,"excerpt":true},"fr":{"title":false,"content":false,"excerpt":false}}},"_links":{"self":[{"href":"https:\/\/www.lapluma.net\/fr\/wp-json\/wp\/v2\/posts\/7825","targetHints":{"allow":["GET"]}}],"collection":[{"href":"https:\/\/www.lapluma.net\/fr\/wp-json\/wp\/v2\/posts"}],"about":[{"href":"https:\/\/www.lapluma.net\/fr\/wp-json\/wp\/v2\/types\/post"}],"author":[{"embeddable":true,"href":"https:\/\/www.lapluma.net\/fr\/wp-json\/wp\/v2\/users\/459"}],"replies":[{"embeddable":true,"href":"https:\/\/www.lapluma.net\/fr\/wp-json\/wp\/v2\/comments?post=7825"}],"version-history":[{"count":2,"href":"https:\/\/www.lapluma.net\/fr\/wp-json\/wp\/v2\/posts\/7825\/revisions"}],"predecessor-version":[{"id":7828,"href":"https:\/\/www.lapluma.net\/fr\/wp-json\/wp\/v2\/posts\/7825\/revisions\/7828"}],"wp:featuredmedia":[{"embeddable":true,"href":"https:\/\/www.lapluma.net\/fr\/wp-json\/wp\/v2\/media\/7826"}],"wp:attachment":[{"href":"https:\/\/www.lapluma.net\/fr\/wp-json\/wp\/v2\/media?parent=7825"}],"wp:term":[{"taxonomy":"category","embeddable":true,"href":"https:\/\/www.lapluma.net\/fr\/wp-json\/wp\/v2\/categories?post=7825"},{"taxonomy":"post_tag","embeddable":true,"href":"https:\/\/www.lapluma.net\/fr\/wp-json\/wp\/v2\/tags?post=7825"},{"taxonomy":"author","embeddable":true,"href":"https:\/\/www.lapluma.net\/fr\/wp-json\/wp\/v2\/coauthors?post=7825"}],"curies":[{"name":"wp","href":"https:\/\/api.w.org\/{rel}","templated":true}]}}