{"id":7759,"date":"2019-03-30T01:35:02","date_gmt":"2019-03-30T01:35:02","guid":{"rendered":"http:\/\/www.lapluma.net\/?p=7759"},"modified":"2019-03-30T01:35:02","modified_gmt":"2019-03-30T01:35:02","slug":"lenvoye-syrien-a-lonu-pourquoi-ne-pas-donner-la-caroline-du-nord-et-du-sud-a-israel","status":"publish","type":"post","link":"https:\/\/www.lapluma.net\/fr\/2019\/03\/30\/lenvoye-syrien-a-lonu-pourquoi-ne-pas-donner-la-caroline-du-nord-et-du-sud-a-israel\/","title":{"rendered":"L&rsquo;envoy\u00e9 syrien \u00e0 l\u2019Onu: <br> <i>\u00abPourquoi ne pas donner la Caroline du Nord et du Sud \u00e0 Isra\u00ebl?\u00bb<\/i>"},"content":{"rendered":"<div>\n<p style=\"text-align: justify;\"><span style=\"font-size: 12pt;\"><img loading=\"lazy\" decoding=\"async\" class=\"alignleft\" src=\"http:\/\/www.tlaxcala-int.org\/upload\/aut_5651.jpg\" width=\"105\" height=\"105\" border=\"0\" \/>L&rsquo;envoy\u00e9 syrien aux Nations unies a sugg\u00e9r\u00e9 aux USA de donner quelques-uns de leurs propres \u00c9tats \u00e0 Isra\u00ebl s\u2019ils souhaitaient soutenir ce pays, r\u00e9agissant ainsi \u00e0 la reconnaissance par Donald Trump de la souverainet\u00e9 isra\u00e9lienne sur les hauteurs du Golan.<\/span><\/p>\n<p style=\"text-align: justify;\"><span style=\"font-size: 12pt;\">L&rsquo;ambassadeur permanent de la Syrie \u00e0 l&rsquo;Onu,\u00a0<a href=\"https:\/\/fr.sputniknews.com\/tags\/person_Bachar_al-Jaafari\/\">Bachar al-Jaafari<\/a>, a propos\u00e9 aux \u00c9tats-Unis d&rsquo;offrir \u00e0 Isra\u00ebl deux \u00c9tats am\u00e9ricains pour obtenir les faveurs du lobby isra\u00e9lien, lors de la r\u00e9union de mercredi du Conseil de s\u00e9curit\u00e9 des Nations unies.\u00a0<\/span><\/p>\n<figure style=\"width: 500px\" class=\"wp-caption aligncenter\"><img loading=\"lazy\" decoding=\"async\" src=\"https:\/\/www.sott.net\/image\/s25\/508173\/full\/1_128.jpg\" alt=\"\" width=\"500\" height=\"258\" \/><figcaption class=\"wp-caption-text\"><strong> Bachar al-Jaafari<\/strong><\/figcaption><\/figure>\n<p style=\"text-align: justify;\" align=\"center\">\u00ab<span style=\"font-size: 12pt;\">Les terres des \u00c9tats-Unis sont vastes, donc donnez-les \u00e0 Isra\u00ebl, pourquoi pas la Caroline du Nord ou la Caroline du Sud, par exemple? La Caroline du Sud est un bon morceau de territoire. Donc, donnez-leur [\u00e0 Isra\u00ebl. Ndlr] un \u00c9tat ou deux si cette administration veut vraiment avoir le soutien d&rsquo;Isra\u00ebl\u00bb, a d\u00e9clar\u00e9 le diplomate.<\/span><\/p>\n<\/div>\n<div style=\"text-align: justify;\"><span style=\"font-size: 12pt;\">Il a ainsi comment\u00e9\u00a0<a href=\"https:\/\/fr.sputniknews.com\/international\/201903251040491565-trump-document-reconnaissance-souverainete-israel-golan\/\">la d\u00e9cision de Donald Trump de reconna\u00eetre la souverainet\u00e9 d&rsquo;Isra\u00ebl sur les hauteurs du Golan<\/a>. Celle-ci intervient juste avant les \u00e9lections l\u00e9gislatives isra\u00e9liennes du 6 avril et a \u00e9t\u00e9 largement consid\u00e9r\u00e9e comme une impulsion \u00e9lectorale pour le Premier ministre Benyamin Netanyahou, qui fait face \u00e0 des accusations de fraude, de corruption et d&rsquo;abus de confiance.<\/span><\/div>\n<div style=\"text-align: justify;\">\n<div><\/div>\n<div><span style=\"font-size: 12pt;\"><a href=\"https:\/\/fr.sputniknews.com\/international\/201903271040520219-golan-conseil-securite-session-urgente\/\"><strong><img loading=\"lazy\" decoding=\"async\" src=\"https:\/\/scontent-mxp1-1.xx.fbcdn.net\/v\/t1.0-9\/55931138_1936186779840373_6730411377162190848_n.jpg?_nc_cat=108&amp;_nc_ht=scontent-mxp1-1.xx&amp;oh=a53ec2c9b550e3341db28f6d89960047&amp;oe=5D43D65C\" alt=\"\" width=\"300\" height=\"375\" align=\"right\" hspace=\"9\" vspace=\"9\" \/>Le Golan sur la table des n\u00e9gociations au Conseil de s\u00e9curit\u00e9 de l&rsquo;Onu (vid\u00e9o)<\/strong><\/a><\/span><\/div>\n<\/div>\n<p style=\"text-align: justify;\"><span style=\"font-size: 12pt;\">Les\u00a0<a href=\"https:\/\/fr.sputniknews.com\/tags\/geo_Hauteurs_du_Golan\/\">hauteurs du Golan<\/a>, saisies par Isra\u00ebl lors de la guerre des Six jours en 1967 et officiellement annex\u00e9es en 1981, sont consid\u00e9r\u00e9es par la communaut\u00e9 internationale comme un territoire occup\u00e9.<\/span><\/p>\n<div style=\"text-align: justify;\"><span style=\"font-size: 12pt;\">La r\u00e9union du Conseil de s\u00e9curit\u00e9 a \u00e9t\u00e9 convoqu\u00e9e \u00e0 la demande de la Syrie. Damas insiste sur le fait que la reconnaissance du plateau du Golan comme appartenant \u00e0 Isra\u00ebl va \u00e0 l&rsquo;encontre des r\u00e9solutions de l&rsquo;Onu qui d\u00e9clarent express\u00e9ment cette annexion \u00abnulle et non avenue\u00bb.<\/span><\/div>\n<div style=\"text-align: justify;\"><\/div>\n<div style=\"text-align: justify;\"><span style=\"font-size: 12pt;\">La majorit\u00e9 de la communaut\u00e9 internationale a condamn\u00e9 la signature lundi par le Pr\u00e9sident am\u00e9ricain de la d\u00e9claration en question. Le Premier ministre isra\u00e9lien Benjamin Netanyahou, pr\u00e9sent lors de la c\u00e9r\u00e9monie, a salu\u00e9 l&rsquo;action unilat\u00e9rale de M. Trump. Les r\u00e9actions au sein de la communaut\u00e9 internationale, y compris parmi les alli\u00e9s les plus proches des \u00c9tats-Unis dans le Golfe et en Europe, ont cependant \u00e9t\u00e9 contraires.<\/span><\/div>\n<div><\/div>\n<div style=\"text-align: justify;\"><span class=\"auteur\" style=\"font-size: 12pt;\"><strong>Sputnik News<\/strong> <\/span><\/div>\n<div><\/div>\n<div style=\"text-align: justify;\"><span style=\"font-size: 12pt;\"><strong>Source: <a href=\"http:\/\/www.tlaxcala-int.org\/article.asp?reference=25676\">Tlaxcala<\/a>, le 29 mars 2019<\/strong><\/span><\/div>\n<div><\/div>\n<div style=\"text-align: justify;\"><span style=\"font-size: 12pt;\"><strong>Traductions disponibles: <\/strong><span class=\"navigation_cadre\"><strong> <a href=\"http:\/\/www.tlaxcala-int.org\/article.asp?reference=25677\">English<\/a>\u00a0<\/strong> <\/span><\/span><\/div>\n<div><\/div>\n<div><span style=\"font-size: 12pt;\"><strong>A lire sur La Pluma:<\/strong><\/span><\/div>\n<div><\/div>\n<div>\n<h3 class=\"entry-title\"><a href=\"http:\/\/www.lapluma.net\/fr\/2019\/03\/27\/trump-kosheriza-la-ocupacion-de-los-altos-del-golan\/\" rel=\"bookmark\"><span style=\"font-size: 12pt;\"><strong>Trump cash\u00e9rise l\u2019occupation des Hauteurs du Golan<\/strong><\/span><\/a><\/h3>\n<\/div>\n","protected":false},"excerpt":{"rendered":"<p>La majorit\u00e9 de la communaut\u00e9 internationale a condamn\u00e9 la signature lundi par le Pr\u00e9sident am\u00e9ricain de la d\u00e9claration en question.<\/p>\n","protected":false},"author":456,"featured_media":7760,"comment_status":"open","ping_status":"open","sticky":false,"template":"","format":"standard","meta":{"_uf_show_specific_survey":0,"_uf_disable_surveys":false,"footnotes":""},"categories":[218],"tags":[4270,134],"coauthors":[4269],"class_list":["post-7759","post","type-post","status-publish","format-standard","has-post-thumbnail","hentry","category-monde","tag-bachar-al-jaafari","tag-onu"],"translation":{"provider":"WPGlobus","version":"2.12.2","language":"fr","enabled_languages":["es","fr"],"languages":{"es":{"title":true,"content":false,"excerpt":false},"fr":{"title":true,"content":true,"excerpt":true}}},"_links":{"self":[{"href":"https:\/\/www.lapluma.net\/fr\/wp-json\/wp\/v2\/posts\/7759","targetHints":{"allow":["GET"]}}],"collection":[{"href":"https:\/\/www.lapluma.net\/fr\/wp-json\/wp\/v2\/posts"}],"about":[{"href":"https:\/\/www.lapluma.net\/fr\/wp-json\/wp\/v2\/types\/post"}],"author":[{"embeddable":true,"href":"https:\/\/www.lapluma.net\/fr\/wp-json\/wp\/v2\/users\/456"}],"replies":[{"embeddable":true,"href":"https:\/\/www.lapluma.net\/fr\/wp-json\/wp\/v2\/comments?post=7759"}],"version-history":[{"count":2,"href":"https:\/\/www.lapluma.net\/fr\/wp-json\/wp\/v2\/posts\/7759\/revisions"}],"predecessor-version":[{"id":7762,"href":"https:\/\/www.lapluma.net\/fr\/wp-json\/wp\/v2\/posts\/7759\/revisions\/7762"}],"wp:featuredmedia":[{"embeddable":true,"href":"https:\/\/www.lapluma.net\/fr\/wp-json\/wp\/v2\/media\/7760"}],"wp:attachment":[{"href":"https:\/\/www.lapluma.net\/fr\/wp-json\/wp\/v2\/media?parent=7759"}],"wp:term":[{"taxonomy":"category","embeddable":true,"href":"https:\/\/www.lapluma.net\/fr\/wp-json\/wp\/v2\/categories?post=7759"},{"taxonomy":"post_tag","embeddable":true,"href":"https:\/\/www.lapluma.net\/fr\/wp-json\/wp\/v2\/tags?post=7759"},{"taxonomy":"author","embeddable":true,"href":"https:\/\/www.lapluma.net\/fr\/wp-json\/wp\/v2\/coauthors?post=7759"}],"curies":[{"name":"wp","href":"https:\/\/api.w.org\/{rel}","templated":true}]}}