{"id":7723,"date":"2019-03-28T22:00:23","date_gmt":"2019-03-28T22:00:23","guid":{"rendered":"http:\/\/www.lapluma.net\/?p=7723"},"modified":"2024-06-24T20:37:01","modified_gmt":"2024-06-24T20:37:01","slug":"grandes-oreilles-et-filtrage-le-ministre-de-linterieur-allemand-veut-etendre-les-possibilites-de-flicage-electronique","status":"publish","type":"post","link":"https:\/\/www.lapluma.net\/fr\/2019\/03\/28\/grandes-oreilles-et-filtrage-le-ministre-de-linterieur-allemand-veut-etendre-les-possibilites-de-flicage-electronique\/","title":{"rendered":"Grandes oreilles et filtrage : le ministre de l\u2019Int\u00e9rieur allemand veut \u00e9tendre les possibilit\u00e9s de flicage \u00e9lectronique"},"content":{"rendered":"<p style=\"text-align: justify;\"><span style=\"font-size: 12pt;\"><img loading=\"lazy\" decoding=\"async\" class=\"alignleft\" src=\"http:\/\/www.tlaxcala-int.org\/upload\/aut_4020.jpg\" width=\"238\" height=\"134\" border=\"0\" \/>Ces messieurs-dames devraient en fait se sentir plut\u00f4t en s\u00e9curit\u00e9. Les gens vont voter \u00e0 intervalles r\u00e9guliers et ce qui en sort g\u00e9n\u00e9ralement ne met pas vraiment en danger ceux qui tiennent le manche. Le syst\u00e8me parlementaire peut m\u00eame se payer le luxe d\u2019une opposition. \u00c7a ne mange pas de pain\u00a0: le Parti de Gauche est de toute fa\u00e7on pris par ses querelles internes, l\u2019AfD est pour l\u2019OTAN, il n\u2019y a donc pas de risque de se heurter \u00e0 une quelconque r\u00e9sistance. Et pourtant, le pouvoir craint de voir remise en cause cette belle sensation de s\u00e9curit\u00e9 que donne le vide politique\u00a0: l\u2019absence de v\u00e9ritables alternatives doit rester cadenass\u00e9e. Pour cela, ces messieurs-dames ont besoin de surveillance\u00a0: calme sur la toile et silence au t\u00e9l\u00e9phone.<\/span><\/p>\n<p style=\"text-align: justify;\"><span style=\"font-size: 12pt;\">Fid\u00e8le \u00e0 la tradition, le minist\u00e8re allemand de l&rsquo;Int\u00e9rieur mise sur l&rsquo;appareil de flicage : le Verfassungsschutz (renseignements int\u00e9rieurs) doit \u00eatre en mesure d&rsquo;\u00e9couter plus et mieux. Les pandores craignent que certaines actions puissent commencer par un message sur whatsapp. L&rsquo;action n&rsquo;est-elle pas le d\u00e9but du d\u00e9lit ? Le d\u00e9lit incontr\u00f4l\u00e9 n&rsquo;est-il pas le d\u00e9but mat\u00e9riel de la contradiction ? Cette contradiction ne peut-elle pas \u00eatre le d\u00e9but m\u00eame de la fin du pouvoir ? Bien s\u00fbr, si elle est organis\u00e9e. Et donc ces messieurs-dames pr\u00e9f\u00e8rent pouvoir lire, \u00e9couter, voir \u00e0 temps. Car seul le savoir maintient le pouvoir. C&rsquo;est pourquoi il veut savoir ce que ses administr\u00e9s \u00e9changent dans le dos de l&rsquo;\u00c9tat. L&rsquo;espionnage est toujours entrav\u00e9 par l&rsquo;article 10 de la constitution allemande. Cette restriction obsol\u00e8te au secret des postes et des t\u00e9l\u00e9communications doit \u00eatre lev\u00e9e. Pour la pr\u00e9servation du pouvoir.\u00a0<\/span><\/p>\n<p><img loading=\"lazy\" decoding=\"async\" class=\" wp-image-7724 aligncenter\" src=\"http:\/\/www.lapluma.net\/wp-content\/uploads\/2019\/03\/Capture-article-10-300x138.jpg\" alt=\"\" width=\"539\" height=\"248\" srcset=\"https:\/\/www.lapluma.net\/wp-content\/uploads\/2019\/03\/Capture-article-10-300x138.jpg 300w, https:\/\/www.lapluma.net\/wp-content\/uploads\/2019\/03\/Capture-article-10.jpg 501w\" sizes=\"auto, (max-width: 539px) 100vw, 539px\" \/><img loading=\"lazy\" decoding=\"async\" class=\"aligncenter\" src=\"http:\/\/www.tlaxcala-int.org\/upload\/gal_19994.jpg\" alt=\"\" width=\"600\" height=\"399\" \/><\/p>\n<p style=\"text-align: justify;\"><span style=\"font-size: 12pt;\">Et qu&rsquo;est-ce qui est attach\u00e9 \u00e0 beaucoup de messages whatsapp ? Un lien vers une vid\u00e9o. Bien s\u00fbr, le pouvoir n&rsquo;a rien contre les se faisant des papouilles ou de b\u00e9b\u00e9s embrassant des poissons. Mais encore et encore les liens m\u00e8nent \u00e0 des sites dont le contenu n&rsquo;est pas aussi dr\u00f4le. Et ce que sur ces sites on aime appeler information, c\u2019est pour l&rsquo;Union europ\u00e9enne le d\u00e9but de la subversion. Car ceux qui sont \u00e9clair\u00e9s sont assez grands pour se gouverner eux-m\u00eames. Ce serait la fin de la bureaucratie r\u00e9gnante. Et tout comme le ministre allemand de l&rsquo;Int\u00e9rieur veut \u00e9couter pour la s\u00e9curit\u00e9, l&rsquo;UE veut filtrer pour la s\u00e9curit\u00e9, avec l&rsquo;<a href=\"https:\/\/www.numerama.com\/politique\/475565-la-directive-controversee-sur-les-droits-dauteur-et-larticle-13-est-adoptee-par-le-parlement-europeen.html\">article 13<\/a> de la directive de l&rsquo;UE r\u00e9formant le droit d&rsquo;auteur de l&rsquo;UE et instituant un filtre de t\u00e9l\u00e9chargement de contenus.<\/span><\/p>\n<p style=\"text-align: justify;\"><span style=\"font-size: 12pt;\">Mais il y a aussi de l&rsquo;espoir dans l&rsquo;inqui\u00e9tude des dirigeants en place. Car qui a si peur de la parole ou de l&rsquo;image libres n\u2019est pas s\u00fbr de son pouvoir. Il sait que tout pouvoir trouve sa fin dans la connaissance de tous. Ils \u00e9taIent donc des dizaines de milliers dans de nombreuses villes allemandes, les manifestants qui ne veulent pas \u00eatre filtr\u00e9s, et qui ont organis\u00e9 leur action sur leur portable. Qui n&rsquo;ont pas peur du ministre de l&rsquo;Int\u00e9rieur. Leur courage est l&rsquo;ins\u00e9curit\u00e9 du pouvoir.<\/span><\/p>\n<p style=\"text-align: center;\"><img loading=\"lazy\" decoding=\"async\" class=\"aligncenter\" src=\"http:\/\/www.tlaxcala-int.org\/upload\/gal_19995.jpg\" alt=\"\" width=\"600\" height=\"399\" \/><strong><span class=\"texte1\">Manifestation \u00e0 Berlin le 23 mars contre l&rsquo;<a href=\"https:\/\/www.numerama.com\/politique\/475565-la-directive-controversee-sur-les-droits-dauteur-et-larticle-13-est-adoptee-par-le-parlement-europeen.html\">Article 13<\/a> : \u00ab\u00a0Je ne suis pas un (ro)bot\u00a0\u00bb, \u00ab\u00a0Google a pay\u00e9 cette pancarte\u00a0\u00bb<\/span><\/strong><\/p>\n<p style=\"text-align: justify;\"><strong><span style=\"font-size: 12pt;\"><span class=\"auteur\">Ulrich Gellermann<\/span><\/span><\/strong><\/p>\n<p><strong><span style=\"font-size: 12pt;\">Original: <span class=\"navigation_cadre\"><a href=\"http:\/\/www.tlaxcala-int.org\/article.asp?reference=25669\">Sicherheit durch H\u00f6ren und Filtern<br \/>\n<i> Der Anfang der Aufkl\u00e4rung ist das Ende der Macht<\/i><\/a><\/span><\/span><\/strong><\/p>\n<p><strong><span style=\"font-size: 12pt;\">Traduit par <span class=\"trad\">\u00a0 <a href=\"http:\/\/www.tlaxcala-int.org\/biographie.asp?ref_aut=2&amp;lg_pp=fr\">Fausto Giudice \u0424\u0430\u0443\u0441\u0442\u043e \u0414\u0436\u0443\u0434\u0438\u0447\u0435 \u0641\u0627\u0648\u0633\u062a\u0648 \u062c\u064a\u0648\u062f\u064a\u0634\u064a<\/a> <\/span><\/span><\/strong><\/p>\n<p><strong><span style=\"font-size: 12pt;\">Source: <a href=\"http:\/\/www.tlaxcala-int.org\/article.asp?reference=25670\">Tlaxcala<\/a>, le 28 mars 2019<\/span><\/strong><\/p>\n","protected":false},"excerpt":{"rendered":"<p>Mais il y a aussi de l&rsquo;espoir dans l&rsquo;inqui\u00e9tude des dirigeants en place. Car qui a si peur de la parole ou de l&rsquo;image libres n\u2019est pas s\u00fbr de son pouvoir. Il sait que tout pouvoir trouve sa fin dans la connaissance de tous<\/p>\n","protected":false},"author":363,"featured_media":7725,"comment_status":"open","ping_status":"open","sticky":false,"template":"","format":"standard","meta":{"_uf_show_specific_survey":0,"_uf_disable_surveys":false,"footnotes":""},"categories":[218],"tags":[5277,4245,4242,4241,4243,364,3251],"coauthors":[3252],"class_list":["post-7723","post","type-post","status-publish","format-standard","has-post-thumbnail","hentry","category-monde","tag-allemagne-mere-blafarde","tag-article-13","tag-espionnage-electronique","tag-flicage-whatsapp","tag-reforme-droit-dauteur","tag-uerope","tag-ulrich-gellermann"],"translation":{"provider":"WPGlobus","version":"2.12.2","language":"fr","enabled_languages":["es","fr"],"languages":{"es":{"title":true,"content":true,"excerpt":false},"fr":{"title":true,"content":true,"excerpt":true}}},"_links":{"self":[{"href":"https:\/\/www.lapluma.net\/fr\/wp-json\/wp\/v2\/posts\/7723","targetHints":{"allow":["GET"]}}],"collection":[{"href":"https:\/\/www.lapluma.net\/fr\/wp-json\/wp\/v2\/posts"}],"about":[{"href":"https:\/\/www.lapluma.net\/fr\/wp-json\/wp\/v2\/types\/post"}],"author":[{"embeddable":true,"href":"https:\/\/www.lapluma.net\/fr\/wp-json\/wp\/v2\/users\/363"}],"replies":[{"embeddable":true,"href":"https:\/\/www.lapluma.net\/fr\/wp-json\/wp\/v2\/comments?post=7723"}],"version-history":[{"count":5,"href":"https:\/\/www.lapluma.net\/fr\/wp-json\/wp\/v2\/posts\/7723\/revisions"}],"predecessor-version":[{"id":68096,"href":"https:\/\/www.lapluma.net\/fr\/wp-json\/wp\/v2\/posts\/7723\/revisions\/68096"}],"wp:featuredmedia":[{"embeddable":true,"href":"https:\/\/www.lapluma.net\/fr\/wp-json\/wp\/v2\/media\/7725"}],"wp:attachment":[{"href":"https:\/\/www.lapluma.net\/fr\/wp-json\/wp\/v2\/media?parent=7723"}],"wp:term":[{"taxonomy":"category","embeddable":true,"href":"https:\/\/www.lapluma.net\/fr\/wp-json\/wp\/v2\/categories?post=7723"},{"taxonomy":"post_tag","embeddable":true,"href":"https:\/\/www.lapluma.net\/fr\/wp-json\/wp\/v2\/tags?post=7723"},{"taxonomy":"author","embeddable":true,"href":"https:\/\/www.lapluma.net\/fr\/wp-json\/wp\/v2\/coauthors?post=7723"}],"curies":[{"name":"wp","href":"https:\/\/api.w.org\/{rel}","templated":true}]}}