{"id":7714,"date":"2019-03-28T20:33:31","date_gmt":"2019-03-28T20:33:31","guid":{"rendered":"http:\/\/www.lapluma.net\/?p=7714"},"modified":"2019-03-29T22:03:03","modified_gmt":"2019-03-29T22:03:03","slug":"el-nuevo-fascismo","status":"publish","type":"post","link":"https:\/\/www.lapluma.net\/fr\/2019\/03\/28\/el-nuevo-fascismo\/","title":{"rendered":"El nuevo Fascismo"},"content":{"rendered":"<p style=\"text-align: justify;\"><span style=\"font-size: 12pt;\"><img loading=\"lazy\" decoding=\"async\" class=\"alignleft wp-image-1664 \" title=\"Juan Diego Garc\u00eda\" src=\"http:\/\/www.lapluma.net\/wp-content\/uploads\/2018\/10\/Capture-Juan-Diego-GarciaBis.jpg\" alt=\"\" width=\"98\" height=\"102\" \/>Los avances de la derecha son catalogados en muchas ocasiones como un resurgir del fascismo cl\u00e1sico; y no faltan razones, aunque el t\u00e9rmino mismo se presta a tantas interpretaciones que puede diluirse en nada, tal como sucede con t\u00e9rminos como terrorismo o populismo, siempre afectados por el inter\u00e9s de quien los utiliza.<\/span><\/p>\n<p style=\"text-align: justify;\"><span style=\"font-size: 12pt;\">De todas formas si es evidente que algunas caracter\u00edsticas del avance de la derecha muestran formas tan similares al fascismo cl\u00e1sico que muchos gobiernos bien pueden ser catalogados como tales o al menos que muestran una clara tendencia en esa direcci\u00f3n.<\/span><\/p>\n<figure id=\"attachment_7716\" aria-describedby=\"caption-attachment-7716\" style=\"width: 632px\" class=\"wp-caption aligncenter\"><img loading=\"lazy\" decoding=\"async\" class=\"wp-image-7716\" src=\"http:\/\/www.lapluma.net\/wp-content\/uploads\/2019\/03\/el-imparable-avance-de-la-derecha-300x180.jpg\" alt=\"\" width=\"632\" height=\"379\" srcset=\"https:\/\/www.lapluma.net\/wp-content\/uploads\/2019\/03\/el-imparable-avance-de-la-derecha-300x180.jpg 300w, https:\/\/www.lapluma.net\/wp-content\/uploads\/2019\/03\/el-imparable-avance-de-la-derecha.jpg 720w\" sizes=\"auto, (max-width: 632px) 100vw, 632px\" \/><figcaption id=\"caption-attachment-7716\" class=\"wp-caption-text\">Los nuevos partidos europeos de extrema derecha utilizan s\u00edmbolos cada vez m\u00e1s evidentes de su ideolog\u00eda.<\/figcaption><\/figure>\n<p style=\"text-align: justify;\"><span style=\"font-size: 12pt;\">El fascismo ser\u00eda, en todo caso, una de las formas m\u00e1s perversas del orden burgu\u00e9s en la medida en que la clase dominante decide, ante el avance popular o una crisis irresoluble, desentenderse de las reglas b\u00e1sicas del llamado estado de derecho, limitando o sencillamente eliminando derechos y libertades, esas de las que tanto se precia la democracia representativa. Basta revisar las leyes antiterroristas de las potencias occidentales (las \u201cdemocracias consolidadas\u201d), la eliminaci\u00f3n o dr\u00e1stico debilitamiento de la divisi\u00f3n de poderes y sobre todo el abierto ejercicio del poder real por quienes nunca han sido elegidos para ejercerlo: la gran banca, las multinacionales y el gran capital en general, entidades que ya no mandan de forma indirecta (lo normal en el orden burgu\u00e9s) sino que ejercen el gobierno de la cosa p\u00fablica de forma abierta y sin complejos.<\/span><\/p>\n<figure id=\"attachment_7719\" aria-describedby=\"caption-attachment-7719\" style=\"width: 630px\" class=\"wp-caption aligncenter\"><img loading=\"lazy\" decoding=\"async\" class=\"wp-image-7719\" src=\"http:\/\/www.lapluma.net\/wp-content\/uploads\/2019\/03\/Fascismo-europeo-300x264.jpg\" alt=\"\" width=\"630\" height=\"554\" srcset=\"https:\/\/www.lapluma.net\/wp-content\/uploads\/2019\/03\/Fascismo-europeo-300x264.jpg 300w, https:\/\/www.lapluma.net\/wp-content\/uploads\/2019\/03\/Fascismo-europeo.jpg 720w\" sizes=\"auto, (max-width: 630px) 100vw, 630px\" \/><figcaption id=\"caption-attachment-7719\" class=\"wp-caption-text\">Grupos fascistas en Europa occidental y central y sus s\u00edmbolos<\/figcaption><\/figure>\n<p style=\"text-align: justify;\"><span style=\"font-size: 12pt;\">En realidad los gobiernos (presidentes y ministros) solo obedecen realmente las \u00f3rdenes que emanan de estos factores del poder efectivo; los representantes de la rama judicial se cuidan bastante de no legislar de forma que afecte a esos poderes reales y los parlamentarios \u201cdeciden\u201d leyes que ya vienen b\u00e1sicamente elaboradas por los equipos asesores del gran capital. Matices, solo matices menores quedan a disposici\u00f3n de juristas y legisladores y no sorprende que en la cabeza del gobierno aparezcan personajes pintorescos, l\u00edderes menores de escaso perfil y que la manipulaci\u00f3n medi\u00e1tica haya reemplazado por completo el sano debate ciudadano de los temas que a todos interesan, formando una opini\u00f3n p\u00fablica a la cual se le vende una alternativa pol\u00edtica tal como se vende cualquier producto comercial. Sin duda que el ejemplo de los Estados Unidos resulta ser el m\u00e1s elocuente en esta caricatura de democracia pero la \u201camericanizaci\u00f3n\u201d de las relaciones pol\u00edticas afecta ya en buena medida tambi\u00e9n a las democracias del Viejo Continente.<\/span><\/p>\n<p style=\"text-align: justify;\"><span style=\"font-size: 12pt;\">La crisis no es solo econ\u00f3mica aunque su papel es decisivo a este respecto; la crisis es igualmente pol\u00edtica y social y afecta de lleno al mismo orden cultural, con manifestaciones patol\u00f3gicas que tocan a sectores nada despreciables de la poblaci\u00f3n: xenofobia, racismo, nacionalismo excluyente y agresivo, victimizaci\u00f3n de minor\u00edas y hasta una resurrecci\u00f3n del pasado que caracteriza a los neonazis europeos y a los supremacistas blancos en Estados Unidos. Son por ahora minor\u00edas; pero siempre lo fueron; sin embargo, son muy \u00fatiles como fuerza de choque para arrinconar a la izquierda, ganar la calle y reservarse todo el espacio de la acci\u00f3n pol\u00edtica.<\/span><\/p>\n<figure id=\"attachment_7717\" aria-describedby=\"caption-attachment-7717\" style=\"width: 613px\" class=\"wp-caption aligncenter\"><img loading=\"lazy\" decoding=\"async\" class=\"wp-image-7717\" src=\"http:\/\/www.lapluma.net\/wp-content\/uploads\/2019\/03\/Ultras-puertas-concentracion_Espa\u00f1a-300x169.jpg\" alt=\"\" width=\"613\" height=\"345\" \/><figcaption id=\"caption-attachment-7717\" class=\"wp-caption-text\">Ultras a las puertas de la reuni\u00f3n de Unidos Podemos en Zaragoza. Foto: Eduardo Santos (Podemos)<\/figcaption><\/figure>\n<p style=\"text-align: justify;\"><span style=\"font-size: 12pt;\">El modelo neoliberal es bastante compatible con estas formas del fascismo moderno. Si bien por una lado de reduce el papel del Estado (sobre todo su funci\u00f3n equilibradora en lo social) por otro se fortalece todo el aparato represivo generando una atm\u00f3sfera casi irrespirable en la que la derecha m\u00e1s dura tiene todas las garant\u00edas mientras a la protesta social se le cierran todos los espacios. Resulte llamativo como en Estados Unidos regresa sin problemas el KKK (\u00bfSe fue alguna vez?)mientras en Europa renacen por doquier las viejas formas del fascismo cl\u00e1sico y no solo en Alemania (en donde se supon\u00eda erradicado este mal); en Espa\u00f1a vuelven los partidarios de Franco y en los pa\u00edses del Este grupos abiertamente fascistas, herederos de los colaborados del Tercer Reich.<\/span><\/p>\n<figure id=\"attachment_7718\" aria-describedby=\"caption-attachment-7718\" style=\"width: 589px\" class=\"wp-caption aligncenter\"><img loading=\"lazy\" decoding=\"async\" class=\"wp-image-7718\" src=\"http:\/\/www.lapluma.net\/wp-content\/uploads\/2019\/03\/Grupos-de-supremacistas-blancos-300x185.jpg\" alt=\"\" width=\"589\" height=\"363\" srcset=\"https:\/\/www.lapluma.net\/wp-content\/uploads\/2019\/03\/Grupos-de-supremacistas-blancos-300x185.jpg 300w, https:\/\/www.lapluma.net\/wp-content\/uploads\/2019\/03\/Grupos-de-supremacistas-blancos.jpg 620w\" sizes=\"auto, (max-width: 589px) 100vw, 589px\" \/><figcaption id=\"caption-attachment-7718\" class=\"wp-caption-text\">Grupos supremacistas de raza blanca y miembros del movimiento Ku Klux Kan (KKK). EFE, archivo<\/figcaption><\/figure>\n<p style=\"text-align: justify;\"><span style=\"font-size: 12pt;\">Y para culminar, el nuevo fascismo tiene su componente central en las aventuras imperialistas. Las de Estados Unidos son ya de vieja data, pero ahora pa\u00edses como Francia o Reino Unido parecen apostar por aventuras militares en \u00c1frica, Asia y la misma Europa (Ucrania, los Balcanes) reviviendo su pasado imperialista, en ocasiones como simples auxiliares de las ofensivas estadounidenses, a veces como intentos propios de regresar a \u00e9pocas pasadas, a sus viejas \u201cglorias coloniales\u201d.<\/span><\/p>\n<p style=\"text-align: justify;\"><strong><span style=\"font-size: 12pt;\">Juan Diego Garc\u00eda para La Pluma, 28 de marzo de 2019<\/span><\/strong><\/p>\n<p><strong><span style=\"font-size: 12pt;\">Editado por <\/span><a href=\"http:\/\/www.lapluma.net\/nosotros\/editora\/\"><span style=\"font-size: 12pt;\">Mar\u00eda Piedad Ossaba<\/span><\/a><\/strong><\/p>\n<p style=\"text-align: justify;\">\n","protected":false},"excerpt":{"rendered":"<p>Son por ahora minor\u00edas; pero siempre lo fueron; sin embargo, son muy \u00fatiles como fuerza de choque para arrinconar a la izquierda, ganar la calle y reservarse todo el espacio de la acci\u00f3n pol\u00edtica.<\/p>\n","protected":false},"author":87,"featured_media":7715,"comment_status":"open","ping_status":"open","sticky":false,"template":"","format":"standard","meta":{"_uf_show_specific_survey":0,"_uf_disable_surveys":false,"footnotes":""},"categories":[218],"tags":[4227,4240,4237,4233,4234,4230,4235,1255,4231,4236,4239,4228,4229,4232,4238],"coauthors":[760],"class_list":["post-7714","post","type-post","status-publish","format-standard","has-post-thumbnail","hentry","category-monde","tag-avances-de-la-derecha","tag-crisis-de-la-democracia","tag-crisis-economica-politica-y-social","tag-debilitamiento-division-de-poderes","tag-ejercicio-del-poder-real","tag-eliminacion-derechos-y-libertades","tag-gobiernos-presidentes-y-ministros","tag-juan-diego-garcia","tag-leyes-antiterroistas","tag-manipulacion-mediatica","tag-modelo-neoiberal","tag-nuevo-fascismo","tag-orden-burgues","tag-potencias-occidentales","tag-victimizacion-de-minorias"],"translation":{"provider":"WPGlobus","version":"2.12.2","language":"fr","enabled_languages":["es","fr"],"languages":{"es":{"title":true,"content":true,"excerpt":true},"fr":{"title":false,"content":false,"excerpt":false}}},"_links":{"self":[{"href":"https:\/\/www.lapluma.net\/fr\/wp-json\/wp\/v2\/posts\/7714","targetHints":{"allow":["GET"]}}],"collection":[{"href":"https:\/\/www.lapluma.net\/fr\/wp-json\/wp\/v2\/posts"}],"about":[{"href":"https:\/\/www.lapluma.net\/fr\/wp-json\/wp\/v2\/types\/post"}],"author":[{"embeddable":true,"href":"https:\/\/www.lapluma.net\/fr\/wp-json\/wp\/v2\/users\/87"}],"replies":[{"embeddable":true,"href":"https:\/\/www.lapluma.net\/fr\/wp-json\/wp\/v2\/comments?post=7714"}],"version-history":[{"count":3,"href":"https:\/\/www.lapluma.net\/fr\/wp-json\/wp\/v2\/posts\/7714\/revisions"}],"predecessor-version":[{"id":7744,"href":"https:\/\/www.lapluma.net\/fr\/wp-json\/wp\/v2\/posts\/7714\/revisions\/7744"}],"wp:featuredmedia":[{"embeddable":true,"href":"https:\/\/www.lapluma.net\/fr\/wp-json\/wp\/v2\/media\/7715"}],"wp:attachment":[{"href":"https:\/\/www.lapluma.net\/fr\/wp-json\/wp\/v2\/media?parent=7714"}],"wp:term":[{"taxonomy":"category","embeddable":true,"href":"https:\/\/www.lapluma.net\/fr\/wp-json\/wp\/v2\/categories?post=7714"},{"taxonomy":"post_tag","embeddable":true,"href":"https:\/\/www.lapluma.net\/fr\/wp-json\/wp\/v2\/tags?post=7714"},{"taxonomy":"author","embeddable":true,"href":"https:\/\/www.lapluma.net\/fr\/wp-json\/wp\/v2\/coauthors?post=7714"}],"curies":[{"name":"wp","href":"https:\/\/api.w.org\/{rel}","templated":true}]}}