{"id":77057,"date":"2025-03-19T10:00:43","date_gmt":"2025-03-19T10:00:43","guid":{"rendered":"https:\/\/www.lapluma.net\/?p=77057"},"modified":"2025-03-19T17:10:34","modified_gmt":"2025-03-19T17:10:34","slug":"77057","status":"publish","type":"post","link":"https:\/\/www.lapluma.net\/fr\/2025\/03\/19\/77057\/","title":{"rendered":"\u00bfDe qu\u00e9 hablamos cuando hablamos de comunicaci\u00f3n?"},"content":{"rendered":"<p style=\"text-align: justify;\"><span style=\"font-size: 14pt;\">Uno de los principales problemas de la <strong>Comunicaci\u00f3n <\/strong>es despojarla de su condici\u00f3n como <strong>Derecho Humano<\/strong> Fundamental para reducirla a mercanc\u00eda prostituida por la avaricia burguesa y la far\u00e1ndula mediocre. Quitarle su vigor emancipador para convertirla en arma ideol\u00f3gica alienante. Por eso en el <strong>Informe MacBride<\/strong> de 1980 se ped\u00eda ir Hacia un <strong>Nuevo Orden Mundial<\/strong> de la <strong>Comunicaci\u00f3n <\/strong>y la Informaci\u00f3n<\/span><\/p>\n<div class=\"post-details-content prose text-xl text-[#242424] font-acumin-pro-light\" style=\"text-align: justify;\">\n<div>\n<p><span style=\"font-size: 14pt;\">Toda organizaci\u00f3n pol\u00edtica (y, por lo tanto, toda organizaci\u00f3n) debe tener en su \u201cagenda\u201d la problem\u00e1tica hist\u00f3rica actual en materia de <strong>Comunicaci\u00f3n <\/strong>e <strong>Informaci\u00f3n<\/strong>. No es mucho pedir y no hay escapatorias. Ya tuvimos tiempo de sobra para aprender que, entre todas las batallas que la humanidad libra hacia su emancipaci\u00f3n, los \u201cterritorios\u201d de la <strong>Informaci\u00f3n <\/strong>y la <strong>Comunicaci\u00f3n<\/strong> han sido especialmente colonizados y mayormente plagados con derrotas muy severas.<\/span><\/p>\n<p><span style=\"font-size: 14pt;\">Pero no se trata de priorizar a la <strong>Comunicaci\u00f3n <\/strong>y a la <strong>Informaci\u00f3n <\/strong>en una \u201cagenda\u201d donde se las entienda exclusivamente como \u201cespect\u00e1culo\u201d, \u201centretenimiento\u201d o \u201ccuriosidad\u201d\u2026 como suele hacer cierto sector de las <strong>oligarqu\u00edas y sus burocracias.<\/strong> No se trata de fingir, con discursos, que nos ocupa o preocupa la \u201cdiversidad\u201d expresiva de los pueblos. No se trata de repetir la mueca clientelista que reparte becas, o subsidios, a los amigos y a los amigos de los amigos. No se trata de convencernos con sesudas disquisiciones academicistas ni convenciones internacionales plagadas con nader\u00edas en la pr\u00e1ctica. De lo que s\u00ed se trata es de habilitar, profundizar y ensanchar el ejercicio de derechos humanos inalienables como son el <strong>Derecho a la Informaci\u00f3n <\/strong>y el <strong>Derecho a la Comunicaci\u00f3n<\/strong>, no s\u00f3lo en igualdad de \u201coportunidades\u201d sino, principalmente, en igualdad de condiciones.<\/span><\/p>\n<p><span style=\"font-size: 14pt;\">Una \u201cagenda\u201d de <strong>Comunicaci\u00f3n <\/strong>e <strong>Informaci\u00f3n<\/strong> para nuestro tiempo, debe interesarse por la democratizaci\u00f3n de las herramientas de producci\u00f3n, distribuci\u00f3n e interlocuci\u00f3n del \u201csentido\u201d. Debe interesarse por el ascenso de una corriente sem\u00e1ntica renovada por el fragor de las <strong>luchas sociales <\/strong>que en todos los \u00e1mbitos (ciencias, artes, <strong>filosof\u00edas<\/strong>, <strong>tecnolog\u00edas<\/strong>\u2026) viene librando la especie humana para garantizarse un lugar digno en su propio desarrollo y no un lugar de \u201cespectador\u201d sometido por un sector social acaparador e hist\u00f3ricamente opresor de las mayor\u00edas. Tal \u201cagenda\u201d debe interesarse, (inter, multi y transdisciplinariamente) por erradicar los medios y los modos con que los pueblos han sido infiltrados con \u201cvalores\u201d o \u201cantivalores\u201d que solo convienen al statu quo y que han inoculado n\u00facleos de \u201cfalsa conciencia\u201d redituables a la ignorancia funcional, al mundo de la mentira como verdad, al sometimiento de consciencias y al mercantilismo desaforado infectado de individualismo y consumismo.<\/span><\/p>\n<p><span style=\"font-size: 14pt;\">De las fuerzas pol\u00edticas actuales (que dicen ser emanaci\u00f3n de la voluntad popular o de las clases trabajadoras) no podemos esperar, y exigir, que logren menos que un modelo comprensivo y din\u00e1mico que, en materia de <strong>Comunicaci\u00f3n e Informaci\u00f3n<\/strong>, se disponga a corregir las asimetr\u00edas en el campo de la disputa por el sentido. Que sepa desarrollar un arsenal de herramientas para la cr\u00edtica (en todos los \u201csentidos\u201d) ante la hegemon\u00eda de la \u201cIniciativa Privada\u201d; contra el <strong>burocratismo clientelista <\/strong>y contra el silenciamiento de las comunidades sem\u00e1nticas m\u00e1s variadas que, adem\u00e1s de diversas, son mayor\u00eda abrumadora. Que, adem\u00e1s de las herramientas para la cr\u00edtica, ponga al alcance de todos los cuerpos legales, las fuentes metodol\u00f3gicas, los espacios de formaci\u00f3n, las herramientas de producci\u00f3n, las infraestructuras de transmisi\u00f3n, los modelos de evaluaci\u00f3n y la din\u00e1mica de la retroalimentaci\u00f3n. Abiertas, participativas, autogestionadas, aut\u00f3nomas y de revocabilidad consensuada desde las bases. Para empezar.<\/span><\/p>\n<p><span style=\"font-size: 14pt;\">No es posible aceptar pol\u00edticas de <strong>Comunicaci\u00f3n <\/strong>e Informaci\u00f3n sin consultas desde las bases y desde la historia. No es aceptable abandonarse a los caprichos del mecenazgo, no es recomendable aspirar al mundo feliz de las \u201cindustrias culturales\u201d reproductoras de la l\u00f3gica de la mercanc\u00eda en el campo de las ideas y las emociones sociales. <strong>Informaci\u00f3n y Comunicaci\u00f3n<\/strong> no son mercanc\u00edas, son <strong>Derechos Humanos Fundamentales<\/strong> y al Estado compete su desarrollo, ensanchamiento y profundizaci\u00f3n. O ser\u00e1 nada.<\/span><\/p>\n<figure id=\"attachment_77071\" aria-describedby=\"caption-attachment-77071\" style=\"width: 408px\" class=\"wp-caption aligncenter\"><img loading=\"lazy\" decoding=\"async\" class=\"wp-image-77071\" src=\"https:\/\/www.lapluma.net\/wp-content\/uploads\/2025\/03\/macbride-205x300.jpg\" alt=\"\" width=\"408\" height=\"597\" srcset=\"https:\/\/www.lapluma.net\/wp-content\/uploads\/2025\/03\/macbride-205x300.jpg 205w, https:\/\/www.lapluma.net\/wp-content\/uploads\/2025\/03\/macbride.jpg 300w\" sizes=\"auto, (max-width: 408px) 100vw, 408px\" \/><figcaption id=\"caption-attachment-77071\" class=\"wp-caption-text\">Descargar <a href=\"https:\/\/diversidadaudiovisual.org\/wp-content\/uploads\/2013\/05\/macbride-1980.pdf\" target=\"_blank\" rel=\"noopener\">aqu\u00ed<\/a> (pdf).<\/figcaption><\/figure>\n<p><span style=\"font-size: 14pt;\">Una organizaci\u00f3n pol\u00edtica que en su \u201cagenda\u201d no contenga, como prioridad de corto plazo, el desarrollo de una P<strong>ol\u00edtica de Cultura y Comunicaci\u00f3n,<\/strong> descolonizadora y transformadora, debe revisarse a fondo contrast\u00e1ndose con los hechos duros y crudos que han venido amenazando a las democracias en las d\u00e9cadas recientes, tal como lo advirti\u00f3 el <strong>Informe MacBride<\/strong> de 1980. No es que falten casos ejemplo, autores denunciantes ni amarguras realmente existentes en el escenario actual donde la <strong>Informaci\u00f3n y la Comunicaci\u00f3n<\/strong> han sido secuestradas por los poderes monop\u00f3licos trasnacionales. Lo que s\u00ed est\u00e1 faltando es la decisi\u00f3n pol\u00edtica de fuerzas organizadas, con mandato de la clase trabajadora, para desplegar una experiencia nueva y renovadora, atenta a las exigencias de los tiempos actuales y del futuro inmediato.<\/span><\/p>\n<p><span style=\"font-size: 14pt;\">As\u00ed, \u201cSe requieren nuevos discursos y enfoques que sirvan de referencia a las pol\u00edticas culturales\u201d ya lo reclamaba <a href=\"https:\/\/www.ecured.cu\/Irina_Bokova\">Irina Bokova<\/a> de la <strong>Unesco. <\/strong>En su reclamo, desde luego, est\u00e1n las exigencias cualitativas y cuantitativas, est\u00e1n las consideraciones administrativas y de gesti\u00f3n gubernamental, adem\u00e1s de estar a expectativa geopol\u00edtica acentuada en una visi\u00f3n Sur-Sur. Y lo que est\u00e1 faltando es la ordenaci\u00f3n de las acciones que garanticen un cambio de paradigmas, a fondo, por cuanto compete a la comprensi\u00f3n te\u00f3rica y pr\u00e1ctica de la <strong>Comunicaci\u00f3n <\/strong>u la <strong>Informaci\u00f3n <\/strong>no s\u00f3lo como expresiones \u201creflejo\u201d, \u201cespejo\u201d del pensar y el \u201csentir\u201d social sino como instrumentos para la acci\u00f3n transformadora directa. Hay que romper con resabios y taras de las \u201cculturas\u201d desarrolladas por los colonialismos para contar con pueblos mansos y tributarios de la riqueza para los \u201camos\u201d.<\/span><\/p>\n<figure id=\"attachment_77061\" aria-describedby=\"caption-attachment-77061\" style=\"width: 600px\" class=\"wp-caption aligncenter\"><img loading=\"lazy\" decoding=\"async\" class=\"wp-image-77061\" src=\"https:\/\/www.lapluma.net\/wp-content\/uploads\/2025\/03\/Capture-Fernando-Buen-Abad1-300x159.jpg\" alt=\"\" width=\"600\" height=\"318\" srcset=\"https:\/\/www.lapluma.net\/wp-content\/uploads\/2025\/03\/Capture-Fernando-Buen-Abad1-300x159.jpg 300w, https:\/\/www.lapluma.net\/wp-content\/uploads\/2025\/03\/Capture-Fernando-Buen-Abad1.jpg 539w\" sizes=\"auto, (max-width: 600px) 100vw, 600px\" \/><figcaption id=\"caption-attachment-77061\" class=\"wp-caption-text\">Fernando Buen Abad Dom\u00ednguez<\/figcaption><\/figure>\n<p><span style=\"font-size: 14pt;\">Hace falta sepultar a la andanada mercantilista creadora de las \u201cculturas\u201d de la adicci\u00f3n (como el alcoholismo, la farmacodependencia y todas las adicciones autodestructivas). Hay que romper con todo lo que oprime y deprime a los pueblos, oblig\u00e1ndolos a resignarse a una cultura de esclavo, a una moral de s\u00fabditos y a una est\u00e9tica colonizada que derivan siempre en beneficios comerciales para las clases opresoras. Eso le falta a las Pol\u00edticas de Comunicaci\u00f3n e Informaci\u00f3n que han de nacer en esta etapa y en el seno de las organizaciones pol\u00edticas que quieran ser respetadas por su respeto hist\u00f3rico a las luchas de sus pueblos. <strong>Comunicaci\u00f3n e Informaci\u00f3n<\/strong> emancipadas para la emancipaci\u00f3n. Nuevo orden.<\/span><\/p>\n<h2><span style=\"font-size: 14pt;\">Fernando Buen Abad Dom\u00ednguez para La Pluma, 15 de marzo de 2025<\/span><\/h2>\n<h2><span style=\"font-size: 14pt;\">Editado por <\/span><a href=\"https:\/\/www.lapluma.net\/nosotros\/editora\/\"><span style=\"font-size: 14pt;\">Mar\u00eda Piedad Ossaba<\/span><\/a><\/h2>\n<\/div>\n<\/div>\n<p style=\"text-align: justify;\">\n","protected":false},"excerpt":{"rendered":"<p>No es posible aceptar pol\u00edticas de Comunicaci\u00f3n e Informaci\u00f3n sin consultas desde las bases y desde la historia&#8230; Hay que romper con todo lo que oprime y deprime a los pueblos, oblig\u00e1ndolos a resignarse a una cultura de esclavo, a una moral de s\u00fabditos y a una est\u00e9tica colonizada que derivan siempre en beneficios comerciales para las clases opresoras. Eso le falta a las Pol\u00edticas de Comunicaci\u00f3n e Informaci\u00f3n que han de nacer en esta etapa y en el seno de las organizaciones pol\u00edticas que quieran ser respetadas por su respeto hist\u00f3rico a las luchas de sus pueblos. Comunicaci\u00f3n e Informaci\u00f3n emancipadas para la emancipaci\u00f3n. Nuevo orden.<\/p>\n","protected":false},"author":10,"featured_media":77060,"comment_status":"open","ping_status":"open","sticky":false,"template":"","format":"standard","meta":{"_uf_show_specific_survey":0,"_uf_disable_surveys":false,"footnotes":""},"categories":[5],"tags":[4938,14535,29238,367,8038,29237,87,1995],"coauthors":[246],"class_list":["post-77057","post","type-post","status-publish","format-standard","has-post-thumbnail","hentry","category-editoriales-y-opiniones","tag-informe-macbride","tag-comunicacion","tag-comunicacion-informacion","tag-derecho-a-la-comunicacion","tag-derecho-a-la-informacion","tag-derecho-humano","tag-fernando-buen-abad-dominguez","tag-nuevo-orden-mundial"],"translation":{"provider":"WPGlobus","version":"2.12.2","language":"fr","enabled_languages":["es","fr"],"languages":{"es":{"title":true,"content":true,"excerpt":true},"fr":{"title":false,"content":false,"excerpt":false}}},"_links":{"self":[{"href":"https:\/\/www.lapluma.net\/fr\/wp-json\/wp\/v2\/posts\/77057","targetHints":{"allow":["GET"]}}],"collection":[{"href":"https:\/\/www.lapluma.net\/fr\/wp-json\/wp\/v2\/posts"}],"about":[{"href":"https:\/\/www.lapluma.net\/fr\/wp-json\/wp\/v2\/types\/post"}],"author":[{"embeddable":true,"href":"https:\/\/www.lapluma.net\/fr\/wp-json\/wp\/v2\/users\/10"}],"replies":[{"embeddable":true,"href":"https:\/\/www.lapluma.net\/fr\/wp-json\/wp\/v2\/comments?post=77057"}],"version-history":[{"count":8,"href":"https:\/\/www.lapluma.net\/fr\/wp-json\/wp\/v2\/posts\/77057\/revisions"}],"predecessor-version":[{"id":77094,"href":"https:\/\/www.lapluma.net\/fr\/wp-json\/wp\/v2\/posts\/77057\/revisions\/77094"}],"wp:featuredmedia":[{"embeddable":true,"href":"https:\/\/www.lapluma.net\/fr\/wp-json\/wp\/v2\/media\/77060"}],"wp:attachment":[{"href":"https:\/\/www.lapluma.net\/fr\/wp-json\/wp\/v2\/media?parent=77057"}],"wp:term":[{"taxonomy":"category","embeddable":true,"href":"https:\/\/www.lapluma.net\/fr\/wp-json\/wp\/v2\/categories?post=77057"},{"taxonomy":"post_tag","embeddable":true,"href":"https:\/\/www.lapluma.net\/fr\/wp-json\/wp\/v2\/tags?post=77057"},{"taxonomy":"author","embeddable":true,"href":"https:\/\/www.lapluma.net\/fr\/wp-json\/wp\/v2\/coauthors?post=77057"}],"curies":[{"name":"wp","href":"https:\/\/api.w.org\/{rel}","templated":true}]}}