{"id":76989,"date":"2025-03-15T14:24:35","date_gmt":"2025-03-15T14:24:35","guid":{"rendered":"https:\/\/www.lapluma.net\/?p=76989"},"modified":"2025-03-15T20:02:52","modified_gmt":"2025-03-15T20:02:52","slug":"76989","status":"publish","type":"post","link":"https:\/\/www.lapluma.net\/fr\/2025\/03\/15\/76989\/","title":{"rendered":"Chile: El precio que cobra la corrupci\u00f3n"},"content":{"rendered":"<p style=\"text-align: justify;\"><span style=\"font-size: 14pt;\">La renuncia de Maya Fern\u00e1ndez como titular del Ministerio de Defensa, sumada a la del jefe de asesores del Presidente de la Rep\u00fablica, Miguel Crispi, aunque se dijo que obedec\u00edan a decisiones personales, la verdad es que debieron abandonar sus cargos para salvar al Gobierno de toda responsabilidad en los episodios de falta a la probidad en que ellos estar\u00edan implicados.<\/span><\/p>\n<p style=\"text-align: justify;\"><span style=\"font-size: 14pt;\">En el caso de la Ministra, por haber firmado la venta al Fisco de la propiedad en que viv\u00eda el ex presidente Salvador Allende, su abuelo, en una operaci\u00f3n inconstitucional que por lo mismo fuera abortada en \u00faltimo momento. En Chile, se da por sabido, que los funcionarios de Gobierno tienen prohibido realizar cualquier tipo de negocios con el Estado. Sin embargo, una vez m\u00e1s la desprolijidad termin\u00f3 en hacerle imposible su continuidad en el gabinete presidencial.<\/span><\/p>\n<p style=\"text-align: justify;\"><span style=\"font-size: 14pt;\">Se trata, sin duda, de un episodio en el que tambi\u00e9n estuvo envuelta la propia hija del extinto presidente, la senadora Isabel Allende. La propiedad en cuesti\u00f3n ser\u00eda comprada supuestamente con la autorizaci\u00f3n del Presidente Boric, para enseguida ser traspasada a la Fundaci\u00f3n Salvador Allende, a fin de convertirla en un museo bajo la tuici\u00f3n de otra nieta del extinto Mandatario. La tasaci\u00f3n de la casa, para colmo, exced\u00eda por mucho los valores que corresponden a una propiedad de discretas dimensiones en la comuna de Providencia.<\/span><\/p>\n<p style=\"text-align: justify;\"><span style=\"font-size: 14pt;\">Parec\u00eda incre\u00edble que esta transgresi\u00f3n a la Carta Magna pasara inadvertida por una parlamentaria de la Rep\u00fablica y una ministra de estado de amplias trayectorias pol\u00edticas. Lo grave es que fueron muchas las advertencias que se le hicieron al Ejecutivo para que desistiera de un acto sindicado como impropio, por lo mismo que la compraventa correspondiente fuera finalmente desbaratada con la denuncia que hizo la prensa al respecto. Sin embargo, ahora consta que la oficina de asesores de La Moneda hizo caso omiso de las advertencias por el delito a consumarse, aunque de todas maneras las herederas de Allende alcanzaron a firmar la venta en una notar\u00eda de la Capital. Seguramente porque la codicia se puso por encima de la Ley.<\/span><\/p>\n<p style=\"text-align: justify;\"><span style=\"font-size: 14pt;\">Dif\u00edcil descubrir un acto que agravie m\u00e1s la memoria del ultimado presidente. Cuya causa de muerte cada d\u00eda refuta m\u00e1s la versi\u00f3n oficial de su suicidio convenida por los militares y las autoridades civiles que siguieron a Pinochet. Probablemente en la intenci\u00f3n de mitigar la traici\u00f3n y deshonra de las Fuerzas Armadas como de aquellos pol\u00edticos comprometidos en el Golpe de Estado de septiembre de 1973.<\/span><\/p>\n<p style=\"text-align: justify;\"><span style=\"font-size: 14pt;\">En este sentido, ojal\u00e1 las herederas de Allende se empe\u00f1aran m\u00e1s en impulsar una investigaci\u00f3n s\u00f3lida que devele el secretismo que se impuso con las exhumaciones del cad\u00e1ver y las exequias oficiales del Mandatario durante el Gobierno de Patricio Aylwin. Quien fuera, como se recuerda, un prominente instigador de la insurrecci\u00f3n militar que culmin\u00f3 en largos a\u00f1os de interdicci\u00f3n ciudadana, dictadura y terrorismo de estado.<\/span><\/p>\n<p style=\"text-align: justify;\"><span style=\"font-size: 14pt;\">En el caso del principal asesor presidencial, todo indica que estar\u00edamos ad portas del esclarecimiento del Caso Convenios (o Fundaciones), en cuyo centenar de aristas parece que prontamente el Ministerio P\u00fablico buscar\u00e1 demostrar los millonarios traspasos en dinero que favorecieron a diversas instituciones vinculadas a la pol\u00edtica, en la que tomaban asiento decenas de militantes y partidarios del gobierno de Boric. Ingentes recursos que llegaban a los bolsillos de los operadores pol\u00edticos del Gobierno, as\u00ed como para financiar sus contiendas electorales. Un oneroso caso de fraude al Fisco que tiene a varios de sus operadores en la c\u00e1rcel y que, muy pr\u00f3ximamente develar\u00eda la autor\u00eda y complicidad de otros m\u00e1s. Entre los que se sindica a Miguel Crispi, el asesor reci\u00e9n renunciado, m\u00e1s bien \u201cdestituido\u201d de su cargo. Lo que se evidenciar\u00eda en los parcos comunicados oficiales que se\u00f1alaron la cesaci\u00f3n de sus funciones y su apresurado reemplazo. Sin ceremonia alguna de despedida y gratitud de parte de La Moneda y, en general, de todo el abyecto oficialismo. Salvo los celos rexpresados desde el Frente Amplio por el quiebre de la correlaci\u00f3n de fuerzas en los cargos del Ejecutivo, velando porque se respeten sus respectivas cuotas de poder.<\/span><\/p>\n<p style=\"text-align: justify;\"><span style=\"font-size: 14pt;\">Es triste descubrir estos y otros casos de falta de probidad durante los tres a\u00f1os de gobierno que ya completa el presidente Boric. La decepci\u00f3n ciudadana es el precio que cobra la corrupci\u00f3n, especialmente en quienes confiaron en que un gobierno joven y de renovados rostros no incurrir\u00eda en los mismos dolos de los dem\u00e1s gobiernos de la posdictadura. Cuando los nuevos gobernantes proclamaban, adem\u00e1s, su \u201csuperioridad moral\u201d respecto de los antecesores.<\/span><\/p>\n<p style=\"text-align: justify;\"><span style=\"font-size: 14pt;\">Esc\u00e1ndalos tanto de los autoproclamados gobiernos progresistas cuanto de centro derecha que se han rotado en el poder con las mismas desverg\u00fcenzas. Desprop\u00f3sitos que se suman a aquellos bullados casos como el del MOP GATE, los sobresueldos a m\u00e1s de setenta funcionarios p\u00fablicos, las irregulares privatizaciones de empresas sanitarias y otros servicios fundamentales. As\u00ed como como los fraudes del Banco PENTA, del Caso CAVAL, los sobornos de Soquimich a variopintos legisladores, por citar algunos episodios. Agregado, por supuesto, a las impunidades consentidas por los gobiernos y los Tribunales respecto de los asaltos al erario p\u00fablico ejecutados por militares y polic\u00edas durante y despu\u00e9s de la Dictadura.<\/span><\/p>\n<p style=\"text-align: justify;\"><span style=\"font-size: 14pt;\">Era previsible suponer en que la actual administraci\u00f3n incurriera en actos de impericia e improvisaci\u00f3n dada la juventud y breve experiencia del nuevo jefe de estado. Pero no los actos de corrupci\u00f3n, lo que explicar\u00eda mucho la actual apat\u00eda ciudadana que se manifiesta a lo largo de Chile en que, curiosamente, pululan los candidatos, pero las encuestas se\u00f1alan que existe una baj\u00edsima intenci\u00f3n de voto en la poblaci\u00f3n. Tanto que ya muy poco se conf\u00eda en los procesos democr\u00e1ticos y las voces de los caudillos se hacen oir desde la ultraderecha. Por cierto que alentados por la mala conducta de la centroizquierda.<\/span><\/p>\n<p style=\"text-align: justify;\"><span style=\"font-size: 14pt;\">Pese a la enorme concentraci\u00f3n de los medios informativos, honra a muchos periodistas descubrir ante el pa\u00eds estos cr\u00edmenes de lesa probidad. Aunque tememos que lo que se denuncia y llega al Ministerio P\u00fablico puede ser solo la punta de los t\u00e9mpanos sumergidos en la sucia pol\u00edtica. Donde pertenecer a las castas dirigentes aparece hoy como la m\u00e1s pr\u00f3spera fuente de ingresos. Despu\u00e9s de los r\u00e9ditos que obtiene el crimen organizado y el gran empresariado.<\/span><\/p>\n<figure id=\"attachment_6687\" aria-describedby=\"caption-attachment-6687\" style=\"width: 343px\" class=\"wp-caption aligncenter\"><img loading=\"lazy\" decoding=\"async\" class=\"image attachment-full wp-image-6687\" title=\"Descarga el \u00faltimo libro de Juan Pablo C\u00e1rdenas S.\" src=\"https:\/\/juanpablocardenas.cl\/wp-content\/uploads\/2024\/09\/Portada-carcel-miniatura.jpg\" alt=\"\" width=\"343\" height=\"526\" \/><figcaption id=\"caption-attachment-6687\" class=\"wp-caption-text\"><a href=\"https:\/\/juanpablocardenas.cl\/wp-content\/uploads\/2024\/09\/Interiores-libro-carcel.pdf\">Descarga el \u00faltimo libro de Juan Pablo C\u00e1rdenas S.<\/a><\/figcaption><\/figure>\n<h2><span style=\"font-size: 14pt;\">Juan Pablo C\u00e1rdenas S. para La Pluma<\/span><\/h2>\n<h2><span style=\"font-size: 14pt;\">Editado por <a href=\"https:\/\/www.lapluma.net\/nosotros\/editora\/\">Mar\u00eda Piedad Ossaba<\/a>14\u00a0 de marzo de 2025<\/span><\/h2>\n","protected":false},"excerpt":{"rendered":"<p>Pese a la enorme concentraci\u00f3n de los medios informativos, honra a muchos periodistas descubrir ante el pa\u00eds estos cr\u00edmenes de lesa probidad. Aunque tememos que lo que se denuncia y llega al Ministerio P\u00fablico puede ser solo la punta de los t\u00e9mpanos sumergidos en la sucia pol\u00edtica. Donde pertenecer a las castas dirigentes aparece hoy como la m\u00e1s pr\u00f3spera fuente de ingresos. Despu\u00e9s de los r\u00e9ditos que obtiene el crimen organizado y el gran empresariado.<\/p>\n","protected":false},"author":750,"featured_media":76993,"comment_status":"open","ping_status":"open","sticky":false,"template":"","format":"standard","meta":{"_uf_show_specific_survey":0,"_uf_disable_surveys":false,"footnotes":""},"categories":[6],"tags":[14682,16660,478,29219,15272,25631,29217,29218,14989],"coauthors":[11477],"class_list":["post-76989","post","type-post","status-publish","format-standard","has-post-thumbnail","hentry","category-politique","tag-analisis-politico","tag-chile-america-latina-abya-yala-2","tag-corrupcion","tag-isabel-allende","tag-juan-pablo-cardenas-s-2","tag-la-casta","tag-maya-fernandez","tag-miguel-crispi","tag-politica-y-utopia"],"translation":{"provider":"WPGlobus","version":"2.12.2","language":"fr","enabled_languages":["es","fr"],"languages":{"es":{"title":true,"content":true,"excerpt":true},"fr":{"title":false,"content":false,"excerpt":false}}},"_links":{"self":[{"href":"https:\/\/www.lapluma.net\/fr\/wp-json\/wp\/v2\/posts\/76989","targetHints":{"allow":["GET"]}}],"collection":[{"href":"https:\/\/www.lapluma.net\/fr\/wp-json\/wp\/v2\/posts"}],"about":[{"href":"https:\/\/www.lapluma.net\/fr\/wp-json\/wp\/v2\/types\/post"}],"author":[{"embeddable":true,"href":"https:\/\/www.lapluma.net\/fr\/wp-json\/wp\/v2\/users\/750"}],"replies":[{"embeddable":true,"href":"https:\/\/www.lapluma.net\/fr\/wp-json\/wp\/v2\/comments?post=76989"}],"version-history":[{"count":5,"href":"https:\/\/www.lapluma.net\/fr\/wp-json\/wp\/v2\/posts\/76989\/revisions"}],"predecessor-version":[{"id":76996,"href":"https:\/\/www.lapluma.net\/fr\/wp-json\/wp\/v2\/posts\/76989\/revisions\/76996"}],"wp:featuredmedia":[{"embeddable":true,"href":"https:\/\/www.lapluma.net\/fr\/wp-json\/wp\/v2\/media\/76993"}],"wp:attachment":[{"href":"https:\/\/www.lapluma.net\/fr\/wp-json\/wp\/v2\/media?parent=76989"}],"wp:term":[{"taxonomy":"category","embeddable":true,"href":"https:\/\/www.lapluma.net\/fr\/wp-json\/wp\/v2\/categories?post=76989"},{"taxonomy":"post_tag","embeddable":true,"href":"https:\/\/www.lapluma.net\/fr\/wp-json\/wp\/v2\/tags?post=76989"},{"taxonomy":"author","embeddable":true,"href":"https:\/\/www.lapluma.net\/fr\/wp-json\/wp\/v2\/coauthors?post=76989"}],"curies":[{"name":"wp","href":"https:\/\/api.w.org\/{rel}","templated":true}]}}