{"id":76442,"date":"2025-02-23T15:27:01","date_gmt":"2025-02-23T15:27:01","guid":{"rendered":"https:\/\/www.lapluma.net\/?p=76442"},"modified":"2025-02-23T20:25:56","modified_gmt":"2025-02-23T20:25:56","slug":"76442","status":"publish","type":"post","link":"https:\/\/www.lapluma.net\/fr\/2025\/02\/23\/76442\/","title":{"rendered":"Esclavismo y feudalismo en Colombia: la Casa Valencia"},"content":{"rendered":"<p style=\"text-align: justify;\"><span style=\"font-size: 14pt;\">El papel de la Casa Valencia en la pol\u00edtica colombiana ha sido espeluznante. A su lado, la Casa Arana, la de los caucheros de <a href=\"https:\/\/biblioteca-repositorio.clacso.edu.ar\/bitstream\/CLACSO\/15292\/1\/La_voragine_Jose_Eustasio_Rivera.pdf\"><em>La vor\u00e1gine<\/em><\/a>, es una entidad de beneficencia. El registro de sus malos pasos empieza con Ignacio Mu\u00f1oz. Suegro del poeta Guillermo Valencia y tatarabuelo de la senadora uribista de tesitura fascista, Paloma Valencia Laserna, Mu\u00f1oz era de linaje de encomenderos. Ten\u00eda una gran hacienda, propiedad que increment\u00f3 limpiando monta\u00f1as bald\u00edas con el trabajo de centenares de esclavos indios. Luego limpi\u00f3 sus tierras de indios arroj\u00e1ndoles jaur\u00edas de mastines amaestrados.<\/span><\/p>\n<p style=\"text-align: justify;\"><span style=\"font-size: 14pt;\">Nota: el encomendero era un espa\u00f1ol o un mestizo de bien que recib\u00eda de la Corona espa\u00f1ola grandes extensiones de tierra con usufructo total sobre todo lo que all\u00ed hubiera: vegetales, minerales, r\u00edos, animales e indios, que eran considerados poco m\u00e1s que animales; o menos, por su evidente falta de alma, hecho certificado por la sol\u00edcita Iglesia cat\u00f3lica. Los indios eran poca cosa, como hoy. El encomendero, un trigue\u00f1o de peluca y tacones.<\/span><\/p>\n<figure id=\"attachment_76451\" aria-describedby=\"caption-attachment-76451\" style=\"width: 600px\" class=\"wp-caption aligncenter\"><img loading=\"lazy\" decoding=\"async\" class=\"wp-image-76451\" src=\"https:\/\/www.lapluma.net\/wp-content\/uploads\/2025\/02\/Julio-Cesar-LOndono-300x232.jpg\" alt=\"\" width=\"600\" height=\"464\" srcset=\"https:\/\/www.lapluma.net\/wp-content\/uploads\/2025\/02\/Julio-Cesar-LOndono-300x232.jpg 300w, https:\/\/www.lapluma.net\/wp-content\/uploads\/2025\/02\/Julio-Cesar-LOndono.jpg 374w\" sizes=\"auto, (max-width: 600px) 100vw, 600px\" \/><figcaption id=\"caption-attachment-76451\" class=\"wp-caption-text\">Julio C\u00e9sar Londo\u00f1o<\/figcaption><\/figure>\n<p style=\"text-align: justify;\"><span style=\"font-size: 14pt;\">A los 50 a\u00f1os del garrote de la Conquista, siguieron los 250 a\u00f1os del garrote de la Colonia, empu\u00f1ado por el virrey, el alf\u00e9rez y el encomendero.<\/span><\/p>\n<p style=\"text-align: justify;\"><span style=\"font-size: 14pt;\">Con la Independencia, los encomenderos cambiaron de nombre y se llamaron hacendados. Sem\u00e1ntica revolucionaria\u2026<\/span><\/p>\n<p style=\"text-align: justify;\"><span style=\"font-size: 14pt;\">La Rep\u00fablica no puso fin al desplazamiento, esa infamia que hoy prolonga una formidable minga mestiza (guerrilleros, paramilitares, polic\u00edas, soldados, notarios y senadores). El garrote no ha parado un solo d\u00eda. Con todo, el pueblo ind\u00edgena sigue en pie.<\/span><\/p>\n<figure id=\"attachment_76446\" aria-describedby=\"caption-attachment-76446\" style=\"width: 377px\" class=\"wp-caption aligncenter\"><img loading=\"lazy\" decoding=\"async\" class=\"wp-image-76446\" src=\"https:\/\/www.lapluma.net\/wp-content\/uploads\/2025\/02\/GUillermo-Valencia-Poeta-189x300.jpg\" alt=\"\" width=\"377\" height=\"600\" srcset=\"https:\/\/www.lapluma.net\/wp-content\/uploads\/2025\/02\/GUillermo-Valencia-Poeta-189x300.jpg 189w, https:\/\/www.lapluma.net\/wp-content\/uploads\/2025\/02\/GUillermo-Valencia-Poeta.jpg 371w\" sizes=\"auto, (max-width: 377px) 100vw, 377px\" \/><figcaption id=\"caption-attachment-76446\" class=\"wp-caption-text\">El poeta esclavista y admirador de Hitler, Guillermo Valencia Castillo.<\/figcaption><\/figure>\n<p style=\"text-align: justify;\"><span style=\"font-size: 14pt;\">Los indios tienen 300.000 hect\u00e1reas,\u00a0<em>\u201cdos veces Bogot\u00e1\u201d<\/em>, dec\u00eda con toda la boca el entonces presidente Iv\u00e1n Duque, de ingrata recordaci\u00f3n, pero olvid\u00f3 explicar que esas tierras est\u00e1n en los p\u00e1ramos del sur y en los nevados del norte, en los esteros y en los manglares del litoral Pac\u00edfico, en las selvas de la Amazon\u00eda y en los desiertos de la Guajira. 500 a\u00f1os de garrote no han logrado exterminarlos completamente pero s\u00ed arrinconarlos en las zonas m\u00e1s \u00e1speras, olvidadas por Jehov\u00e1 y Bachu\u00e9.<\/span><\/p>\n<p style=\"text-align: justify;\"><span style=\"font-size: 14pt;\">Un movimiento ind\u00edgena\u00a0<em>\u201csedicioso\u201d<\/em>\u00a0en el Cauca, que abarc\u00f3 el periodo 1914-1918, fue reprimido violentamente por una liga de liberales y conservadores liderados por Ignacio Mu\u00f1oz y el poeta Valencia. El poeta encerr\u00f3 al l\u00edder ind\u00edgena Quint\u00edn Lame, lo escupi\u00f3 y lo golpe\u00f3 en el calabozo. Lo llamaba\u00a0<em>\u201casno mont\u00e9s\u201d<\/em>\u00a0(<em>El Espectador<\/em>, julio 12 de 1924).<\/span><\/p>\n<p><img loading=\"lazy\" decoding=\"async\" class=\"aligncenter wp-image-76448\" src=\"https:\/\/www.lapluma.net\/wp-content\/uploads\/2025\/02\/Guillermo-Leon-Valencia-300x135.jpg\" alt=\"\" width=\"600\" height=\"270\" srcset=\"https:\/\/www.lapluma.net\/wp-content\/uploads\/2025\/02\/Guillermo-Leon-Valencia-300x135.jpg 300w, https:\/\/www.lapluma.net\/wp-content\/uploads\/2025\/02\/Guillermo-Leon-Valencia-1024x461.jpg 1024w, https:\/\/www.lapluma.net\/wp-content\/uploads\/2025\/02\/Guillermo-Leon-Valencia-768x346.jpg 768w, https:\/\/www.lapluma.net\/wp-content\/uploads\/2025\/02\/Guillermo-Leon-Valencia.jpg 1370w\" sizes=\"auto, (max-width: 600px) 100vw, 600px\" \/><\/p>\n<p style=\"text-align: justify;\"><span style=\"font-size: 14pt;\">La poes\u00eda de Valencia, elegante y repleta de referencias europeas, evidencia su desprecio por todo lo que huela a criollo. En sus poemas no aparecen los Andes sino los Alpes. No hay camas sino eb\u00farneos triclinios. No hay lloronas ni patasolas sino mercurios y junos. No hay tabaco sino rap\u00e9. No hay chicha sino absenta. Y en lugar de caballos, l\u00e1nguidos camellos de el\u00e1sticas cervices que a grandes pasos miden los yermos campos de los Valencia.<\/span><\/p>\n<p style=\"text-align: justify;\"><span style=\"font-size: 14pt;\">En 1964 la Casa vuelve a escena. Guillermo Le\u00f3n Valencia Mu\u00f1oz, hijo del poeta, cazador de patos e internacionalmente bruto, bombardea Marquetalia y convierte la protesta de un pu\u00f1ado de campesinos en una de las guerrillas m\u00e1s numerosas y fuertes del mundo.<\/span><\/p>\n<figure id=\"attachment_76449\" aria-describedby=\"caption-attachment-76449\" style=\"width: 600px\" class=\"wp-caption aligncenter\"><img loading=\"lazy\" decoding=\"async\" class=\"wp-image-76449\" src=\"https:\/\/www.lapluma.net\/wp-content\/uploads\/2025\/02\/Paloma-Valencia2-300x166.png\" alt=\"\" width=\"600\" height=\"333\" srcset=\"https:\/\/www.lapluma.net\/wp-content\/uploads\/2025\/02\/Paloma-Valencia2-300x166.png 300w, https:\/\/www.lapluma.net\/wp-content\/uploads\/2025\/02\/Paloma-Valencia2-1024x568.png 1024w, https:\/\/www.lapluma.net\/wp-content\/uploads\/2025\/02\/Paloma-Valencia2-768x426.png 768w, https:\/\/www.lapluma.net\/wp-content\/uploads\/2025\/02\/Paloma-Valencia2.png 1087w\" sizes=\"auto, (max-width: 600px) 100vw, 600px\" \/><figcaption id=\"caption-attachment-76449\" class=\"wp-caption-text\">\u2018Proyecto Ku Klux Kauka\u2019 \/ Vladdo.<\/figcaption><\/figure>\n<p style=\"text-align: justify;\"><span style=\"font-size: 14pt;\">En 2015\u00a0 la senadora uribista Paloma Valencia Laserna lanza su c\u00e9lebre propuesta de dividir el Cauca en dos, uno para indios y otro para mestizos. El 7 de agosto de 2018 expele su macabra advertencia: \u201cUna cosa es el Gobierno y otra el Centro Democr\u00e1tico\u201d. El tiempo le est\u00e1 dando la raz\u00f3n.<\/span><\/p>\n<p style=\"text-align: justify;\"><span style=\"font-size: 14pt;\">Nota final: hubo, qui\u00e9n lo creyera, un Valencia bueno. \u00c1lvaro P\u00edo Valencia, oveja negra del linajudo clan, hijo del poeta, historiador, humanista, comunista y rector universitario, conoci\u00f3 a una ind\u00edgena caucana y vivi\u00f3 con ella en un resguardo del ca\u00f1\u00f3n del Pat\u00eda. Enamorado de ella y de su pueblo, decidi\u00f3 escriturarles a los indios las tierras que hab\u00eda heredado. \u201cNo regal\u00e9 nada\u201d, me explic\u00f3 un d\u00eda. \u201c<em>Solo les devolv\u00ed lo que les robamos a sangre y fuego\u201d<\/em>.<\/span><\/p>\n<h2><span style=\"font-size: 14pt;\">Julio C\u00e9sar Londo\u00f1o<\/span><\/h2>\n<h2><span style=\"font-size: 14pt;\"><a href=\"https:\/\/www.elespectador.com\/opinion\/columnistas\/julio-cesar-londono\/la-casa-valencia-column-848915\/\"><em>El Espectador<\/em>,<\/a> Bogot\u00e1\/ <a href=\"https:\/\/cronicon.net\/wp\/esclavismo-y-feudalismo-en-colombia-la-casa-valencia\/\">Cronic\u00f3n<\/a> , La Rosa Roja,20\/23 de febrero de 2025<\/span><\/h2>\n<h2><span style=\"font-size: 14pt;\">Editado por<a href=\"https:\/\/www.lapluma.net\/nosotros\/editora\/\"> Mar\u00eda Piedad Ossaba<\/a><\/span><\/h2>\n","protected":false},"excerpt":{"rendered":"<p>En 2015\u00a0 la senadora uribista Paloma Valencia Laserna lanza su c\u00e9lebre propuesta de dividir el Cauca en dos, uno para indios y otro para mestizos. El 7 de agosto de 2018 expele su macabra advertencia: \u201cUna cosa es el Gobierno y otra el Centro Democr\u00e1tico\u201d. El tiempo le est\u00e1 dando la raz\u00f3n.<\/p>\n","protected":false},"author":1103,"featured_media":76450,"comment_status":"open","ping_status":"open","sticky":false,"template":"","format":"standard","meta":{"_uf_show_specific_survey":0,"_uf_disable_surveys":false,"footnotes":""},"categories":[7,6],"tags":[29068,29067],"coauthors":[19309],"class_list":["post-76442","post","type-post","status-publish","format-standard","has-post-thumbnail","hentry","category-ddhh","category-politique","tag-guillermo-leon-valencia","tag-ignacio-munoz"],"translation":{"provider":"WPGlobus","version":"2.12.2","language":"fr","enabled_languages":["es","fr"],"languages":{"es":{"title":true,"content":true,"excerpt":true},"fr":{"title":false,"content":false,"excerpt":false}}},"_links":{"self":[{"href":"https:\/\/www.lapluma.net\/fr\/wp-json\/wp\/v2\/posts\/76442","targetHints":{"allow":["GET"]}}],"collection":[{"href":"https:\/\/www.lapluma.net\/fr\/wp-json\/wp\/v2\/posts"}],"about":[{"href":"https:\/\/www.lapluma.net\/fr\/wp-json\/wp\/v2\/types\/post"}],"author":[{"embeddable":true,"href":"https:\/\/www.lapluma.net\/fr\/wp-json\/wp\/v2\/users\/1103"}],"replies":[{"embeddable":true,"href":"https:\/\/www.lapluma.net\/fr\/wp-json\/wp\/v2\/comments?post=76442"}],"version-history":[{"count":5,"href":"https:\/\/www.lapluma.net\/fr\/wp-json\/wp\/v2\/posts\/76442\/revisions"}],"predecessor-version":[{"id":76453,"href":"https:\/\/www.lapluma.net\/fr\/wp-json\/wp\/v2\/posts\/76442\/revisions\/76453"}],"wp:featuredmedia":[{"embeddable":true,"href":"https:\/\/www.lapluma.net\/fr\/wp-json\/wp\/v2\/media\/76450"}],"wp:attachment":[{"href":"https:\/\/www.lapluma.net\/fr\/wp-json\/wp\/v2\/media?parent=76442"}],"wp:term":[{"taxonomy":"category","embeddable":true,"href":"https:\/\/www.lapluma.net\/fr\/wp-json\/wp\/v2\/categories?post=76442"},{"taxonomy":"post_tag","embeddable":true,"href":"https:\/\/www.lapluma.net\/fr\/wp-json\/wp\/v2\/tags?post=76442"},{"taxonomy":"author","embeddable":true,"href":"https:\/\/www.lapluma.net\/fr\/wp-json\/wp\/v2\/coauthors?post=76442"}],"curies":[{"name":"wp","href":"https:\/\/api.w.org\/{rel}","templated":true}]}}