{"id":75881,"date":"2025-02-08T18:44:56","date_gmt":"2025-02-08T18:44:56","guid":{"rendered":"https:\/\/www.lapluma.net\/?p=75881"},"modified":"2025-02-09T10:06:46","modified_gmt":"2025-02-09T10:06:46","slug":"75881","status":"publish","type":"post","link":"https:\/\/www.lapluma.net\/fr\/2025\/02\/08\/75881\/","title":{"rendered":"Leyendo <i> Haaretz <\/i>"},"content":{"rendered":"<p style=\"text-align: justify;\"><span style=\"font-size: 14pt;\">El autor es un periodista y escritor suizo, columnista en el diario Le Temps<\/span><\/p>\n<p style=\"text-align: justify;\"><span style=\"font-size: 14pt;\">E<em>n el turco<\/em>. Es un restaurante normal y corriente, no lejos del aeropuerto Ben Gurion. \u00bfPor qu\u00e9 ir a comer all\u00ed? Porque el hijo, que hizo el servicio militar en la zona, pens\u00f3 que el shawarma era sabroso. El otro d\u00eda llev\u00f3 all\u00ed a su padre, Gideon Levy. Las cosas salieron mal. R\u00e1pidamente se reuni\u00f3 una multitud alrededor de su mesa y los insultos volaron. Al hijo: \u201c\u00a1Que se joda la madre del que come con los nazis!\u201d Al padre: \u201c\u00a1Eres un nazi porque te preocupas por los ni\u00f1os de Gaza!\u201d A causa de la bronca, tuvieron que marcharse.<\/span><\/p>\n<p style=\"text-align: justify;\"><span style=\"font-size: 14pt;\">Gideon Levy es periodista de <em>Haaretz<\/em>, uno de los diarios m\u00e1s conocidos de Israel, conocido por sus investigaciones sobre el terreno entre los palestinos y sus despiadados comentarios contra el gobierno de Benyamin Netanyahu y los partidos que dominan la escena pol\u00edtica israel\u00ed. Tambi\u00e9n es probablemente el periodista m\u00e1s odiado e insultado del pa\u00eds. Sin embargo, este hijo de inmigrantes centroeuropeos era cualquier cosa menos un exaltado. Religioso y nacionalista ac\u00e9rrimo en su juventud, seg\u00fan \u00e9l mismo afirma, lleg\u00f3 a ser portavoz de Shimon Peres, del Partido Laborista, antes de incorporarse a <em>Haaretz<\/em>, donde se convirti\u00f3 en una voz resonante cuando el centenario diario pas\u00f3 del liberalismo moderado a la cr\u00edtica de los supremacistas y anexionistas que poco a poco se hac\u00edan con el poder en Israel.<\/span><\/p>\n<figure id=\"attachment_75882\" aria-describedby=\"caption-attachment-75882\" style=\"width: 564px\" class=\"wp-caption aligncenter\"><img loading=\"lazy\" decoding=\"async\" class=\"wp-image-75882\" src=\"https:\/\/www.lapluma.net\/wp-content\/uploads\/2025\/02\/gideon-levy-300x300.jpg\" alt=\"\" width=\"564\" height=\"564\" srcset=\"https:\/\/www.lapluma.net\/wp-content\/uploads\/2025\/02\/gideon-levy-300x300.jpg 300w, https:\/\/www.lapluma.net\/wp-content\/uploads\/2025\/02\/gideon-levy-150x150.jpg 150w, https:\/\/www.lapluma.net\/wp-content\/uploads\/2025\/02\/gideon-levy.jpg 640w\" sizes=\"auto, (max-width: 564px) 100vw, 564px\" \/><figcaption id=\"caption-attachment-75882\" class=\"wp-caption-text\">Gideon Levy<\/figcaption><\/figure>\n<p style=\"text-align: justify;\"><span style=\"font-size: 14pt;\">Pero este <em>Haaretz<\/em> tan comprometido no es un \u00f3rgano de propaganda: trabaja en profundidad. Tambi\u00e9n est\u00e1 abierto a voces que lo desaf\u00edan, como <a href=\"https:\/\/www.haaretz.com\/ty-WRITER\/0000017f-da24-dea8-a77f-de66c7f00000\">Israel Harel<\/a>, colono radical y belicista sin complejos, o el historiador <a href=\"https:\/\/www.haaretz.com\/ty-WRITER\/0000017f-da24-d718-a5ff-faa4908d0000\">Benny Morris<\/a>, que aboga constantemente por un ataque a gran escala contra Ir\u00e1n.<\/span><\/p>\n<p style=\"text-align: justify;\"><span style=\"font-size: 14pt;\">Tras el asalto masivo de Ham\u00e1s el 7 de octubre de 2023, el peri\u00f3dico no vacil\u00f3 en su denuncia de este horror y en su documentaci\u00f3n de las masacres, torturas y violaciones que pudieron probarse. Pero cuando se desataron las represalias en Gaza y luego en otros lugares, puso el mismo celo en describir los abusos de esta guerra sin l\u00edmites y sin piedad para los civiles, a pesar de los obst\u00e1culos de todo tipo. Un periodismo ejemplar y solitario, en la adversidad y el dolor.<\/span><\/p>\n<p style=\"text-align: justify;\"><span style=\"font-size: 14pt;\">En otro lugar, el peri\u00f3dico ofrece una descripci\u00f3n a gran escala, completa con mapas (antes y despu\u00e9s) de las ciudades destruidas en Gaza y las tiendas de campa\u00f1a que han sustituido a las casas, bajo la lluvia torrencial de este d\u00eda de A\u00f1o Nuevo para nosotros. Otro texto imagina a toda la poblaci\u00f3n de Jerusal\u00e9n, Tel Aviv y Haifa concentrada en la playa bajo las inclemencias del tiempo: \u00e9sta es la vida de los gazat\u00edes que describe.<\/span><\/p>\n<p style=\"text-align: justify;\"><span style=\"font-size: 14pt;\">El otro s\u00e1bado, Alain Finkielkraut, en <em><a href=\"https:\/\/www.radiofrance.fr\/franceculture\/podcasts\/repliques\">R\u00e9pliques<\/a><\/em>, su programa de culto en la radio France Culture, abri\u00f3 una especie de apasionada discusi\u00f3n talm\u00fadica sobre este tema (y sobre el pensamiento de Emmanuel L\u00e9vinas). \u00bfQu\u00e9 significa \u00abpueblo elegido\u00bb para los jud\u00edos? Todos estuvieron de acuerdo en que s\u00f3lo puede significar revelar a otros pueblos (el pueblo palestino, por ejemplo) su parte en la elecci\u00f3n. Para los extremistas en el poder en Israel significa algo muy distinto. Para algunos de ellos (diputados), no hay ni un solo inocente entre los 2,3 millones de palestinos de Gaza. Se lo dice la Biblia: ante las trompetas de Josu\u00e9, las murallas de Jeric\u00f3 se derrumbaron y sus habitantes fueron pasados a cuchillo, hombres, mujeres, ni\u00f1os, ancianos, bueyes, ovejas y burros. Un miembro no fan\u00e1tico de la Knesset se levant\u00f3 para denunciar la \u00abbajeza moral\u00bb de este \u00abmesianismo mendaz, nacionalista, racista y fundamentalista que envenena y destruye el esp\u00edritu de Israel\u00bb.<\/span><\/p>\n<p style=\"text-align: justify;\"><span style=\"font-size: 14pt;\">Cuando Gideon Levy sali\u00f3 el otro d\u00eda del restaurante de shawarma cerca del aeropuerto Ben-Gurion con su hijo, que hab\u00eda sido ahuyentado a base de insultos, fue abordado en la calle por un joven. Era simp\u00e1tico. Le pidi\u00f3 al odiado periodista su bendici\u00f3n. Un t\u00edmido atisbo.<\/span><\/p>\n<p style=\"text-align: justify;\"><span style=\"font-size: 14pt;\">As\u00ed que me suscrib\u00ed hace 400 d\u00edas, para saber m\u00e1s. Es \u00fatil, o indispensable. El martes pasado, o\u00ed una noticia de diez segundos en una emisora de radio francesa: 51 gazat\u00edes hab\u00edan muerto durante el d\u00eda. Mir\u00e9 a ver qu\u00e9 se dec\u00eda aqu\u00ed. No hab\u00eda nada. La guerra dura, uno se acostumbra a ella, y algunas muertes valen m\u00e1s que otras; en aquel momento s\u00f3lo habl\u00e1bamos de \u00abCharlie\u00bb, diez a\u00f1os despu\u00e9s.<\/span><\/p>\n<p style=\"text-align: justify;\"><span style=\"font-size: 14pt;\">Con <em>Haaretz<\/em>, estamos en el meollo, con los ojos abiertos. \u00bfLe apetece? Por ejemplo, el 1 de enero, cuando est\u00e1bamos de celebraci\u00f3n. Ese d\u00eda, el peri\u00f3dico llegaba al final de un completo reportaje sobre la \u00abguerra contra la prensa\u00bb que, en su opini\u00f3n, libraba el gobierno de Netanyahu, y no hablaba s\u00f3lo de los 110 periodistas muertos en Gaza. Se ha puesto en marcha un boicot contra el diario rebelde: no m\u00e1s comunicaciones, no m\u00e1s publicidad, no m\u00e1s ingresos del Estado; un viejo plan puesto en marcha el d\u00eda en que Amos Schocken, el propietario de Haaretz, hablaba en una conferencia en Londres sobre los \u00abluchadores por la libertad palestinos a los que Israel llama terroristas\u00bb.<\/span><\/p>\n<p style=\"text-align: justify;\"><span style=\"font-size: 14pt;\">El veterano de Haaretz <a href=\"https:\/\/www.haaretz.com\/ty-WRITER\/0000017f-da25-d42c-afff-dff71d7e0000\">Zvi Bar&rsquo;el<\/a> se pregunta por qu\u00e9 la poblaci\u00f3n israel\u00ed ha asimilado tan silenciosamente lo que ocurre en Gaza: destrucci\u00f3n masiva y muerte; le recuerda, y mucho, a la Noche de los cristales rotos en Alemania en noviembre de 1938. Una columnista \u00e1rabe del peri\u00f3dico lamenta c\u00f3mo las v\u00edctimas de los bombardeos han quedado reducidas a estad\u00edsticas, mientras que los ni\u00f1os quedan sepultados bajo las ruinas, sus vidas olvidadas para siempre.<\/span><\/p>\n<p style=\"text-align: justify;\"><span style=\"font-size: 14pt;\">Este n\u00famero de <em>Haaretz<\/em> habla, por supuesto, de la destrucci\u00f3n del hospital Kamal Adwan en Beit Lahia, justo al norte de Gaza. Poco despu\u00e9s, este rudimentario hospital, el pen\u00faltimo de esta parte de la Franja, tambi\u00e9n fue mencionado en un debate del canal LCI, el menos despreciable de los canales franceses de noticias. David Pujadas y sus invitados intentan distinguir lo verdadero de lo falso en este asunto. Porque lo que viene de Gaza est\u00e1 bajo el control de Ham\u00e1s, ya que el territorio est\u00e1 cerrado a los periodistas. \u00bfY no ser\u00edan terroristas los pacientes a los que se ve salir con los brazos en alto? \u00bfY el m\u00e9dico jefe hecho prisionero, el doctor Hossam Abu Safiya, que ten\u00eda un cargo en Ham\u00e1s, no es otro terrorista? Por otro lado, est\u00e1 la descripci\u00f3n que hace Haaretz del asalto al hospital. Pero cuidao, este peri\u00f3dico es la oposici\u00f3n, es la izquierda\u2026<\/span><\/p>\n<p style=\"text-align: justify;\"><span style=\"font-size: 14pt;\"><em>Haaretz<\/em> es muy citado en el mundo (la prueba&#8230;), pero en Israel es una voz d\u00e9bil: 5% de la audiencia. Gran parte del resto de los medios de comunicaci\u00f3n se alinean con la ret\u00f3rica de la venganza y la guerra total desde el 7 de octubre de hace 2 a\u00f1os: los pacientes de Kamal Adwan son terroristas, el m\u00e9dico es un combatiente. En este paisaje, <em>Haaretz<\/em> es un tenue faro de \u00e9tica antibelicista. La \u00e9tica&#8230;<\/span><\/p>\n<p style=\"text-align: justify;\"><span style=\"font-size: 14pt;\">Esto es tambi\u00e9n lo que escribe <em>Haaretz<\/em> todos los d\u00edas. Pero frente a esta d\u00e9bil voz, est\u00e1 la realidad del poder sin parang\u00f3n del ej\u00e9rcito de Israel, alimentado sin cesar por sus aliados occidentales, de la victoria total y la obliteraci\u00f3n de Jeric\u00f3, de Palestina. El peri\u00f3dico acaba de revelar que est\u00e1 a punto de alcanzarse un acuerdo con Arabia Saud\u00ed para un arreglo regional cuyas migajas para los palestinos, si es que alguna vez obtienen alguna, no ser\u00e1n m\u00e1s que la humillaci\u00f3n de <em>sus<\/em> aspiraciones. La lucha de Haaretz se ver\u00e1 entonces como lo que es: heroica, tr\u00e1gica, perdida.<\/span><\/p>\n<p style=\"text-align: justify;\"><span style=\"font-size: 14pt;\">Gran parte del resto de los medios de comunicaci\u00f3n se alinean con la ret\u00f3rica de la venganza y la guerra total.<\/span><\/p>\n<h2 style=\"text-align: justify;\"><span style=\"font-size: 14pt;\">Alain Campiotti, <a href=\"https:\/\/archive.vn\/XvgIv\">Le Temps<\/a>, 13 de enero de 2025<\/span><\/h2>\n<h2 style=\"text-align: justify;\"><span style=\"font-size: 14pt;\">Traducido por <a href=\"https:\/\/tlaxcala-int.blogspot.com\/search\/label\/Michel%20Mujica\">Michel Mujica<\/a><\/span><\/h2>\n<h2><span style=\"font-size: 14pt;\">Fuente: <a href=\"http:\/\/Alain Campiotti, Le Temps, 13-1-2025 Traducido por Michel Mujica\">Tlaxcala<\/a>, 8 de febrero de 2025<\/span><\/h2>\n<h2><span style=\"font-size: 14pt;\">Editado por <\/span><a href=\"https:\/\/www.lapluma.net\/nosotros\/editora\/\"><span style=\"font-size: 14pt;\">Mar\u00eda Piedad Ossaba<\/span><\/a><\/h2>\n<p>&nbsp;<\/p>\n","protected":false},"excerpt":{"rendered":"<p>El peri\u00f3dico acaba de revelar que est\u00e1 a punto de alcanzarse un acuerdo con Arabia Saud\u00ed para un arreglo regional cuyas migajas para los palestinos, si es que alguna vez obtienen alguna, no ser\u00e1n m\u00e1s que la humillaci\u00f3n de sus aspiraciones. La lucha de Haaretz se ver\u00e1 entonces como lo que es: heroica, tr\u00e1gica, perdida. Gran parte del resto de los medios de comunicaci\u00f3n se alinean con la ret\u00f3rica de la venganza y la guerra total.<\/p>\n","protected":false},"author":1579,"featured_media":75886,"comment_status":"open","ping_status":"open","sticky":false,"template":"","format":"standard","meta":{"_uf_show_specific_survey":0,"_uf_disable_surveys":false,"footnotes":""},"categories":[5,218],"tags":[28936,487],"coauthors":[28935],"class_list":["post-75881","post","type-post","status-publish","format-standard","has-post-thumbnail","hentry","category-editoriales-y-opiniones","category-monde","tag-alain-campiotti","tag-gideon-levy"],"translation":{"provider":"WPGlobus","version":"2.12.2","language":"fr","enabled_languages":["es","fr"],"languages":{"es":{"title":true,"content":true,"excerpt":true},"fr":{"title":false,"content":false,"excerpt":false}}},"_links":{"self":[{"href":"https:\/\/www.lapluma.net\/fr\/wp-json\/wp\/v2\/posts\/75881","targetHints":{"allow":["GET"]}}],"collection":[{"href":"https:\/\/www.lapluma.net\/fr\/wp-json\/wp\/v2\/posts"}],"about":[{"href":"https:\/\/www.lapluma.net\/fr\/wp-json\/wp\/v2\/types\/post"}],"author":[{"embeddable":true,"href":"https:\/\/www.lapluma.net\/fr\/wp-json\/wp\/v2\/users\/1579"}],"replies":[{"embeddable":true,"href":"https:\/\/www.lapluma.net\/fr\/wp-json\/wp\/v2\/comments?post=75881"}],"version-history":[{"count":7,"href":"https:\/\/www.lapluma.net\/fr\/wp-json\/wp\/v2\/posts\/75881\/revisions"}],"predecessor-version":[{"id":75891,"href":"https:\/\/www.lapluma.net\/fr\/wp-json\/wp\/v2\/posts\/75881\/revisions\/75891"}],"wp:featuredmedia":[{"embeddable":true,"href":"https:\/\/www.lapluma.net\/fr\/wp-json\/wp\/v2\/media\/75886"}],"wp:attachment":[{"href":"https:\/\/www.lapluma.net\/fr\/wp-json\/wp\/v2\/media?parent=75881"}],"wp:term":[{"taxonomy":"category","embeddable":true,"href":"https:\/\/www.lapluma.net\/fr\/wp-json\/wp\/v2\/categories?post=75881"},{"taxonomy":"post_tag","embeddable":true,"href":"https:\/\/www.lapluma.net\/fr\/wp-json\/wp\/v2\/tags?post=75881"},{"taxonomy":"author","embeddable":true,"href":"https:\/\/www.lapluma.net\/fr\/wp-json\/wp\/v2\/coauthors?post=75881"}],"curies":[{"name":"wp","href":"https:\/\/api.w.org\/{rel}","templated":true}]}}