{"id":75690,"date":"2025-02-03T12:00:57","date_gmt":"2025-02-03T12:00:57","guid":{"rendered":"https:\/\/www.lapluma.net\/?p=75690"},"modified":"2025-02-03T15:33:34","modified_gmt":"2025-02-03T15:33:34","slug":"75690","status":"publish","type":"post","link":"https:\/\/www.lapluma.net\/fr\/2025\/02\/03\/75690\/","title":{"rendered":"Cacer\u00eda de migrantes"},"content":{"rendered":"<p style=\"text-align: justify; padding-left: 40px;\"><span style=\"color: #000000;\"><em><span style=\"font-size: 14pt;\"><strong>Desde el principio de los tiempos, la migraci\u00f3n ha sido una ley natural. Migran los gases, migran los l\u00edquidos, migran los s\u00f3lidos, migran los microorganismos, migran los animales, migran los b\u00edpedos. Con la migraci\u00f3n de elementos c\u00f3smicos se formaron los planetas. Con la migraci\u00f3n de primitivos africanos hacia otros continentes se pobl\u00f3 la tierra. Sin migraci\u00f3n no hubieran surgido nuevos componentes fisicoqu\u00edmicos, nuevos materiales, nuevas comunidades, nuevas promesas.<\/strong> <\/span><\/em><\/span><\/p>\n<p style=\"text-align: justify;\"><span style=\"font-size: 14pt; color: #000000;\">Migran las aves, migran card\u00famenes de peces, migran las ballenas jorobadas. Ni los cielos ni las aguas de los oc\u00e9anos les ponen barreras.<\/span><\/p>\n<p style=\"text-align: justify;\"><span style=\"font-size: 14pt; color: #000000;\">Pero en tierra, la migraci\u00f3n es otro cuento. Miles de especies animales se extinguieron por no poder migrar. Miles de africanos se ahogaron en el Mediterr\u00e1neo tratando de alcanzar las costas de Europa. Las costumbres y leyes humanas alteraron las migraciones. Y \u00a1a qu\u00e9 precio! La migraci\u00f3n ya no es un derecho universal. Los migrantes son considerados peligrosos, ilegales y delincuentes. El presidente Donald Trump expulsa de su ancestral tierra a los mexicanos ignorando que nadie es ilegal en tierras robadas. Los migrantes colombianos deportados fueron retenidos durante 6 d\u00edas, les dieron comida adulterada, los gritaron, les quitaron sus pertenencias, fueron esposados incluidos los ni\u00f1os, algunos fueron golpeados, fueron tratados como peligrosos narcotraficantes. Luego se comprob\u00f3 que ninguno ten\u00eda antecedentes judiciales.<\/span><\/p>\n<p style=\"text-align: justify;\"><span style=\"font-size: 14pt; color: #000000;\">El racismo supremacista nunca se fue de la tierra. No desapareci\u00f3 de la Grecia ni Roma antiguas que agradec\u00edan a la fortuna por ser griegos-romanos y no b\u00e1rbaros. No fue derrotado con la ca\u00edda de Hitler quien extermin\u00f3 a 6 millones de jud\u00edos. El racismo supremacista est\u00e1 reinando hoy en Estados Unidos. Los fascismos han necesitado siempre un enemigo imaginario. Para Hitler \u2013ayer-, fueron los jud\u00edos, los gitanos, los comunistas y socialistas. Para Trump \u2013hoy-, son los migrantes latinos y los del Tercer Mundo, los homosexuales, los progresistas.<\/span><\/p>\n<p><img loading=\"lazy\" decoding=\"async\" class=\"aligncenter\" src=\"https:\/\/blogger.googleusercontent.com\/img\/b\/R29vZ2xl\/AVvXsEg7qgggMvc7Fc3zFVel6sJ9mLFq8wySR6jicrKCZhc6jBvr-HGpWEl6wL3kwvaNSdh8UWtvF-hSsQOsu0K0ZsqspI28Yov7sF-0vs5kbw3rhpKKKLeR2fhp_LbFw7j-HyDiGgzoAOwaV74QooBbp0p_9GGUlnTiG29QgMxMgtnVVw34tPR-fECPimODuRhb\/w640-h426\/Caution%20prohibido.jpeg\" width=\"640\" height=\"426\" border=\"0\" data-original-height=\"183\" data-original-width=\"275\" \/><\/p>\n<p style=\"text-align: justify;\"><span style=\"font-size: 14pt; color: #000000;\">El Presidente Gustavo Petro no est\u00e1 \u201ccazando peleas\u201d como dice el peri\u00f3dico empresarial \u201cEl Colombiano\u201d, sino ense\u00f1ando historia y dignidad. Explica c\u00f3mo en 1933 empez\u00f3 en Alemania una persecuci\u00f3n a grupos humanos, similar a la que se est\u00e1 desarrollando hoy en Estados Unidos e Israel. Nos compete, ahora, no permitir escalar esta persecuci\u00f3n a una humillaci\u00f3n, sometimiento, prisi\u00f3n, guetos, masacres y hornos crematorios como sucedi\u00f3 en la arremetida alemana contra sus inermes \u201cenemigos\u201d. Nos compete repudiar y gritar con toda nuestra sangre en las venas el abyecto genocidio del pueblo palestino.<\/span><\/p>\n<p><img loading=\"lazy\" decoding=\"async\" class=\"aligncenter\" src=\"https:\/\/blogger.googleusercontent.com\/img\/b\/R29vZ2xl\/AVvXsEh2anrrFu1aG9urNvv7Hs2Tb80OFDdgYvEqtfYEnGVN6L2rajdVEnu7c-qGVsoFXCgkBDJYE5X-Cg1fa929OG7vPwtpaVBfs-afL90403TNy7uWs_f0Cu_H0r3Km3Z-QOgaKvu_RPaRrw2kurIHwxEwtLZZJcN-9hMDCZhiY0eBjfSk5gHI7geygZO5tsRh\/w640-h458\/Petro-contra-Trump.png\" width=\"640\" height=\"458\" border=\"0\" data-original-height=\"1099\" data-original-width=\"1536\" \/><\/p>\n<p style=\"text-align: justify;\"><span style=\"font-size: 14pt; color: #000000;\">Es decir, la negativa del presidente Petro de recibir aviones militares con migrantes deportados esposados y maltratados va mucho m\u00e1s all\u00e1 de ser un gesto de dignidad que involucra los valores de la libertad, la igualdad, la solidaridad y la seguridad jur\u00eddica. Es, ante todo, un rechazo a la manifestaci\u00f3n colonialista y totalitaria de un pa\u00eds poderoso es una alerta al mundo civilizado sobre lo que est\u00e1 ocurriendo en el planeta. Un nuevo fascismo germina en los Estados Unidos, radicalmente corporativo y plut\u00f3crata, radicalmente nacionalista. El Estado al servicio y dirigido por multimillonarios, Ceos, due\u00f1os de grandes empresas productivas y tecnol\u00f3gicas. Trump, empresario hotelero e inmobiliario, inversiones en casinos. Elon Musk, el hombre m\u00e1s rico del mundo seg\u00fan Forbes (US 400.000 millones), fabricante aeroespacial y de veh\u00edculos el\u00e9ctricos Tesla, due\u00f1o de Twitter X. Mark Zuckerberg, empresario fundador de Facebook. Jeff Bezos, magnate, ex director de Amazon \u2013venta de productos en l\u00ednea-. Sundar Pichai, director ejecutivo, l\u00edder de Google, Gmail y Google Maps.<\/span><\/p>\n<p style=\"text-align: justify;\"><span style=\"font-size: 14pt; color: #000000;\">Proyecto Nacionalista-aislacionista porque considera a los trabajadores migrantes indocumentados como inferiores y amenazas, cuando realmente son constructores del bienestar de ese pa\u00eds. Los migrantes ingleses, irlandeses, holandeses, africanos y latinos hicieron grande a los Estados Unidos. Nacionalista porque cree que decretando aranceles comerciales al resto del mundo vuelve a ser una Am\u00e9rica Grande. Cree que acusando a los pa\u00edses vecinos (M\u00e9xico y Canad\u00e1) del ingreso de fentanilo, metanfetamina y coca\u00edna por sus fronteras, va a desaparecer la demanda y consumo creciente de estos alucin\u00f3genos en su sociedad angustiada<\/span><\/p>\n<p style=\"text-align: justify;\"><span style=\"font-size: 14pt; color: #000000;\">Una humanidad sin migraci\u00f3n es una humanidad fallida, fracasada, vulnerable, confinada, sin horizonte. La migraci\u00f3n transport\u00f3 las culturas diversas a todos los rincones, las mezcl\u00f3 y origin\u00f3 los sincretismos y mestizajes que enriquecieron el esp\u00edritu humano. Una humanidad que se separa con muros, ideolog\u00edas y protocolos est\u00e1 condenada al colapso y el sufrimiento.<\/span><\/p>\n<p style=\"text-align: justify;\"><span style=\"font-size: 14pt; color: #000000;\">El fascismo actual es marcadamente empresarial. Cuando el capitalismo entra en su fase superior, se agotan recursos energ\u00e9ticos y minerales, hay dificultades en la extracci\u00f3n de materias primas y se vuelve dif\u00edcil encontrar producciones con elevadas tasas de retorno, obtenci\u00f3n de plusval\u00edas y rentas especulativas. Entonces, el fascismo que es inherente al capitalismo se vuelve netamente empresarial-monopolista, esto significa que profundiza la acumulaci\u00f3n originaria, se apropia de tierras ricas en recursos, expulsa poblaciones de sus fuentes de subsistencia y de sus h\u00e1bitats (Gaza). Todo esto acompa\u00f1ado de persecuci\u00f3n y violencia contra supuestos \u201cenemigos\u201d de su gesti\u00f3n.<\/span><\/p>\n<p style=\"text-align: justify;\"><span style=\"font-size: 14pt; color: #000000;\">El presidente Petro, con su respuesta erguida al enajenado naranja est\u00e1 defendiendo la vida, la dignidad, los derechos humanos de los perseguidos que hoy son los migrantes, ma\u00f1ana seremos todos. Pero, sobre todo, est\u00e1 oponi\u00e9ndose al fascismo internacional liderado por Estados Unidos e Israel. Siempre, estos pa\u00edses y sus sat\u00e9lites han actuado contra la equidad, la soberan\u00eda y autodeterminaci\u00f3n de los pueblos. Siempre han amenazado la paz, la concordia, la fraternidad, la vida.<\/span><\/p>\n<p style=\"text-align: justify;\"><span style=\"font-size: 14pt; color: #000000;\">Cuando est\u00e1 en juego el respeto a la dignidad humana y el derecho a la vida y la conservaci\u00f3n de la paz mundial se tienen que poner mensajes en X, en Facebook, en Instagram, en Telegram, a cualquier hora de la madrugada, en cualquier d\u00eda. Un acto de irresponsabilidad y sumisi\u00f3n ser\u00eda no hacerlo. El coloso con pies de barro y manos llenas de misiles espera arrodillamiento, miedo, cobard\u00eda en sus despreciados. Cuando lo consigue r\u00ede sarc\u00e1sticamente en su trono. Por eso, la libertad, la dignidad y el enfrentar el naciofascismo, no tiene horario ni calendario, como ocurre en el amor.<\/span><\/p>\n<p><span style=\"font-size: 14pt; color: #000000;\">Tigrillo L. Anudo, 2-2-2025<\/span><br \/>\n<span style=\"font-size: 14pt;\"><span style=\"color: #000000;\">Fuente<\/span> <a href=\"https:\/\/tlaxcala-int.blogspot.com\/2025\/02\/tigrillo-l-anudo-caceria-de-migrantes.html\">Tlaxcala<\/a><\/span><\/p>\n<p style=\"text-align: center;\"><iframe loading=\"lazy\" title=\"3 de febrero de 2025, un #d\u00edasininmigrantes\" src=\"https:\/\/www.youtube.com\/embed\/hD1gqH6t0DI\" width=\"338\" height=\"600\" frameborder=\"0\" allowfullscreen=\"allowfullscreen\"><\/iframe><\/p>\n","protected":false},"excerpt":{"rendered":"<p>La negativa del presidente Petro de recibir aviones militares con migrantes deportados esposados y maltratados va mucho m\u00e1s all\u00e1 de ser un gesto de dignidad que involucra los valores de la libertad, la igualdad, la solidaridad y la seguridad jur\u00eddica. Es, ante todo, un rechazo a la manifestaci\u00f3n colonialista y totalitaria de un pa\u00eds poderoso es una alerta al mundo civilizado sobre lo que est\u00e1 ocurriendo en el planeta.<\/p>\n","protected":false},"author":1571,"featured_media":75702,"comment_status":"open","ping_status":"open","sticky":false,"template":"","format":"standard","meta":{"_uf_show_specific_survey":0,"_uf_disable_surveys":false,"footnotes":""},"categories":[216,16,218],"tags":[28885,3011,28768,198],"coauthors":[28764],"class_list":["post-75690","post","type-post","status-publish","format-standard","has-post-thumbnail","hentry","category-colombia","category-deplacement-force","category-monde","tag-deportaciones-de-migrantes","tag-imperialismo-yanqui","tag-tigrillo-l-anudo","tag-trump"],"translation":{"provider":"WPGlobus","version":"2.12.2","language":"fr","enabled_languages":["es","fr"],"languages":{"es":{"title":true,"content":true,"excerpt":true},"fr":{"title":false,"content":false,"excerpt":false}}},"_links":{"self":[{"href":"https:\/\/www.lapluma.net\/fr\/wp-json\/wp\/v2\/posts\/75690","targetHints":{"allow":["GET"]}}],"collection":[{"href":"https:\/\/www.lapluma.net\/fr\/wp-json\/wp\/v2\/posts"}],"about":[{"href":"https:\/\/www.lapluma.net\/fr\/wp-json\/wp\/v2\/types\/post"}],"author":[{"embeddable":true,"href":"https:\/\/www.lapluma.net\/fr\/wp-json\/wp\/v2\/users\/1571"}],"replies":[{"embeddable":true,"href":"https:\/\/www.lapluma.net\/fr\/wp-json\/wp\/v2\/comments?post=75690"}],"version-history":[{"count":10,"href":"https:\/\/www.lapluma.net\/fr\/wp-json\/wp\/v2\/posts\/75690\/revisions"}],"predecessor-version":[{"id":75692,"href":"https:\/\/www.lapluma.net\/fr\/wp-json\/wp\/v2\/posts\/75690\/revisions\/75692"}],"wp:featuredmedia":[{"embeddable":true,"href":"https:\/\/www.lapluma.net\/fr\/wp-json\/wp\/v2\/media\/75702"}],"wp:attachment":[{"href":"https:\/\/www.lapluma.net\/fr\/wp-json\/wp\/v2\/media?parent=75690"}],"wp:term":[{"taxonomy":"category","embeddable":true,"href":"https:\/\/www.lapluma.net\/fr\/wp-json\/wp\/v2\/categories?post=75690"},{"taxonomy":"post_tag","embeddable":true,"href":"https:\/\/www.lapluma.net\/fr\/wp-json\/wp\/v2\/tags?post=75690"},{"taxonomy":"author","embeddable":true,"href":"https:\/\/www.lapluma.net\/fr\/wp-json\/wp\/v2\/coauthors?post=75690"}],"curies":[{"name":"wp","href":"https:\/\/api.w.org\/{rel}","templated":true}]}}