{"id":75462,"date":"2025-01-25T14:48:30","date_gmt":"2025-01-25T14:48:30","guid":{"rendered":"https:\/\/www.lapluma.net\/?p=75462"},"modified":"2025-01-27T13:21:29","modified_gmt":"2025-01-27T13:21:29","slug":"75462","status":"publish","type":"post","link":"https:\/\/www.lapluma.net\/fr\/2025\/01\/25\/75462\/","title":{"rendered":"\u00c1rtico: \u00bfpodr\u00e1 la paz perdurar a pesar de Trump?"},"content":{"rendered":"<p style=\"text-align: justify;\"><span style=\"font-size: 14pt;\">Hasta hace alg\u00fan tiempo, poco y nada se sab\u00eda, y mucho menos se hablaba del Oc\u00e9ano Glaciar \u00c1rtico. Se relacionaba con una masa compacta e inexpugnable de hielo cercana al Polo Norte en la que pueblos pac\u00edficos desarrollaban su vida en comuni\u00f3n con la naturaleza y cient\u00edficos de todo el mundo desarrollaban investigaciones. Todo ello se ha visto alterado y lo que es peor, algunas potencias planetarias han fijado sus ojos en la regi\u00f3n con fines militares.<\/span><\/p>\n<p style=\"text-align: justify;\"><span style=\"font-size: 14pt;\">Se considera como territorio \u00e1rtico a aquel que medido desde el Polo Norte hasta el C\u00edrculo Polar \u00c1rtico (latitud 67\u00b0 al norte del Ecuador), se extiende a lo largo de unos\u00a020 millones de kil\u00f3metros cuadrados\u00a0de superficie mar\u00edtima y terrestre, de los cuales 15,5 millones corresponden al Oc\u00e9ano \u00c1rtico.<\/span><\/p>\n<p style=\"text-align: justify;\"><span style=\"font-size: 14pt;\">Los hielos \u201ceternos\u201d del pasado han comenzado a desaparecer tras el avance aparentemente indetenible del cambio clim\u00e1tico que ha abierto el acceso a recursos minerales desconocidos hasta ahora, al tiempo que se comienza a vislumbrar la posibilidad de establecer el tr\u00e1nsito mar\u00edtimo por una v\u00eda que se anunciaba \u2013 solo unos a\u00f1os atr\u00e1s- como de complejidad extrema para la navegaci\u00f3n.\u00a0<\/span><\/p>\n<p style=\"text-align: justify;\"><span style=\"font-size: 14pt;\">En cuanto a recursos, vale establecer que actualmente el 90% de la producci\u00f3n de gas y el 60% de la de petr\u00f3leo de Rusia se producen en el \u00c1rtico. La regi\u00f3n tiene un extraordinario 60% de las reservas de gas y petr\u00f3leo de Rusia. As\u00ed mismo, es rica en carb\u00f3n, diamantes, oro, n\u00edquel, cobalto, cobre, paladio, platino, zinc y tierras raras.<\/span><\/p>\n<p style=\"text-align: justify;\"><span style=\"font-size: 14pt;\">En otro \u00e1mbito, la navegaci\u00f3n por el \u00c1rtico acorta en gran medida la ruta comercial de China y de Asia\u00a0 con Europa y ofrece una alternativa al canal de Suez y el Estrecho de la Malaca, que podr\u00edan ser bloqueados por una fuerza naval estadounidense en caso de desatarse un conflicto global.<\/span><\/p>\n<p style=\"text-align: justify;\"><span style=\"font-size: 14pt;\">Rusia considera que el \u00c1rtico es una v\u00eda navegable interna, lo cual plantea un problema no tanto por su utilizaci\u00f3n como v\u00eda comercial, sino que, ante una eventual apertura, Estados Unidos y la OTAN podr\u00edan asumir que sus barcos de guerra pueden transitar libremente por un territorio que es de soberan\u00eda absoluta de Rusia, lo cual ha generado controversias en el marco del derecho mar\u00edtimo, toda vez que, amparados en la Convenci\u00f3n de las Naciones Unidas sobre el Derecho del Mar, \u00a0incluso pa\u00edses como Alemania, Jap\u00f3n y Corea del Sur, que realizan un intenso tr\u00e1fico mar\u00edtimo comercial, reclaman el derecho de paso internacional.<\/span><\/p>\n<p style=\"text-align: justify;\"><span style=\"font-size: 14pt;\">Mosc\u00fa ha hecho transitable la v\u00eda gracias a su flota de 40 rompehielos, incluidos cuatro de propulsi\u00f3n nuclear y una nueva serie prevista. Adem\u00e1s, se ha propuesto desarrollar la regi\u00f3n como zona tur\u00edstica y ha planeado construir\u00a0 en ella nuevas ciudades, puertos, aeropuertos y desarrollar polos cient\u00edficos e inform\u00e1ticos.<\/span><\/p>\n<p style=\"text-align: justify;\"><span style=\"font-size: 14pt;\">En el caso de China, aunque \u00a0no es un Estado \u00e1rtico, ha manifestado algunas reivindicaciones en el marco de las leyes internacionales respecto de sus pretensiones en la regi\u00f3n. En ese marco reclama derechos relacionados con la investigaci\u00f3n cient\u00edfica, la navegaci\u00f3n, el sobrevuelo, la pesca, el tendido de cables submarinos y tuber\u00edas en altamar y otras \u00e1reas mar\u00edtimas relevantes en el Oc\u00e9ano \u00c1rtico, y derechos a la exploraci\u00f3n y explotaci\u00f3n de recursos en la zona. En la b\u00fasqueda de consolidar la v\u00eda como ruta alternativa, en 2012, un rompehielos chino realiz\u00f3 un tr\u00e1nsito completo a trav\u00e9s del \u00c1rtico hasta Islandia.<\/span><\/p>\n<p style=\"text-align: justify;\"><span style=\"font-size: 14pt;\">En el entorno del \u00c1rtico existen territorios soberanos de Rusia, Estados Unidos (Alaska), Canad\u00e1, Dinamarca (Groenlandia), Noruega e Islandia. Algunos de estos pa\u00edses reclaman una parte del territorio de esta regi\u00f3n: Estados Unidos (10%), Canad\u00e1 (25%), Dinamarca (20%), Rusia (50%) y Noruega (5%).<\/span><\/p>\n<p style=\"text-align: justify;\"><span style=\"font-size: 14pt;\">M\u00e1s recientemente, el presidente de Estados Unidos Donald Trump ha fijado su mirada en la zona y ha manifestado su deseo de apropiarse de Groenlandia (la isla m\u00e1s grande del mundo) hoy bajo dominio colonial de Dinamarca. Sumado a ello, Trump\u00a0 ha revelado su deseo de hacerse de otro importante territorio \u00e1rtico cuando ha dicho que Canad\u00e1 deber\u00eda incorporarse a Estados Unidos.\u00a0 De esta manera, ha puesto presi\u00f3n sobre dos\u00a0 de sus aliados\u00a0 m\u00e1s cercanos, ambos socios en la OTAN.<\/span><\/p>\n<p style=\"text-align: justify;\"><span style=\"font-size: 14pt;\">La relevancia del \u00c1rtico como asunto de seguridad global no es nueva, toda vez que los pa\u00edses que tienen territorio sobre sus costas han tratado de preservar su presencia en \u00e9l, pero ha sido en fechas m\u00e1s cercanas cuando ha cobrado una inusual notabilidad estableci\u00e9ndose una rivalidad estrat\u00e9gica nunca antes vista. Por un lado, Rusia y China y por el otro, Estados Unidos y la OTAN.<\/span><\/p>\n<p style=\"text-align: justify;\"><span style=\"font-size: 14pt;\">Estados Unidos ha instalado radares de largo alcance en Alaska a partir de la hip\u00f3tesis de que un conflicto en la regi\u00f3n podr\u00eda tener incidencia en otros escenarios. Seg\u00fan Christopher Rierson, capit\u00e1n del Comando de Operaciones Especiales Norte de Estados Unidos, una deliberada ausencia en el \u00c1rtico podr\u00eda afectar a su pa\u00eds \u201cpor la interrupci\u00f3n de la infraestructura de proyecci\u00f3n de poder, lo que podr\u00eda comprometer el despliegue de capacidades avanzadas en el Indo-Pac\u00edfico y otros escenarios\u00bb. Por ello, Washington planea ampliar su base a\u00e9rea de Thule en Groenlandia, que alberga a la Fuerza Espacial de Estados Unidos y una red global de sensores de advertencia de misiles.<\/span><\/p>\n<p style=\"text-align: justify;\"><span style=\"font-size: 14pt;\">En esa medida, la presencia militar de Estados Unidos ha ido creciendo aceleradamente. En febrero de 2023 realiz\u00f3 durante un mes los <a href=\"https:\/\/www.eucom.mil\/pressrelease\/42277\/us-forces-in-europe-to-take-part-in-exercise-arctic-forge\">ejercicios militares Arctic Forge 23, Defense Exercise North y Joint Viking \u00a0en el \u00c1rtico<\/a>. Estas pr\u00e1cticas b\u00e9licas poco publicitadas fueron en conjunto con Finlandia y Noruega con el objetivo de \u201cdemostrar preparaci\u00f3n mediante el despliegue de una fuerza cre\u00edble en combate para aumentar el poder en el flanco norte de la OTAN\u201d seg\u00fan la informaci\u00f3n entregada por el Comando Europeo del Departamento de Defensa de Estados Unidos. Participaron miembros de las fuerzas armadas de Estados Unidos, Reino Unido, Alemania, Pa\u00edses Bajos, Dinamarca, Finlandia y Noruega.<\/span><\/p>\n<p style=\"text-align: justify;\"><span style=\"font-size: 14pt;\">En este contexto Robert O\u00b4Brien quien fuera Consejero de Seguridad nacional durante el primer gobierno de Donald Trump afirm\u00f3 que Groenlandia es \u00abuna autopista desde el \u00c1rtico hasta Am\u00e9rica del Norte\u00bb, y agreg\u00f3 que \u00a0el \u00c1rtico \u00abva a ser\u00a0el campo de batalla cr\u00edtico del futuro\u00a0porque a medida que el clima se calienta, el \u00c1rtico va a ser una v\u00eda que tal vez incluso reduzca el uso del canal de Panam\u00e1\u00bb. Tal vez, sea este el hilo conductor entre dos temas a los que Trump le ha dado gran relevancia al afinar sus prioridades de pol\u00edtica exterior.\u00a0<\/span><\/p>\n<p style=\"text-align: justify;\"><span style=\"font-size: 14pt;\">Por su parte, la presencia de Rusia en el \u00c1rtico es trascendente toda vez que su frontera norte yace sobre su territorio. Eso la ha llevado a modernizar sus bases militares, mejorar su flota de submarinos y ampliar como ning\u00fan otro pa\u00eds su flota de rompehielos. Las inversiones rusas y chinas en la regi\u00f3n tambi\u00e9n han crecido.<\/span><\/p>\n<p style=\"text-align: justify;\"><span style=\"font-size: 14pt;\">En otro \u00e1mbito, este territorio no ha estado exento de disputas territoriales, no solo entre los pa\u00edses que poseen espacios terrestres o mar\u00edtimos sobre el \u00c1rtico y que han reivindicado soberan\u00eda sobre partes del mismo. Otros, como Suecia, Finlandia y China que no la tienen, han entrado en una controversia que apunta a la dif\u00edcil tarea de definir l\u00edmites de la plataforma continental y delimitar\u00a0 los espacios mar\u00edtimos.<\/span><\/p>\n<p><img loading=\"lazy\" decoding=\"async\" class=\" wp-image-75467 aligncenter\" src=\"https:\/\/www.lapluma.net\/wp-content\/uploads\/2025\/01\/artico-300x281.jpg\" alt=\"\" width=\"526\" height=\"493\" srcset=\"https:\/\/www.lapluma.net\/wp-content\/uploads\/2025\/01\/artico-300x281.jpg 300w, https:\/\/www.lapluma.net\/wp-content\/uploads\/2025\/01\/artico-768x719.jpg 768w, https:\/\/www.lapluma.net\/wp-content\/uploads\/2025\/01\/artico.jpg 800w\" sizes=\"auto, (max-width: 526px) 100vw, 526px\" \/><\/p>\n<p style=\"text-align: justify;\"><span style=\"font-size: 14pt;\">Un tratado firmado en Par\u00eds en 1920 estableci\u00f3 soberan\u00eda de cinco pa\u00edses sobre la regi\u00f3n: Rusia, Estados Unidos, Dinamarca, Noruega y Canad\u00e1 pero la Convenci\u00f3n de las Naciones Unidas sobre el Derecho del Mar de 1987 cambi\u00f3 los par\u00e1metros sobre los que se \u00a0sustenta el Tratado de Par\u00eds, que no dice nada sobre la divisi\u00f3n sectorial del territorio. Rusia ratific\u00f3 la Convenci\u00f3n en 1997, pero Estados Unidos a\u00fan no lo ha hecho.<\/span><\/p>\n<p style=\"text-align: justify;\"><span style=\"font-size: 14pt;\">En 1996 se cre\u00f3 el Consejo \u00c1rtico\u00a0como espacio intergubernamental en el que se deben discutir los\u00a0 asuntos a los que se enfrentan los gobiernos de los pa\u00edses\u00a0<a href=\"https:\/\/es.wikipedia.org\/wiki\/%C3%81rtico\">\u00e1rticos<\/a>\u00a0y los representantes de pueblos ind\u00edgenas de la regi\u00f3n. En 2022, tras el inicio de la operaci\u00f3n militar especial de Rusia en Ucrania los siete miembros occidentales (Noruega, Canad\u00e1, Dinamarca, Finlandia, Islandia, Suecia y Estados Unidos) decidieron comenzar a funcionar sin Rusia. Esta disposici\u00f3n elimin\u00f3 cualquier posibilidad de cooperaci\u00f3n\u00a0 en el \u00e1rea.<\/span><\/p>\n<p style=\"text-align: justify;\"><span style=\"font-size: 14pt;\">Estados Unidos ha decidido incrementar su presencia militar y tambi\u00e9n diplom\u00e1tica en la zona creando el puesto de \u201cEmbajador en misi\u00f3n especial para la regi\u00f3n del \u00c1rtico\u201d, adem\u00e1s comenz\u00f3 a desarrollar Fuerzas de Operaciones Especiales de su Ej\u00e9rcito para el \u00c1rtico.<\/span><\/p>\n<p style=\"text-align: justify;\"><span style=\"font-size: 14pt;\">En particular se debe considerar la situaci\u00f3n de los pueblos originarios de la regi\u00f3n: los inuit (llamados com\u00fanmente esquimales) que viven en Alaska , Groenlandia y Canad\u00e1 (una poblaci\u00f3n total de 180.000 personas) y los sami que tienen su h\u00e1bitat\u00a0 en los otros pa\u00edses (20.000 en Suecia, 50.000 en Noruega, 8.000 en Finlandia y 2.000 en Rusia).\u00a0 Al parecer todo debate sobre la regi\u00f3n, obvia consultarlos a ellos que son los verdaderos due\u00f1os del territorio.<\/span><\/p>\n<p style=\"text-align: justify;\"><span style=\"font-size: 14pt;\">Ambos pueblos tienen una organizaci\u00f3n que rebasa los Estados nacionales coordinando acciones en funci\u00f3n de su identidad y de intereses comunes. Los sami poseen un concejo compuesto por tres parlamentos que representan a los pueblos ind\u00edgenas de Suecia, Noruega y Finlandia. Los samis rusos est\u00e1n representados por ONG pero se han dividido en cuanto a su apoyo a la operaci\u00f3n militar rusa en Ucrania, una vez que, los que apoyaban a Mosc\u00fa\u00a0 fueron excluidos de la instancia.<\/span><\/p>\n<p style=\"text-align: justify;\"><span style=\"font-size: 14pt;\">En t\u00e9rminos geopol\u00edticos, la reciente cercan\u00eda de Rusia y China plantea preocupaciones a Estados Unidos y a Occidente en general. Sin poder dejar de considerar que la frontera norte de Rusia ocupa m\u00e1s de la mitad de la costa del oc\u00e9ano, la alianza con Beijing le ofrece al gigante asi\u00e1tico\u00a0 una ruta mar\u00edtima para su comercio con Europa. En una dimensi\u00f3n menor, se han visto \u2013 m\u00e1s all\u00e1 de otras consecuencias- las repercusiones para la econom\u00eda europea del cierre del espacio a\u00e9reo ruso para naves de pa\u00edses del Viejo Continente en represalia a igual medida tomada por Europa. Una decisi\u00f3n similar\u00a0 en las v\u00edas mar\u00edtimas, acarrear\u00eda grandes da\u00f1os econ\u00f3micos a Europa.<\/span><\/p>\n<p style=\"text-align: justify;\"><span style=\"font-size: 14pt;\">En resumen, la situaci\u00f3n en el \u00c1rtico se ha tornado altamente explosiva, sobre todo por la intenci\u00f3n del nuevo presidente de Estados Unidos de incursionar en la regi\u00f3n por la fuerza. Tras la incorporaci\u00f3n de Finlandia y Suecia a la OTAN, Rusia debe enfrentar la expansi\u00f3n de esta organizaci\u00f3n guerrerista tambi\u00e9n en esta regi\u00f3n trascendente para sus intereses geopol\u00edticos estrat\u00e9gicos.<\/span><\/p>\n<p style=\"text-align: justify;\"><span style=\"font-size: 14pt;\">El pret\u00e9rito de tranquilidad y armon\u00eda de la regi\u00f3n tan hermosamente relatado en las dos novelas de Hans Ruesch \u201cEl pa\u00eds de las sombras largas\u201d y \u201cRegreso al pa\u00eds de las sombras largas\u201d, parece no tener cabida en el futuro. La creciente presencia militar y la ambici\u00f3n expansionista de Estados Unidos y la OTAN amenazan con romper el equilibrio cuidadosamente mantenido incluso durante la guerra fr\u00eda. Es de esperar que prime la sensatez (tan escasa y alejada de los escenarios diplom\u00e1ticos de los \u00faltimos tiempos) y el \u00c1rtico pueda seguir siendo un espacio de armon\u00eda para los pueblos de la regi\u00f3n y para todo el mundo.<\/span><\/p>\n<h2 style=\"text-align: justify;\"><span style=\"font-size: 14pt;\">Sergio Rodr\u00edguez Gelfenstein para La Pluma<\/span><\/h2>\n<h2 style=\"text-align: justify;\"><span style=\"font-size: 14pt;\">Editado por <\/span><a href=\"https:\/\/www.lapluma.net\/nosotros\/editora\/\"><span style=\"font-size: 14pt;\">Mar\u00eda Piedad Ossaba<\/span><\/a><\/h2>\n<p style=\"text-align: justify;\">\n","protected":false},"excerpt":{"rendered":"<p>En resumen, la situaci\u00f3n en el \u00c1rtico se ha tornado altamente explosiva, sobre todo por la intenci\u00f3n del nuevo presidente de Estados Unidos de incursionar en la regi\u00f3n por la fuerza. Tras la incorporaci\u00f3n de Finlandia y Suecia a la OTAN, Rusia debe enfrentar la expansi\u00f3n de esta organizaci\u00f3n guerrerista tambi\u00e9n en esta regi\u00f3n trascendente para sus intereses geopol\u00edticos estrat\u00e9gicos.<\/p>\n","protected":false},"author":9,"featured_media":75466,"comment_status":"open","ping_status":"open","sticky":false,"template":"","format":"standard","meta":{"_uf_show_specific_survey":0,"_uf_disable_surveys":false,"footnotes":""},"categories":[5],"tags":[14963,39,198],"coauthors":[266],"class_list":["post-75462","post","type-post","status-publish","format-standard","has-post-thumbnail","hentry","category-editoriales-y-opiniones","tag-artico","tag-sergio-rodriguez-gelfenstein","tag-trump"],"translation":{"provider":"WPGlobus","version":"2.12.2","language":"fr","enabled_languages":["es","fr"],"languages":{"es":{"title":true,"content":true,"excerpt":true},"fr":{"title":false,"content":false,"excerpt":false}}},"_links":{"self":[{"href":"https:\/\/www.lapluma.net\/fr\/wp-json\/wp\/v2\/posts\/75462","targetHints":{"allow":["GET"]}}],"collection":[{"href":"https:\/\/www.lapluma.net\/fr\/wp-json\/wp\/v2\/posts"}],"about":[{"href":"https:\/\/www.lapluma.net\/fr\/wp-json\/wp\/v2\/types\/post"}],"author":[{"embeddable":true,"href":"https:\/\/www.lapluma.net\/fr\/wp-json\/wp\/v2\/users\/9"}],"replies":[{"embeddable":true,"href":"https:\/\/www.lapluma.net\/fr\/wp-json\/wp\/v2\/comments?post=75462"}],"version-history":[{"count":7,"href":"https:\/\/www.lapluma.net\/fr\/wp-json\/wp\/v2\/posts\/75462\/revisions"}],"predecessor-version":[{"id":75524,"href":"https:\/\/www.lapluma.net\/fr\/wp-json\/wp\/v2\/posts\/75462\/revisions\/75524"}],"wp:featuredmedia":[{"embeddable":true,"href":"https:\/\/www.lapluma.net\/fr\/wp-json\/wp\/v2\/media\/75466"}],"wp:attachment":[{"href":"https:\/\/www.lapluma.net\/fr\/wp-json\/wp\/v2\/media?parent=75462"}],"wp:term":[{"taxonomy":"category","embeddable":true,"href":"https:\/\/www.lapluma.net\/fr\/wp-json\/wp\/v2\/categories?post=75462"},{"taxonomy":"post_tag","embeddable":true,"href":"https:\/\/www.lapluma.net\/fr\/wp-json\/wp\/v2\/tags?post=75462"},{"taxonomy":"author","embeddable":true,"href":"https:\/\/www.lapluma.net\/fr\/wp-json\/wp\/v2\/coauthors?post=75462"}],"curies":[{"name":"wp","href":"https:\/\/api.w.org\/{rel}","templated":true}]}}