{"id":75320,"date":"2025-01-21T11:26:38","date_gmt":"2025-01-21T11:26:38","guid":{"rendered":"https:\/\/www.lapluma.net\/?p=75320"},"modified":"2025-01-21T12:38:17","modified_gmt":"2025-01-21T12:38:17","slug":"75320","status":"publish","type":"post","link":"https:\/\/www.lapluma.net\/fr\/2025\/01\/21\/75320\/","title":{"rendered":"\u201cLas cuchas tienen raz\u00f3n\u201d: Lenguaje popular en la lucha cultural en Colombia"},"content":{"rendered":"<p style=\"text-align: justify;\"><span style=\"font-size: 14pt;\">\u201cLas cuchas* tienen raz\u00f3n\u201d gritan los murales en defensa de la memoria hist\u00f3rica en Medell\u00edn, Pasto, Bogot\u00e1, Neiva. Pr\u00f3ximamente en Cali, Manizales, Bucaramanga, Barranquilla y otras ciudades. La lucha cultural que vive el pa\u00eds involucra los lenguajes escrito y hablado, los de las im\u00e1genes, los s\u00edmbolos, las caricaturas, los grafitis, las pintas, los pasacalles, las pancartas, las artes, los murales. Y lo hacen con creatividad, po\u00e9ticamente, musicalmente, l\u00facidamente.<\/span><\/p>\n<div style=\"text-align: justify;\"><span style=\"font-size: 14pt;\">Son lenguajes con mensajes directos, sencillos, coloquiales. No necesitan an\u00e1lisis hermen\u00e9uticos ni semi\u00f3ticos. Son mensajes pol\u00edticos, filos\u00f3ficos, sociol\u00f3gicos. Colombia se politiz\u00f3, todos hablamos de pol\u00edtica todos los d\u00edas, con enga\u00f1os, con verdades, con ideolog\u00eda, con objetividad, con posturas cr\u00edticas. Pero se habla. El pueblo habla como siente y piensa, con sus jergas, sus estilos, c\u00f3digos, rabias y frustraciones. <\/span><\/div>\n<div style=\"text-align: justify;\">\n<p><img loading=\"lazy\" decoding=\"async\" class=\"aligncenter wp-image-75326\" src=\"https:\/\/www.lapluma.net\/wp-content\/uploads\/2025\/01\/Graffitti-las-cuchas-tiene-razon-300x109.jpeg\" alt=\"\" width=\"625\" height=\"227\" srcset=\"https:\/\/www.lapluma.net\/wp-content\/uploads\/2025\/01\/Graffitti-las-cuchas-tiene-razon-300x109.jpeg 300w, https:\/\/www.lapluma.net\/wp-content\/uploads\/2025\/01\/Graffitti-las-cuchas-tiene-razon.jpeg 640w\" sizes=\"auto, (max-width: 625px) 100vw, 625px\" \/><span style=\"font-size: 14pt;\">La lucha cultural de la \u00faltima semana se centr\u00f3 en la reivindicaci\u00f3n de la memoria hist\u00f3rica. La oposici\u00f3n negacionista quiere tapar con escombros y pinturas las oprobiosas masacres y desapariciones no s\u00f3lo de La Escombrera sino de otros lugares del territorio nacional.<\/span><\/p>\n<p><span style=\"font-size: 14pt;\">Colombia necesita que la libertad de expresi\u00f3n sea costumbre porque ella har\u00e1 que la dignidad tambi\u00e9n se vuelva costumbre. Necesitamos levantar a todos nuestros muertos con violencia, sean quienes sean; que sus huesos vuelvan a ser calentados por el sol, que sus ojos se paseen de nuevo en los ojos de sus seres queridos.<\/span><\/p>\n<p><span style=\"font-size: 14pt;\">Colombia es una telara\u00f1a de fosas comunes cruzadas por r\u00edos, represas, selvas, ciudades. Somos el pa\u00eds que las volvi\u00f3 paisaje. Habitamos la naci\u00f3n que revivi\u00f3 las pr\u00e1cticas de los hornos crematorios clandestinos.<\/span><\/p>\n<p><span style=\"font-size: 14pt;\">Colombia es un inmenso div\u00e1n clamando la sanaci\u00f3n de las almas v\u00edctimas, implorando la verdad completa, exigiendo la reparaci\u00f3n. Estamos llenos de conceptos, pero no de verdades.<\/span><\/p>\n<p><span style=\"font-size: 14pt;\">En el a\u00f1o y medio que resta del gobierno de Gustavo Petro se pueden radicalizar los reclamos por la memoria hist\u00f3rica, por la verdad, la justicia y la reparaci\u00f3n. Igualmente, radicalizar la solicitud de juicio y castigo para los funcionarios corruptos que robaron los recursos de la salud, la conectividad, la alimentaci\u00f3n escolar, la educaci\u00f3n, los alcantarillados, los acueductos, las v\u00edas 4 y 5G. Tambi\u00e9n exigir resultados en las investigaciones a los comprometidos en la conformaci\u00f3n de grupos paramilitares. Que la verdad hist\u00f3rica nos grite desde el amanecer hasta el anochecer.<\/span><br \/>\n<span style=\"font-size: 14pt;\">\u00a0<\/span><br \/>\n<span style=\"font-size: 14pt;\">Sin justicia no hay pa\u00eds digno. Sin justicia no hay cambio. Sin justicia no hay progreso. La poblaci\u00f3n trabajadora est\u00e1 cargando no s\u00f3lo con altos costos tributarios por vivir, sino con el sostenimiento de una casta burocr\u00e1tica corrupta que roba $50 billones al a\u00f1o. La impunidad nos hace un Estado fallido.<\/span><\/p>\n<p><span style=\"font-size: 14pt;\">La violencia econ\u00f3mica institucional est\u00e1 estructurada para castigar a los que menos ingresos tienen y favorecer a los de mayores ingresos. La econom\u00eda nacional rent\u00edstica se sostiene en los hombros de la clase trabajadora y gran parte de la clase media que tambi\u00e9n es trabajadora.<\/span><\/p>\n<p><span style=\"font-size: 14pt;\">El gobierno podr\u00eda intentar de nuevo reducir las tarifas de los servicios p\u00fablicos, buscar medidas para eliminar los peajes-pillajes-fotomultas, reducir el 4 x 1.000, revisar el IVA que encarece los arriendos, regular los costos notariales, controlar precios de medicamentos, replantear tasa aeroportuarias &#8211; tarifas de impuestos prediales \u2013 Industria y Comercio, analizar la inutilidad de las c\u00e1maras de comercio.\u00a0 \u00a0<\/span><\/p>\n<p><span style=\"font-size: 14pt;\">Al pa\u00eds se lo est\u00e1 devorando el narcotr\u00e1fico y no reaccionamos. Van 4 masacres en los primeros d\u00edas de enero, todas relacionadas con el polvo blanco. Varios departamentos est\u00e1n tomados por carteles de la droga, asesinan civiles todos los d\u00edas, desplazan comunidades, matan soldados y polic\u00edas, tambi\u00e9n firmantes de paz. El Estado est\u00e1 perdiendo esa guerra. Las reformas sociales se debilitan.<\/span><\/p>\n<p><span style=\"font-size: 14pt;\">El gobierno nacional puede declarar un estado de emergencia para solicitar en un foro internacional la legalizaci\u00f3n de las drogas il\u00edcitas. La sociedad civil puede ser convocada para que acompa\u00f1e dicho proceso. Que se convierta en otra exigencia de la sociedad. Poner el dedo en la llaga, convertir tal objetivo en pol\u00edtica de Estado. Para frenar el desangre, para pacificar las regiones, para conservar recursos que necesitan los m\u00e1s golpeados. Para neutralizar el discurso de la oposici\u00f3n oportunista, de que a Colombia se la tomaron los criminales por falta de \u201cseguridad democr\u00e1tica\u201d.<\/span><\/p>\n<p><span style=\"font-size: 14pt;\">Las reformas sociales pueden tener un nuevo envi\u00f3n con todo el vigor que ameritan. De tal modo que, de no lograrse, le quede claro a la sociedad colombiana que la oposici\u00f3n y los due\u00f1os hist\u00f3ricos del poder -gobernantes durante 200 a\u00f1os- no permiten el bienestar general, quieren volver para usurpar y usufructuarlo todo. Que le quede claro al pueblo que no es posible un cambio significativo que alivie las cargas econ\u00f3micas sin la elecci\u00f3n de un nuevo gobierno progresista, con mayor\u00edas en C\u00e1mara y Senado de La Rep\u00fablica. <\/span><\/p>\n<\/div>\n<div>\n<div style=\"text-align: justify;\">\n<p><span style=\"font-size: 14pt;\">*Cuchas: este t\u00e9rmino popular colombiano tiene varios sentidos pero aqu\u00ed, designa las mujeres buscando sus hijos victimas de desaparici\u00f3n forzada por los grupos paramilitares en La Escombrera, en Medell\u00edn, entre otros [NdE]<a href=\"https:\/\/www.21wonders.es\/rt21w\/cucha-mujer-mas-bella-que-el-arcoiris\/\" target=\"_blank\" rel=\"noopener\">Ver todos los<\/a><a href=\"https:\/\/www.21wonders.es\/rt21w\/cucha-mujer-mas-bella-que-el-arcoiris\/\" target=\"_blank\" rel=\"noopener\"> sentido<\/a><a href=\"https:\/\/www.21wonders.es\/rt21w\/cucha-mujer-mas-bella-que-el-arcoiris\/\" target=\"_blank\" rel=\"noopener\">s<\/a><a href=\"https:\/\/www.21wonders.es\/rt21w\/cucha-mujer-mas-bella-que-el-arcoiris\/\" target=\"_blank\" rel=\"noopener\"> aqu\u00ed<\/a><\/span><\/p>\n<h2><span style=\"font-size: 14pt;\">Tigrillo L. Anudo<\/span><\/h2>\n<h2><span style=\"font-size: 14pt;\">Fuente: <a href=\"https:\/\/tlaxcala-int.blogspot.com\/2025\/01\/tigrillo-l-anudo-las-cuchas-tienen.html\">Tlaxcala<\/a>, 19 de enero de 2025<\/span><\/h2>\n<h2><span style=\"font-size: 14pt;\">Editado por <\/span><a href=\"https:\/\/www.lapluma.net\/nosotros\/editora\/\"><span style=\"font-size: 14pt;\">Mar\u00eda Piedad Ossaba<\/span><\/a><\/h2>\n<\/div>\n<div><\/div>\n<div style=\"text-align: justify;\"><\/div>\n<\/div>\n","protected":false},"excerpt":{"rendered":"<p>Al pa\u00eds se lo est\u00e1 devorando el narcotr\u00e1fico y no reaccionamos. Van 4 masacres en los primeros d\u00edas de enero, todas relacionadas con el polvo blanco. Varios departamentos est\u00e1n tomados por carteles de la droga, asesinan civiles todos los d\u00edas, desplazan comunidades, matan soldados y polic\u00edas, tambi\u00e9n firmantes de paz. El Estado est\u00e1 perdiendo esa guerra. Las reformas sociales se debilitan.<\/p>\n","protected":false},"author":1571,"featured_media":75327,"comment_status":"open","ping_status":"open","sticky":false,"template":"","format":"standard","meta":{"_uf_show_specific_survey":0,"_uf_disable_surveys":false,"footnotes":""},"categories":[216,5],"tags":[28807,28810,1621,28808,28809,3447,14404,28768],"coauthors":[28764],"class_list":["post-75320","post","type-post","status-publish","format-standard","has-post-thumbnail","hentry","category-colombia","category-editoriales-y-opiniones","tag-desaparecidos-la-escombrera","tag-genocidio-violaciones-ddhh-dih","tag-impunidad","tag-las-cuchas-tienen-razon","tag-lucha-cultural","tag-medellin","tag-memoria-historica-2","tag-tigrillo-l-anudo"],"translation":{"provider":"WPGlobus","version":"2.12.2","language":"fr","enabled_languages":["es","fr"],"languages":{"es":{"title":true,"content":true,"excerpt":true},"fr":{"title":false,"content":false,"excerpt":false}}},"_links":{"self":[{"href":"https:\/\/www.lapluma.net\/fr\/wp-json\/wp\/v2\/posts\/75320","targetHints":{"allow":["GET"]}}],"collection":[{"href":"https:\/\/www.lapluma.net\/fr\/wp-json\/wp\/v2\/posts"}],"about":[{"href":"https:\/\/www.lapluma.net\/fr\/wp-json\/wp\/v2\/types\/post"}],"author":[{"embeddable":true,"href":"https:\/\/www.lapluma.net\/fr\/wp-json\/wp\/v2\/users\/1571"}],"replies":[{"embeddable":true,"href":"https:\/\/www.lapluma.net\/fr\/wp-json\/wp\/v2\/comments?post=75320"}],"version-history":[{"count":7,"href":"https:\/\/www.lapluma.net\/fr\/wp-json\/wp\/v2\/posts\/75320\/revisions"}],"predecessor-version":[{"id":75325,"href":"https:\/\/www.lapluma.net\/fr\/wp-json\/wp\/v2\/posts\/75320\/revisions\/75325"}],"wp:featuredmedia":[{"embeddable":true,"href":"https:\/\/www.lapluma.net\/fr\/wp-json\/wp\/v2\/media\/75327"}],"wp:attachment":[{"href":"https:\/\/www.lapluma.net\/fr\/wp-json\/wp\/v2\/media?parent=75320"}],"wp:term":[{"taxonomy":"category","embeddable":true,"href":"https:\/\/www.lapluma.net\/fr\/wp-json\/wp\/v2\/categories?post=75320"},{"taxonomy":"post_tag","embeddable":true,"href":"https:\/\/www.lapluma.net\/fr\/wp-json\/wp\/v2\/tags?post=75320"},{"taxonomy":"author","embeddable":true,"href":"https:\/\/www.lapluma.net\/fr\/wp-json\/wp\/v2\/coauthors?post=75320"}],"curies":[{"name":"wp","href":"https:\/\/api.w.org\/{rel}","templated":true}]}}