{"id":74095,"date":"2024-12-12T19:11:21","date_gmt":"2024-12-12T19:11:21","guid":{"rendered":"https:\/\/www.lapluma.net\/?p=74095"},"modified":"2024-12-12T20:48:50","modified_gmt":"2024-12-12T20:48:50","slug":"74095","status":"publish","type":"post","link":"https:\/\/www.lapluma.net\/fr\/2024\/12\/12\/74095\/","title":{"rendered":"Chile: Que se abran las grandes alamedas"},"content":{"rendered":"<p style=\"text-align: justify;\"><span style=\"font-size: 14pt;\">Por fin un parlamentario de nuestra Rep\u00fablica se atreve a invocar la movilizaci\u00f3n del pueblo para que el Gobierno y el Parlamento aprueben aquellas reformas tan demandadas por la ciudadan\u00eda, pero burladas por quienes dicen ser sus representantes.<\/span><\/p>\n<p style=\"text-align: justify;\"><span style=\"font-size: 14pt;\">El arrebato de la derecha fue may\u00fasculo. Inmediatamente sus voceros acusaron airadamente al senador Daniel N\u00fa\u00f1ez de incitar las protestas y, con ello, poner en peligro el estado de derecho que hoy tanto veneran. Para ella, todo lo que sea postergar las reformas econ\u00f3mico sociales, justifica dilatar las decisiones, a objeto de que a Gabriel Boric le vaya mal, y el incumplimiento de sus promesas les asegure el pr\u00f3ximo retorno a La Moneda.<\/span><\/p>\n<p style=\"text-align: justify;\"><span style=\"font-size: 14pt;\">Terror les produce a estos dem\u00f3cratas impostados que la poblaci\u00f3n se vuelque a las calles para demandar justicia. Solo ellos pueden instar al pueblo a movilizarse si se trata de apoyar un golpe de estado y asegurarse por 17 a\u00f1os que los derechos humanos se vulneren y la democracia quede interdicta mediante la violencia y el fratricidio.<\/span><\/p>\n<p style=\"text-align: justify;\"><span style=\"font-size: 14pt;\">Pero lo m\u00e1s horrible de todo es comprobar a esa cantidad de pol\u00edticos, ayer allendistas o dem\u00f3crata cristianos, que han salido impetuosos a coincidir con la derecha, hacer gala de su anticomunismo y abrigar la idea de que el Jefe de Estado se libere de una vez por todas del lastre del PC y del Frente Amplio. Todo indica que con las reformas que s\u00ed apura la oposici\u00f3n se logre reducir el tama\u00f1o de los ministerios y otras dependencias fiscales, por lo que los cargos p\u00fablicos por cuotear entre los oficialistas se hagan insuficientes para satisfacer todos sus apetitos.<\/span><\/p>\n<p style=\"text-align: justify;\"><span style=\"font-size: 14pt;\">\u00a1Qu\u00e9 fr\u00e1gil es la memoria pol\u00edtica! De golpe y porrazo hay quienes se olvidan de las hist\u00f3ricas movilizaciones del salitre, del cobre y del carb\u00f3n para ganar los derechos laborales y sindicales pisoteados desde los albores de nuestra rep\u00fablica. Como si la Reforma Agraria, la Nacionalizaci\u00f3n del Cobre y tantas otras realizaciones hubieran sido posibles sin los cientos de miles de campesinos, obreros y estudiantes movilizados a lo largo de todo el pa\u00eds. Ejerciendo su leg\u00edtima presi\u00f3n para que el Poder Legislativo se resolviera lograr mayor\u00eda y hasta la unanimidad de sus integrantes para aprobar las reformas.<\/span><\/p>\n<p style=\"text-align: justify;\"><span style=\"font-size: 14pt;\">Nada de esto saben o recuerdan los se\u00f1oritos de los partidos carentes de ideolog\u00eda, idearios y vocaci\u00f3n de servicio p\u00fablico. Nos referimos a aquellas veinticinco colectividades cuyo com\u00fan af\u00e1n consiste en permanecer pegados a las ubres del poder. Repetirse el plato en el Gobierno y reelegirse incansablemente como diputados y senadores. Incluso, como alcaldes, gobernadores y concejales, ahora que en el \u00e1mbito comunal y regional han mejorado tanto las dietas, y trabajar en cualquier puesto del Estado puede ser m\u00e1s lucrativo que en la actividad privada. Incluso percibir por meses 20 millones de pesos mensuales como embajador de Chile en la Rep\u00fablica de Venezuela, aunque con residencia en nuestro pa\u00eds.<\/span><\/p>\n<p style=\"text-align: justify;\"><span style=\"font-size: 14pt;\">Qu\u00e9 cobardes nos parecen sus llamados a la inmovilidad, a esperar que transcurran los a\u00f1os y una reforma previsional tan justa y urgente para los pensionados pueda dar a luz en los meros pasilleos de los legisladores, de los medi\u00e1ticos dimes y diretes de gobernantes y congresistas. Acicateados, siempre, por una prensa que, m\u00e1s que colaborar al bien del pa\u00eds, parece tan interesada en las querellas cupulares y aspiraciones presidencialistas. Como si la pol\u00edtica se agotara en las competencias electorales.<\/span><\/p>\n<p style=\"text-align: justify;\"><span style=\"font-size: 14pt;\">Claro; solo si el pueblo permanece quieto, la pol\u00edtica y los grandes empresarios podr\u00e1n convenir una rebaja en los impuestos que pagan las grandes empresas. As\u00ed como asaltarle el bolsillo una vez m\u00e1s a los trabajadores, peque\u00f1os empresarios y profesionales. Calladitas, asimismo, las organizaciones sociales podr\u00e1n prosperar esos proyectos ecocidas como Dominga que afectan tanto la naturaleza, la vida de las poblaciones m\u00e1s humildes donde se instalan los desprop\u00f3sitos empresariales. O las inversiones extranjeras tan demandadas por un pa\u00eds que pierde d\u00eda a d\u00eda su dignidad y soberan\u00eda.<\/span><\/p>\n<p style=\"text-align: justify;\"><span style=\"font-size: 14pt;\">\u201cQue salgan a protestar los jubilados\u201d, dicen los m\u00e1s c\u00ednicos. Sabiendo que estos son los m\u00e1s vulnerables y febles en raz\u00f3n de sus edades y miserable sobrevida. Cuando lo que corresponde es que las organizaciones pol\u00edticas y sociales manifiesten solidaridad con la suerte de sus progenitores. Contrario a lo que se dice, la violencia siempre ha sido consecuencia de la represi\u00f3n, tal como lo fueron, entre otras, las matanzas del Seguro Obrero, de Santa Mar\u00eda de Iquique, de La Coru\u00f1a, Ranquil y tantos otros luctuosos acontecimientos de manos de los presidentes asesinos, soldados y polic\u00edas serviles al \u201corden constituido\u201d. As\u00ed como lo fue, adem\u00e1s, la masacre que sigui\u00f3 al 11 de septiembre de 1973.<\/span><\/p>\n<p style=\"text-align: justify;\"><span style=\"font-size: 14pt;\">Ojal\u00e1 sea posible que el campanazo de un parlamentario anime realmente una movilizaci\u00f3n social que por fin abra las \u201cgrandes alamedas\u201d, seg\u00fan el deseo de extinto presidente Allende. De otra forma habr\u00e1 que aguardar por un nuevo y m\u00e1s severo estallido social.<\/span><\/p>\n<h2 style=\"text-align: justify;\"><span style=\"font-size: 14pt;\">Juan Pablo C\u00e1rdenas S. para La Pluma<\/span><\/h2>\n<h2 style=\"text-align: justify;\"><span style=\"font-size: 14pt;\">Editado por <a href=\"https:\/\/www.lapluma.net\/nosotros\/editora\/\">Mar\u00eda Piedad Ossaba<\/a><\/span><\/h2>\n<h2 style=\"text-align: justify;\"><span style=\"font-size: 14pt;\">Publicado por <a href=\"http:\/\/juanpablocardenas.cl\/\">Pol\u00edtica y Utop\u00eda<\/a>, el 12 de diciembre de 2024<\/span><\/h2>\n<figure id=\"attachment_6687\" aria-describedby=\"caption-attachment-6687\" style=\"width: 343px\" class=\"wp-caption aligncenter\"><img loading=\"lazy\" decoding=\"async\" class=\"image attachment-full wp-image-6687\" title=\"Descarga el \u00faltimo libro de Juan Pablo C\u00e1rdenas S.\" src=\"https:\/\/juanpablocardenas.cl\/wp-content\/uploads\/2024\/09\/Portada-carcel-miniatura.jpg\" alt=\"\" width=\"343\" height=\"526\" \/><figcaption id=\"caption-attachment-6687\" class=\"wp-caption-text\"><a href=\"https:\/\/juanpablocardenas.cl\/wp-content\/uploads\/2024\/09\/Interiores-libro-carcel.pdf\">Descarga el \u00faltimo libro de Juan Pablo C\u00e1rdenas S.<\/a><\/figcaption><\/figure>\n<p style=\"text-align: center;\">\n<figure id=\"attachment_6687\" class=\"wp-caption alignnone\" aria-describedby=\"caption-attachment-6687\"><figcaption id=\"caption-attachment-6687\" class=\"wp-caption-text\"><\/figcaption><\/figure>\n<p style=\"text-align: justify;\"><span style=\"font-size: 14pt;\">\u00a0<\/span><\/p>\n","protected":false},"excerpt":{"rendered":"<p>\u00a1Qu\u00e9 fr\u00e1gil es la memoria pol\u00edtica! De golpe y porrazo hay quienes se olvidan de las hist\u00f3ricas movilizaciones del salitre, del cobre y del carb\u00f3n para ganar los derechos laborales y sindicales pisoteados desde los albores de nuestra rep\u00fablica&#8230; Ojal\u00e1 sea posible que el campanazo de un parlamentario anime realmente una movilizaci\u00f3n social que por fin abra las \u201cgrandes alamedas\u201d, seg\u00fan el deseo de extinto presidente Allende. De otra forma habr\u00e1 que aguardar por un nuevo y m\u00e1s severo estallido social.<\/p>\n","protected":false},"author":750,"featured_media":74096,"comment_status":"open","ping_status":"open","sticky":false,"template":"","format":"standard","meta":{"_uf_show_specific_survey":0,"_uf_disable_surveys":false,"footnotes":""},"categories":[5,521],"tags":[1224,16660,28473,15272,194,28474,14989,4443],"coauthors":[11477],"class_list":["post-74095","post","type-post","status-publish","format-standard","has-post-thumbnail","hentry","category-editoriales-y-opiniones","category-eln","tag-analisis-poitico","tag-chile-america-latina-abya-yala-2","tag-grandes-alamedas","tag-juan-pablo-cardenas-s-2","tag-la-moneda","tag-movilizacion-del-pueblo","tag-politica-y-utopia","tag-reformas"],"translation":{"provider":"WPGlobus","version":"2.12.2","language":"fr","enabled_languages":["es","fr"],"languages":{"es":{"title":true,"content":true,"excerpt":true},"fr":{"title":false,"content":false,"excerpt":false}}},"_links":{"self":[{"href":"https:\/\/www.lapluma.net\/fr\/wp-json\/wp\/v2\/posts\/74095","targetHints":{"allow":["GET"]}}],"collection":[{"href":"https:\/\/www.lapluma.net\/fr\/wp-json\/wp\/v2\/posts"}],"about":[{"href":"https:\/\/www.lapluma.net\/fr\/wp-json\/wp\/v2\/types\/post"}],"author":[{"embeddable":true,"href":"https:\/\/www.lapluma.net\/fr\/wp-json\/wp\/v2\/users\/750"}],"replies":[{"embeddable":true,"href":"https:\/\/www.lapluma.net\/fr\/wp-json\/wp\/v2\/comments?post=74095"}],"version-history":[{"count":5,"href":"https:\/\/www.lapluma.net\/fr\/wp-json\/wp\/v2\/posts\/74095\/revisions"}],"predecessor-version":[{"id":74107,"href":"https:\/\/www.lapluma.net\/fr\/wp-json\/wp\/v2\/posts\/74095\/revisions\/74107"}],"wp:featuredmedia":[{"embeddable":true,"href":"https:\/\/www.lapluma.net\/fr\/wp-json\/wp\/v2\/media\/74096"}],"wp:attachment":[{"href":"https:\/\/www.lapluma.net\/fr\/wp-json\/wp\/v2\/media?parent=74095"}],"wp:term":[{"taxonomy":"category","embeddable":true,"href":"https:\/\/www.lapluma.net\/fr\/wp-json\/wp\/v2\/categories?post=74095"},{"taxonomy":"post_tag","embeddable":true,"href":"https:\/\/www.lapluma.net\/fr\/wp-json\/wp\/v2\/tags?post=74095"},{"taxonomy":"author","embeddable":true,"href":"https:\/\/www.lapluma.net\/fr\/wp-json\/wp\/v2\/coauthors?post=74095"}],"curies":[{"name":"wp","href":"https:\/\/api.w.org\/{rel}","templated":true}]}}