{"id":72122,"date":"2024-10-13T12:22:29","date_gmt":"2024-10-13T12:22:29","guid":{"rendered":"https:\/\/www.lapluma.net\/?p=72122"},"modified":"2024-10-13T15:08:47","modified_gmt":"2024-10-13T15:08:47","slug":"72122","status":"publish","type":"post","link":"https:\/\/www.lapluma.net\/fr\/2024\/10\/13\/72122\/","title":{"rendered":"El Sam\u00e1n de Catuche hijo florece a sus 300 a\u00f1os"},"content":{"rendered":"<p style=\"text-align: justify;\"><span style=\"font-size: 14pt;\">Cerca de sus 300 a\u00f1os de existencia, el <strong>Sam\u00e1n de Catuche<\/strong>, hijo del <strong>Sam\u00e1n de G\u00fcere<\/strong>, floreci\u00f3 recientemente en el centro de Caracas, donde sobrevive desde la \u00e9poca de la colonia. Se encuentra en las adyacencias de la <a href=\"https:\/\/haimaneltroudi.com\/memoria-historica-venezolana-esta-a-salvo-en-la-biblioteca-nacional\/\">Biblioteca Nacional<\/a>, en el bulevar Pante\u00f3n, parroquia Altagracia del municipio Libertador de la capital de Venezuela.<\/span><\/p>\n<p style=\"text-align: justify;\"><span style=\"font-size: 14pt;\">El sam\u00e1n del barranco del <strong>r\u00edo Catuche<\/strong> fue sembrado por Juan del Sacramento gracias a Hip\u00f3lito<\/span> <span style=\"font-size: 14pt;\">Blanco, quien le trajo desde el estado Aragua una estaca del famoso Sam\u00e1n de G\u00fcere en 1753.<\/span><\/p>\n<p><img loading=\"lazy\" decoding=\"async\" class=\"aligncenter wp-image-72126\" src=\"https:\/\/www.lapluma.net\/wp-content\/uploads\/2024\/10\/Haiman-el-troudi-el-saman-de-catuche-hijo-del-saman-de-guere-florece-a-sus-300-anos-03-300x225.jpg\" alt=\"\" width=\"600\" height=\"450\" srcset=\"https:\/\/www.lapluma.net\/wp-content\/uploads\/2024\/10\/Haiman-el-troudi-el-saman-de-catuche-hijo-del-saman-de-guere-florece-a-sus-300-anos-03-300x225.jpg 300w, https:\/\/www.lapluma.net\/wp-content\/uploads\/2024\/10\/Haiman-el-troudi-el-saman-de-catuche-hijo-del-saman-de-guere-florece-a-sus-300-anos-03-768x576.jpg 768w, https:\/\/www.lapluma.net\/wp-content\/uploads\/2024\/10\/Haiman-el-troudi-el-saman-de-catuche-hijo-del-saman-de-guere-florece-a-sus-300-anos-03.jpg 900w\" sizes=\"auto, (max-width: 600px) 100vw, 600px\" \/><\/p>\n<p style=\"text-align: justify;\"><span style=\"font-size: 14pt;\">Ubicado originalmente al este del <a href=\"https:\/\/haimaneltroudi.com\/antiguos-puentes-de-caracas-referencias-de-su-historia\/\">puente de la Trinidad<\/a>, bajo su sombra han reposado ilustres personajes. Desde <strong>Andr\u00e9s Bello<\/strong>, quien le dedic\u00f3 su poema <em>A un sam\u00e1n<\/em>; el joven Sim\u00f3n Bol\u00edvar, Cecilio de \u00c1vila, Olegario Meneses, Nicanor Bolet Peraza, Rafael Mar\u00eda Baralt, <a href=\"https:\/\/haimaneltroudi.com\/la-letra-combatiente-de-jose-rafael-pocaterra\/\">Jos\u00e9 Rafael Pocaterra<\/a>, Enrique Bernardo N\u00fa\u00f1ez y muchos m\u00e1s.<\/span><\/p>\n<h5><span style=\"font-size: 18pt;\">La ermita de la Sant\u00edsima Trinidad<\/span><\/h5>\n<p><img loading=\"lazy\" decoding=\"async\" class=\" wp-image-72127 aligncenter\" src=\"https:\/\/www.lapluma.net\/wp-content\/uploads\/2024\/10\/Haiman-el-troudi-el-saman-de-catuche-hijo-del-saman-de-guere-florece-a-sus-300-anos-13-1-300x235.jpg\" alt=\"\" width=\"527\" height=\"413\" srcset=\"https:\/\/www.lapluma.net\/wp-content\/uploads\/2024\/10\/Haiman-el-troudi-el-saman-de-catuche-hijo-del-saman-de-guere-florece-a-sus-300-anos-13-1-300x235.jpg 300w, https:\/\/www.lapluma.net\/wp-content\/uploads\/2024\/10\/Haiman-el-troudi-el-saman-de-catuche-hijo-del-saman-de-guere-florece-a-sus-300-anos-13-1.jpg 520w\" sizes=\"auto, (max-width: 527px) 100vw, 527px\" \/><\/p>\n<p style=\"text-align: justify;\"><span style=\"font-size: 14pt;\">Donde hoy se alza el Pante\u00f3n Nacional existi\u00f3 una edificaci\u00f3n que da inicio a la historia de ese sector de Caracas. En la sabana del otro lado de la quebrada Catuche, la cual se extend\u00eda hasta la calle atr\u00e1s de la sacrist\u00eda de La Pastora, un vecino de la parroquia Altagracia construy\u00f3, en la primera mitad del siglo XVIII, una ermita bajo la advocaci\u00f3n de la Sant\u00edsima Trinidad.<\/span><\/p>\n<p style=\"text-align: justify;\"><span style=\"font-size: 14pt;\">Se trat\u00f3 del alarife Juan Domingo del Sacramento Infante, pardo libre, quien, adem\u00e1s de la capilla, levant\u00f3 con recursos propios y donativos de otros vecinos, el barrio de la <strong>Sant\u00edsima Trinidad<\/strong> y el puente hom\u00f3nimo que permit\u00eda acceder directamente a la iglesia en tramo recto desde la Catedral, y pasar sobre el r\u00edo Catuche en vez de bordear sus pendientes. Cuentan las cr\u00f3nicas que para la construcci\u00f3n de la ermita adquiri\u00f3 los primeros materiales con la venta de cuatro casas de su propiedad, como lo testimonia el propio testamento de Infante, quien trabaj\u00f3 como alba\u00f1il durante treinta y seis a\u00f1os.<\/span><\/p>\n<p><img loading=\"lazy\" decoding=\"async\" class=\"aligncenter wp-image-72128\" src=\"https:\/\/www.lapluma.net\/wp-content\/uploads\/2024\/10\/Haiman-el-troudi-el-saman-de-catuche-hijo-del-saman-de-guere-florece-a-sus-300-anos-02-300x225.jpg\" alt=\"\" width=\"600\" height=\"450\" srcset=\"https:\/\/www.lapluma.net\/wp-content\/uploads\/2024\/10\/Haiman-el-troudi-el-saman-de-catuche-hijo-del-saman-de-guere-florece-a-sus-300-anos-02-300x225.jpg 300w, https:\/\/www.lapluma.net\/wp-content\/uploads\/2024\/10\/Haiman-el-troudi-el-saman-de-catuche-hijo-del-saman-de-guere-florece-a-sus-300-anos-02-768x576.jpg 768w, https:\/\/www.lapluma.net\/wp-content\/uploads\/2024\/10\/Haiman-el-troudi-el-saman-de-catuche-hijo-del-saman-de-guere-florece-a-sus-300-anos-02.jpg 900w\" sizes=\"auto, (max-width: 600px) 100vw, 600px\" \/><\/p>\n<p style=\"text-align: justify;\"><span style=\"font-size: 14pt;\">Juan Domingo, hoy sepultado en el <a href=\"https:\/\/haimaneltroudi.com\/de-iglesia-a-panteon-nacional\/\">Pante\u00f3n Nacional<\/a>, viv\u00eda en compa\u00f1\u00eda de su madre Leocadia de Ponte en una de las laderas de Catuche, cerca del puente que \u00e9l mismo hab\u00eda ayudado a construir.<\/span><\/p>\n<p style=\"text-align: justify;\"><span style=\"font-size: 14pt;\">Infante amaba a los \u00e1rboles porque estos daban sombra a su vivienda. Plant\u00f3 junto a ella, a orillas del entonces fresco r\u00edo, siete estacas del sam\u00e1n de G\u00fcere, obsequio de Hip\u00f3lito Blanco en 1753, seg\u00fan cuenta <strong>Ar\u00edstides Rojas<\/strong> en sus \u201cLeyendas Hist\u00f3ricas de Venezuela (1890) referido por el cronista Enrique Bernardo N\u00fa\u00f1ez. De estas estacas solo prosper\u00f3 el Sam\u00e1n de Catuche o de la Trinidad, llamado tambi\u00e9n <strong>\u00c1rbol del Buen Pastor<\/strong>.<\/span><\/p>\n<h5><span style=\"font-size: 18pt;\">A orillas del r\u00edo Catuche<\/span><\/h5>\n<p><img loading=\"lazy\" decoding=\"async\" class=\" wp-image-72129 aligncenter\" src=\"https:\/\/www.lapluma.net\/wp-content\/uploads\/2024\/10\/Haiman-el-troudi-puentes-antiguos-de-caracas-referencias-de-su-historia-03-1-1024x663-1-300x194.jpg\" alt=\"\" width=\"472\" height=\"305\" srcset=\"https:\/\/www.lapluma.net\/wp-content\/uploads\/2024\/10\/Haiman-el-troudi-puentes-antiguos-de-caracas-referencias-de-su-historia-03-1-1024x663-1-300x194.jpg 300w, https:\/\/www.lapluma.net\/wp-content\/uploads\/2024\/10\/Haiman-el-troudi-puentes-antiguos-de-caracas-referencias-de-su-historia-03-1-1024x663-1-768x497.jpg 768w, https:\/\/www.lapluma.net\/wp-content\/uploads\/2024\/10\/Haiman-el-troudi-puentes-antiguos-de-caracas-referencias-de-su-historia-03-1-1024x663-1-292x190.jpg 292w, https:\/\/www.lapluma.net\/wp-content\/uploads\/2024\/10\/Haiman-el-troudi-puentes-antiguos-de-caracas-referencias-de-su-historia-03-1-1024x663-1.jpg 1024w\" sizes=\"auto, (max-width: 472px) 100vw, 472px\" \/><\/p>\n<p style=\"text-align: justify;\"><span style=\"font-size: 14pt;\">Ese monumento vegetal es descendiente del ya entonces viejo e hist\u00f3rico Sam\u00e1n de G\u00fcere, \u00e1rbol arag\u00fce\u00f1o bajo cuya sombra pasaron conquistadores y <strong>pr\u00f3ceres venezolanos<\/strong>, entre ellos el propio Bol\u00edvar y <a href=\"https:\/\/haimaneltroudi.com\/hugo-chavez-de-sabaneta-al-corazon-del-pueblo\/\" target=\"_blank\" rel=\"noopener\">Comandante Hugo Rafael Ch\u00e1vez<\/a>. A pesar de la agresividad de la urbe, se mantiene erguido en un espacio vital del ala norte del cuadril\u00e1tero fundacional de la ciudad, sobre una glorieta a la entrada de la sala Juan Bautista Plaza de la <strong>Biblioteca Nacional<\/strong>, donde hacen vida funcionarios de muchas instituciones, vecinos que han encontrado en sus sombras un nicho para sus reuniones comunales e incluso para hacer aer\u00f3bics y practicar deportes en general.<\/span><\/p>\n<p><img loading=\"lazy\" decoding=\"async\" class=\"aligncenter wp-image-72130\" src=\"https:\/\/www.lapluma.net\/wp-content\/uploads\/2024\/10\/Haiman-el-troudi-el-saman-de-catuche-hijo-del-saman-de-guere-florece-a-sus-300-anos-07-300x225.jpg\" alt=\"\" width=\"600\" height=\"450\" srcset=\"https:\/\/www.lapluma.net\/wp-content\/uploads\/2024\/10\/Haiman-el-troudi-el-saman-de-catuche-hijo-del-saman-de-guere-florece-a-sus-300-anos-07-300x225.jpg 300w, https:\/\/www.lapluma.net\/wp-content\/uploads\/2024\/10\/Haiman-el-troudi-el-saman-de-catuche-hijo-del-saman-de-guere-florece-a-sus-300-anos-07-768x576.jpg 768w, https:\/\/www.lapluma.net\/wp-content\/uploads\/2024\/10\/Haiman-el-troudi-el-saman-de-catuche-hijo-del-saman-de-guere-florece-a-sus-300-anos-07.jpg 900w\" sizes=\"auto, (max-width: 600px) 100vw, 600px\" \/><\/p>\n<p style=\"text-align: justify;\"><span style=\"font-size: 14pt;\">La plaza frente al templo y el sam\u00e1n eran lugar de recreaci\u00f3n y sosiego desde el siglo XVIII, all\u00ed el gobernador Jos\u00e9 Carlos de Ag\u00fcero comenz\u00f3 la construcci\u00f3n del <strong>Puente de la Trinidad<\/strong>, incluyendo una fuente y una cruz de bronce. Tambi\u00e9n se recuerda que all\u00ed el Gobernador y Capit\u00e1n General, Manuel Gonz\u00e1lez Torres de Navarra, celebraron la primera elevaci\u00f3n de un Globo en el <strong>Valle de Caracas<\/strong>.<\/span><\/p>\n<p style=\"text-align: justify;\"><span style=\"font-size: 14pt;\">Hasta el siglo XX la <strong>Plaza del Pante\u00f3n<\/strong> y el Sam\u00e1n de Catuche eran uno de los lugares de recreo del norte de la ciudad. Desde 1941 contaba con un Cine llamado \u201cAlc\u00e1zar\u201d de fachada morisca, que la daba un tono peculiar al lugar. Luego, en 1981, se levant\u00f3 el <strong>Foro Libertador<\/strong>, desapareciendo casas, plaza y cine: pero sobrevivi\u00f3 el poderoso Sam\u00e1n de la Trinidad, a\u00fan verde y hasta florido lleno de pajaritos y mariposas, con casi tres siglos a cuestas.<\/span><\/p>\n<h5><span style=\"font-size: 18pt;\">Sobreviviente<\/span><\/h5>\n<p><img loading=\"lazy\" decoding=\"async\" class=\" wp-image-72131\" src=\"https:\/\/www.lapluma.net\/wp-content\/uploads\/2024\/10\/Haiman-el-troudi-el-saman-de-catuche-hijo-del-saman-de-guere-florece-a-sus-300-anos-09-300x194.jpg\" alt=\"\" width=\"496\" height=\"321\" srcset=\"https:\/\/www.lapluma.net\/wp-content\/uploads\/2024\/10\/Haiman-el-troudi-el-saman-de-catuche-hijo-del-saman-de-guere-florece-a-sus-300-anos-09-300x194.jpg 300w, https:\/\/www.lapluma.net\/wp-content\/uploads\/2024\/10\/Haiman-el-troudi-el-saman-de-catuche-hijo-del-saman-de-guere-florece-a-sus-300-anos-09-768x495.jpg 768w, https:\/\/www.lapluma.net\/wp-content\/uploads\/2024\/10\/Haiman-el-troudi-el-saman-de-catuche-hijo-del-saman-de-guere-florece-a-sus-300-anos-09-292x190.jpg 292w, https:\/\/www.lapluma.net\/wp-content\/uploads\/2024\/10\/Haiman-el-troudi-el-saman-de-catuche-hijo-del-saman-de-guere-florece-a-sus-300-anos-09.jpg 930w\" sizes=\"auto, (max-width: 496px) 100vw, 496px\" \/><\/p>\n<p style=\"text-align: justify;\"><span style=\"font-size: 14pt;\">Este sam\u00e1n sirve de conector vegetal entre los edificios de la <strong>Biblioteca Nacional<\/strong> y el bulevar donde se encuentran las casas coloniales como la de Mart\u00ed y el <strong>Pante\u00f3n Nacional<\/strong>. Permanece erguido desde hace casi 300 a\u00f1os, testigo mudo de los cambios sufridos en la ciudad. Con lo monumental de sus dimensiones, el m\u00edtico \u00e1rbol caraque\u00f1o se ajust\u00f3 al dise\u00f1o del Foro Libertador, sum\u00e1ndose al entorno natural e hist\u00f3rico de la zona que acoge.<\/span><\/p>\n<p style=\"text-align: justify;\"><span style=\"font-size: 14pt;\">El gigantesco \u00e1rbol estuvo sometido a diferentes factores que amenazaban con extinguirlo debido a los diferentes cambios sufridos en la urbe, sin embargo, los esfuerzos por mantenerlo han conseguido que hoy est\u00e9 floreciente, resisti\u00e9ndose a sufrir la muerte que algunos t\u00e9cnicos anunciaron desde los a\u00f1os de 1940, alegando que estaba en sus a\u00f1os finales. Han pasado m\u00e1s de 80 a\u00f1os de aquella sentencia y el sam\u00e1n florece como respuesta.<\/span><\/p>\n<p><img loading=\"lazy\" decoding=\"async\" class=\"aligncenter wp-image-72132\" src=\"https:\/\/www.lapluma.net\/wp-content\/uploads\/2024\/10\/Haiman-el-troudi-el-saman-de-catuche-hijo-del-saman-de-guere-florece-a-sus-300-anos-13b-300x199.jpg\" alt=\"\" width=\"600\" height=\"397\" srcset=\"https:\/\/www.lapluma.net\/wp-content\/uploads\/2024\/10\/Haiman-el-troudi-el-saman-de-catuche-hijo-del-saman-de-guere-florece-a-sus-300-anos-13b-300x199.jpg 300w, https:\/\/www.lapluma.net\/wp-content\/uploads\/2024\/10\/Haiman-el-troudi-el-saman-de-catuche-hijo-del-saman-de-guere-florece-a-sus-300-anos-13b-768x509.jpg 768w, https:\/\/www.lapluma.net\/wp-content\/uploads\/2024\/10\/Haiman-el-troudi-el-saman-de-catuche-hijo-del-saman-de-guere-florece-a-sus-300-anos-13b-150x100.jpg 150w, https:\/\/www.lapluma.net\/wp-content\/uploads\/2024\/10\/Haiman-el-troudi-el-saman-de-catuche-hijo-del-saman-de-guere-florece-a-sus-300-anos-13b.jpg 900w\" sizes=\"auto, (max-width: 600px) 100vw, 600px\" \/><\/p>\n<p style=\"text-align: justify;\"><span style=\"font-size: 14pt;\">De copa ancha y densa el hist\u00f3rico \u00e1rbol, que acobija con su sombra a quienes visitan el bulevar Pante\u00f3n proviene del memorable sam\u00e1n de G\u00fcere, situado en la avenida intercomunal Santiago Mari\u00f1o del estado Aragua, declarado Monumento Nacional en el a\u00f1o 1933 durante el mandato del entonces presidente de la Rep\u00fablica, Juan Vicente G\u00f3mez.<\/span><\/p>\n<p style=\"text-align: justify;\"><span style=\"font-size: 14pt;\">En junio de 1983 el sam\u00e1n de La Trinidad fue declarado el <strong>\u00c1rbol de los Pa\u00edses Bolivarianos<\/strong>, en ocasi\u00f3n de la celebraci\u00f3n de los Juegos Panamericanos en Caracas.<\/span><\/p>\n<h2>Fuente de inspiraci\u00f3n<\/h2>\n<p style=\"text-align: justify;\"><span style=\"font-size: 14pt;\">A la sombra de este hist\u00f3rico sam\u00e1n los poetas <strong>Jos\u00e9 Mart\u00ed<\/strong>, <strong>Pablo Neruda<\/strong> y <strong>Gabriela Mistral<\/strong>, entre otros, se recogieron en profunda introspecci\u00f3n a sabiendas de que su sombra arrop\u00f3 los sue\u00f1os heroicos del Libertador y las elucubraciones intelectuales del m\u00e1s grande fil\u00f3logo americano, <strong>Andr\u00e9s Bello<\/strong>. Adem\u00e1s, se dice que bajo la copa del Sam\u00e1n de Catuche el maestro <a href=\"https:\/\/haimaneltroudi.com\/los-26-anos-de-samuel-robinson-en-simon-rodriguez\/\">Sim\u00f3n Rodr\u00edguez<\/a> tambi\u00e9n instruy\u00f3 en las letras y el pensamiento revolucionario a un joven <strong>Sim\u00f3n Bol\u00edvar<\/strong>.<\/span><\/p>\n<p><img loading=\"lazy\" decoding=\"async\" class=\" wp-image-72133 aligncenter\" src=\"https:\/\/www.lapluma.net\/wp-content\/uploads\/2024\/10\/Haiman-el-troudi-el-saman-de-catuche-hijo-del-saman-de-guere-florece-a-sus-300-anos-10-216x300.jpg\" alt=\"\" width=\"366\" height=\"508\" srcset=\"https:\/\/www.lapluma.net\/wp-content\/uploads\/2024\/10\/Haiman-el-troudi-el-saman-de-catuche-hijo-del-saman-de-guere-florece-a-sus-300-anos-10-216x300.jpg 216w, https:\/\/www.lapluma.net\/wp-content\/uploads\/2024\/10\/Haiman-el-troudi-el-saman-de-catuche-hijo-del-saman-de-guere-florece-a-sus-300-anos-10.jpg 429w\" sizes=\"auto, (max-width: 366px) 100vw, 366px\" \/><\/p>\n<p style=\"text-align: justify;\"><span style=\"font-size: 14pt;\">As\u00ed qued\u00f3 plasmado en un cuadro de <strong>Tito Salas, <\/strong>en el cual se ven representados Bol\u00edvar y Bello estudiando y aprendiendo al lado del m\u00e1gico \u00e1rbol. Se trata del c\u00e9lebre \u00f3leo La lecci\u00f3n de <a href=\"https:\/\/haimaneltroudi.com\/andres-bello-tambien-fue-un-padre-ejemplar\/\">Andr\u00e9s Bello<\/a> a Bol\u00edvar. Mientras que, entre los a\u00f1os 1806 y 1808, el propio Bello escribir\u00eda en su honor el poema titulado <em>A un Sam\u00e1n:<\/em><\/span><\/p>\n<p style=\"text-align: justify; padding-left: 200px;\"><span style=\"font-size: 14pt;\">\u00c1rbol bello, \u00bfqui\u00e9n te trajo<\/span><br \/>\n<span style=\"font-size: 14pt;\">a estas campi\u00f1as risue\u00f1as<\/span><br \/>\n<span style=\"font-size: 14pt;\">que con tu copa decoras<\/span><br \/>\n<span style=\"font-size: 14pt;\">y tu sombra placentera?<\/span><\/p>\n<p style=\"text-align: justify; padding-left: 200px;\"><span style=\"font-size: 14pt;\">Dicen que el dulce Dalmiro,<\/span><br \/>\n<span style=\"font-size: 14pt;\">Dalmiro aquel que las selvas<\/span><br \/>\n<span style=\"font-size: 14pt;\">y de estos campos los hijos<\/span><br \/>\n<span style=\"font-size: 14pt;\">no sin l\u00e1grimas recuerdan,<\/span><\/p>\n<p style=\"text-align: justify; padding-left: 200px;\"><span style=\"font-size: 14pt;\">compr\u00f3 de un agreste joven<\/span><br \/>\n<span style=\"font-size: 14pt;\">tu amenazada existencia;<\/span><br \/>\n<span style=\"font-size: 14pt;\">en este alcor, estos valles,<\/span><br \/>\n<span style=\"font-size: 14pt;\">viva su memoria eterna.<\/span><\/p>\n<p style=\"text-align: justify; padding-left: 200px;\"><span style=\"font-size: 14pt;\">Del hu\u00e9rfano desvalido,<\/span><br \/>\n<span style=\"font-size: 14pt;\">de la infeliz zagaleja,<\/span><br \/>\n<span style=\"font-size: 14pt;\">del menesteroso anciano<\/span><br \/>\n<span style=\"font-size: 14pt;\">\u00e9l consolaba las penas.<\/span><\/p>\n<p style=\"text-align: justify; padding-left: 200px;\"><span style=\"font-size: 14pt;\">Extiende, sam\u00e1n, tus ramas<\/span><br \/>\n<span style=\"font-size: 14pt;\">sin temor al hado fiero,<\/span><br \/>\n<span style=\"font-size: 14pt;\">y que tu sombra amigable<\/span><br \/>\n<span style=\"font-size: 14pt;\">al caminante proteja.<\/span><\/p>\n<p style=\"text-align: justify; padding-left: 200px;\"><span style=\"font-size: 14pt;\">Ya vendr\u00e1n otras edades<\/span><br \/>\n<span style=\"font-size: 14pt;\">que m\u00e1s lozano te vean,<\/span><br \/>\n<span style=\"font-size: 14pt;\">y otros pastores y otros<\/span><br \/>\n<span style=\"font-size: 14pt;\">que huyan cual sombra ligera;<\/span><\/p>\n<p style=\"text-align: justify; padding-left: 200px;\"><span style=\"font-size: 14pt;\">m\u00e1s del virtuoso Dalmiro<\/span><br \/>\n<span style=\"font-size: 14pt;\">el dulce nombre conserva,<\/span><br \/>\n<span style=\"font-size: 14pt;\">y dilo a los que pisaren<\/span><br \/>\n<span style=\"font-size: 14pt;\">estas hermosas riberas.<\/span><\/p>\n<h5 style=\"text-align: justify;\"><span style=\"font-size: 18pt;\">El sam\u00e1n<\/span><\/h5>\n<p style=\"text-align: justify;\"><span style=\"font-size: 14pt;\"><img loading=\"lazy\" decoding=\"async\" class=\"aligncenter wp-image-72134\" src=\"https:\/\/www.lapluma.net\/wp-content\/uploads\/2024\/10\/Haiman-el-troudi-el-saman-de-catuche-hijo-del-saman-de-guere-florece-a-sus-300-anos-14-300x200.jpg\" alt=\"\" width=\"600\" height=\"400\" srcset=\"https:\/\/www.lapluma.net\/wp-content\/uploads\/2024\/10\/Haiman-el-troudi-el-saman-de-catuche-hijo-del-saman-de-guere-florece-a-sus-300-anos-14-300x200.jpg 300w, https:\/\/www.lapluma.net\/wp-content\/uploads\/2024\/10\/Haiman-el-troudi-el-saman-de-catuche-hijo-del-saman-de-guere-florece-a-sus-300-anos-14-768x512.jpg 768w, https:\/\/www.lapluma.net\/wp-content\/uploads\/2024\/10\/Haiman-el-troudi-el-saman-de-catuche-hijo-del-saman-de-guere-florece-a-sus-300-anos-14-435x290.jpg 435w, https:\/\/www.lapluma.net\/wp-content\/uploads\/2024\/10\/Haiman-el-troudi-el-saman-de-catuche-hijo-del-saman-de-guere-florece-a-sus-300-anos-14-150x100.jpg 150w, https:\/\/www.lapluma.net\/wp-content\/uploads\/2024\/10\/Haiman-el-troudi-el-saman-de-catuche-hijo-del-saman-de-guere-florece-a-sus-300-anos-14-370x247.jpg 370w, https:\/\/www.lapluma.net\/wp-content\/uploads\/2024\/10\/Haiman-el-troudi-el-saman-de-catuche-hijo-del-saman-de-guere-florece-a-sus-300-anos-14.jpg 900w\" sizes=\"auto, (max-width: 600px) 100vw, 600px\" \/><\/span><span style=\"font-size: 14pt;\">El sam\u00e1n (<em>Samanea saman<\/em>) tambi\u00e9n conocido como <a href=\"https:\/\/haimaneltroudi.com\/el-frondoso-saman-arbol-de-la-lluvia\/\">\u00e1rbol de la lluvia<\/a>, campano, cen\u00edzaro, cen\u00edcero y couji de Caracas, es una especie de \u00e1rbol de hasta 20 metros, con un dosel alto y ancho, de grandes y sim\u00e9tricas coronas. Tiene forma de un paraguas muy extenso, y es proverbial la extraordinaria extensi\u00f3n de las superficies que cubre ya que su copa llega a medir hasta 50 metros o m\u00e1s de di\u00e1metro.<\/span><\/p>\n<p style=\"text-align: justify;\"><span style=\"font-size: 14pt;\">Su tronco es relativamente corto y grueso. Se propaga f\u00e1cilmente por semillas. Presenta crecimiento lento, pero es <strong>\u00e1rbol de gran longevidad<\/strong>.<\/span><\/p>\n<p><img loading=\"lazy\" decoding=\"async\" class=\"aligncenter wp-image-72135\" src=\"https:\/\/www.lapluma.net\/wp-content\/uploads\/2024\/10\/Haiman-el-troudi-el-saman-de-catuche-hijo-del-saman-de-guere-florece-a-sus-300-anos-01-300x191.jpg\" alt=\"\" width=\"600\" height=\"382\" srcset=\"https:\/\/www.lapluma.net\/wp-content\/uploads\/2024\/10\/Haiman-el-troudi-el-saman-de-catuche-hijo-del-saman-de-guere-florece-a-sus-300-anos-01-300x191.jpg 300w, https:\/\/www.lapluma.net\/wp-content\/uploads\/2024\/10\/Haiman-el-troudi-el-saman-de-catuche-hijo-del-saman-de-guere-florece-a-sus-300-anos-01-768x489.jpg 768w, https:\/\/www.lapluma.net\/wp-content\/uploads\/2024\/10\/Haiman-el-troudi-el-saman-de-catuche-hijo-del-saman-de-guere-florece-a-sus-300-anos-01.jpg 900w\" sizes=\"auto, (max-width: 600px) 100vw, 600px\" \/><\/p>\n<p style=\"text-align: justify;\"><span style=\"font-size: 14pt;\">Por su grandiosa copa es utilizado en <strong>Venezuela<\/strong> como \u00e1rbol de sombra en los <strong>potreros<\/strong>. Sus frutos constituyen un <strong>alimento nutritivo<\/strong> para el ganado vacuno, porcino y caprino y tiene un sabor ligeramente a regaliz por lo cual algunas personas lo comen tambi\u00e9n. Por todo esto, figura en el pa\u00eds como <strong>planta forrajera<\/strong> y mel\u00edfera.<\/span><\/p>\n<p style=\"text-align: justify;\"><span style=\"font-size: 14pt;\">En tanto, su madera es utilizada para trabajos de carpinter\u00eda, fabricaci\u00f3n de muebles, decoraciones interiores y construcci\u00f3n en general. En Centroam\u00e9rica utilizan secciones de troncos gruesos para ruedas de carretas.<\/span><\/p>\n<p><span style=\"font-size: 14pt;\">Haiman El Trudi, 10 de octubre de 2024<\/span><\/p>\n<p><span style=\"font-size: 14pt;\">Con informaci\u00f3n de <a href=\"https:\/\/www.redpatrimonio-ve.com\/forum\/publicaciones\/un-primogenito-del-saman-de-guere\" target=\"_blank\" rel=\"noopener\">Red Patrimonio<\/a>, <a href=\"https:\/\/epaleccs.info\/publicacion\/591-\" target=\"_blank\" rel=\"noopener\">\u00c9pale Caracas<\/a>, <a href=\"https:\/\/ultimasnoticias.com.ve\/noticias\/mas-vida\/el-saman-de-bello-regalo-flores-a-los-caraquenos\/\" target=\"_blank\" rel=\"noopener\">\u00daltimas Noticias<\/a> y <a href=\"https:\/\/www.eluniversal.com\/el-universal\/148042\/el-saman-de-la-trinidad-y-de-catuche-tres-siglos-de-resistencia\" target=\"_blank\" rel=\"noopener\">El Universal<\/a><\/span><\/p>\n<p><span style=\"font-size: 14pt;\">Fuente: <a href=\"https:\/\/haimaneltroudi.com\/el-saman-de-catuche-hijo-florece-a-sus-300-anos\/\">Haiman El Troudi<\/a><\/span><\/p>\n<p><span style=\"font-size: 14pt;\">Editado por <\/span><a href=\"https:\/\/www.lapluma.net\/nosotros\/editora\/\"><span style=\"font-size: 14pt;\">Mar\u00eda Piedad Ossaba<\/span><\/a><\/p>\n<p>&nbsp;<\/p>\n","protected":false},"excerpt":{"rendered":"<p>La sombra del hijo del Sam\u00e1n de G\u00fcere da cobijo en el centro de Caracas<\/p>\n","protected":false},"author":793,"featured_media":72123,"comment_status":"open","ping_status":"open","sticky":false,"template":"","format":"standard","meta":{"_uf_show_specific_survey":0,"_uf_disable_surveys":false,"footnotes":""},"categories":[8,9],"tags":[28062,13796,28060,12059,14404,13797,28061,14392],"coauthors":[12060],"class_list":["post-72122","post","type-post","status-publish","format-standard","has-post-thumbnail","hentry","category-culture","category-economia-de-la-naturaleza","tag-caracas-venezuela","tag-flora-y-fauna","tag-foro-libertador","tag-lo-afirmativo-venezolano","tag-memoria-historica-2","tag-paisaje","tag-saman-de-catuche","tag-saman-de-guere"],"translation":{"provider":"WPGlobus","version":"2.12.2","language":"fr","enabled_languages":["es","fr"],"languages":{"es":{"title":true,"content":true,"excerpt":true},"fr":{"title":false,"content":false,"excerpt":false}}},"_links":{"self":[{"href":"https:\/\/www.lapluma.net\/fr\/wp-json\/wp\/v2\/posts\/72122","targetHints":{"allow":["GET"]}}],"collection":[{"href":"https:\/\/www.lapluma.net\/fr\/wp-json\/wp\/v2\/posts"}],"about":[{"href":"https:\/\/www.lapluma.net\/fr\/wp-json\/wp\/v2\/types\/post"}],"author":[{"embeddable":true,"href":"https:\/\/www.lapluma.net\/fr\/wp-json\/wp\/v2\/users\/793"}],"replies":[{"embeddable":true,"href":"https:\/\/www.lapluma.net\/fr\/wp-json\/wp\/v2\/comments?post=72122"}],"version-history":[{"count":4,"href":"https:\/\/www.lapluma.net\/fr\/wp-json\/wp\/v2\/posts\/72122\/revisions"}],"predecessor-version":[{"id":72137,"href":"https:\/\/www.lapluma.net\/fr\/wp-json\/wp\/v2\/posts\/72122\/revisions\/72137"}],"wp:featuredmedia":[{"embeddable":true,"href":"https:\/\/www.lapluma.net\/fr\/wp-json\/wp\/v2\/media\/72123"}],"wp:attachment":[{"href":"https:\/\/www.lapluma.net\/fr\/wp-json\/wp\/v2\/media?parent=72122"}],"wp:term":[{"taxonomy":"category","embeddable":true,"href":"https:\/\/www.lapluma.net\/fr\/wp-json\/wp\/v2\/categories?post=72122"},{"taxonomy":"post_tag","embeddable":true,"href":"https:\/\/www.lapluma.net\/fr\/wp-json\/wp\/v2\/tags?post=72122"},{"taxonomy":"author","embeddable":true,"href":"https:\/\/www.lapluma.net\/fr\/wp-json\/wp\/v2\/coauthors?post=72122"}],"curies":[{"name":"wp","href":"https:\/\/api.w.org\/{rel}","templated":true}]}}