{"id":71917,"date":"2024-10-07T13:58:01","date_gmt":"2024-10-07T13:58:01","guid":{"rendered":"https:\/\/www.lapluma.net\/?p=71917"},"modified":"2024-10-07T18:30:20","modified_gmt":"2024-10-07T18:30:20","slug":"71917","status":"publish","type":"post","link":"https:\/\/www.lapluma.net\/fr\/2024\/10\/07\/71917\/","title":{"rendered":"Indios americanos: \u00bfconquistados o \u201cliberados\u201d?"},"content":{"rendered":"<p style=\"text-align: justify;\"><span style=\"font-size: 14pt;\">Los <em>cronistas de indias<\/em> entre los siglos XVI y XVIII describieron m\u00faltiples hechos, procesos y manifestaciones de las sociedades coloniales de la regi\u00f3n que hoy llamamos Am\u00e9rica Latina y el Caribe (ALC), conquistadas y sometidas ante todo por las monarqu\u00edas de Espa\u00f1a y Portugal. Son fundamentales los cronistas del siglo XVI que dan cuenta directa de los horrores cometidos por los conquistadores, que utilizaron a numerosos pueblos abor\u00edgenes para lograr la derrota de los imperios Azteca e Inca (el imperio Maya ya no exist\u00eda como tal en esos momentos hist\u00f3ricos) y enseguida proseguir a someter a todos, es decir, incluyendo a quienes hab\u00edan sido sus inmediatos \u201caliados\u201d. Espa\u00f1a organiz\u00f3 la administraci\u00f3n de estas tierras como \u201cprovincias\u201d de una sola entidad pol\u00edtica con el Rey a la cabeza, pero en los hechos fueron <em>colonias<\/em> enclavadas en la \u00e9poca del <em>mercantilismo<\/em> europeo que signific\u00f3 para ALC la consolidaci\u00f3n de las primeras bases estructurales del subdesarrollo y la explotaci\u00f3n humana, que tuvieron como contraparte la <em>acumulaci\u00f3n originaria<\/em> que benefici\u00f3 al nacimiento del capitalismo en Europa.<\/span><\/p>\n<p style=\"text-align: justify;\"><span style=\"font-size: 14pt;\">Los principales cronistas siempre han servido para que los historiadores comprendan el impacto que tuvo <a href=\"https:\/\/t.ly\/yYuSs\">la conquista y el coloniaje en ALC y varios son ampliamente conocidos<\/a> como el diario de Crist\u00f3bal Col\u00f3n o los textos de Hern\u00e1n Cort\u00e9s, Bernal D\u00edaz del Castillo, Cieza de Le\u00f3n, Agust\u00edn de Z\u00e1rate e incluso del Inca Garcilaso de la Vega o de fray Bartolom\u00e9 de las Casas. Pero hoy conocemos textos antes in\u00e9ditos, pues habr\u00eda que sumar los que dejaron cronistas ind\u00edgenas como <a href=\"https:\/\/www.ecured.cu\/Felipe_Guam%C3%A1n_Poma_de_Ayala\">Felipe Guam\u00e1n Poma de Ayala (1534\u20131615)<\/a> y su excepcional <a href=\"https:\/\/biblioteca.clacso.edu.ar\/clacso\/se\/20191121014717\/Nueva_coronica_y_buen_gobierno_1.pdf\"><em>Primer nueva cor\u00f3nica y buen gobierno<\/em><\/a>, desconocido hasta 1907, cuando lo descubri\u00f3 en la Biblioteca Real de Dinamarca el investigador <a href=\"https:\/\/www.memoriachilena.gob.cl\/602\/w3-article-93105.html\">Richard Pietschmann<\/a> y que renov\u00f3 los conocimientos sobre el imperio Inca y las condiciones creadas por la conquista y el coloniaje. Habr\u00eda que sumar las obras relativas a la \u201c<a href=\"https:\/\/www.almendron.com\/blog\/wp-content\/images\/2014\/05\/vencidos.pdf\">visi\u00f3n de los vencidos<\/a>\u201d, que han realizado historiadores como el prestigioso <a href=\"https:\/\/www.ecured.cu\/Miguel_Le%C3%B3n_Portilla\">Miguel Le\u00f3n Portilla (1926-2019)<\/a> en M\u00e9xico.<\/span><\/p>\n<p><img loading=\"lazy\" decoding=\"async\" class=\" wp-image-71921 aligncenter\" src=\"https:\/\/www.lapluma.net\/wp-content\/uploads\/2024\/10\/Capture-decran-Caratula-libro-Felipe-Gualan-Poma-Nueva-cronica-y-buen-gobierno-205x300.png\" alt=\"\" width=\"365\" height=\"534\" srcset=\"https:\/\/www.lapluma.net\/wp-content\/uploads\/2024\/10\/Capture-decran-Caratula-libro-Felipe-Gualan-Poma-Nueva-cronica-y-buen-gobierno-205x300.png 205w, https:\/\/www.lapluma.net\/wp-content\/uploads\/2024\/10\/Capture-decran-Caratula-libro-Felipe-Gualan-Poma-Nueva-cronica-y-buen-gobierno.png 371w\" sizes=\"auto, (max-width: 365px) 100vw, 365px\" \/><\/p>\n<p style=\"text-align: center;\"><span style=\"font-size: 14pt;\"><a href=\"https:\/\/biblioteca.clacso.edu.ar\/clacso\/se\/20191121014717\/Nueva_coronica_y_buen_gobierno_1.pdf\">NUEVA CORONICA Y BUEN GOBIERNO- Felipe Guaman Poma de Ayala<\/a> &#8211; PDF<\/span><\/p>\n<p><img loading=\"lazy\" decoding=\"async\" class=\" wp-image-71923 aligncenter\" src=\"https:\/\/www.lapluma.net\/wp-content\/uploads\/2024\/10\/Capture-decran-Caratura-libro-Miguel-Leon-Portilla-Vision-de-los-vencidos-262x300.png\" alt=\"\" width=\"499\" height=\"571\" srcset=\"https:\/\/www.lapluma.net\/wp-content\/uploads\/2024\/10\/Capture-decran-Caratura-libro-Miguel-Leon-Portilla-Vision-de-los-vencidos-262x300.png 262w, https:\/\/www.lapluma.net\/wp-content\/uploads\/2024\/10\/Capture-decran-Caratura-libro-Miguel-Leon-Portilla-Vision-de-los-vencidos.png 463w\" sizes=\"auto, (max-width: 499px) 100vw, 499px\" \/><\/p>\n<h5 style=\"text-align: center;\"><span style=\"font-size: 14pt;\"><a href=\"https:\/\/www.almendron.com\/blog\/wp-content\/images\/2014\/05\/vencidos.pdf\">Visi\u00f3n de los vencidos -Miguel Le\u00f3n Portilla<\/a> &#8211; PDF<\/span><\/h5>\n<p style=\"text-align: justify;\"><span style=\"font-size: 14pt;\">Adem\u00e1s, con motivo del V Centenario del \u201cEncuentro de Dos Mundos\u201d, como se bautiz\u00f3 a los actos en recuerdo del \u201cdescubrimiento\u201d de Am\u00e9rica por Col\u00f3n el 12 de octubre de 1492, en Espa\u00f1a se public\u00f3 una <a href=\"https:\/\/amoxcalli.hypotheses.org\/16615#identifier_0_16615\">colecci\u00f3n de 50 vol\u00famenes sobre los cronistas de indias<\/a>, que luego reprodujo, en parte, una editorial de Monterrey en M\u00e9xico. Los libros de los cronistas conocidos o de los nuevos no pertenecen a \u201cagentes\u201d ingleses o franceses, sino, casi en su totalidad, a \u201cs\u00fabditos\u201d de la corona espa\u00f1ola de la \u00e9poca. En lo relativo a la conquista y la colonia todos coinciden en describir los cr\u00edmenes que se cometieron y la destrucci\u00f3n definitiva de las grandes civilizaciones americanas como fueron las de Incas y Aztecas, as\u00ed como el brutal sometimiento de los pueblos abor\u00edgenes en todo el continente. No hay \u201cleyenda negra\u201d sino realidades hist\u00f3ricas.<\/span><\/p>\n<p style=\"text-align: justify;\"><span style=\"font-size: 14pt;\">Sobre la \u00e9poca colonial latinoamericana existen centenares de estudios y miles de art\u00edculos. En cada pa\u00eds de la regi\u00f3n hay historiadores que han puesto al descubierto lo que ocurri\u00f3. De modo que las independencias, encabezadas por numerosos criollos que tambi\u00e9n tuvieron el apoyo de las otras capas sociales, incluyendo ind\u00edgenas, fueron procesos vitales para ALC, pues condujeron a la ruptura con el coloniaje y al nacimiento de los Estados nacionales. En medio de los procesos independentistas se infiltraron los intereses de las nuevas potencias capitalistas, como Francia e Inglaterra, sin duda interesadas en romper con el monopolio espa\u00f1ol y en abrir los mercados y recursos latinoamericanos a sus intereses comerciales y a sus empresas privadas en ascenso capitalista. Desde entonces, hasta nuestros d\u00edas, ALC enfrenta nuevos intervencionismos, injerencias, expansionismos e imperialismos. Nuestros Estados nacionales tienen una larga historia en la b\u00fasqueda del desarrollo econ\u00f3mico con bienestar social, al que se oponen no solo fuerzas externas, sino, sobre todo, las \u00e9lites propietarias internas, incapaces de generar ese progreso.<\/span><\/p>\n<p style=\"text-align: justify;\"><span style=\"font-size: 14pt;\">Desde luego que Espa\u00f1a impuso en ALC una nueva econom\u00eda, sociedad, cultura, lengua, que vincularon la historia de la regi\u00f3n al mundo occidental, con enormes progresos. Pero ese lado de la medalla tiene el otro, que afect\u00f3 especialmente a los indios americanos, que pasaron a un total sometimiento con exclusi\u00f3n legalizada (por ejemplo, en educaci\u00f3n), incluso porque las Leyes de Indias y otras disposiciones eran \u201cacatadas, pero no cumplidas\u201d por las autoridades, los terratenientes y los beneficiarios de mitas, encomiendas, reducciones, tributos. Solo en el imperio inc\u00e1sico, una poblaci\u00f3n calculada en unos 10 millones de habitantes se redujo a menos de 1 mill\u00f3n a fines del siglo XVI, por la conquista, la explotaci\u00f3n laboral y sobre todo las enfermedades. No hubo conquistadores \u201clibertadores\u201d.<\/span><\/p>\n<p style=\"text-align: justify;\"><span style=\"font-size: 14pt;\">Pero con desconocimiento y desprecio de la historia latinoamericana se ha extendido la visi\u00f3n de los \u201chispanistas\u201d, que toma actualidad a prop\u00f3sito del impase entre M\u00e9xico y Espa\u00f1a. Con una arrogancia neocolonial, <a href=\"https:\/\/es.wikipedia.org\/wiki\/Alejandro_Nolasco\">Alejandro Nolasco<\/a>, portavoz del grupo parlamentario de VOX en las Cortes de Arag\u00f3n, tild\u00f3 a la presidenta Claudia Sheinbaum de \u201c<em>absoluta analfabeta<\/em>\u201d y \u201c<em>absoluta ignorante<\/em>\u201d, asegurando que los espa\u00f1oles \u201c<em>jam\u00e1s vamos a pedir perd\u00f3n\u201d<\/em> y \u00ab<em>mucho menos por hacer las cosas bien<\/em>\u201d frente a <em>\u201ctribus<\/em>\u201d como incas, aztecas o mayas que \u201c<em>ven\u00edan de una cultura horripilante<\/em>\u201d. A\u00f1ade: \u201c<em>Estamos aqu\u00ed para defender la mayor gesta de la historia de la humanidad\u201d<\/em>, de la que Espa\u00f1a<\/span><span style=\"font-size: 14pt;\">\u00a0 <em>\u201cpuede sentirse orgullosa<\/em>\u201d por haber contribuido \u201c<em>de una manera decisiva y determinante a la evangelizaci\u00f3n del mundo y al avance del humanismo cristiano occidental<\/em>\u201d; adem\u00e1s de que <em>\u201ctodo el progreso que tiene ahora mismo Hispanoam\u00e9rica se lo debe en gran parte a Espa\u00f1a y a esa gran gesta que hizo\u201d<\/em>; a\u00f1adiendo que \u201c<em>Espa\u00f1a estaba en el lado bueno de la historia y los que estaban de la parte mala son aquellas tribus crueles, inhumanas, que se dedicaban al salvajismo m\u00e1s absoluto\u201d<\/em>. Anticip\u00f3 que el 12 de octubre, D\u00eda de la Hispanidad, leer\u00e1n un manifiesto en contra del \u201c<em>indigenismo<\/em>\u201d, en referencia a \u201c<em>todas aquellas corrientes que defienden una especie de naciones \u00e9tnicas o de tribus deformadas, que no se corresponden a lo que eran<\/em>\u201d.<\/span><\/p>\n<figure id=\"attachment_71925\" aria-describedby=\"caption-attachment-71925\" style=\"width: 500px\" class=\"wp-caption aligncenter\"><img loading=\"lazy\" decoding=\"async\" class=\"wp-image-71925\" src=\"https:\/\/www.lapluma.net\/wp-content\/uploads\/2024\/10\/portavoz-de-vox-alejandro-nolascojpg-300x300.webp\" alt=\"\" width=\"500\" height=\"500\" srcset=\"https:\/\/www.lapluma.net\/wp-content\/uploads\/2024\/10\/portavoz-de-vox-alejandro-nolascojpg-300x300.webp 300w, https:\/\/www.lapluma.net\/wp-content\/uploads\/2024\/10\/portavoz-de-vox-alejandro-nolascojpg-150x150.webp 150w, https:\/\/www.lapluma.net\/wp-content\/uploads\/2024\/10\/portavoz-de-vox-alejandro-nolascojpg-768x768.webp 768w, https:\/\/www.lapluma.net\/wp-content\/uploads\/2024\/10\/portavoz-de-vox-alejandro-nolascojpg.webp 1024w\" sizes=\"auto, (max-width: 500px) 100vw, 500px\" \/><figcaption id=\"caption-attachment-71925\" class=\"wp-caption-text\"><a href=\"https:\/\/www.jornada.com.mx\/noticia\/2024\/10\/02\/mundo\/portavoz-de-vox-llama-201canalfabeta201d-e-201cignorante201d-a-claudia-sheinbaum-2201\">Portavoz de VOX llama \u201canalfabeta\u201d e \u201cignorante\u201d a Claudia Sheinbaum<\/a>: Alejandro Nolasco, portavoz del grupo parlamentario de VOX en las Cortes de Arag\u00f3n, La Jornada, 7 de octubre de 2024.\u00a0 Foto Tomada de:\u00a0 https:\/\/www.facebook.com alejandro.nolascoasensio\/<\/figcaption><\/figure>\n<p style=\"text-align: justify;\"><span style=\"font-size: 14pt;\">Las insultantes palabras desde VOX y los hispanistas pretenden convencer a los latinoamericanos de su versi\u00f3n \u201crosa\u201d de la historia, la cual nosotros deber\u00edamos estar obligados a aceptar. Hasta Josep Borrell Fontelles, Alto Representante de la Uni\u00f3n Europea para Asuntos Exteriores y Pol\u00edtica de Seguridad, parece contagiarse de ese \u201cesp\u00edritu\u201d, pues al referirse al nivel de integraci\u00f3n que tienen los Estados Unidos ha sostenido que, entre otros factores, \u201c<em>Tienen muy poca historia detr\u00e1s: nacieron a la independencia pr\u00e1cticamente sin historia. Lo \u00fanico que hab\u00edan hecho era matar a cuatro indios<\/em>\u2026\u201d<\/span>.<samp class=\"EmbedCode-container\"><\/samp><\/p>\n<blockquote class=\"twitter-tweet\" data-media-max-width=\"560\">\n<p dir=\"ltr\" lang=\"es\">Esta ma\u00f1ana Borrell ha dicho en <a href=\"https:\/\/twitter.com\/LaHoraTVE?ref_src=twsrc%5Etfw\">@LaHoraTVE<\/a> que \u00e9l ser\u00eda el responsable de no haber respondido a la carta de L\u00f3pez Obrador a la Corona pues era en 2019 ministro de Asuntos Exteriores y as\u00ed lo decidi\u00f3 con el Gob. No sorprende teniendo en cuenta su sensibilidad con el tema ind\u00edgena. <a href=\"https:\/\/t.co\/vXlUdcuFGi\">pic.twitter.com\/vXlUdcuFGi<\/a><\/p>\n<p>\u2014 Arantxa Tirado (@aran_tirado) <a href=\"https:\/\/twitter.com\/aran_tirado\/status\/1841813795540189320?ref_src=twsrc%5Etfw\">October 3, 2024<\/a><\/p><\/blockquote>\n<p><script async src=\"https:\/\/platform.twitter.com\/widgets.js\" charset=\"utf-8\"><\/script><\/p>\n<p style=\"text-align: justify;\"><span style=\"font-size: 14pt;\">Este tipo de visiones meramente ideol\u00f3gicas, racistas, esencialmente pol\u00edticas y finalmente contrarias a la historia que cuentan desde los cronistas hasta los historiadores latinoamericanos contempor\u00e1neos, solo acent\u00faan las confrontaciones entre dos continentes, en lugar de contribuir a una relaci\u00f3n que guarde alguna armon\u00eda y, sobre todo, <em>respeto<\/em>. Resulta grave que el hispanismo contempor\u00e1neo ataque a las poblaciones ind\u00edgenas latinoamericanas. ALC forma parte del Sur Global que cuestiona la era colonial del pasado y reclama la <a href=\"https:\/\/www.lapluma.net\/2024\/10\/01\/71748\/\"><em>deuda hist\u00f3rica<\/em><\/a> de los imperios de aquella \u00e9poca<\/span>.<\/p>\n<h5>Juan J. Paz y Mi\u00f1o Cepeda para La Pluma, Ecuador, 7 de octubre de 2024<\/h5>\n<h5>Editado por<a href=\"https:\/\/www.lapluma.net\/nosotros\/editora\/\"> Mar\u00eda Piedad Ossaba<\/a><\/h5>\n<h5>Publicado por <a href=\"https:\/\/www.historiaypresente.com\/indios-americanos-conquistados-o-liberados\/\">Blog Historia y presente<\/a><\/h5>\n<h5><strong>Visita la red del colectivo\u00a0<a href=\"https:\/\/rutakritica.org\">Ruta Kr\u00edtica<\/a>, el\u00a0nuevo blog de difusi\u00f3n del pensamiento y la comunicaci\u00f3n alternativos<\/strong><\/h5>\n<p>&nbsp;<\/p>\n","protected":false},"excerpt":{"rendered":"<p>Este tipo de visiones meramente ideol\u00f3gicas, racistas, esencialmente pol\u00edticas y finalmente contrarias a la historia que cuentan desde los cronistas hasta los historiadores latinoamericanos contempor\u00e1neos, solo acent\u00faan las confrontaciones entre dos continentes, en lugar de contribuir a una relaci\u00f3n que guarde alguna armon\u00eda y, sobre todo, respeto&#8230; ALC forma parte del Sur Global que cuestiona la era colonial del pasado y reclama la deuda hist\u00f3rica de los imperios de aquella \u00e9poca.<\/p>\n","protected":false},"author":8,"featured_media":71926,"comment_status":"open","ping_status":"open","sticky":false,"template":"","format":"standard","meta":{"_uf_show_specific_survey":0,"_uf_disable_surveys":false,"footnotes":""},"categories":[5,218],"tags":[28024,46,28023,28025,13744],"coauthors":[257],"class_list":["post-71917","post","type-post","status-publish","format-standard","has-post-thumbnail","hentry","category-editoriales-y-opiniones","category-mundo","tag-conquistados-liberados","tag-ecuador","tag-indios-americanos","tag-intervencionismos","tag-juan-j-paz-y-mino-cepeda-2"],"translation":{"provider":"WPGlobus","version":"2.12.2","language":"fr","enabled_languages":["es","fr"],"languages":{"es":{"title":true,"content":true,"excerpt":true},"fr":{"title":false,"content":false,"excerpt":false}}},"_links":{"self":[{"href":"https:\/\/www.lapluma.net\/fr\/wp-json\/wp\/v2\/posts\/71917","targetHints":{"allow":["GET"]}}],"collection":[{"href":"https:\/\/www.lapluma.net\/fr\/wp-json\/wp\/v2\/posts"}],"about":[{"href":"https:\/\/www.lapluma.net\/fr\/wp-json\/wp\/v2\/types\/post"}],"author":[{"embeddable":true,"href":"https:\/\/www.lapluma.net\/fr\/wp-json\/wp\/v2\/users\/8"}],"replies":[{"embeddable":true,"href":"https:\/\/www.lapluma.net\/fr\/wp-json\/wp\/v2\/comments?post=71917"}],"version-history":[{"count":6,"href":"https:\/\/www.lapluma.net\/fr\/wp-json\/wp\/v2\/posts\/71917\/revisions"}],"predecessor-version":[{"id":71928,"href":"https:\/\/www.lapluma.net\/fr\/wp-json\/wp\/v2\/posts\/71917\/revisions\/71928"}],"wp:featuredmedia":[{"embeddable":true,"href":"https:\/\/www.lapluma.net\/fr\/wp-json\/wp\/v2\/media\/71926"}],"wp:attachment":[{"href":"https:\/\/www.lapluma.net\/fr\/wp-json\/wp\/v2\/media?parent=71917"}],"wp:term":[{"taxonomy":"category","embeddable":true,"href":"https:\/\/www.lapluma.net\/fr\/wp-json\/wp\/v2\/categories?post=71917"},{"taxonomy":"post_tag","embeddable":true,"href":"https:\/\/www.lapluma.net\/fr\/wp-json\/wp\/v2\/tags?post=71917"},{"taxonomy":"author","embeddable":true,"href":"https:\/\/www.lapluma.net\/fr\/wp-json\/wp\/v2\/coauthors?post=71917"}],"curies":[{"name":"wp","href":"https:\/\/api.w.org\/{rel}","templated":true}]}}