{"id":71029,"date":"2024-09-12T09:49:45","date_gmt":"2024-09-12T09:49:45","guid":{"rendered":"https:\/\/www.lapluma.net\/?p=71029"},"modified":"2024-09-12T09:50:26","modified_gmt":"2024-09-12T09:50:26","slug":"71029","status":"publish","type":"post","link":"https:\/\/www.lapluma.net\/fr\/2024\/09\/12\/71029\/","title":{"rendered":"Las c\u00e1rceles en Estonia y Chile"},"content":{"rendered":"<p style=\"text-align: justify;\"><span style=\"font-size: 14pt;\">La informaci\u00f3n internacional nos trae la asombrosa noticia de que en Estonia a las c\u00e1rceles le sobra un 42 por ciento de sus celdas. Esto se debe a que los delincuentes han disminuido en m\u00e1s de un tercio en los \u00faltimos 10 a\u00f1os, por lo que algunos sugieren que este espacio carcelario desocupado se le podr\u00eda arrendar a aquellos pa\u00edses que tienen una sobre poblaci\u00f3n penal. Nosotros, por cierto, estamos demasiado lejos de esta joven rep\u00fablica europea como para postular a estos cupos carcelarios que, sin duda, deben tratarse de espacios mucho m\u00e1s c\u00f3modos y dignos que los de nuestros mejores penales.<\/span><\/p>\n<p style=\"text-align: justify;\"><span style=\"font-size: 14pt;\">Si a las autoridades de Estonia y Chile hicieran caso omiso de nuestra distancia, seguramente los presos de \u201ccuello y corbata\u201d estar\u00edan muy complacidos de cumplir sus detenciones y penas en cualquier pa\u00eds en que a los reos se los considere seres humanos y no se le sume a sus privaciones de libertad el estar hacinados en lugares estrechos, fr\u00edos, insalubres e inseguros. Aun si se trata de nuestro reclusorio Capit\u00e1n Yaber dispuesto para encerrar a empresarios, pol\u00edticos y otros que no hayan cometido delitos de sangre, como se considera a los que solo cometen fraudes, desfalcos al fisco, sobornos, cohechos y asociaciones il\u00edcitas para enriquecerse indebidamente.<\/span><\/p>\n<p style=\"text-align: justify;\"><span style=\"font-size: 14pt;\">Es muy probable, adem\u00e1s, que los gastos de traslado, mantenci\u00f3n y otros que son propios de los penales con gusto podr\u00edan ser financiados por los propios procesados y condenados de alto peculio como los que acaparan actualmente los espacios period\u00edsticos.<\/span><\/p>\n<p style=\"text-align: justify;\"><span style=\"font-size: 14pt;\">Se trata de una posibilidad, por supuesto, muy poco factible, por m\u00e1s que piense, como lo proclamara un candidato presidencial de la derecha, que \u201cChile es un gran pa\u00eds solo que ubicado en un mal barrio\u201d, aludiendo pretenciosamente a nuestra identidad cultural y pol\u00edtica con el Primer Mundo en contraste con otros pa\u00edses de la regi\u00f3n.<\/span><\/p>\n<p style=\"text-align: justify;\"><span style=\"font-size: 14pt;\">En pol\u00edtica se cometen muchos desprop\u00f3sitos, pero podemos asegurar que una posibilidad como esta ser\u00eda demasiado extrema y servir\u00eda solo para acentuar nuestras profundas diferencias sociales. lo que no solo se aprecia en nuestras ciudades, pueblos y poblaciones marginales sino, adem\u00e1s, en nuestros bochornosos recintos penitenciarios.<\/span><\/p>\n<p style=\"text-align: justify;\"><span style=\"font-size: 14pt;\">Todos los d\u00edas sabemos de decenas de chilenos y extranjeros residentes que son recluidos en nuestra vor\u00e1gine criminal que, como se sabe, ha alcanzado ribetes alarmantes y parecen estar fuera del control de las autoridades y polic\u00edas. Nadie se explica d\u00f3nde pueden caber tantos presos y c\u00f3mo lo hace Gendarmer\u00eda para atender a tan voluminosa y creciente poblaci\u00f3n penal. Porque ya se reconoce que varias de nuestras c\u00e1rceles han excedido en m\u00e1s de un 80 por ciento su capacidad y que, en estas condiciones, se hace muy dif\u00edcil separar a los presos seg\u00fan la cuant\u00eda de sus delitos, edad, reiteraci\u00f3n delictual y peligrosidad.<\/span><\/p>\n<p style=\"text-align: justify;\"><span style=\"font-size: 14pt;\">Tal aglomeraci\u00f3n y la promiscuidad son verdaderamente cr\u00edticas y son muchos los que piensan que en estas condiciones se va a producir pr\u00f3ximamente un severo estallido social. Solo que ahora sus actores y acciones se expresar\u00edan detr\u00e1s de las rejas. Esta delicada situaci\u00f3n explica la voluntad gubernamental de construir nuevas c\u00e1rceles, al mismo tiempo que ampliar las existentes. Solo que este deseo ya lleva varios meses sin concretarse mientras los presos se multiplican a prop\u00f3sito de las profusas detenciones policiales y resoluciones judiciales. La hipocres\u00eda pol\u00edtica asume que tendr\u00eda que ser un nuevo gobierno el que se encargue de inaugurar estos nuevos recintos. La mezquindad econ\u00f3mica oficial hace muy improbable que se dediquen recursos para este prop\u00f3sito, cuando se calcula que tenemos m\u00e1s de un mill\u00f3n y medio de chilenos sin casa, as\u00ed como campamentos que son m\u00e1s populosos que varias ciudades y pueblos.<\/span><\/p>\n<p style=\"text-align: justify;\"><span style=\"font-size: 14pt;\">Todo esto mientras, de derecha a izquierda, la pol\u00edtica hace g\u00e1rgaras con la democracia pero, sobre todo, con los Derechos Humanos. Tanto as\u00ed que a nuestra televisi\u00f3n le gusta destacar conmovedores reportajes sobre las precarias condiciones carcelarias de Brasil, El Salvador y otras naciones, omitiendo la realidad de nuestro pa\u00eds. Diversos an\u00e1lisis, seminarios y actividades acad\u00e9micas destacan la dignidad de todos los seres humanos y no faltan los pol\u00edticos que anotan nuestros severos d\u00e9ficits al respecto, aunque de verdad, nada o muy poco hacen todos para atender el llamado de Gendarmer\u00eda, de las organizaciones sociales, los familiares de los presos y de la instituciones religiosas y asistenciales para que nuestra supuesta democracia se ponga a la par con otras que, como el caso de Estonia, le dan ejemplo al mundo. Donde se respeta la dignidad de todas las personas, especialmente de quienes est\u00e1n recluidos en la esperanza de su rehabilitaci\u00f3n y reinserci\u00f3n en una vida civil digna y plena.<\/span><\/p>\n<p style=\"text-align: justify;\"><span style=\"font-size: 14pt;\">Nada m\u00e1s ingrato y vergonzoso que nuestros recintos carcelarios se constituyan en verdaderas \u201cuniversidades del delito\u201d, como tanto se repite. Cuando tantos miles de condenados, producto de su miseria, falta de educaci\u00f3n y desesperanza, son sometidos a situaciones todav\u00eda m\u00e1s indignas que las de sus poblaciones y barrios, pasando a ser instruidos por delincuentes que ya no reconocen posibilidad mejor para sus vidas que la de robar, matar, secuestrar y enrolarse en aquellas bandas criminales que asolan hoy a los habitantes.<\/span><\/p>\n<p style=\"text-align: justify;\"><span style=\"font-size: 14pt;\">No es solo con m\u00e1s polic\u00edas y armas con las que se debe enfrentar el delito. Mucho m\u00e1s importante es que todos nuestros ni\u00f1os tengan acceso a la educaci\u00f3n, que nadie siga viviendo en la promiscuidad y la pobreza extrema, que el trabajo se asegure a los j\u00f3venes y que los que delinquen tengan posibilidad de reivindicarse. Es triste que un gobierno que se supone de izquierda ponga tanto \u00e9nfasis en la represi\u00f3n, nos llene de polic\u00edas y, m\u00e1s temprano que tarde, recurran a los militares para poner orden y paz. Que soslayen la imperiosa necesidad de justicia social. Que sus voces hablen por los poderosos y asuman con tanto entusiasmo las ideas y propuestas de la derecha.<\/span><\/p>\n<h5>Juan Pablo C\u00e1rdenas S. para La Pluma<\/h5>\n<h5>Editado por <a href=\"https:\/\/www.lapluma.net\/nosotros\/editora\/\">Mar\u00eda Piedad Ossaba<\/a><\/h5>\n<h5>Publicado por <a href=\"http:\/\/juanpablocardenas.cl\/\">Pol\u00edtica y Utop\u00eda<\/a>, el 9 de septiembre de 2024<\/h5>\n<figure id=\"attachment_69253\" aria-describedby=\"caption-attachment-69253\" style=\"width: 342px\" class=\"wp-caption aligncenter\"><img loading=\"lazy\" decoding=\"async\" class=\"wp-image-69253\" src=\"https:\/\/www.lapluma.net\/wp-content\/uploads\/2024\/07\/Capture-decran-Juan-Pablo-Cardenas-Algo-mas-que-contar-Libri-libre-198x300.png\" alt=\"\" width=\"342\" height=\"518\" srcset=\"https:\/\/www.lapluma.net\/wp-content\/uploads\/2024\/07\/Capture-decran-Juan-Pablo-Cardenas-Algo-mas-que-contar-Libri-libre-198x300.png 198w, https:\/\/www.lapluma.net\/wp-content\/uploads\/2024\/07\/Capture-decran-Juan-Pablo-Cardenas-Algo-mas-que-contar-Libri-libre.png 279w\" sizes=\"auto, (max-width: 342px) 100vw, 342px\" \/><figcaption id=\"caption-attachment-69253\" class=\"wp-caption-text\">Descargar pinchando en la portada<\/figcaption><\/figure>\n","protected":false},"excerpt":{"rendered":"<p>En el mundo liberal todo es mercanc\u00eda, compra y venta, lucro. Por ejemplo los presidiarios. Un mercado que conviene hacer crecer, para que crezca el PIB. Otra oportunidad de negocio. A cada clase social corresponde una prisi\u00f3n dos, tres o cuatro estrellas. O una cana para los pringaos, seg\u00fan sea el caso. M\u00e1s modernos&#8230; \u00bfd\u00f3nde? <\/p>\n","protected":false},"author":750,"featured_media":71030,"comment_status":"open","ping_status":"open","sticky":false,"template":"","format":"standard","meta":{"_uf_show_specific_survey":0,"_uf_disable_surveys":false,"footnotes":""},"categories":[7,218],"tags":[14682,15272,14989],"coauthors":[11477],"class_list":["post-71029","post","type-post","status-publish","format-standard","has-post-thumbnail","hentry","category-ddhh","category-monde","tag-analisis-politico","tag-juan-pablo-cardenas-s-2","tag-politica-y-utopia"],"translation":{"provider":"WPGlobus","version":"2.12.2","language":"fr","enabled_languages":["es","fr"],"languages":{"es":{"title":true,"content":true,"excerpt":true},"fr":{"title":false,"content":false,"excerpt":false}}},"_links":{"self":[{"href":"https:\/\/www.lapluma.net\/fr\/wp-json\/wp\/v2\/posts\/71029","targetHints":{"allow":["GET"]}}],"collection":[{"href":"https:\/\/www.lapluma.net\/fr\/wp-json\/wp\/v2\/posts"}],"about":[{"href":"https:\/\/www.lapluma.net\/fr\/wp-json\/wp\/v2\/types\/post"}],"author":[{"embeddable":true,"href":"https:\/\/www.lapluma.net\/fr\/wp-json\/wp\/v2\/users\/750"}],"replies":[{"embeddable":true,"href":"https:\/\/www.lapluma.net\/fr\/wp-json\/wp\/v2\/comments?post=71029"}],"version-history":[{"count":4,"href":"https:\/\/www.lapluma.net\/fr\/wp-json\/wp\/v2\/posts\/71029\/revisions"}],"predecessor-version":[{"id":71034,"href":"https:\/\/www.lapluma.net\/fr\/wp-json\/wp\/v2\/posts\/71029\/revisions\/71034"}],"wp:featuredmedia":[{"embeddable":true,"href":"https:\/\/www.lapluma.net\/fr\/wp-json\/wp\/v2\/media\/71030"}],"wp:attachment":[{"href":"https:\/\/www.lapluma.net\/fr\/wp-json\/wp\/v2\/media?parent=71029"}],"wp:term":[{"taxonomy":"category","embeddable":true,"href":"https:\/\/www.lapluma.net\/fr\/wp-json\/wp\/v2\/categories?post=71029"},{"taxonomy":"post_tag","embeddable":true,"href":"https:\/\/www.lapluma.net\/fr\/wp-json\/wp\/v2\/tags?post=71029"},{"taxonomy":"author","embeddable":true,"href":"https:\/\/www.lapluma.net\/fr\/wp-json\/wp\/v2\/coauthors?post=71029"}],"curies":[{"name":"wp","href":"https:\/\/api.w.org\/{rel}","templated":true}]}}