{"id":69670,"date":"2024-08-04T22:12:14","date_gmt":"2024-08-04T22:12:14","guid":{"rendered":"https:\/\/www.lapluma.net\/?p=69670"},"modified":"2024-08-04T22:15:37","modified_gmt":"2024-08-04T22:15:37","slug":"69670","status":"publish","type":"post","link":"https:\/\/www.lapluma.net\/fr\/2024\/08\/04\/69670\/","title":{"rendered":"Colonizaci\u00f3n: Viejas y nuevas formas de dominio en Argentina"},"content":{"rendered":"<p style=\"text-align: justify;\"><span style=\"font-size: 14pt;\">Seg\u00fan el diccionario de la lengua espa\u00f1ola, la \u201ccolonizaci\u00f3n\u201d es la acci\u00f3n de dominar un pa\u00eds o territorio (la colonia) por parte de otro (la metr\u00f3poli). El proceso de colonizaci\u00f3n puede ser de car\u00e1cter pol\u00edtico, militar, cultural, econ\u00f3mico o presentar otras manifestaciones, as\u00ed como desarrollarse de forma violenta o pac\u00edfica.<\/span><\/p>\n<p style=\"text-align: justify;\"><span style=\"font-size: 14pt;\">Y no otro camino es la enajenaci\u00f3n del patrimonio nacional, la tierra, su subsuelo, el agua, las riquezas naturales (petr\u00f3leo y gas, litio, minerales de todo tipo, alimentos, etc.) y de las empresas p\u00fablicas que, desde el fin del gobierno de los Kirchner en 2015, retomaron y profundizan el capital financiero asociado a la casta dominante de nuestro pa\u00eds [1].<\/span><\/p>\n<p style=\"text-align: justify;\"><span style=\"font-size: 14pt;\">Casta que se fue <em>aggiornando<\/em> a los tiempos y reconfigur\u00e1ndose, pero que nace del acuerdo con la potencia dominante de principios del siglo XIX, que, derrotada militarmente en las invasiones inglesas de 1806 y 1807, a trav\u00e9s de Rivadavia y Pueyrred\u00f3n y posteriormente de Mitre y Roca, fueron conformando el modelo agropecuario exportador que reci\u00e9n fue sustituido en gran parte por la Revoluci\u00f3n del 4 de junio de 1943, encabezada por Rawson y Ram\u00edrez, dos militares emparentados a la oligarqu\u00eda vern\u00e1cula, pero con pensadores como los coroneles Juan Per\u00f3n y Domingo Mercante detr\u00e1s de los acontecimientos.<\/span><\/p>\n<p style=\"text-align: justify;\"><span style=\"font-size: 14pt;\">Obviamente, primero fue el endeudamiento y despu\u00e9s c\u00f3mo se paga. Ya lo dec\u00eda el general John Adams, primer Vicepresidente y segundo Presidente de los Estados Unidos: \u201cHay dos formas de conquistar y esclavizar a una naci\u00f3n. Una es la espada, la otra es la deuda\u201d.<\/span><\/p>\n<p><img loading=\"lazy\" decoding=\"async\" class=\"aligncenter wp-image-69673\" src=\"https:\/\/www.lapluma.net\/wp-content\/uploads\/2024\/08\/Diseno-sin-titulo-9-300x251.png\" alt=\"\" width=\"600\" height=\"503\" srcset=\"https:\/\/www.lapluma.net\/wp-content\/uploads\/2024\/08\/Diseno-sin-titulo-9-300x251.png 300w, https:\/\/www.lapluma.net\/wp-content\/uploads\/2024\/08\/Diseno-sin-titulo-9-768x644.png 768w, https:\/\/www.lapluma.net\/wp-content\/uploads\/2024\/08\/Diseno-sin-titulo-9.png 940w\" sizes=\"auto, (max-width: 600px) 100vw, 600px\" \/><\/p>\n<p style=\"text-align: justify;\"><span style=\"font-size: 14pt;\">La deuda tomada con la Baring Brothers en 1822 marc\u00f3 el rumbo que profundizaron todos los dem\u00e1s gobiernos hasta el 4 de junio de 1943. Por supuesto, corrompiendo a funcionarios locales: \u201cRespecto de lo que Ud. me dice de manifestarle lo que entiendo debe asignarme por retribuci\u00f3n a mis servicios, creo que podremos fijar como base una cuarta parte de las comisiones o beneficios que Ud. perciba en las operaciones\u201d (Carta de Victorino de la Plaza a un banco europeo, enero 1881, Archivo General de la Naci\u00f3n) [2].<\/span><\/p>\n<h5 style=\"text-align: justify;\"><span style=\"font-size: 18pt;\">Deuda y fuga<\/span><\/h5>\n<p style=\"text-align: justify;\"><span style=\"font-size: 14pt;\">\u00bfCu\u00e1l es la raz\u00f3n por la que en el pasado mes de julio de 2024 el BCRA vendi\u00f3 reservas internacionales por 2.623 millones de d\u00f3lares? Las reservas brutas eran de 29.022 millones de d\u00f3lares el 1 de julio y pasaron a ser de 26.399 millones el 31 de julio de 2024.<\/span><\/p>\n<p style=\"text-align: justify;\"><span style=\"font-size: 14pt;\">\u00bfCu\u00e1l es la raz\u00f3n por la que, primero en forma subrepticia, se trasladaron a Londres, en el mes de junio de 2024, lingotes de oro de las reservas internacionales del BCRA por 450 millones de d\u00f3lares? La Asociaci\u00f3n Bancaria, en carta al presidente del BCRA, Santiago Bausili, requiri\u00f3 saber si hubo un acta de Directorio del BCRA, si se abri\u00f3 el expediente correspondiente, si se le comunic\u00f3 a la Sindicatura del BCRA, y en base a qu\u00e9 atribuciones y facultades se adopt\u00f3 la medida y por qu\u00e9 razones.<\/span><\/p>\n<p style=\"text-align: justify;\"><span style=\"font-size: 14pt;\">No conforme con ello y en la petulancia que le da el DNU 70\/23 [3], ahora en forma desembozada, enviar\u00e1n m\u00e1s lingotes de oro [4] de las reservas del <a href=\"https:\/\/www.baenegocios.com\/tags\/Banco-Central\">Banco Central<\/a>, y t\u00edtulos p\u00fablicos, como garant\u00eda para obtener un REPO (<em>Repurchase Agreement<\/em>) con bancos internacionales, para conseguir cr\u00e9ditos que les permitan por lo menos cancelar una parte de los vencimientos de este a\u00f1o.<\/span><\/p>\n<p><img loading=\"lazy\" decoding=\"async\" class=\"aligncenter wp-image-69674\" src=\"https:\/\/www.lapluma.net\/wp-content\/uploads\/2024\/08\/oro-300x169.webp\" alt=\"\" width=\"600\" height=\"337\" srcset=\"https:\/\/www.lapluma.net\/wp-content\/uploads\/2024\/08\/oro-300x169.webp 300w, https:\/\/www.lapluma.net\/wp-content\/uploads\/2024\/08\/oro.webp 655w\" sizes=\"auto, (max-width: 600px) 100vw, 600px\" \/><\/p>\n<p><a href=\"https:\/\/www.ambito.com\/edicion-impresa\/oro-datos-londinenses-confirman-que-el-bcra-mantiene-su-tenencia-n5818381\">Oro: datos londinenses confirman que el BCRA mantiene su tenencia<\/a>;<\/p>\n<p style=\"text-align: justify;\"><span style=\"font-size: 14pt;\">Por m\u00e1s que el ministro Luis Caputo, en un alarde de enga\u00f1o y dolo, sostiene que con ello se aseguran el pago de vencimientos de este a\u00f1o y hasta mediados del 2025, este a\u00f1o deben hacer frente a vencimientos por 22,7 billones de pesos (para la Secretar\u00eda de Finanzas de la Naci\u00f3n, para consultoras privadas es una suma notablemente mayor) y, a la vez, deben afrontar deudas en d\u00f3lares de la refinanciaci\u00f3n con los bonistas del 31 de agosto de 2020, canje de deuda de Mauricio Macri refinanciada por Mart\u00edn Guzm\u00e1n, m\u00e1s los vencimientos de septiembre y diciembre con el FMI, y no est\u00e1n cumpliendo la meta de aumentar las reservas internacionales del BCRA.<\/span><\/p>\n<p style=\"text-align: justify;\"><span style=\"font-size: 14pt;\">Con reservas internacionales del BCRA negativas en 3.300 millones de d\u00f3lares, m\u00e1s un presupuesto final de 2024 deficitario en unos 7.000 billones de pesos, y con d\u00e9ficit en la cuenta corriente comercial [5], dependen de que los acreedores (incluido el FMI) acepten renegociar la deuda.<\/span><\/p>\n<p style=\"text-align: justify;\"><span style=\"font-size: 14pt;\">Finalmente, Paolo Rocca, CEO del Grupo Techint, firma una comunicaci\u00f3n con accionistas de Tenaris [6], justificando la demora en las inversiones \u201cporque la Argentina todav\u00eda no recuper\u00f3 credibilidad en los mercados como para que haya acceso al financiamiento para apurar planes en el pa\u00eds\u201d. Esto es, las inconsistencias de las medidas tomadas por el equipo de econom\u00eda que dirigen Caputo-Bausili reflejado en un tipo de cambio insostenible que (y es la respuesta a las preguntas que nos hac\u00edamos) solo se mantiene para abaratar la salida de los que con divisas compraron t\u00edtulos en pesos y quieren volver a la moneda con la que ingresaron, y no hay d\u00f3lares ni los va a haber, por m\u00e1s que la dupla Caputo-Bausili haga y prometa lo imposible, incluso vulnerando los l\u00edmites de legalidad y seguridad, para cobrar a la salida de los fondos financieros que est\u00e1n en pesos y necesitan d\u00f3lares baratos.<\/span><\/p>\n<p style=\"text-align: justify;\"><span style=\"font-size: 14pt;\">Hay una contradicci\u00f3n entre los que quieren ganar renta financiera y los extractivistas que ya tienen el marco jur\u00eddico en las leyes 27.742 y 27.743 y en el DNU 70\/23, pero que no pueden aplicarlo libremente por las trabas de un precio del d\u00f3lar que no justifica las inversiones y los m\u00e1rgenes de rentabilidad que se proponen.<\/span><\/p>\n<h5><span style=\"font-size: 18pt;\">Una nueva conformaci\u00f3n del poder<\/span><\/h5>\n<figure id=\"attachment_69675\" aria-describedby=\"caption-attachment-69675\" style=\"width: 600px\" class=\"wp-caption aligncenter\"><img loading=\"lazy\" decoding=\"async\" class=\"wp-image-69675\" src=\"https:\/\/www.lapluma.net\/wp-content\/uploads\/2024\/08\/Paolo-Rocca--300x225.jpg\" alt=\"\" width=\"600\" height=\"450\" srcset=\"https:\/\/www.lapluma.net\/wp-content\/uploads\/2024\/08\/Paolo-Rocca--300x225.jpg 300w, https:\/\/www.lapluma.net\/wp-content\/uploads\/2024\/08\/Paolo-Rocca--1024x768.jpg 1024w, https:\/\/www.lapluma.net\/wp-content\/uploads\/2024\/08\/Paolo-Rocca--768x576.jpg 768w, https:\/\/www.lapluma.net\/wp-content\/uploads\/2024\/08\/Paolo-Rocca--1536x1152.jpg 1536w, https:\/\/www.lapluma.net\/wp-content\/uploads\/2024\/08\/Paolo-Rocca-.jpg 1600w\" sizes=\"auto, (max-width: 600px) 100vw, 600px\" \/><figcaption id=\"caption-attachment-69675\" class=\"wp-caption-text\"><span style=\"font-size: 10pt;\">Paolo Rocca<\/span><\/figcaption><\/figure>\n<p style=\"text-align: justify;\"><span style=\"font-size: 14pt;\">Por supuesto, no es un tema menor que Paolo Rocca sea el CEO de Techint, socio principal del Club del Petr\u00f3leo. Qui\u00e9n es <a href=\"https:\/\/www.agenciapacourondo.com.ar\/opinion\/historia-de-paolo-rocca-de-las-privatizaciones-ser-el-tercer-hombre-mas-rico-de-argentina\">Paolo Rocca<\/a> y por qu\u00e9 est\u00e1 en boca de todos?donde amalgaman intereses con la Compa\u00f1\u00eda General de Combustible de la <a href=\"https:\/\/losricosdeargentina.com.ar\/eurnekian2.html\">familia Eurneki\u00e1n<\/a>; con Pan American Energy; Pampa Energ\u00eda; Pluspetrol; Chevr\u00f3n; Apache; Total; Exxon Mobil; Shell; Petronas; etc. Muchos de ellos con fuerte posesi\u00f3n de tierras en la Argentina, como es el caso de Pampa Energ\u00eda (<a href=\"https:\/\/www.lanacion.com.ar\/economia\/quien-es-el-unico-empresario-argentino-que-fue-invitado-a-la-conferencia-organizada-por-el-instituto-nid07052024\/\">Marcelo Mindlin<\/a>, <a href=\"https:\/\/www.perfil.com\/noticias\/actualidad\/el-dueno-de-lago-escondido-quien-es-joe-lewis-una-de-las-500-personas-mas-ricas-del-mundo.phtml\">Joseph Lewis<\/a>, <a href=\"https:\/\/conoceblackrock.poderlatam.org\/\">BlackRock<\/a> y las <a href=\"https:\/\/www.cronista.com\/negocios\/La-familia-Sielecki-y-los-Werthein-buscan-quedarse-con-mas-control-sobre-TGS-20170208-0008.html\">familias Sielecki y Werthein<\/a>), Pluspetrol (de la <a href=\"https:\/\/losricosdeargentina.com.ar\/rey2.html\">familia Rey Rodr\u00edguez<\/a>), due\u00f1os de los campos petroleros y gas\u00edferos o el caso de Eduardo Eurneki\u00e1n, que se dedica a actividades agropecuarias y explota 105.397 hect\u00e1reas distribuidas en varias provincias argentinas [7].<\/span><\/p>\n<p style=\"text-align: justify;\"><span style=\"font-size: 14pt;\">Pero la actividad agraria ha sufrido fuertes modificaciones en su uso. La Secretar\u00eda de Bioeconom\u00eda de la Naci\u00f3n al publicar los datos del SISA (Sistema de Informaci\u00f3n Simplificado Agr\u00edcola) que reuni\u00f3 la AFIP en la campa\u00f1a 2023\/24, afirma que, sobre un total implantado de 34,3 millones de hect\u00e1reas, se produce bajo el sistema de alquiler o arrendamiento en 24 millones de hect\u00e1reas de campos agr\u00edcolas.<\/span><\/p>\n<p style=\"text-align: justify;\"><span style=\"font-size: 14pt;\">Si tom\u00e1ramos moderados 10 quintales de soja por hect\u00e1rea como un costo promedio para esos alquileres (que usualmente son pactados en plazos cortos de una campa\u00f1a), se podr\u00eda estimar que los productores agr\u00edcolas destinan unos 30 d\u00f3lares por hect\u00e1rea arrendada y que la renta percibida por los due\u00f1os de los campos en total suma aproximadamente 7.200 millones de d\u00f3lares al a\u00f1o.<\/span><\/p>\n<p style=\"text-align: justify;\"><span style=\"font-size: 14pt;\">El SISA es un r\u00e9gimen de declaraci\u00f3n obligatoria de datos de siembra ante la AFIP. De all\u00ed surge que en la campa\u00f1a que pas\u00f3 hubo 70.005 productores agr\u00edcolas en la Argentina que sembraron un total de 37 cultivos. La mayor\u00eda de ellos sobre campos alquilados. Seg\u00fan los registros de las \u00faltimas campa\u00f1as, la cantidad de productores se mantiene m\u00e1s o menos estable en los \u00faltimos a\u00f1os. Lo que s\u00ed se nota es un leve pero paulatino pase de hect\u00e1reas propias a arrendadas. Solo 10,2 millones de hect\u00e1reas siguen siendo explotadas por sus due\u00f1os.<\/span><\/p>\n<figure id=\"attachment_69676\" aria-describedby=\"caption-attachment-69676\" style=\"width: 511px\" class=\"wp-caption aligncenter\"><img loading=\"lazy\" decoding=\"async\" class=\"wp-image-69676\" src=\"https:\/\/www.lapluma.net\/wp-content\/uploads\/2024\/08\/Argentina-soja-y-dolares.jpg-300x169.webp\" alt=\"\" width=\"511\" height=\"288\" srcset=\"https:\/\/www.lapluma.net\/wp-content\/uploads\/2024\/08\/Argentina-soja-y-dolares.jpg-300x169.webp 300w, https:\/\/www.lapluma.net\/wp-content\/uploads\/2024\/08\/Argentina-soja-y-dolares.jpg-768x432.webp 768w, https:\/\/www.lapluma.net\/wp-content\/uploads\/2024\/08\/Argentina-soja-y-dolares.jpg.webp 800w\" sizes=\"auto, (max-width: 511px) 100vw, 511px\" \/><figcaption id=\"caption-attachment-69676\" class=\"wp-caption-text\"><span style=\"font-size: 10pt;\">El \u00ab\u00a0d\u00f3lar soja\u00a0\u00bb busca repuntar las peligrosamente bajas reservas del Banco Central.<\/span><\/figcaption><\/figure>\n<p style=\"text-align: justify;\"><span style=\"font-size: 14pt;\">El SISA presenta una oportuna estratificaci\u00f3n donde se refleja que la necesidad de alquilar tierras predomina en los segmentos de productores de mayor escala. Los que siembran de 800 a 3.000 hect\u00e1reas tienen una relaci\u00f3n de tres hect\u00e1reas alquiladas por cada una propia. Y algo parecido sucede con los productores de m\u00e1s de 3.000 hect\u00e1reas. Poseen 1,37 millones de hect\u00e1reas, pero alquilan otras 4,9 millones. Es m\u00e1s, hay much\u00edsimos productores que no disponen de campo propio y arriendan toda la superficie que producen. Los datos de la tenencia de la superficie implantada muestran que hay m\u00e1s personas involucradas en el negocio, ya que existen 88.527 CUIT de los cuales no todos son productores. Sobre ese universo, se registraron 37.641 casos de personas o empresas que producen sobre campo propio, otros 40.274 casos que lo hacen sobre campo exclusivamente arrendado y 10.612 personas que combinan ambas situaciones.<\/span><\/p>\n<p style=\"text-align: justify;\"><span style=\"font-size: 14pt;\">Los que alquilan se financian con los pools de siembras, que conforman un sistema de producci\u00f3n agraria caracterizado por el papel determinante que juega el capital financiero y la organizaci\u00f3n empresarial transitoria que asume el control de la producci\u00f3n agropecuaria mediante el arrendamiento de grandes extensiones de terrenos. El organizador del pool suele ser una empresa que cuenta con un ingeniero agr\u00f3nomo y eventualmente otros administradores y gestores destinados a coordinar e implementar la agrupaci\u00f3n y ejecuci\u00f3n de las tareas productivas. Formado el grupo organizador, se implementa un fondo com\u00fan de inversi\u00f3n con el fin de atraer inversores a partir de un esquema de siembra y una tasa de rentabilidad. <\/span><\/p>\n<p style=\"text-align: justify;\"><span style=\"font-size: 14pt;\">Pedro Peretti [8] sostiene que la Argentina hoy tiene una agricultura de \u201ctres pisos\u201d: uno es el terrateniente due\u00f1o Aseguran que el pool de siembra ya no es negocio y caen alquileres de campos de la tierra, el otro son los contratistas rurales (los que la trabajan efectivamente) y el tercer piso son los pools de siembra, grandes grupos financieros que se dedican a alquilar tierras y sembrarlas para exportar.<br \/>\n<\/span><\/p>\n<p style=\"text-align: justify;\"><span style=\"font-size: 14pt;\"><img loading=\"lazy\" decoding=\"async\" class=\" wp-image-69677 aligncenter\" src=\"https:\/\/www.lapluma.net\/wp-content\/uploads\/2024\/08\/argentina-campo.jpg\" alt=\"\" width=\"490\" height=\"358\" \/><\/span><\/p>\n<p style=\"text-align: justify;\"><span style=\"font-size: 14pt;\">Los productores dejan de ser productores para transformarse en auxiliares productivos de las grandes corporaciones exportadoras. Lo \u00fanico que interesa es el volumen exportable, no qui\u00e9n, ni cu\u00e1ntos producen, ni d\u00f3nde se produce, ni para qu\u00e9. Por eso, cuando asumi\u00f3 el hoy despedido Fernando Vilella como secretario del \u00e1rea, la presentaci\u00f3n estuvo a cargo de Jos\u00e9 Demicheli, CEO de Adblick, un mega pool de siembra que trabaja m\u00e1s de 50.000 hect\u00e1reas, arrendando m\u00e1s de 100 campos, con un fondo com\u00fan de inversi\u00f3n propio con 800 inversores.<\/span><\/p>\n<p style=\"text-align: justify;\"><span style=\"font-size: 14pt;\">Este sistema impuesto en forma creciente desde fines del siglo pasado es la causa del sideral desmonte que se est\u00e1 realizando en nuestro pa\u00eds para sembrar principalmente soja y ma\u00edz, de manera tal que la Uni\u00f3n Europea sancion\u00f3 una ley que proh\u00edbe la importaci\u00f3n de productos vinculados con la deforestaci\u00f3n posterior al a\u00f1o 2020, por lo que todos los productos que contengan soja y\/o ma\u00edz van a pasar estrictos controles para garantizar que no provienen de ecosistemas que hayan sido da\u00f1ados desde entonces.<\/span><\/p>\n<p style=\"text-align: justify;\"><span style=\"font-size: 14pt;\">Tomemos los ejemplos m\u00e1s notorios para ver su funcionamiento:<\/span><\/p>\n<p style=\"text-align: justify;\"><span style=\"font-size: 14pt;\">Adecoagro, que administra seg\u00fan un informe del bufet <a href=\"https:\/\/en.wikipedia.org\/wiki\/Cushman_%26_Wakefield\">Cushman &amp; Wakefield<\/a>, al 30 de septiembre del 2023, 217.810 hect\u00e1reas en la Argentina, entre Buenos Aires, Corrientes, Formosa, Salta, Santa Fe y Santiago del Estero. Los campos est\u00e1n dedicados a la siembra de soja, ma\u00edz, trigo, man\u00ed, girasol, arroz y otros cereales. Tambi\u00e9n se dedican a la elaboraci\u00f3n de alimentos l\u00e1cteos, por medio de la marca Las Tres Ni\u00f1as, y arroz y snacks a trav\u00e9s de Molinos Ala y Ap\u00f3stoles. La firma fue fundada en la Argentina por Mariano Bosch, un empresario dedicado a los agronegocios, quien actualmente es director CEO. Las actividades comenzaron en 2002, a\u00f1o en el que debutaron con 70.000 hect\u00e1reas dedicadas a la producci\u00f3n agr\u00edcola y ganadera.<\/span><\/p>\n<p style=\"text-align: justify;\"><span style=\"font-size: 14pt;\"><img loading=\"lazy\" decoding=\"async\" class=\"size-medium wp-image-69678 alignleft\" src=\"https:\/\/www.lapluma.net\/wp-content\/uploads\/2024\/08\/Adecoagro-300x128.png\" alt=\"\" width=\"300\" height=\"128\" srcset=\"https:\/\/www.lapluma.net\/wp-content\/uploads\/2024\/08\/Adecoagro-300x128.png 300w, https:\/\/www.lapluma.net\/wp-content\/uploads\/2024\/08\/Adecoagro-1024x438.png 1024w, https:\/\/www.lapluma.net\/wp-content\/uploads\/2024\/08\/Adecoagro-768x329.png 768w, https:\/\/www.lapluma.net\/wp-content\/uploads\/2024\/08\/Adecoagro-1536x657.png 1536w, https:\/\/www.lapluma.net\/wp-content\/uploads\/2024\/08\/Adecoagro.png 1680w\" sizes=\"auto, (max-width: 300px) 100vw, 300px\" \/>Adecoagro cotiza en la Bolsa de Comercio de Nueva York (NYSE) desde 2011. Actualmente, el principal accionista, con el 31,19% del capital, es PGIM Jennison Small Company Fd, uno de los administradores de acciones y activos l\u00edderes en los Estados Unidos, el otro gran accionista con el 11,15% es Route One Investment Company, L.P, con sede en San Francisco, Estados Unidos, un fondo de cobertura, originalmente dedicado a bienes ra\u00edces. Otro socio destacado es el JP Morgan (BlackRock y Vanguard, fondos que seguramente tienen participaci\u00f3n en los otros fondos mencionados).<\/span><br \/>\n<span style=\"font-size: 14pt;\"><a href=\"https:\/\/www.cresud.com.ar\/\">Cresud S. A<\/a>., que es una firma presidida por Eduardo Elzstain y tiene 538.822 hect\u00e1reas en las provincias de Santa Cruz (100.911 has), La Pampa (9.615 has), Entre R\u00edos (6.024 has), Santa Fe (1.431 has), C\u00f3rdoba (1.534 has), San Luis (7.010 has), Mendoza (674 has), Chaco (26.370 has), Catamarca (12.395 has) y Salta (37.858 has). El dato surge de la web oficial de la empresa, de donde tambi\u00e9n se desprende que tiene tierras en Brasil, Paraguay y Bolivia. Las dedica al negocio agropecuario, con producci\u00f3n de granos de oleaginosas y cereales, ca\u00f1a de az\u00facar y carnes. El conglomerado tambi\u00e9n est\u00e1 integrado por Inversiones y Representaciones Sociedad An\u00f3nima (IRSA), dedicada al desarrollo inmobiliario y due\u00f1a de los principales shoppings del pa\u00eds.<\/span><br \/>\n<span style=\"font-size: 14pt;\">Lartirigoyen y C\u00eda, que le pertenece a la familia (desde 1850), ahora asociada con Viterra (donde tiene participaci\u00f3n BlackRock). Su sede central es en La Pampa, pero tambi\u00e9n opera en las provincias de Buenos Aires, Entre R\u00edos, Santa Fe, C\u00f3rdoba y Salta. Lartirigoyen no posee tierras propias, sino que produce en forma asociativa con m\u00e1s de 55 productores de nuestro pa\u00eds. Se dedica a la producci\u00f3n de cereales y a la actividad ganadera, posee cerca de 22.500 cabezas vacunas repartidas en campos de La Pampa y el sur de Buenos Aires y dos criaderos de cerdos, uno de ellos en Dorila (La Pampa) y otro en Reconquista (Santa Fe).<\/span><\/p>\n<h5><span style=\"font-size: 18pt;\">En s\u00edntesis<\/span><\/h5>\n<p style=\"text-align: justify;\"><span style=\"font-size: 14pt;\">Los ricos de este pa\u00eds (la vieja y la nueva casta) dividen sus negocios entre el carry trade y el sistema colonial tradicional, por supuesto que apuestan a ambos frentes; es m\u00e1s, la implosi\u00f3n de la deuda p\u00fablica es funcional a la magna devaluaci\u00f3n que necesitan para comprar por menos de la mitad lo que vale el doble.<\/span><\/p>\n<p style=\"text-align: justify;\"><span style=\"font-size: 14pt;\">El problema es cu\u00e1ndo van a devaluar y el retraso fue que apostaron muchos d\u00f3lares a comprar t\u00edtulos en pesos y todos no se pueden ir.<\/span><\/p>\n<p style=\"text-align: justify;\"><span style=\"font-size: 14pt;\">Mientras ellos dirimen sus cuentas y comisiones, el pueblo argentino del presente y del futuro paga las consecuencias.<\/span><\/p>\n<h5 style=\"text-align: justify;\"><span style=\"font-size: 14pt;\">Notas<\/span><\/h5>\n<p><span style=\"font-size: 12pt;\">[1] Casta: Es un sistema social en el que el estatus personal se adjudica de por vida, por tanto, en las sociedades organizadas por castas, los diferentes estratos son cerrados y el individuo debe permanecer en el estrato social en el que naci\u00f3.<\/span><\/p>\n<p><span style=\"font-size: 12pt;\">[2] Victorino de la Plaza\u00a0 era Vicepresidente de la Rep\u00fablica con Roque S\u00e1enz Pe\u00f1a y, tras el pedido de licencia por enfermedad (y posterior fallecimiento) de S\u00e1enz Pe\u00f1a, asumi\u00f3 la presidencia el 6 de octubre de 1913. Victorino de la Plaza a fines de 1890 fue encargado por el Presidente Carlos Pellegrini de la renegociaci\u00f3n de la deuda externa del pa\u00eds, en medio de la crisis econ\u00f3mica de ese a\u00f1o<\/span><\/p>\n<p><span style=\"font-size: 12pt;\">[3] El DNU 70\/23 fue rechazado por el Senado de la Naci\u00f3n y la C\u00e1mara de Diputados nunca lo trat\u00f3. Es m\u00e1s, si 134 de sus miembros votaron las leyes 27.742 (que contiene el RIGI) y 27.743 de paliativo fiscal (que incluye el \u201cblanqueo\u201d de capitales), es f\u00e1cil entender por qu\u00e9.<\/span><\/p>\n<p><span style=\"font-size: 12pt;\">[4] A 2.430 d\u00f3lares por onza; un lingote tiene 400 onzas troy.<\/span><\/p>\n<p><span style=\"font-size: 12pt;\">[5] La proyecci\u00f3n de la Balanza de Pagos que hace el gobierno es positiva en el super\u00e1vit comercial, pero se torna deficitaria en el conjunto de la Cuenta Corriente por el d\u00e9ficit en los servicios reales (royalties, fletes, seguros, comunicaciones, turismo, etc.) y financieros (intereses de la deuda y giro a las casas matrices).<\/span><\/p>\n<p><span style=\"font-size: 12pt;\">[6] Tenaris S. A. es una empresa metal\u00fargica multinacional subsidiaria del grupo argentino Techint. Produce tubos de acero sin costura para la industria del petr\u00f3leo, tubos de acero con costura y servicios para la industria de la energ\u00eda y otras aplicaciones energ\u00e9ticas.<\/span><\/p>\n<p><span style=\"font-size: 12pt;\"><a href=\"https:\/\/www.elcohetealaluna.com\/colonizacion\/#_ftnref7\" name=\"_ftn7\">[7]<\/a> Para que sirva de referencia, la Ciudad Aut\u00f3noma de Buenos Aires tiene un ejido de 20.300 hect\u00e1reas.<\/span><\/p>\n<h2><span style=\"font-size: 14pt;\">Horacio Rovelli<\/span><\/h2>\n<h2><span style=\"font-size: 14pt;\">Fuente: <a href=\"https:\/\/www.surysur.net\/colonizacion-viejas-y-nuevas-formas-de-dominio-en-argentina\/\"><span style=\"color: #ff0000;\">SURySUR,<\/span><\/a> 4 de agosto de 2024<\/span><\/h2>\n<h2><span style=\"font-size: 14pt;\">Editado por <\/span><a href=\"https:\/\/www.lapluma.net\/nosotros\/editora\/\"><span style=\"font-size: 14pt;\">Mar\u00eda Piedad Ossaba<\/span><\/a><\/h2>\n","protected":false},"excerpt":{"rendered":"<p>Los ricos de este pa\u00eds (la vieja y la nueva casta) dividen sus negocios entre el carry trade y el sistema colonial tradicional, por supuesto que apuestan a ambos frentes; es m\u00e1s, la implosi\u00f3n de la deuda p\u00fablica es funcional a la magna devaluaci\u00f3n que necesitan para comprar por menos de la mitad lo que vale el doble.<\/p>\n","protected":false},"author":1380,"featured_media":69679,"comment_status":"open","ping_status":"open","sticky":false,"template":"","format":"standard","meta":{"_uf_show_specific_survey":0,"_uf_disable_surveys":false,"footnotes":""},"categories":[22393],"tags":[225,63,27507,27505,27076,114,27506],"coauthors":[25364],"class_list":["post-69670","post","type-post","status-publish","format-standard","has-post-thumbnail","hentry","category-economia","tag-argentina","tag-capitalismo","tag-el-sisa","tag-enajenacion-patrimonio-nacional","tag-horacio-rovelli","tag-neoliberalismo","tag-repo-repurchase-agreement"],"translation":{"provider":"WPGlobus","version":"2.12.2","language":"fr","enabled_languages":["es","fr"],"languages":{"es":{"title":true,"content":true,"excerpt":true},"fr":{"title":false,"content":false,"excerpt":false}}},"_links":{"self":[{"href":"https:\/\/www.lapluma.net\/fr\/wp-json\/wp\/v2\/posts\/69670","targetHints":{"allow":["GET"]}}],"collection":[{"href":"https:\/\/www.lapluma.net\/fr\/wp-json\/wp\/v2\/posts"}],"about":[{"href":"https:\/\/www.lapluma.net\/fr\/wp-json\/wp\/v2\/types\/post"}],"author":[{"embeddable":true,"href":"https:\/\/www.lapluma.net\/fr\/wp-json\/wp\/v2\/users\/1380"}],"replies":[{"embeddable":true,"href":"https:\/\/www.lapluma.net\/fr\/wp-json\/wp\/v2\/comments?post=69670"}],"version-history":[{"count":4,"href":"https:\/\/www.lapluma.net\/fr\/wp-json\/wp\/v2\/posts\/69670\/revisions"}],"predecessor-version":[{"id":69672,"href":"https:\/\/www.lapluma.net\/fr\/wp-json\/wp\/v2\/posts\/69670\/revisions\/69672"}],"wp:featuredmedia":[{"embeddable":true,"href":"https:\/\/www.lapluma.net\/fr\/wp-json\/wp\/v2\/media\/69679"}],"wp:attachment":[{"href":"https:\/\/www.lapluma.net\/fr\/wp-json\/wp\/v2\/media?parent=69670"}],"wp:term":[{"taxonomy":"category","embeddable":true,"href":"https:\/\/www.lapluma.net\/fr\/wp-json\/wp\/v2\/categories?post=69670"},{"taxonomy":"post_tag","embeddable":true,"href":"https:\/\/www.lapluma.net\/fr\/wp-json\/wp\/v2\/tags?post=69670"},{"taxonomy":"author","embeddable":true,"href":"https:\/\/www.lapluma.net\/fr\/wp-json\/wp\/v2\/coauthors?post=69670"}],"curies":[{"name":"wp","href":"https:\/\/api.w.org\/{rel}","templated":true}]}}