{"id":69216,"date":"2024-07-25T10:32:19","date_gmt":"2024-07-25T10:32:19","guid":{"rendered":"https:\/\/www.lapluma.net\/?p=69216"},"modified":"2024-07-30T13:31:41","modified_gmt":"2024-07-30T13:31:41","slug":"69216","status":"publish","type":"post","link":"https:\/\/www.lapluma.net\/fr\/2024\/07\/25\/69216\/","title":{"rendered":"Latinoam\u00e9rica mira expectante hacia M\u00e9xico: Entrevista con Sara M\u00e9ndez, defensora mexicana de Derechos Humanos"},"content":{"rendered":"<h2><span style=\"font-size: 18pt;\">De L\u00f3pez Obrador a Claudia Sheinbaum<\/span><\/h2>\n<p style=\"text-align: justify;\"><span style=\"font-size: 14pt;\">A poco m\u00e1s de dos meses del 1 de octubre, cuando asuma la nueva presidenta de M\u00e9xico, Claudia Sheinbaum, los ojos de la sociedad civil de ese pa\u00eds se enfocan en los desaf\u00edos y las prioridades futuras. Para mirar ese horizonte, sin embargo, parece imprescindible el balance del sexenio pasado, compleja tarea que asume Sara M\u00e9ndez, defensora de derechos humanos y fundadora de la organizaci\u00f3n CODIGO DH.<\/span><\/p>\n<p style=\"text-align: justify;\"><span style=\"font-size: 14pt;\"><a href=\"https:\/\/codigodh.org\/\">CODIGO DH<\/a> (Comit\u00e9 de Defensa Integral de Derechos Humanos Gobixha) trabaja a favor de la defensa integral de los derechos humanos en el Estado de Oaxaca: a nivel legal, m\u00e9dico y psicol\u00f3gico de v\u00edctimas y sobrevivientes de violaciones a sus derechos esenciales. Gobixha, en lengua zapoteca, significa Sol.<span class=\"spip_note_ref\">\u00a0[1]<\/span>.<br \/>\n<\/span><\/p>\n<p style=\"text-align: justify;\"><span style=\"font-size: 14pt;\">\u201cSe est\u00e1 cerrando un sexenio del Gobierno de Andr\u00e9s Manuel L\u00f3pez Obrador (AMLO) que promovi\u00f3 un fuerte enfoque social, aunque su gesti\u00f3n tuvo muy diversos claros oscuros, entre ellos una tensa relaci\u00f3n con la sociedad civil mexicana\u201d, expresa la antrop\u00f3loga y militante social Sara M\u00e9ndez en esta entrevista exclusiva durante su reciente visita a Suiza. Y concluye: <em>\u201cEsperamos con mucha ansiedad que la nueva etapa de Claudia Sheinbaum permita profundizar los logros sociales y avance con los aspectos pendientes heredados de la gesti\u00f3n de L\u00f3pez Obrador\u201d.<\/em><\/span><\/p>\n<p style=\"text-align: center;\"><iframe loading=\"lazy\" title=\"#DEFENSORAS, Sara M\u00e9ndez promoviendo cambio y justicia en Oaxaca\" src=\"https:\/\/www.youtube.com\/embed\/ZYV1OB3dw5Y\" width=\"640\" height=\"360\" frameborder=\"0\" allowfullscreen=\"allowfullscreen\"><\/iframe><\/p>\n<p style=\"text-align: justify;\"><span style=\"font-size: 14pt; color: #000000;\">La reflexi\u00f3n de M\u00e9ndez se nutre de su pr\u00e1ctica pol\u00edtico-social de inserci\u00f3n en los territorios y entre los sectores m\u00e1s excluidos del sur oriental Estado de Oaxaca. Su organizaci\u00f3n, adem\u00e1s del trabajo de derechos humanos, se ocupa del fortalecimiento comunitario y de iniciativas de cabildeo y sensibilizaci\u00f3n a favor de pol\u00edticas p\u00fablicas y del cumplimiento y el impulso de legislaci\u00f3n en materia de derechos humanos, integrando diversas redes y plataformas nacionales. El espectro es amplio, se\u00f1ala M\u00e9ndez, al enumerar los ejes de la tarea de CODIGO DH: la atenci\u00f3n de v\u00edctimas de tortura, la prevenci\u00f3n de la violencia de g\u00e9nero, el apoyo a los pueblos ind\u00edgenas, as\u00ed como la mirada cr\u00edtica a la siempre compleja relaci\u00f3n entre empresas y derechos humanos.<span class=\"spip_note_ref\">[<a id=\"nh2\" class=\"spip_note\" style=\"color: #000000;\" href=\"https:\/\/www.cadtm.org\/Latinoamerica-mira-expectante-hacia-Mexico#nb2\" rel=\"appendix\">2<\/a>]<\/span>.<\/span><\/p>\n<figure id=\"attachment_69221\" aria-describedby=\"caption-attachment-69221\" style=\"width: 600px\" class=\"wp-caption aligncenter\"><img loading=\"lazy\" decoding=\"async\" class=\"wp-image-69221\" src=\"https:\/\/www.lapluma.net\/wp-content\/uploads\/2024\/07\/Afiche-contra-la-violencia-de-genero-de-CODIGO-DH-300x140.jpg\" alt=\"\" width=\"600\" height=\"280\" srcset=\"https:\/\/www.lapluma.net\/wp-content\/uploads\/2024\/07\/Afiche-contra-la-violencia-de-genero-de-CODIGO-DH-300x140.jpg 300w, https:\/\/www.lapluma.net\/wp-content\/uploads\/2024\/07\/Afiche-contra-la-violencia-de-genero-de-CODIGO-DH.jpg 685w\" sizes=\"auto, (max-width: 600px) 100vw, 600px\" \/><figcaption id=\"caption-attachment-69221\" class=\"wp-caption-text\">Afiche contra la violencia de g\u00e9nero de C\u00f3digo DH.<\/figcaption><\/figure>\n<h5 style=\"text-align: justify;\"><span style=\"font-size: 18pt; color: #ff0000;\">El sexenio de L\u00f3pez Obrador<\/span><\/h5>\n<p style=\"text-align: justify;\"><span style=\"font-size: 14pt;\">El triunfo de Sheinbaum en las urnas el pasado 2 de junio, con el 59% de los votos, es el resultado de una serie de factores, varios de los cuales se originan en el sexenio que est\u00e1 por concluir. Elemento esencial: la econom\u00eda mexicana se fortaleci\u00f3, como afirma Sara M\u00e9ndez, quien en representaci\u00f3n de un sector de la sociedad civil de su pa\u00eds particip\u00f3 como \u201ctestigo\u201d en el cuarto <a href=\"https:\/\/www.ohchr.org\/sites\/default\/files\/Documents\/AboutUs\/CivilSociety\/Chapter_7_sp.pdf\">Examen Peri\u00f3dico Universal,<\/a> mecanismo de control de los Derechos Humanos, que acaba de realizarse a inicios de julio en el Consejo de Derechos Humanos de la ONU en Ginebra, Suiza. <span class=\"spip_note_ref\">[<a id=\"nh3\" class=\"spip_note\" href=\"https:\/\/www.cadtm.org\/Latinoamerica-mira-expectante-hacia-Mexico#nb3\" rel=\"appendix\">3<\/a>]<\/span>.<br \/>\n<\/span><\/p>\n<p style=\"text-align: justify;\"><span style=\"font-size: 14pt;\">Partiendo de algunos datos ilustrativos y a manera de ejemplo, la militante social realiza un <a class=\"cs_glossaire\" href=\"https:\/\/www.cadtm.org\/Balance\" name=\"mot888_0\"><span class=\"gl_mot\">balance<\/span><\/a> del actual Gobierno. <em>\u201cHoy el pa\u00eds cuenta con una moneda fuerte. En estos \u00faltimos a\u00f1os se logr\u00f3 una clara recuperaci\u00f3n del salario m\u00ednimo, que pas\u00f3 de 4 d\u00f3lares diarios a casi 13. Lo que habla de un paso importante, aunque todav\u00eda insuficiente, en la recuperaci\u00f3n del poder adquisitivo y constituye una buena se\u00f1al, si se considera, adem\u00e1s, la preocupaci\u00f3n oficial por tematizar y mejorar el respeto de los derechos laborales, casi olvidados por completo en los gobiernos neoliberales anteriores a L\u00f3pez Obrador\u201d<\/em>.<\/span><\/p>\n<figure id=\"attachment_69222\" aria-describedby=\"caption-attachment-69222\" style=\"width: 600px\" class=\"wp-caption aligncenter\"><img loading=\"lazy\" decoding=\"async\" class=\"wp-image-69222\" src=\"https:\/\/www.lapluma.net\/wp-content\/uploads\/2024\/07\/De-Lopez-Obrador-a-Claudia-Scheinbaum_-Una-continuidad-con-mayores-desafios-ante-los-ojos-expectantes-de-America-Latina-Foto-FB-de-Claudia-Scheinbaum-300x200.jpg\" alt=\"\" width=\"600\" height=\"400\" srcset=\"https:\/\/www.lapluma.net\/wp-content\/uploads\/2024\/07\/De-Lopez-Obrador-a-Claudia-Scheinbaum_-Una-continuidad-con-mayores-desafios-ante-los-ojos-expectantes-de-America-Latina-Foto-FB-de-Claudia-Scheinbaum-300x200.jpg 300w, https:\/\/www.lapluma.net\/wp-content\/uploads\/2024\/07\/De-Lopez-Obrador-a-Claudia-Scheinbaum_-Una-continuidad-con-mayores-desafios-ante-los-ojos-expectantes-de-America-Latina-Foto-FB-de-Claudia-Scheinbaum-1024x682.jpg 1024w, https:\/\/www.lapluma.net\/wp-content\/uploads\/2024\/07\/De-Lopez-Obrador-a-Claudia-Scheinbaum_-Una-continuidad-con-mayores-desafios-ante-los-ojos-expectantes-de-America-Latina-Foto-FB-de-Claudia-Scheinbaum-768x512.jpg 768w, https:\/\/www.lapluma.net\/wp-content\/uploads\/2024\/07\/De-Lopez-Obrador-a-Claudia-Scheinbaum_-Una-continuidad-con-mayores-desafios-ante-los-ojos-expectantes-de-America-Latina-Foto-FB-de-Claudia-Scheinbaum-435x290.jpg 435w, https:\/\/www.lapluma.net\/wp-content\/uploads\/2024\/07\/De-Lopez-Obrador-a-Claudia-Scheinbaum_-Una-continuidad-con-mayores-desafios-ante-los-ojos-expectantes-de-America-Latina-Foto-FB-de-Claudia-Scheinbaum-150x100.jpg 150w, https:\/\/www.lapluma.net\/wp-content\/uploads\/2024\/07\/De-Lopez-Obrador-a-Claudia-Scheinbaum_-Una-continuidad-con-mayores-desafios-ante-los-ojos-expectantes-de-America-Latina-Foto-FB-de-Claudia-Scheinbaum-370x247.jpg 370w, https:\/\/www.lapluma.net\/wp-content\/uploads\/2024\/07\/De-Lopez-Obrador-a-Claudia-Scheinbaum_-Una-continuidad-con-mayores-desafios-ante-los-ojos-expectantes-de-America-Latina-Foto-FB-de-Claudia-Scheinbaum.jpg 1280w\" sizes=\"auto, (max-width: 600px) 100vw, 600px\" \/><figcaption id=\"caption-attachment-69222\" class=\"wp-caption-text\">De L\u00f3pez Obrador a Claudia Scheinbaum. Una continuidad con mayores desaf\u00edos ante los ojos expectantes de Am\u00e9rica Latina. Foto: FB de Claudia Scheinbaum.<\/figcaption><\/figure>\n<p style=\"text-align: justify;\"><span style=\"font-size: 14pt;\">Los programas sociales, agrega, permitieron que, seg\u00fan datos oficiales, cerca de 5 millones de personas hayan podido salir de la situaci\u00f3n de pobreza en la que viv\u00edan al asumir L\u00f3pez Obrador. Tres han sido los principales: el que beneficia a la juventud (J\u00f3venes Construyendo el Futuro), que promueve oportunidades laborales; las becas escolares para ni\u00f1as y ni\u00f1os de sectores priorizados seg\u00fan los niveles de marginaci\u00f3n definidos por la Secretar\u00eda de Educaci\u00f3n P\u00fablica, y el apoyo a adultos mayores a partir de los 65 a\u00f1os.<\/span><\/p>\n<p style=\"text-align: justify;\"><span style=\"font-size: 14pt;\">Es llamativo, se\u00f1ala M\u00e9ndez, que, a pesar de esa creciente inversi\u00f3n social, la <a class=\"cs_glossaire\" href=\"https:\/\/www.cadtm.org\/Deuda\" name=\"mot1048_1\"><span class=\"gl_mot\">deuda<\/span><\/a> no haya aumentado y siga siendo estable. Situaci\u00f3n macro que va de la mano de los esfuerzos del Gobierno por priorizar al empresariado nacional y el fortalecimiento de empresas como PEMEX, que recuper\u00f3 en casi un 34% su capacidad de refinamiento de petr\u00f3leo, y la Comisi\u00f3n Federal de Electricidad, que asegur\u00f3 precios estables, e incluso menores, de la electricidad y el gas de uso dom\u00e9sticos, con el correspondiente impacto positivo en la calidad de vida de la gente. Ambas entidades hab\u00edan sido pr\u00e1cticamente desarticuladas en las administraciones precedentes a L\u00f3pez Obrador.<\/span><\/p>\n<p style=\"text-align: justify;\"><span style=\"font-size: 14pt;\">La coordinadora de CODIGO DH cierra este r\u00e1pido balance con dos aspectos que le parecen centrales. El esfuerzo por una nueva pol\u00edtica de comunicaci\u00f3n promovida por el propio presidente L\u00f3pez Obrador, con su programa diario las \u201cma\u00f1aneras\u201d de di\u00e1logo con la prensa y transmitido abiertamente, al igual que su resumen vespertino. Parad\u00f3jicamente, sectores de la oposici\u00f3n critican este espacio por considerarlo un mecanismo de control de la opini\u00f3n p\u00fablica \u2013m\u00e1s que un ejercicio de transparencia&#8211;, en un pa\u00eds en el que algunas pocas empresas de medios, como Televisa, ejercen un control casi monop\u00f3lico de la prensa.<\/span><\/p>\n<p style=\"text-align: justify;\"><span style=\"font-size: 14pt;\">Por otra parte,<em> \u201cla mayor participaci\u00f3n de las mujeres, a nivel general, y en particular en la vida pol\u00edtica, constituye un elemento muy positivo, aunque perfectible, en un pa\u00eds en el que las mismas representamos el 52% de la poblaci\u00f3n\u201d.<\/em> Tras su afirmaci\u00f3n, M\u00e9ndez esgrime datos que la sostienen, como la paridad de g\u00e9nero, resultado de recientes cambios legislativos tanto en la C\u00e1mara de Diputados como de Senadores, aunque reconoce que dicha relaci\u00f3n se debilita a nivel de base, en instancias regionales y municipales. <em>\u201cEn este siglo, al que denominamos \u2018el de las mujeres\u2019, empezamos bien en M\u00e9xico y esperamos que siga mejorando\u201d<\/em>, afirma la coordinadora del \u00e1rea de fortalecimiento de CODIGO DH.<br \/>\n<\/span><\/p>\n<figure id=\"attachment_69219\" aria-describedby=\"caption-attachment-69219\" style=\"width: 600px\" class=\"wp-caption aligncenter\"><img loading=\"lazy\" decoding=\"async\" class=\"wp-image-69219\" src=\"https:\/\/www.lapluma.net\/wp-content\/uploads\/2024\/07\/Sara-Mendez-en-el-Consejo-de-Derechos-Humanos-de-Ginebra-_julio-2024_Foto-CODIGO-DH-300x262.jpg\" alt=\"\" width=\"600\" height=\"524\" srcset=\"https:\/\/www.lapluma.net\/wp-content\/uploads\/2024\/07\/Sara-Mendez-en-el-Consejo-de-Derechos-Humanos-de-Ginebra-_julio-2024_Foto-CODIGO-DH-300x262.jpg 300w, https:\/\/www.lapluma.net\/wp-content\/uploads\/2024\/07\/Sara-Mendez-en-el-Consejo-de-Derechos-Humanos-de-Ginebra-_julio-2024_Foto-CODIGO-DH-768x670.jpg 768w, https:\/\/www.lapluma.net\/wp-content\/uploads\/2024\/07\/Sara-Mendez-en-el-Consejo-de-Derechos-Humanos-de-Ginebra-_julio-2024_Foto-CODIGO-DH.jpg 818w\" sizes=\"auto, (max-width: 600px) 100vw, 600px\" \/><figcaption id=\"caption-attachment-69219\" class=\"wp-caption-text\">Sara Mendez en el Consejo de Derechos Humanos de Ginebra, julio-2024.Foto CODIGO DH.<\/figcaption><\/figure>\n<h5 style=\"text-align: justify;\"><span style=\"font-size: 18pt; color: #ff0000;\">Desaf\u00edos pendientes<\/span><\/h5>\n<p style=\"text-align: justify;\"><span style=\"font-size: 14pt;\">Sin embargo, para M\u00e9ndez <em>\u201cno todo ha sido lineal y positivo. Ha habido desencuentros. Se dieron ataques desde el Gobierno a organizaciones de la sociedad civil\u201d<\/em>. Una sociedad civil donde, como ella misma lo reconoce, conviven sectores de derecha y de izquierda, de incidencia territorial y del gran empresariado. Y esto ser\u00e1 uno de los principales desaf\u00edos de la nueva presidenta, que se ver\u00e1, adem\u00e1s, confrontada a dar respuestas y resolver temas pendientes del gobierno de su predecesor y \u201c<em>padre pol\u00edtico<\/em>\u201d.<\/span><\/p>\n<p style=\"text-align: justify;\"><span style=\"font-size: 14pt;\">M\u00e9ndez subraya que faltaron resultados en la lucha contra la impunidad, as\u00ed como respuestas a demandas de importantes organizaciones sociales cr\u00edticas a la militarizaci\u00f3n; no se resolvieron casos emblem\u00e1ticos de violencia como el de los <a href=\"https:\/\/www.lapluma.net\/2019\/03\/01\/donde-estan-no-olvidamos-ni-tampoco-perdonamos-ayotzinapa-el-paso-de-la-tortuga\/\">43 estudiantes desaparecidos de Ayotzinapa;<\/a> no se detuvo el asesinato de numerosas trabajadoras-es de prensa, as\u00ed como los constantes feminicidios que golpean desde a\u00f1os a M\u00e9xico. El acceso a la justicia y el propio sistema de justicia sigue siendo un muy trascendental tema pendiente. Y en cuanto a la pol\u00edtica gubernamental de informaci\u00f3n, si bien las ma\u00f1aneras constituyen un ejercicio positivo, hay aspectos de ese programa que deber\u00edan ser revisados para evitar aumentar el tono de confrontaci\u00f3n en el pa\u00eds. Y reflexiona: <em>\u201ces importante desde el Estado combatir las fake news, fortalecer el esfuerzo informativo-pedag\u00f3gico, pero sin exagerar en ese ejercicio lo que lleva a antagonismos poco saludables para el conjunto de la Naci\u00f3n\u201d<\/em>.<\/span><\/p>\n<figure id=\"attachment_69225\" aria-describedby=\"caption-attachment-69225\" style=\"width: 600px\" class=\"wp-caption aligncenter\"><img loading=\"lazy\" decoding=\"async\" class=\"wp-image-69225\" src=\"https:\/\/www.lapluma.net\/wp-content\/uploads\/2024\/07\/Las-madres-siguen-buscando-a-sus-familiares-desaparecidos-en-Mexico-con-el-apoyo-de-organismos-de-derechos-humanos_-Foto-Centro-de-Estudios-Ecumenicos-300x136.jpg\" alt=\"\" width=\"600\" height=\"272\" srcset=\"https:\/\/www.lapluma.net\/wp-content\/uploads\/2024\/07\/Las-madres-siguen-buscando-a-sus-familiares-desaparecidos-en-Mexico-con-el-apoyo-de-organismos-de-derechos-humanos_-Foto-Centro-de-Estudios-Ecumenicos-300x136.jpg 300w, https:\/\/www.lapluma.net\/wp-content\/uploads\/2024\/07\/Las-madres-siguen-buscando-a-sus-familiares-desaparecidos-en-Mexico-con-el-apoyo-de-organismos-de-derechos-humanos_-Foto-Centro-de-Estudios-Ecumenicos-1024x464.jpg 1024w, https:\/\/www.lapluma.net\/wp-content\/uploads\/2024\/07\/Las-madres-siguen-buscando-a-sus-familiares-desaparecidos-en-Mexico-con-el-apoyo-de-organismos-de-derechos-humanos_-Foto-Centro-de-Estudios-Ecumenicos-768x348.jpg 768w, https:\/\/www.lapluma.net\/wp-content\/uploads\/2024\/07\/Las-madres-siguen-buscando-a-sus-familiares-desaparecidos-en-Mexico-con-el-apoyo-de-organismos-de-derechos-humanos_-Foto-Centro-de-Estudios-Ecumenicos.jpg 1170w\" sizes=\"auto, (max-width: 600px) 100vw, 600px\" \/><figcaption id=\"caption-attachment-69225\" class=\"wp-caption-text\">Las madres siguen buscando a sus familiares desaparecidos en M\u00e9xico con el apoyo de los organismos de Derechos Humanos. Foto: Centro de Estudios Ecum\u00e9nicos.<\/figcaption><\/figure>\n<p style=\"text-align: justify;\"><span style=\"font-size: 14pt;\">El punto de arranque, seg\u00fan M\u00e9ndez, <em>\u201ces positivo y Claudia representa una nueva generaci\u00f3n de mujeres\u201d<\/em>. Y enumera una rica biograf\u00eda: \u201c<em>Viene de una larga militancia estudiantil y social; no est\u00e1 atada a fuerzas pol\u00edticas tradicionales; cuenta con una s\u00f3lida formaci\u00f3n cient\u00edfica e incluso ha sido funcionaria de Naciones Unidas y miembro del Grupo Intergubernamental de Expertos sobre el Cambio Clim\u00e1tico; posee una amplia experiencia ejecutiva, entre otras, al frente del Gobierno de la Ciudad de M\u00e9xico\u201d<\/em>.<\/span><\/p>\n<p style=\"text-align: justify;\"><span style=\"font-size: 14pt;\">Si bien en esa gesti\u00f3n, recuerda M\u00e9ndez, la presidenta electa tuvo algunos desencuentros con sectores del movimiento de mujeres, actualmente se define como \u201cfeminista social\u201d, (concepto un tanto vago seg\u00fan Sara M\u00e9ndez) y en sus \u00faltimos discursos ha dado se\u00f1ales de real apertura hacia dicho movimiento. La fundadora de CODIGO DH precisa: <em>\u201ctiene la gran responsabilidad de ser la primera presidenta mujer de toda la historia de M\u00e9xico. Las capacidades est\u00e1n a la vista. Ahora deber\u00e1 expresar en su nueva pr\u00e1ctica pol\u00edtica como mandataria que est\u00e1 dispuesta a propiciar un paso m\u00e1s adelante en la promoci\u00f3n del rol y de la paridad de g\u00e9nero\u201d. Todo esto, aclara, en un pa\u00eds machista donde existen importantes fuerzas de poder que \u201cno se van a sentir c\u00f3modos ante el hecho de que una mujer mande\u201d<\/em>.<\/span><\/p>\n<p style=\"text-align: justify;\"><span style=\"font-size: 14pt;\">En s\u00edntesis, la defensora de derechos humanos de Oaxaca cree que los desaf\u00edos para Sheinbaum son enormes: mantener y profundizar los avances sociales y la estabilidad econ\u00f3mica; atender temas esenciales pendientes, como la reforma de la justicia y la lucha contra la corrupci\u00f3n, el nepotismo, el crimen organizado (todos fen\u00f3menos muy anclados en la vida nacional), as\u00ed como la migraci\u00f3n. Mejorando cuestiones esenciales como las tensiones y los desencuentros de su predecesor con la sociedad civil, priorizando los sectores populares y los movimientos sociales y d\u00e1ndole un lugar privilegiado, ahora, tambi\u00e9n a las mujeres.<\/span><\/p>\n<figure id=\"attachment_69224\" aria-describedby=\"caption-attachment-69224\" style=\"width: 600px\" class=\"wp-caption aligncenter\"><img loading=\"lazy\" decoding=\"async\" class=\"wp-image-69224\" src=\"https:\/\/www.lapluma.net\/wp-content\/uploads\/2024\/07\/La-violencia-de-genero-un-tema-pendiente-y-desafio-para-el-nuevo-gobierno-de-Claudia-Schienbaum-Foto-ONU-1-300x200.jpg\" alt=\"\" width=\"600\" height=\"400\" srcset=\"https:\/\/www.lapluma.net\/wp-content\/uploads\/2024\/07\/La-violencia-de-genero-un-tema-pendiente-y-desafio-para-el-nuevo-gobierno-de-Claudia-Schienbaum-Foto-ONU-1-300x200.jpg 300w, https:\/\/www.lapluma.net\/wp-content\/uploads\/2024\/07\/La-violencia-de-genero-un-tema-pendiente-y-desafio-para-el-nuevo-gobierno-de-Claudia-Schienbaum-Foto-ONU-1-768x512.jpg 768w, https:\/\/www.lapluma.net\/wp-content\/uploads\/2024\/07\/La-violencia-de-genero-un-tema-pendiente-y-desafio-para-el-nuevo-gobierno-de-Claudia-Schienbaum-Foto-ONU-1-435x290.jpg 435w, https:\/\/www.lapluma.net\/wp-content\/uploads\/2024\/07\/La-violencia-de-genero-un-tema-pendiente-y-desafio-para-el-nuevo-gobierno-de-Claudia-Schienbaum-Foto-ONU-1-150x100.jpg 150w, https:\/\/www.lapluma.net\/wp-content\/uploads\/2024\/07\/La-violencia-de-genero-un-tema-pendiente-y-desafio-para-el-nuevo-gobierno-de-Claudia-Schienbaum-Foto-ONU-1-370x247.jpg 370w, https:\/\/www.lapluma.net\/wp-content\/uploads\/2024\/07\/La-violencia-de-genero-un-tema-pendiente-y-desafio-para-el-nuevo-gobierno-de-Claudia-Schienbaum-Foto-ONU-1.jpg 1024w\" sizes=\"auto, (max-width: 600px) 100vw, 600px\" \/><figcaption id=\"caption-attachment-69224\" class=\"wp-caption-text\">La violencia de g\u00e9nero un tema pendiente y desaf\u00edo para el nuevo gobierno de Claudia Schienhaun. Foto: ONU<\/figcaption><\/figure>\n<p style=\"text-align: justify;\"><span style=\"font-size: 14pt;\">\u00bfC\u00f3mo se va a posicionar ante la nueva etapa esa sociedad civil que acompa\u00f1a y sostiene, pero que tambi\u00e9n espera pasos firmes para concretar las tareas pendientes?, preguntamos. M\u00e9ndez no duda y sostiene enf\u00e1ticamente: <em>\u201cSeguiremos siendo cr\u00edticas, se\u00f1alaremos lo que hay que mejorar, y no callaremos ante los ataques a territorios ind\u00edgenas con megaproyectos sobre los que no fueron consultados, como es el caso del Corredor Interoce\u00e1nico entre Oaxaca y Veracruz. Pero tambi\u00e9n saludaremos las medidas positivas. Nos alienta que Claudia haya avanzado una agenda propia con temas desafiantes y esperamos que la respete: mejorar la educaci\u00f3n y la salud p\u00fablica, salarios justos, empleo y vivienda dignas, priorizar la cultura y promover un medio ambiente sano\u201d<\/em>.<\/span><\/p>\n<p style=\"text-align: justify;\"><span style=\"font-size: 14pt;\">Una hoja de ruta y expectativas sociales muy amplias y exigentes para los pr\u00f3ximos seis a\u00f1os. Y una responsabilidad t\u00e1cita inmensa, como lo reconoce Sara M\u00e9ndez, en un continente atravesado por nuevas aventuras de extrema derecha que proponen desmantelar el Estado y desconocer principios sociales elementales. El \u00e9xito de la nueva presidenta ser\u00eda un espaldarazo para todas las mujeres progresistas y los movimientos sociales latinoamericanos. Su fracaso, por el contrario, podr\u00eda significar un retroceso significativo y un golpe muy fuerte para aquellos que apuestan a la vigencia del Estado social en Am\u00e9rica Latina.<\/span><\/p>\n<h5><span style=\"font-size: 14pt;\">Notas:<\/span><\/h5>\n<div id=\"nb1\">\n<p><span style=\"font-size: 14pt;\"><span class=\"spip_note_ref\">[<a class=\"spip_note\" title=\"Notas 1\" href=\"https:\/\/www.cadtm.org\/Latinoamerica-mira-expectante-hacia-Mexico#nh1\" rev=\"appendix\">1<\/a>]\u00a0<\/span><a class=\"spip_url spip_out auto\" href=\"https:\/\/codigodh.org\/\" target=\"_blank\" rel=\"external nofollow noopener\">https:\/\/codigodh.org\/<\/a><\/span><\/p>\n<\/div>\n<div id=\"nb2\">\n<p><span style=\"font-size: 14pt;\"><span class=\"spip_note_ref\">[<a class=\"spip_note\" title=\"Notas 2\" href=\"https:\/\/www.cadtm.org\/Latinoamerica-mira-expectante-hacia-Mexico#nh2\" rev=\"appendix\">2<\/a>]\u00a0<\/span><a class=\"spip_url spip_out auto\" href=\"https:\/\/www.youtube.com\/watch?v=ZYV1OB3dw5Y\" target=\"_blank\" rel=\"external nofollow noopener\">https:\/\/www.youtube.com\/watch?v=ZYV1OB3dw5Y<\/a><\/span><\/p>\n<\/div>\n<div id=\"nb3\">\n<p><span style=\"font-size: 14pt;\"><span class=\"spip_note_ref\">[<a class=\"spip_note\" title=\"Notas 3\" href=\"https:\/\/www.cadtm.org\/Latinoamerica-mira-expectante-hacia-Mexico#nh3\" rev=\"appendix\">3<\/a>]\u00a0<\/span><a class=\"spip_url spip_out auto\" href=\"https:\/\/www.ohchr.org\/sites\/default\/files\/Documents\/AboutUs\/CivilSociety\/Chapter_7_sp.pdf\" target=\"_blank\" rel=\"external nofollow noopener\">https:\/\/www.ohchr.org\/sites\/default\/files\/Documents\/AboutUs\/CivilSociety\/Chapter_7_sp.pdf<\/a><\/span><\/p>\n<\/div>\n<h2 style=\"text-align: justify;\"><span style=\"font-size: 14pt;\">Sergio Ferrari desde Berna para La Pluma, 23 de julio de 2024<\/span><\/h2>\n<h2 style=\"text-align: justify;\"><span style=\"font-size: 14pt;\">Editado por Mar\u00eda Piedad Ossaba<\/span><\/h2>\n","protected":false},"excerpt":{"rendered":"<p>El \u00e9xito de la nueva presidenta ser\u00eda un espaldarazo para todas las mujeres progresistas y los movimientos sociales latinoamericanos. Su fracaso, por el contrario, podr\u00eda significar un retroceso significativo y un golpe muy fuerte para aquellos que apuestan a la vigencia del Estado social en Am\u00e9rica Latina.<\/p>\n","protected":false},"author":887,"featured_media":69220,"comment_status":"open","ping_status":"open","sticky":false,"template":"","format":"standard","meta":{"_uf_show_specific_survey":0,"_uf_disable_surveys":false,"footnotes":""},"categories":[5],"tags":[26605,27397,27402,14213,27400,385,27398,1227,27401,27399,7682,27404],"coauthors":[13416],"class_list":["post-69216","post","type-post","status-publish","format-standard","has-post-thumbnail","hentry","category-editoriales-y-opiniones","tag-claudia-sheinbaum","tag-codigo-dh","tag-corredor-interoceanico","tag-derechos-laborales","tag-examen-periodico-universal","tag-mexico","tag-oaxaca","tag-paridad-de-genero","tag-politica-de-comunicacion","tag-sara-mendez","tag-sergio-ferrari","tag-sexenio-amlo"],"translation":{"provider":"WPGlobus","version":"2.12.2","language":"fr","enabled_languages":["es","fr"],"languages":{"es":{"title":true,"content":true,"excerpt":true},"fr":{"title":false,"content":false,"excerpt":false}}},"_links":{"self":[{"href":"https:\/\/www.lapluma.net\/fr\/wp-json\/wp\/v2\/posts\/69216","targetHints":{"allow":["GET"]}}],"collection":[{"href":"https:\/\/www.lapluma.net\/fr\/wp-json\/wp\/v2\/posts"}],"about":[{"href":"https:\/\/www.lapluma.net\/fr\/wp-json\/wp\/v2\/types\/post"}],"author":[{"embeddable":true,"href":"https:\/\/www.lapluma.net\/fr\/wp-json\/wp\/v2\/users\/887"}],"replies":[{"embeddable":true,"href":"https:\/\/www.lapluma.net\/fr\/wp-json\/wp\/v2\/comments?post=69216"}],"version-history":[{"count":5,"href":"https:\/\/www.lapluma.net\/fr\/wp-json\/wp\/v2\/posts\/69216\/revisions"}],"predecessor-version":[{"id":69350,"href":"https:\/\/www.lapluma.net\/fr\/wp-json\/wp\/v2\/posts\/69216\/revisions\/69350"}],"wp:featuredmedia":[{"embeddable":true,"href":"https:\/\/www.lapluma.net\/fr\/wp-json\/wp\/v2\/media\/69220"}],"wp:attachment":[{"href":"https:\/\/www.lapluma.net\/fr\/wp-json\/wp\/v2\/media?parent=69216"}],"wp:term":[{"taxonomy":"category","embeddable":true,"href":"https:\/\/www.lapluma.net\/fr\/wp-json\/wp\/v2\/categories?post=69216"},{"taxonomy":"post_tag","embeddable":true,"href":"https:\/\/www.lapluma.net\/fr\/wp-json\/wp\/v2\/tags?post=69216"},{"taxonomy":"author","embeddable":true,"href":"https:\/\/www.lapluma.net\/fr\/wp-json\/wp\/v2\/coauthors?post=69216"}],"curies":[{"name":"wp","href":"https:\/\/api.w.org\/{rel}","templated":true}]}}