{"id":6901,"date":"2019-03-02T04:53:01","date_gmt":"2019-03-02T04:53:01","guid":{"rendered":"http:\/\/www.lapluma.net\/?p=6901"},"modified":"2019-03-02T04:53:01","modified_gmt":"2019-03-02T04:53:01","slug":"la-crisis-venezolana-catapulto-a-una-virtual-junta-militar-en-brasil-con-bolsonaro-como-jarron-chino","status":"publish","type":"post","link":"https:\/\/www.lapluma.net\/fr\/2019\/03\/02\/la-crisis-venezolana-catapulto-a-una-virtual-junta-militar-en-brasil-con-bolsonaro-como-jarron-chino\/","title":{"rendered":"La crisis venezolana catapult\u00f3 a una virtual junta militar en Brasil, con Bolsonaro como jarr\u00f3n chino"},"content":{"rendered":"<p style=\"text-align: justify;\"><img loading=\"lazy\" decoding=\"async\" class=\"alignnone size-full wp-image-2497 alignleft\" src=\"http:\/\/www.lapluma.net\/wp-content\/uploads\/2018\/10\/Aram-AharonianBis.jpg\" alt=\"\" width=\"70\" height=\"70\" \/>M<span style=\"font-size: 12pt;\">enos de dos meses dur\u00f3 el gobierno de Jair Bolsonaro: el posicionamiento de Brasil ante la crisis venezolana y su alianza incondicional con EEUU e Israel, presionaron para que los ministros militares asumieron el poder que monitoreaban desde el golpe de 2016 contra la presidenta Dilma Rousseff.<\/span><\/p>\n<p style=\"text-align: justify;\"><span style=\"font-size: 12pt;\">Seis militares, Augusto Heleno, Hamilton Mour\u00e3o (vicepresidente), Carlos Alberto dos Santos Cruz, Eduardo Villas B\u00f4as , Fernando Azvedo e Silva y Floriano Peixoto Neto, que sustituy\u00f3 al destituido ministro Gustavo Bebiano como Jefe de la Secretar\u00eda General de la Presidencia, forman la virtual \u201cjunta militar\u201d.<\/span><\/p>\n<figure class=\"wp-caption alignright\"><img loading=\"lazy\" decoding=\"async\" class=\"disappear appear\" src=\"https:\/\/www.agepeba.org\/wp-content\/uploads\/2018\/07\/eduardo-villas-boas_1.jpg\" alt=\"El jefe del Ej\u00e9rcito brasile\u00f1o admiti\u00f3 la posibilidad de un golpe militar a tres meses de las anunciadas elecciones\" width=\"302\" height=\"201\" \/><figcaption class=\"wp-caption-text\">Eduardo Vilas Boas<\/figcaption><\/figure>\n<p style=\"text-align: justify;\"><span style=\"font-size: 12pt;\">Villas B\u00f4as fue el gran estratega y articulador, que someti\u00f3 al Supremo Tribunal Federal para impedir la liberaci\u00f3n de Lula y vedar su camino a las elecciones, y con eso asegurar el surgimiento del nuevo r\u00e9gimen. Lo califican como un Augusto Pinochet posmoderno, del tiempo de los golpes sin movilizaci\u00f3n de tropas, sin bombardeos ni sangre en las calles. Es el l\u00edder, pero adolece de una fatal esclerosis lateral amiotr\u00f3fica, que lo mantiene en silla de ruedas y con un respirador.<\/span><\/p>\n<p style=\"text-align: justify;\"><span style=\"font-size: 12pt;\">El\u00a0 jefe del Gabinete Institucional de la Presidencia, general Augusto Heleno, quien tuvo un papel decisivo en la campa\u00f1a electoral, Alberto dos Santos Cruz,\u00a0 junto a Peixoto Neto, forman el \u201cn\u00facleo haitiano\u201d de la junta; los tres comandaron las fuerzas de la ONU en Hait\u00ed entre 2002 y 2010.<\/span><\/p>\n<p style=\"text-align: justify;\"><span style=\"font-size: 12pt;\">La \u201cjunta militar\u201d asumi\u00f3 sin fanfarrias, pero con amplio apoyo de las elites empresariales, que los ven como la \u00faltima oportunidad de implementar un programa ultraneoliberal. Los editoriales de O Globo y de O Estado de Sao Paulo fueron categ\u00f3ricos: \u201cSer\u00eda ingenuo creer que Bolsonaro de un momento a otro pasar\u00e1 a comportarse como presidente y asumir\u00e1 las responsabilidades de gobierno\u201d, decret\u00f3 O Estado.<\/span><\/p>\n<p style=\"text-align: justify;\"><span style=\"font-size: 12pt;\">\u201cEl capit\u00e1n Jair Bolsonaro podr\u00e1 seguir viviendo en el Palacio Alvorada y hasta jugar videojuegos en su oficina del Planalto. Siempre que obedezca a sus superiores, los generales\u201d, se\u00f1ala Mauro Lopes, editor del portal 247 y de Jornalistas pela Democracia. Un jarr\u00f3n chino de adorno constitucional.<\/span><\/p>\n<p style=\"text-align: justify;\"><span style=\"font-size: 12pt;\"><strong>Mourao esboz\u00f3 en Bogot\u00e1 la tesis militar<\/strong><\/span><\/p>\n<p style=\"text-align: justify;\"><img loading=\"lazy\" decoding=\"async\" class=\"irc_mi alignleft\" src=\"https:\/\/img.elcomercio.pe\/files\/ec_article_videogalleria\/files\/crop\/uploads\/2018\/10\/28\/5bd64b109bb0f.r_1540789491286.0-53-3000-1784.jpeg\" alt=\"Resultado de imagen para hamilton mourao\" width=\"302\" height=\"174\" data-iml=\"1551280723461\" \/><span style=\"font-size: 12pt;\">Para el analista C\u00e9sar Fonseca qued\u00f3 clara la posici\u00f3n de los militares brasile\u00f1os- que representa Mourao- en la compatibilidad con la presi\u00f3n imperialista de la Casa Blanca, cuyo inter\u00e9s mayor es apropiarse del petr\u00f3leo venezolano.<\/span><\/p>\n<p style=\"text-align: justify;\"><span style=\"font-size: 12pt;\">\u201cBrasil se mostr\u00f3 impotente para adoptar una pol\u00edtica independiente, para posicionarse como l\u00edder sudamericano; tir\u00f3 por la ventana esa oportunidad, temi\u00f3 por una eventual presi\u00f3n de Washington en momentos en que la econom\u00eda brasile\u00f1a est\u00e1 completamente vulnerable ante el excesivo endeudamiento interno, que inviabiliza un desarrollo sustentable. Hablar mal de los estadounidenses, ahora, es impensable\u201d, a\u00f1adi\u00f3.<\/span><\/p>\n<p style=\"text-align: justify;\"><span style=\"font-size: 12pt;\">Mourao revel\u00f3 ambig\u00fcedad: Brasil no quiere intervenci\u00f3n pero tambi\u00e9n rechaza el proceso revolucionario y constituyente chavista que empodera a la poblaci\u00f3n venezolana. La ret\u00f3rica revolucionaria bolivariana llena de terror a las elites conservadoras no solo brasile\u00f1as, sino latinoamericanas, aliadas al capitalismo trasnacional, en condici\u00f3n de socios menores.<\/span><\/p>\n<p style=\"text-align: justify;\"><span style=\"font-size: 12pt;\">Dijo que Venezuela no podr\u00e1 salir solita de la \u201copresi\u00f3n del r\u00e9gimen chavista\u201d si no se proponen soluciones m\u00e1s en\u00e9rgicas al problema. Para Mour\u00e3o, el momento es de solidaridad interamericana \u201cdesvestida de ideolog\u00eda y sectarismo\u201d para evitar conflictos que agraven la crisis, y pidi\u00f3 sanciones de organismos internacionales como la ONU, la OEA y tribunales.<\/span><\/p>\n<p style=\"text-align: justify;\"><span style=\"font-size: 12pt;\">El tono de las declaraciones pronunciadas por el general, citando el principio de no intervenci\u00f3n en asuntos internos de otros pa\u00edses, est\u00e1 lejos de las realizadas por el Bolsonaro hace un mes y medio cuando sugiri\u00f3 participar en un plan \u201cb\u00e9lico\u201d contra Caracas el cual contemplaba\u00a0 autorizar la instalaci\u00f3n de bases estadounidenses en territorio amaz\u00f3nico.<\/span><\/p>\n<p style=\"text-align: justify;\"><span style=\"font-size: 12pt;\">Mientras, Celso Amorim, quien fuera canciller de los gobiernos de Itamar Franco y Lula y ministro de Defesa de Dilma Rousseff, afirm\u00f3 que Am\u00e9rica Latina corre, por primera vez en la historia, el riesgo de una acci\u00f3n militar estadounidense y que tambi\u00e9n por primera vez Brasil perdi\u00f3 la oportunidad de evitarlo por haber tomado parte en el conflicto. Se descalific\u00f3 como mediador y le atribuy\u00f3 esa misi\u00f3n a M\u00e9xico, Uruguay y la ONU, a\u00f1adi\u00f3.<\/span><\/p>\n<p style=\"text-align: justify;\"><span style=\"font-size: 12pt;\">Los especialistas en estrategia militar coinciden al se\u00f1alar los vac\u00edos geopol\u00edticos que presenta la Amazonia brasile\u00f1a y la desventaja en materia de equipamiento que tienen sus fuerzas armadas frente a las venezolanas, dotadas de modernos cazabombarderos Sukoi y bater\u00edas antia\u00e9reas, de fabricaci\u00f3n rusa, se\u00f1ala el analista Dar\u00edo Pignotti. Dos militares ministros dijeron al sitio de noticias UOL que Brasil se ver\u00eda perjudicado si la crisis venezolana escala a una fase militar.<br \/>\n<\/span><\/p>\n<figure class=\"wp-caption alignright\"><img loading=\"lazy\" decoding=\"async\" class=\"irc_mi\" src=\"https:\/\/images.pagina12.com.ar\/styles\/focal_16_9_960x540\/public\/2018-10\/na23fo01_12.jpg?itok=P_vvmO11\" alt=\"Resultado de imagen para los militares del bainete brfasile\u00f1o\" width=\"299\" height=\"168\" data-iml=\"1551280612213\" \/><figcaption class=\"wp-caption-text\">Augusto Heleno Ribeiro<\/figcaption><\/figure>\n<p style=\"text-align: justify;\"><span style=\"font-size: 12pt;\">El profesor y periodista Gilberto Maringoni se\u00f1ala que el sentido com\u00fan del sector militar puso freno de mano a los delirios napole\u00f3nicos de Bolsonaro \u2013quien jam\u00e1s supo nada de estrategia militar-, David Alcolumbre, Dias T\u00f3folli y (el canciller nacido en Colombia) Ernesto Ara\u00fajo, quienes defendieron (en un panel de Folha de Sao Paulo) casi una nueva invasi\u00f3n a Normand\u00eda. \u201cUna acci\u00f3n m\u00e1s decidida deb\u00eda ser hecha por tierra, en medo de la selva, y el riesgo de fiasco militar era enorme\u201d, a\u00f1ade.<\/span><\/p>\n<p style=\"text-align: justify;\"><span style=\"font-size: 12pt;\"><strong>Subimperialismo postergado<\/strong><\/span><\/p>\n<p style=\"text-align: justify;\"><span style=\"font-size: 12pt;\">Las aspiraciones geopol\u00edticas de Brasil desde su restricci\u00f3n regional, estuvo siempre centrada en convertirse en sat\u00e9lite privilegiado de EEUU para hegemonizar Sudam\u00e9rica, hasta sus devaneos globales contempor\u00e1neos, pese a los retos internos como la pobreza extrema, 12,6 millones de desempleados, el hambre, la desnutrici\u00f3n.<\/span><\/p>\n<p style=\"text-align: justify;\"><span style=\"font-size: 12pt;\">Los militares se mostraron siempre \u201creacios\u201d al plan de Bolsonaro de albergar bases militares de Estados Unidos (en Alc\u00e1ntara, la frontera noreste, la Triple Frontera con Argentina y Paraguay o la Amazonia) por no estar afinada a la pol\u00edtica nacional de Defensa y podr\u00eda complicar las delicadas discusiones bilaterales para el uso del Centro de Lanzamiento de Alc\u00e1ntara para el posicionamiento de sat\u00e9lites: los brasile\u00f1os quieren vender servicios en r\u00e9gimen de cooperaci\u00f3n y no ceder el control de la base.<\/span><\/p>\n<p style=\"text-align: justify;\"><span style=\"font-size: 12pt;\">Las tesis del expansionismo brasile\u00f1o y su pol\u00edtica exterior (netamente colonialista, tomaron especial vuelo durante la dictadura militar-empresarial de 1964-1985, donde el general Golbery do Couto e Silva \u2013autor en 1966 de Geopol\u00edtica do Brasil- se convirti\u00f3 en el te\u00f3rico de la dictadura con sus teor\u00edas sobre el papel hegem\u00f3nico que estar\u00eda reservado a Brasil en Am\u00e9rica del Sur.<\/span><\/p>\n<figure class=\"wp-caption alignleft\"><img loading=\"lazy\" decoding=\"async\" class=\"irc_mi\" src=\"https:\/\/abrilveja.files.wordpress.com\/2016\/12\/826_general_golbery_do_couto_e_silva_ao_lado_de_ernesto_geisel.jpg\" alt=\"Resultado de imagen para golbery\" width=\"301\" height=\"215\" data-iml=\"1551281007155\" \/><figcaption class=\"wp-caption-text\">Golbry y el dictgador Garrastazu Medici<\/figcaption><\/figure>\n<p style=\"text-align: justify;\"><span style=\"font-size: 12pt;\">Golbery hablaba de fronteras ideol\u00f3gicas, de la Fuerza Interamericana de Paz, del gendarme mantenedor del orden continental, del sat\u00e9lite privilegiado, del destino manifiesto de Brasil al sur del Caribe, de su vocaci\u00f3n rioplatense, de que las fronteras brasile\u00f1as deben estar en los Andes, de las aperturas hacia el Pac\u00edfico, del puerto libre en el Caribe, del control del Atl\u00e1ntico Sur con la instalaci\u00f3n en la Ant\u00e1rtida, la de heredar las excolonias lusas de \u00c1frica,<\/span><\/p>\n<p style=\"text-align: justify;\"><span style=\"font-size: 12pt;\">Hoy, aquellas viejas tesis y teor\u00edas subimperialistas \u2013basadas en la tesis de hechos consumados- parec\u00edan reflotar con el gobierno de Bolsonaro, quien cree que la Uni\u00f3n Sovi\u00e9tica a\u00fan existe y por ello hay que combatir al comunismo. Resurg\u00eda la idea b\u00e1sica de la integraci\u00f3n latinoamericana bajo la tutela norteamericana: \u201cSolamente la conquista del\u00a0 hemisferio por EEUU y la implacable destrucci\u00f3n de las econom\u00edas nacionales ahora existentes podr\u00eda realizar la integraci\u00f3n necesaria\u201d, se\u00f1alaba.<\/span><\/p>\n<p style=\"text-align: justify;\"><span style=\"font-size: 12pt;\">Golbery asum\u00eda que \u201clas naciones peque\u00f1as se ven de la noche a la ma\u00f1ana reducidas a la condici\u00f3n de estados pigmeos y ya se prev\u00e9 su melanc\u00f3lico fin, bajo los planes de inevitables integraciones regionales; la ecuaci\u00f3n de poder en el mundo se reduce a un peque\u00f1o n\u00famero de factores, y en ella se perciben pocas constelaciones feudales \u2013 estados barones- rodeadas de estados sat\u00e9lites y vasallos (\u2026). No hay otra alternativa sino aceptarlos (los planes de integraci\u00f3n del imperio) y aceptarlos conscientemente\u2026\u201d<\/span><\/p>\n<p style=\"text-align: justify;\"><span style=\"font-size: 12pt;\">En resumen, EEUU deber\u00eda reconocer el destino manifiesto de Brasil en Am\u00e9rica del Sur, eligi\u00e9ndolo \u201csat\u00e9lite privilegiado\u201d. Pero el vicepresidente estadounidense Mike Pence\u00a0 dej\u00f3 en claro que Colombia, un narcoestado, era el socio estrat\u00e9gico de EEUU en su patio trasero.<\/span><\/p>\n<p><span style=\"font-size: 12pt;\"><strong>Aram Aharonian<\/strong><\/span><\/p>\n<p><strong><span style=\"font-size: 12pt;\">Editado por Mar\u00eda Piedad Ossaba<\/span><\/strong><\/p>\n<p><strong><span style=\"font-size: 12pt;\">Fuente: <a href=\"http:\/\/estrategia.la\/2019\/02\/27\/la-crisis-venezolana-catapulto-a-una-virtual-junta-militar-en-brasil-con-bolsonaro-como-jarron-chino\/\">Centro Latinoamericano de An\u00e1lisis Estret\u00e9gico (CLAE)<\/a>,\u00a0 27 de febrero de 2019<\/span><\/strong><\/p>\n","protected":false},"excerpt":{"rendered":"<p>En resumen, EEUU deber\u00eda reconocer el destino manifiesto de Brasil en Am\u00e9rica del Sur, eligi\u00e9ndolo \u201csat\u00e9lite privilegiado\u201d. Pero el vicepresidente estadounidense Mike Pence  dej\u00f3 en claro que Colombia, un narcoestado, era el socio estrat\u00e9gico de EEUU en su patio trasero.<\/p>\n","protected":false},"author":5,"featured_media":6902,"comment_status":"open","ping_status":"open","sticky":false,"template":"","format":"standard","meta":{"_uf_show_specific_survey":0,"_uf_disable_surveys":false,"footnotes":""},"categories":[217],"tags":[676,3617],"coauthors":[253],"class_list":["post-6901","post","type-post","status-publish","format-standard","has-post-thumbnail","hentry","category-abya-yala","tag-brasil","tag-democracia-representativa-en-crisis"],"translation":{"provider":"WPGlobus","version":"2.12.2","language":"fr","enabled_languages":["es","fr"],"languages":{"es":{"title":true,"content":true,"excerpt":true},"fr":{"title":false,"content":false,"excerpt":false}}},"_links":{"self":[{"href":"https:\/\/www.lapluma.net\/fr\/wp-json\/wp\/v2\/posts\/6901","targetHints":{"allow":["GET"]}}],"collection":[{"href":"https:\/\/www.lapluma.net\/fr\/wp-json\/wp\/v2\/posts"}],"about":[{"href":"https:\/\/www.lapluma.net\/fr\/wp-json\/wp\/v2\/types\/post"}],"author":[{"embeddable":true,"href":"https:\/\/www.lapluma.net\/fr\/wp-json\/wp\/v2\/users\/5"}],"replies":[{"embeddable":true,"href":"https:\/\/www.lapluma.net\/fr\/wp-json\/wp\/v2\/comments?post=6901"}],"version-history":[{"count":2,"href":"https:\/\/www.lapluma.net\/fr\/wp-json\/wp\/v2\/posts\/6901\/revisions"}],"predecessor-version":[{"id":6905,"href":"https:\/\/www.lapluma.net\/fr\/wp-json\/wp\/v2\/posts\/6901\/revisions\/6905"}],"wp:featuredmedia":[{"embeddable":true,"href":"https:\/\/www.lapluma.net\/fr\/wp-json\/wp\/v2\/media\/6902"}],"wp:attachment":[{"href":"https:\/\/www.lapluma.net\/fr\/wp-json\/wp\/v2\/media?parent=6901"}],"wp:term":[{"taxonomy":"category","embeddable":true,"href":"https:\/\/www.lapluma.net\/fr\/wp-json\/wp\/v2\/categories?post=6901"},{"taxonomy":"post_tag","embeddable":true,"href":"https:\/\/www.lapluma.net\/fr\/wp-json\/wp\/v2\/tags?post=6901"},{"taxonomy":"author","embeddable":true,"href":"https:\/\/www.lapluma.net\/fr\/wp-json\/wp\/v2\/coauthors?post=6901"}],"curies":[{"name":"wp","href":"https:\/\/api.w.org\/{rel}","templated":true}]}}