{"id":68774,"date":"2024-07-13T09:12:52","date_gmt":"2024-07-13T09:12:52","guid":{"rendered":"https:\/\/www.lapluma.net\/?p=68774"},"modified":"2024-07-13T18:19:03","modified_gmt":"2024-07-13T18:19:03","slug":"68774","status":"publish","type":"post","link":"https:\/\/www.lapluma.net\/fr\/2024\/07\/13\/68774\/","title":{"rendered":"Las propuestas de Petro en la ONU para agilizar el Acuerdo de Paz"},"content":{"rendered":"<p style=\"text-align: justify; padding-left: 40px;\"><em><span style=\"font-size: 18pt;\">El presidente colombiano, Gustavo Petro, compareci\u00f3 este jueves ante el Consejo de Seguridad de Naciones Unidas para analizar los obst\u00e1culos para la implementaci\u00f3n del Acuerdo de Paz, firmado en 2016 entre el Gobierno y las extintas Fuerzas Armadas Revolucionarias de Colombia-Ejercito del Pueblo (FARC-EP).<\/span><\/em><\/p>\n<p style=\"text-align: center;\"><iframe loading=\"lazy\" title=\"En vivo | Petro va a Consejo de Seguridad de ONU a hablar del incumplimiento al\u00a0Acuerdo\u00a0de\u00a0Paz\" src=\"https:\/\/www.youtube.com\/embed\/v8eBNgjDWv8\" width=\"640\" height=\"360\" frameborder=\"0\" allowfullscreen=\"allowfullscreen\"><\/iframe><\/p>\n<p style=\"text-align: justify;\"><span style=\"font-size: 14pt;\">Petro dijo que acudi\u00f3 a esa instancia internacional porque en su pa\u00eds <em>\u00ab\u00a0<strong>no hay mucha claridad de este mecanismo<\/strong>\u00ab\u00a0<\/em> y del compromiso que estableci\u00f3 el Estado colombiano ante la humanidad\u00a0\u00bb, al firmar la paz con el grupo armado. En su opini\u00f3n, este compromiso \u00ab\u00a0adquiere una concesi\u00f3n jur\u00eddica vinculante y obligatoria para el pa\u00eds\u00a0\u00bb.<\/span><\/p>\n<p style=\"text-align: justify;\"><span style=\"font-size: 14pt;\"><em>\u00ab\u00a0Por eso quise venir para mostrarle a la sociedad colombiana <strong>el tama\u00f1o del compromiso que tenemos<\/strong>\u00ab\u00a0,<\/em> expres\u00f3. Asimismo, ratific\u00f3 que la violencia se ha incrementado en las zonas que fueron abandonadas por las FARC, tras haber dejado las armas.<br \/>\n<\/span><\/p>\n<blockquote class=\"twitter-tweet\" data-width=\"550\" data-dnt=\"true\">\n<p lang=\"es\" dir=\"ltr\">El Presidente <a href=\"https:\/\/twitter.com\/petrogustavo?ref_src=twsrc%5Etfw\">@PetroGustavo<\/a> inici\u00f3 su intervenci\u00f3n en el Consejo de Seguridad de la ONU, destacando la importancia de aclarar el objetivo fundamental de presentar el informe Trimestral sobre la Misi\u00f3n de Verificaci\u00f3n de Naciones Unidas en Colombia: \u201cEl Acuerdo de Paz propone un\u2026 <a href=\"https:\/\/t.co\/9Oqks51Xcz\">pic.twitter.com\/9Oqks51Xcz<\/a><\/p>\n<p>&mdash; Presidencia Colombia \ud83c\udde8\ud83c\uddf4 (@infopresidencia) <a href=\"https:\/\/twitter.com\/infopresidencia\/status\/1811486566055071768?ref_src=twsrc%5Etfw\">July 11, 2024<\/a><\/p><\/blockquote>\n<p><script async src=\"https:\/\/platform.twitter.com\/widgets.js\" charset=\"utf-8\"><\/script><\/p>\n<p style=\"text-align: justify;\"><span style=\"font-size: 14pt;\">Seg\u00fan el mandatario, frente a las distintas confrontaciones y guerras en el pa\u00eds, los procesos de paz que se han establecido han fracasado y la administraci\u00f3n anterior, se propuso hacerlo \u00ab\u00a0trizas\u00a0\u00bb.<\/span><\/p>\n<h5 style=\"text-align: justify;\"><span style=\"font-size: 18pt;\">Conclusiones y propuestas<\/span><\/h5>\n<p style=\"text-align: justify;\"><span style=\"font-size: 14pt;\">Petro afirm\u00f3 que ha concluido que entre las dificultades para el cumplimiento de lo pactado est\u00e1 el haber \u00ab\u00a0ignorado\u00a0\u00bb la reforma rural acordada. Asimismo, sostuvo que el esclarecimiento de la verdad <em>\u00ab\u00a0se debilit\u00f3 y fragment\u00f3 en diversos tribunales\u00a0\u00bb<\/em>, en los casos relativos a la violaci\u00f3n de los derechos humanos.<\/span><\/p>\n<p style=\"text-align: justify;\"><span style=\"font-size: 14pt;\">Hizo menci\u00f3n tambi\u00e9n a la falta de celeridad en los procesos judiciales contra los distintos actores del conflicto y a la desigualdad territorial producto del abandono de las zonas rurales, ind\u00edgenas y las tradicionalmente excluidas, donde se han afincado la violencia y el conflicto armado.<\/span><\/p>\n<p style=\"text-align: justify;\"><span style=\"font-size: 14pt;\">Las propuestas de Petro para agilizar y cumplir con el Acuerdo de 2016 son alcanzar un <strong>\u00ab\u00a0pacto nacional\u00a0\u00bb<\/strong> que aglutine a los distintos sectores de la sociedad colombiana para el \u00ab\u00a0cambio de las normas\u00a0\u00bb relativas a la construcci\u00f3n de la igualdad y la aplicaci\u00f3n del &lsquo;fast track&rsquo;, que es un m\u00e9todo expedido para aprobar leyes en el Congreso.<\/span><\/p>\n<blockquote class=\"twitter-tweet\" data-width=\"550\" data-dnt=\"true\">\n<p lang=\"es\" dir=\"ltr\">El Presidente <a href=\"https:\/\/twitter.com\/petrogustavo?ref_src=twsrc%5Etfw\">@PetroGustavo<\/a> inici\u00f3 su intervenci\u00f3n en el Consejo de Seguridad de la ONU, destacando la importancia de aclarar el objetivo fundamental de presentar el informe Trimestral sobre la Misi\u00f3n de Verificaci\u00f3n de Naciones Unidas en Colombia: \u201cEl Acuerdo de Paz propone un\u2026 <a href=\"https:\/\/t.co\/9Oqks51Xcz\">pic.twitter.com\/9Oqks51Xcz<\/a><\/p>\n<p>&mdash; Presidencia Colombia \ud83c\udde8\ud83c\uddf4 (@infopresidencia) <a href=\"https:\/\/twitter.com\/infopresidencia\/status\/1811486566055071768?ref_src=twsrc%5Etfw\">July 11, 2024<\/a><\/p><\/blockquote>\n<p><script async src=\"https:\/\/platform.twitter.com\/widgets.js\" charset=\"utf-8\"><\/script><\/p>\n<p><span style=\"font-size: 14pt;\">Del mismo modo, plante\u00f3 la modificaci\u00f3n de las \u00ab\u00a0normas de las vigencias futuras y el plan fiscal de mediano plazo para financiar la inclusi\u00f3n territorial\u00a0\u00bb en el pa\u00eds; el \u00ab\u00a0cambio en la distribuci\u00f3n del sistema de participaciones\u00a0\u00bb, que permita otorgar recursos a las zonas m\u00e1s afectadas por la violencia y la <strong>excarcelaci\u00f3n del campesinado productor de hoja de coca<\/strong>.<\/span><\/p>\n<p style=\"text-align: justify;\"><span style=\"font-size: 14pt;\">Por otra parte, puso sobre la mesa la necesidad de la <em>\u00ab\u00a0<strong>optimizaci\u00f3n y nuevas inversiones forzosas para la sustituci\u00f3n de econom\u00edas il\u00edcitas<\/strong>\u00ab\u00a0<\/em>; la creaci\u00f3n de la <em>\u00ab\u00a0figura de conversi\u00f3n de concesi\u00f3n hereditaria familiar\u00a0\u00bb<\/em> en las zonas selv\u00e1ticas, que son las m\u00e1s vulnerables y violentas y una reforma agraria que permita la compra expr\u00e9s de la tierra.<\/span><\/p>\n<figure id=\"attachment_68776\" aria-describedby=\"caption-attachment-68776\" style=\"width: 550px\" class=\"wp-caption aligncenter\"><img loading=\"lazy\" decoding=\"async\" class=\"wp-image-68776\" src=\"https:\/\/www.lapluma.net\/wp-content\/uploads\/2024\/07\/Gustavo-Petro-habla-con-indigenas-Pastos-y-Quillasingas-en-Ipiales-300x169.jpg\" alt=\"\" width=\"550\" height=\"310\" srcset=\"https:\/\/www.lapluma.net\/wp-content\/uploads\/2024\/07\/Gustavo-Petro-habla-con-indigenas-Pastos-y-Quillasingas-en-Ipiales-300x169.jpg 300w, https:\/\/www.lapluma.net\/wp-content\/uploads\/2024\/07\/Gustavo-Petro-habla-con-indigenas-Pastos-y-Quillasingas-en-Ipiales-1024x577.jpg 1024w, https:\/\/www.lapluma.net\/wp-content\/uploads\/2024\/07\/Gustavo-Petro-habla-con-indigenas-Pastos-y-Quillasingas-en-Ipiales-768x433.jpg 768w, https:\/\/www.lapluma.net\/wp-content\/uploads\/2024\/07\/Gustavo-Petro-habla-con-indigenas-Pastos-y-Quillasingas-en-Ipiales-870x489.jpg 870w, https:\/\/www.lapluma.net\/wp-content\/uploads\/2024\/07\/Gustavo-Petro-habla-con-indigenas-Pastos-y-Quillasingas-en-Ipiales-895x503.jpg 895w, https:\/\/www.lapluma.net\/wp-content\/uploads\/2024\/07\/Gustavo-Petro-habla-con-indigenas-Pastos-y-Quillasingas-en-Ipiales.jpg 1104w\" sizes=\"auto, (max-width: 550px) 100vw, 550px\" \/><figcaption id=\"caption-attachment-68776\" class=\"wp-caption-text\"><a href=\"https:\/\/esrt.space\/actualidad\/515476-petro-crecimiento-deuda-externa-colombia\">Petro explica el \u00ab\u00a0preocupante\u00a0\u00bb crecimiento de la deuda externa de Colombia<\/a>: El presidente de Colombia, Gustavo Petro, habla con ind\u00edgenas Pastos y Quillasingas, en Ipiales, el 11 de junio de 2024Camilo Erasso \/ Long Visual Press \/ Abaca \/ Sipa USA \/ Gettyimages.ru<\/figcaption><\/figure>\n<p style=\"text-align: justify;\"><span style=\"font-size: 14pt;\">Durante su intervenci\u00f3n, Petro hizo menci\u00f3n al imperativo de <strong>establecer un sistema \u00fanico de justicia, reparaci\u00f3n y verdad<\/strong> para todos los actores del conflicto;\u00a0<a href=\"https:\/\/actualidad.rt.com\/actualidad\/515483-colombia-pedir-onu-ampliar-acuerdo-paz\" target=\"_blank\" rel=\"noopener noreferrer\">ampliar<\/a> el plazo de implementaci\u00f3n del Acuerdo por siete a\u00f1os m\u00e1s y de <strong>potenciar la capacidad financiera del Estado colombiano<\/strong>, a trav\u00e9s de la eliminaci\u00f3n del riesgo pa\u00eds, con la posibilidad de\u00a0<a href=\"https:\/\/actualidad.rt.com\/actualidad\/479076-poder-alguien-prestarme-recuperar-selva-petro\" target=\"_blank\" rel=\"noopener noreferrer\">intercambiar<\/a> la deuda por acci\u00f3n clim\u00e1tica.<\/span><\/p>\n<p style=\"text-align: justify;\"><span style=\"font-size: 14pt;\">Su intervenci\u00f3n estuvo precedida por la del representante especial del Secretario general de la ONU en Colombia, Carlos Luis Massieu,\u00a0quien destac\u00f3 que es la<strong> primera vez<\/strong> que ambas <strong>partes firmantes se encuentran en el Consejo de Seguridad<\/strong>.<\/span><\/p>\n<p style=\"text-align: justify;\"><span style=\"font-size: 14pt;\">Tras su participaci\u00f3n, hizo uso de la palabra Diego Tovar, excombatiente firmante de la paz.<\/span><\/p>\n<blockquote class=\"twitter-tweet\" data-width=\"550\" data-dnt=\"true\">\n<p lang=\"es\" dir=\"ltr\">Intervenci\u00f3n del Presidente Gustavo Petro ante el Consejo de Seguridad de la ONU<br \/> <a href=\"https:\/\/t.co\/tMJXMGwvbe\">https:\/\/t.co\/tMJXMGwvbe<\/a><\/p>\n<p>&mdash; Canciller\u00eda Colombia (@CancilleriaCol) <a href=\"https:\/\/twitter.com\/CancilleriaCol\/status\/1811483767577411816?ref_src=twsrc%5Etfw\">July 11, 2024<\/a><\/p><\/blockquote>\n<p><script async src=\"https:\/\/platform.twitter.com\/widgets.js\" charset=\"utf-8\"><\/script><\/p>\n<p>&nbsp;<\/p>\n<h5 style=\"text-align: justify;\"><span style=\"font-size: 18pt;\">Una apretada agenda en la ONU<\/span><\/h5>\n<p style=\"text-align: justify;\"><span style=\"font-size: 14pt;\">El mandatario ha desarrollado una intensa agenda, luego de\u00a0<a href=\"https:\/\/x.com\/infopresidencia\/status\/1811233177182314629\" target=\"_blank\" rel=\"noopener noreferrer\">arribar<\/a> a\u00a0Nueva York la noche del pasado mi\u00e9rcoles. Esta jornada particip\u00f3 en\u00a0en la sesi\u00f3n de la Comisi\u00f3n de Consolidaci\u00f3n de la Paz de Naciones Unidas, junto al canciller colombiano, Luis Gilberto Murillo.<\/span><\/p>\n<blockquote class=\"twitter-tweet\" data-width=\"550\" data-dnt=\"true\">\n<p lang=\"es\" dir=\"ltr\">El jefe de Estado present\u00f3, a la Comision de Consolidaci\u00f3n de la Paz de la ONU, las prioridades, \u00e9xitos y desaf\u00edos de Colombia en materia de consolidaci\u00f3n de la paz, para movilizar el apoyo de la comunidad internacional a la pol\u00edtica de <a href=\"https:\/\/twitter.com\/hashtag\/PazTotal?src=hash&amp;ref_src=twsrc%5Etfw\">#PazTotal<\/a> del Gobierno del Cambio. <a href=\"https:\/\/t.co\/yohP4J7XFW\">pic.twitter.com\/yohP4J7XFW<\/a><\/p>\n<p>&mdash; Canciller\u00eda Colombia (@CancilleriaCol) <a href=\"https:\/\/twitter.com\/CancilleriaCol\/status\/1811471559564923000?ref_src=twsrc%5Etfw\">July 11, 2024<\/a><\/p><\/blockquote>\n<p><script async src=\"https:\/\/platform.twitter.com\/widgets.js\" charset=\"utf-8\"><\/script><\/p>\n<p>&nbsp;<\/p>\n<p style=\"text-align: justify;\"><span style=\"font-size: 14pt;\">Petro tambi\u00e9n encabez\u00f3 el acto de inauguraci\u00f3n del Monumento Kusikawsay (&lsquo;vida pac\u00edfica y feliz&rsquo;, en quechua), que se realiz\u00f3 con la fundici\u00f3n de armas que estuvieron en poder de las antiguas FARC-EP y que hicieron parte del proceso de dejaci\u00f3n y desmovilizaci\u00f3n. En el evento tambi\u00e9n participaron excombatientes del grupo guerrillero, que pertenecen ahora al partido pol\u00edtico Comunes.<\/span><\/p>\n<blockquote class=\"twitter-tweet\" data-width=\"550\" data-dnt=\"true\">\n<p lang=\"es\" dir=\"ltr\">Como parte del compromiso del Gobierno Nacional con la Paz Total y la implementaci\u00f3n de lo pactado en el Acuerdo de 2016, el Canciller <a href=\"https:\/\/twitter.com\/LuisGMurillo?ref_src=twsrc%5Etfw\">@LuisGMurillo<\/a> acompa\u00f1\u00f3 al Presidente <a href=\"https:\/\/twitter.com\/petrogustavo?ref_src=twsrc%5Etfw\">@petrogustavo<\/a> al acto de inauguraci\u00f3n del monumento &#39;Kusikawsay&#39;, que se encuentra en el Jard\u00edn de\u2026 <a href=\"https:\/\/t.co\/fsGFBmozBe\">pic.twitter.com\/fsGFBmozBe<\/a><\/p>\n<p>&mdash; Canciller\u00eda Colombia (@CancilleriaCol) <a href=\"https:\/\/twitter.com\/CancilleriaCol\/status\/1811433514103181593?ref_src=twsrc%5Etfw\">July 11, 2024<\/a><\/p><\/blockquote>\n<p><script async src=\"https:\/\/platform.twitter.com\/widgets.js\" charset=\"utf-8\"><\/script><\/p>\n<p style=\"text-align: justify;\"><span style=\"font-size: 14pt;\">En mayo pasado, el l\u00edder del Pacto Hist\u00f3rico <a href=\"https:\/\/actualidad.rt.com\/actualidad\/509335-razon-colombia-denunciar-onu\" target=\"_blank\" rel=\"noopener noreferrer\">anunci\u00f3<\/a> que asistir\u00eda a la sede del organismo internacional para denunciar al Estado por el incumplimiento del Acuerdo de Paz, sobre todo, en lo concerniente al retraso en la concesi\u00f3n de\u00a0las amnist\u00edas para los excombatientes asimilados a la vida civil y los pocos avances en la reforma agraria, uno de los tres temas b\u00e1sicos para alcanzar el acuerdo, adem\u00e1s de la transformaci\u00f3n territorial y la verdad judicial.<\/span><\/p>\n<p><span style=\"font-size: 14pt; color: #000000;\">Fuente: <a href=\"https:\/\/actualidad.rt.com\/actualidad\/515690-petro-consejo-seguridad-onu-acuerdo-paz\">RT,<\/a> 11-7-2024<\/span><\/p>\n","protected":false},"excerpt":{"rendered":"<p>En mayo pasado, el l\u00edder del Pacto Hist\u00f3rico anunci\u00f3 que asistir\u00eda a la sede del organismo internacional para denunciar al Estado por el incumplimiento del Acuerdo de Paz, sobre todo, en lo concerniente al retraso en la concesi\u00f3n de\u00a0las amnist\u00edas para los excombatientes asimilados a la vida civil y los pocos avances en la reforma agraria, uno de los tres temas b\u00e1sicos para alcanzar el acuerdo, adem\u00e1s de la transformaci\u00f3n territorial y la verdad judicial.<\/p>\n","protected":false},"author":519,"featured_media":68792,"comment_status":"open","ping_status":"open","sticky":false,"template":"","format":"standard","meta":{"_uf_show_specific_survey":0,"_uf_disable_surveys":false,"footnotes":""},"categories":[671,6],"tags":[4004,27327,14145,3277,134],"coauthors":[4967],"class_list":["post-68774","post","type-post","status-publish","format-standard","has-post-thumbnail","hentry","category-farc-ep","category-politique","tag-acuerdo-de-paz-farc-ep-gobierno","tag-camila-lozano-delgado","tag-colombia-2","tag-gustavo-petro","tag-onu"],"translation":{"provider":"WPGlobus","version":"2.12.2","language":"fr","enabled_languages":["es","fr"],"languages":{"es":{"title":true,"content":true,"excerpt":true},"fr":{"title":false,"content":false,"excerpt":false}}},"_links":{"self":[{"href":"https:\/\/www.lapluma.net\/fr\/wp-json\/wp\/v2\/posts\/68774","targetHints":{"allow":["GET"]}}],"collection":[{"href":"https:\/\/www.lapluma.net\/fr\/wp-json\/wp\/v2\/posts"}],"about":[{"href":"https:\/\/www.lapluma.net\/fr\/wp-json\/wp\/v2\/types\/post"}],"author":[{"embeddable":true,"href":"https:\/\/www.lapluma.net\/fr\/wp-json\/wp\/v2\/users\/519"}],"replies":[{"embeddable":true,"href":"https:\/\/www.lapluma.net\/fr\/wp-json\/wp\/v2\/comments?post=68774"}],"version-history":[{"count":5,"href":"https:\/\/www.lapluma.net\/fr\/wp-json\/wp\/v2\/posts\/68774\/revisions"}],"predecessor-version":[{"id":68790,"href":"https:\/\/www.lapluma.net\/fr\/wp-json\/wp\/v2\/posts\/68774\/revisions\/68790"}],"wp:featuredmedia":[{"embeddable":true,"href":"https:\/\/www.lapluma.net\/fr\/wp-json\/wp\/v2\/media\/68792"}],"wp:attachment":[{"href":"https:\/\/www.lapluma.net\/fr\/wp-json\/wp\/v2\/media?parent=68774"}],"wp:term":[{"taxonomy":"category","embeddable":true,"href":"https:\/\/www.lapluma.net\/fr\/wp-json\/wp\/v2\/categories?post=68774"},{"taxonomy":"post_tag","embeddable":true,"href":"https:\/\/www.lapluma.net\/fr\/wp-json\/wp\/v2\/tags?post=68774"},{"taxonomy":"author","embeddable":true,"href":"https:\/\/www.lapluma.net\/fr\/wp-json\/wp\/v2\/coauthors?post=68774"}],"curies":[{"name":"wp","href":"https:\/\/api.w.org\/{rel}","templated":true}]}}