{"id":68706,"date":"2024-07-11T08:29:07","date_gmt":"2024-07-11T08:29:07","guid":{"rendered":"https:\/\/www.lapluma.net\/?p=68706"},"modified":"2024-07-16T08:55:09","modified_gmt":"2024-07-16T08:55:09","slug":"68706","status":"publish","type":"post","link":"https:\/\/www.lapluma.net\/fr\/2024\/07\/11\/68706\/","title":{"rendered":"France : Gr\u00e2ce \u00e0 une grande mobilisation de la gauche, l\u2019extr\u00eame droite n\u2019est pas port\u00e9e au gouvernement"},"content":{"rendered":"<h5 style=\"text-align: justify;\"><span style=\"font-size: 18pt;\"><strong>Quels sont les r\u00e9sultats des \u00e9lections l\u00e9gislatives en France du 7 juillet 2024\u00a0?<\/strong><\/span><\/h5>\n<p style=\"text-align: justify;\"><span style=\"font-size: 14pt;\">Lors du second tour des \u00e9lections l\u00e9gislatives du 7 juillet 2024, en France, le Rassemblement national a subi une d\u00e9faite politique m\u00eame s\u2019il a augment\u00e9 son nombre de parlementaires. Le pari que faisait le parti d\u2019extr\u00eame droite, Rassemblement national, consistait \u00e0 obtenir (avec ses alli\u00e9s qui ont \u00e9t\u00e9 exclus du parti de droite, Les R\u00e9publicains), une majorit\u00e9 \u00e0 l\u2019Assembl\u00e9e nationale, ce qui aurait permis \u00e0 Jordan Bardella, le chef du parti \u00e0 c\u00f4t\u00e9 de Marine Le Pen, de devenir premier ministre. Cette perspective semblait r\u00e9alisable car lors des \u00e9lections europ\u00e9ennes du 9 juin 2024, et lors du premier tour des \u00e9lections l\u00e9gislatives, qui a eu lieu le 30 juin, le Rassemblement national avait fait d\u2019excellents r\u00e9sultats face \u00e0 une d\u00e9route du bloc politique soutenant le pr\u00e9sident Emmanuel Macron.<\/span><\/p>\n<p style=\"text-align: justify;\"><span style=\"font-size: 14pt;\">Cet objectif n\u2019a pas \u00e9t\u00e9 atteint car l\u2019\u00e9lectorat de gauche s\u2019est fortement mobilis\u00e9 le 7 juillet en faveur des candidat\u00b7es du Nouveau Front populaire qui s\u2019est constitu\u00e9 apr\u00e8s le 9 juin, quand Emmanuel Macron a dissous l\u2019Assembl\u00e9e nationale, suite \u00e0 sa d\u00e9route aux europ\u00e9ennes. En effet, son bloc avait fait la moiti\u00e9 des voix du Rassemblement national, et \u00e9galement la moiti\u00e9 des voix de l\u2019addition des voix des diff\u00e9rents partis de gauche qui s\u2019\u00e9taient pr\u00e9sent\u00e9s en ordre dispers\u00e9.<\/span><\/p>\n<h5 style=\"text-align: justify;\"><span style=\"font-size: 18pt;\">Comment expliquer l\u2019\u00e9chec du Rassemblement national et de ses alli\u00e9s ?<\/span><\/h5>\n<blockquote>\n<p style=\"text-align: justify; padding-left: 40px;\"><span style=\"font-size: 14pt;\">\u00ab\u00a0La raison principale de l\u2019\u00e9chec de l\u2019extr\u00eame droite r\u00e9side dans la d\u00e9cision des forces de gauche de constituer rapidement, apr\u00e8s les \u00e9lections europ\u00e9ennes du 9 juin, un bloc sous le nom de Nouveau Front populaire\u00a0\u00bb<\/span><\/p>\n<\/blockquote>\n<p style=\"text-align: justify;\"><span style=\"font-size: 14pt;\">La raison principale de l\u2019\u00e9chec de l\u2019extr\u00eame droite r\u00e9side dans la d\u00e9cision des forces de gauche de constituer rapidement, apr\u00e8s les \u00e9lections europ\u00e9ennes du 9 juin, un bloc sous le nom de Nouveau Front populaire (NFP). Ce nouveau front des gauches a r\u00e9uni la France insoumise, le PS, les \u00c9cologistes, le PCF et le NPA-L\u2019Anticapitaliste, avec comme force initiatrice et motrice la France insoumise. Le PS et les autres ont compris qu\u2019il fallait en faire partie, m\u00eame si une s\u00e9rie de cadres du PS ont h\u00e9sit\u00e9 et que certains d\u2019entre eux ont refus\u00e9 de rejoindre le NFP. S\u2019unir \u00e0 gauche \u00e9tait particuli\u00e8rement important car l\u2019\u00e9lection l\u00e9gislative fran\u00e7aise est une \u00e9lection majoritaire \u00e0 deux tours. Contrairement \u00e0 une \u00e9lection proportionnelle, o\u00f9 l\u2019alliance aurait pu \u00eatre faite plus tard, il \u00e9tait essentiel de ne pr\u00e9senter qu\u2019un\u00b7e candidat\u00b7e de gauche par circonscription pour se donner le plus de chances possibles d\u2019aller au second tour, et de gagner.<\/span><\/p>\n<table style=\"width: 100%; border-collapse: collapse; background-color: #ede8e8;\">\n<tbody>\n<tr>\n<td style=\"width: 100%; text-align: justify;\"><span style=\"font-size: 14pt;\">Sur le traitement m\u00e9diatique du NFP pendant la campagne\u00a0: Mathias Reymond, \u00ab\u00a0<a class=\"spip_out\" href=\"https:\/\/www.acrimed.org\/Les-medias-en-guerre-contre-le-Nouveau-Front\" target=\"_blank\" rel=\"external noopener\">Les m\u00e9dias en guerre contre le Nouveau Front Populaire.<\/a>\u00a0\u00bb, Acrimed, 5 juillet 2024. <\/span><br class=\"autobr\" \/><span style=\"font-size: 14pt;\">Ou <\/span><br class=\"autobr\" \/><span style=\"font-size: 14pt;\">Loris Gu\u00e9mart, Aliz\u00e9e Vincent, \u00ab\u00a0<a class=\"spip_out\" href=\"https:\/\/www.arretsurimages.net\/articles\/violences-racistes-pas-une-minute-dans-les-jt-post-legislatives\" target=\"_blank\" rel=\"external noopener\">Violences racistes, pas une minute dans les jt post l\u00e9gislatives.<\/a>\u00a0\u00bb, Arr\u00eat sur image, 5 juillet 2024.<\/span><\/td>\n<\/tr>\n<\/tbody>\n<\/table>\n<p style=\"text-align: justify;\"><span style=\"font-size: 14pt;\">La droite et les grands m\u00e9dias, y compris les m\u00e9dias de service public de plus en plus contr\u00f4l\u00e9s par le gouvernement et largement favorable au grand capital, ont critiqu\u00e9 durement la formation de ce Nouveau Front populaire en disant qu\u2019il incluait des partis, en particulier la LFI et le NPA, qui sont complices du terrorisme, qui sont complices du Hamas. Beaucoup de commentateur\u00b7ices n\u2019ont pas h\u00e9sit\u00e9 \u00e0 d\u00e9noncer le suppos\u00e9 anti-s\u00e9mitisme de LFI et du NPA-L\u2019anticapitaliste. C\u2019\u00e9tait tr\u00e8s violent, virulent et purement mensonger. Malgr\u00e9 cette campagne quasi haineuse, le NFP a r\u00e9ussi \u00e0 se mettre d\u2019accord sur un programme et a pr\u00e9sent\u00e9 partout des candidat\u00b7es. La violence n\u2019a pas \u00e9t\u00e9 que verbale, on a assist\u00e9 \u00e9galement \u00e0 une multiplication d\u2019agressions physiques de la part de l\u2019extr\u00eame-droite apr\u00e8s le 9 juin.<\/span><\/p>\n<p style=\"text-align: justify;\"><span style=\"font-size: 14pt;\">La conviction d\u2019une grande partie de l\u2019\u00e9lectorat de gauche que, ce coup-ci, il fallait se serrer les coudes pour aller vers les quartiers, les places publiques, les march\u00e9s hebdomadaires, tous les endroits de d\u00e9bats et la perception du danger que repr\u00e9sentait une victoire possible de l\u2019extr\u00eame-droite ont permis une grande mobilisation de la gauche pour aller voter.<\/span><\/p>\n<h5 style=\"text-align: justify;\"><span style=\"font-size: 18pt;\">Que peut-on dire du programme du NFP ?<\/span><\/h5>\n<p style=\"text-align: justify;\"><span style=\"font-size: 14pt;\"><a class=\"spip_out\" href=\"https:\/\/lafranceinsoumise.fr\/wp-content\/uploads\/2024\/06\/PROGRAMME-FRONT-POPULAIRE.pdf\" target=\"_blank\" rel=\"external noopener\">Le programme avec lequel le Nouveau Font populaire s\u2019est pr\u00e9sent\u00e9<\/a> pour les \u00e9lections, n\u2019est pas anticapitaliste mais il est r\u00e9solument anti n\u00e9olib\u00e9ral et pro classes populaires. Il s\u2019oppose sans ambigu\u00eft\u00e9 \u00e0 la politique de Macron. Il va clairement \u00e0 l\u2019encontre de la volont\u00e9 du patronat et des 10% les plus riches. Quelques mesures phares\u00a0: le salaire minimum \u00e0 1600 euros net<span class=\"spip_note_ref\">\u00a0[<a id=\"nh2-1\" class=\"spip_note\" title=\"Il s\u2019agit d\u2019 augmenter le Smic de 14% en le faisant passer de pr\u00e8s de 1400\u00a0(...)\" href=\"https:\/\/www.cadtm.org\/France-Grace-a-une-grande-mobilisation-de-la-gauche-l-extreme-droite-n-est-pas#nb2-1\" rel=\"appendix\">1<\/a>]<\/span>, le r\u00e9tablissement de l\u2019imp\u00f4t sur la fortune (ISF), annul\u00e9 par Macron en 2018, des imp\u00f4ts sur les superprofits, l\u2019abrogation de la r\u00e9forme des retraites d\u2019Emmanuel Macron avec pour objectif de ramener l\u2019\u00e2ge de la retraite \u00e0 60 ans, <a class=\"spip_out\" href=\"https:\/\/www.bfmtv.com\/economie\/economie-social\/assurance-chomage-gabriel-attal-souhaite-la-reprise-des-discussions-avec-les-forces-politiques-elues-au-parlement-d-ici-au-31-juillet_AN-202407030922.html\" target=\"_blank\" rel=\"external noopener\">l\u2019abrogation des r\u00e9formes de l\u2019assurance ch\u00f4mage<\/a> , l\u2019indexation automatique des salaires sur l\u2019<a class=\"cs_glossaire\" href=\"https:\/\/www.cadtm.org\/Inflation\" name=\"mot991_0\"><span class=\"gl_mot\">inflation<\/span><\/a>,<a class=\"spip_out\" href=\"https:\/\/www.bfmtv.com\/economie\/economie-social\/prix-du-gaz-la-facture-de-millions-de-francais-augmentera-de-11-7-en-moyenne-au-1er-juillet_AD-202406100133.html\" target=\"_blank\" rel=\"external noopener\">l\u2019annulation de la r\u00e9cente hausse du prix du gaz au 1<sup class=\"typo_exposants\">er<\/sup> juillet<\/a>, le blocage de certains prix, les 32 heures hebdomadaires \u00ab\u00a0dans les m\u00e9tiers p\u00e9nibles ou de nuit\u00a0\u00bb, rendre davantage progressif le bar\u00e8me d\u2019imp\u00f4t sur le revenu (concr\u00e8tement, cela se traduirait par <a class=\"spip_out\" href=\"https:\/\/www.bfmtv.com\/economie\/patrimoine\/impots-fiscalite\/nouveau-front-populaire-en-quoi-consiste-l-impot-sur-le-revenu-a-14-tranches_AV-202406140741.html\" target=\"_blank\" rel=\"external noopener\">un retour du bar\u00e8me \u00e0 14 tranches<\/a> contre 5 actuellement), un <a class=\"cs_glossaire\" href=\"https:\/\/www.cadtm.org\/Moratoire\" name=\"mot1000_1\"><span class=\"gl_mot\">moratoire<\/span><\/a> sur les grands projets inutiles, aller vers la gratuit\u00e9 totale de l\u2019\u00e9cole, reconnaissance de l\u2019\u00c9tat de Palestine\u2026<\/span><\/p>\n<table style=\"width: 100%; border-collapse: collapse; background-color: #f2eded; height: 89px;\">\n<tbody>\n<tr style=\"height: 89px;\">\n<td style=\"width: 100%; height: 89px; text-align: justify;\"><span style=\"font-size: 14pt;\"><strong>Lire\u00a0:<\/strong> Romaric Godin, <a class=\"spip_in\" href=\"https:\/\/www.cadtm.org\/Nouveau-Front-populaire-un-programme-economique-d-alternative-au-macronisme\">\u00ab\u00a0Nouveau Front populaire\u00a0: un programme \u00e9conomique d\u2019alternative au macronisme\u00a0\u00bb<\/a>, publi\u00e9 le 17 juin 2024, <\/span><br class=\"autobr\" \/><span style=\"font-size: 14pt;\">ATTAC France, \u00ab\u00a0<a class=\"spip_out\" href=\"https:\/\/france.attac.org\/se-mobiliser\/mobilisons-nous-pour-le-front-populaire\/article\/le-programme-economique-du-nouveau-front-populaire-decryptage\" target=\"_blank\" rel=\"external noopener\">Le programme \u00e9conomique du nouveau Front populaire\u00a0: d\u00e9cryptage<\/a>\u00a0\u00bb, publi\u00e9 le 28 juin 2024<\/span><br class=\"autobr\" \/><span style=\"font-size: 14pt;\">BFM TV, \u00ab\u00a0<a class=\"spip_out\" href=\"https:\/\/www.bfmtv.com\/economie\/economie-social\/smic-a-1-600-euros-isf-retraite-a-60-ans-quelles-sont-les-principales-mesures-du-programme-economique-du-nfp_AD-202407080352.html\" target=\"_blank\" rel=\"external noopener\">Smic \u00e0 1.600 euros, ISF, retraite \u00e0 60 ans&#8230; Quelles sont les principales mesures du programme \u00e9conomique du NFP\u00a0?<\/a>\u00a0\u00bb, publi\u00e9 le 8 juillet 2024<\/span><\/td>\n<\/tr>\n<\/tbody>\n<\/table>\n<p style=\"text-align: justify;\"><span style=\"font-size: 14pt;\">Le programme du NFP est en retrait par rapport au programme de l\u2019Union de la Gauche en France au d\u00e9but des ann\u00e9es 1980 mais 40 ans d\u2019offensive n\u00e9o lib\u00e9rale ont eu un effet r\u00e9gressif en profondeur<span class=\"spip_note_ref\">\u00a0[<a id=\"nh2-2\" class=\"spip_note\" title=\"Le programme du NFP est en retrait sur certains points par rapport au\u00a0(...)\" href=\"https:\/\/www.cadtm.org\/France-Grace-a-une-grande-mobilisation-de-la-gauche-l-extreme-droite-n-est-pas#nb2-2\" rel=\"appendix\">2<\/a>]<\/span>.<\/span><\/p>\n<h5 style=\"text-align: justify;\"><span style=\"font-size: 18pt;\">Quels avaient \u00e9t\u00e9 les r\u00e9sultats des \u00e9lections europ\u00e9ennes du 9 juin 2024 ?<\/span><\/h5>\n<p style=\"text-align: justify;\"><span style=\"font-size: 14pt;\">Le Rassemblement national venait loin devant tout le reste avec 31,4% des voix (plus de 7,7 millions de voix), plus du double des voix de la liste d\u2019Emmanuel Macron qui a obtenu seulement 14,6% (3,6 millions de voix). De plus, il y avait une autre liste d\u2019extr\u00eame droite autour de la ni\u00e8ce de Marine Le Pen, Marion Mar\u00e9chal Le Pen et d\u2019\u00c9ric Zemmour. Cette liste avait obtenu 5,5%. Et il y avait une liste de la droite traditionnelle \u00ab\u00a0La droite pour faire entendre la voix de la France en Europe\u00a0\u00bb qui a obtenu 7,25% des voix.<\/span><br class=\"autobr\" \/><span style=\"font-size: 14pt;\">La gauche s\u2019\u00e9tait pr\u00e9sent\u00e9e de mani\u00e8re dispers\u00e9e. La liste soutenue par le PS avait obtenu 13,8% des voix, celle de la France Insoumise, 9,9% et celle des \u00c9cologistes, 5,5%. En tout, la gauche avait obtenu moins de 30%. Le taux de participation \u00e9lectorale \u00e9tait faible\u00a0: 51,5%<\/span><br class=\"autobr\" \/><span style=\"font-size: 14pt;\">La d\u00e9faite \u00e9vidente de la liste du camp pr\u00e9sidentiel a conduit Macron \u00e0 dissoudre l\u2019Assembl\u00e9e Nationale et \u00e0 convoquer des \u00e9lections anticip\u00e9es. La constitution permet au pr\u00e9sident de poursuivre son mandat jusqu\u2019\u00e0 son terme en 2027 m\u00eame s\u2019il devait cohabiter avec un gouvernement qui lui serait oppos\u00e9.<\/span><\/p>\n<h5 style=\"text-align: justify;\"><span style=\"font-size: 18pt;\">Quels \u00e9taient les r\u00e9sultats du premier tour du 30 juin 2024 ?<\/span><\/h5>\n<blockquote>\n<p style=\"text-align: justify; padding-left: 40px;\"><span style=\"font-size: 14pt;\">\u00ab\u00a0Il y avait un v\u00e9ritable risque de voir l\u2019extr\u00eame-droite diriger le gouvernement\u00a0\u00bb<\/span><\/p>\n<\/blockquote>\n<p style=\"text-align: justify;\"><span style=\"font-size: 14pt;\">Le Rassemblement national, qui a r\u00e9ussi apr\u00e8s les europ\u00e9ennes \u00e0 diviser le parti de la droite traditionnelle, Les R\u00e9publicains, en faisant une alliance avec son pr\u00e9sident, \u00c9ric Ciotti, a obtenu 33,22% et a fait mieux que le 9 juin. Il a obtenu 10,6 millions de voix. Le camp pr\u00e9sidentiel a obtenu seulement 23% des voix. Le Nouveau Front populaire, qui s\u2019est constitu\u00e9 \u00e0 toute vitesse apr\u00e8s les europ\u00e9ennes, a permis l\u2019unit\u00e9 de la majorit\u00e9 de la gauche et a obtenu 28 % des voix auxquelles il faut ajouter les voix obtenues par divers candidat\u00b7es de gauche mis \u00e0 l\u2019\u00e9cart par la direction de la France insoumise, mais aussi des dissident\u00b7es PS et d\u2019autres. La liste des R\u00e9publicains, qui avaient exclu leur pr\u00e9sident \u00c9ric Ciotti, a obtenu 6,6%. Le taux de participation \u00e9lectorale a \u00e9t\u00e9 tr\u00e8s \u00e9lev\u00e9 : 66,7 %.<\/span><\/p>\n<p style=\"text-align: justify;\"><span style=\"font-size: 14pt;\">Le tr\u00e8s important succ\u00e8s de la liste du Rassemblement national et de ses alli\u00e9s a cr\u00e9\u00e9 un choc : il y avait un v\u00e9ritable risque de voir l\u2019extr\u00eame-droite diriger le gouvernement (en cohabitation avec le pr\u00e9sident Macron). La jeunesse et les militant\u00b7es de gauche qui avaient commenc\u00e9 \u00e0 se mobiliser d\u00e8s le soir des \u00e9lections europ\u00e9ennes du 9 juin ont renforc\u00e9 leur degr\u00e9 d\u2019activit\u00e9 pour \u00e9viter le pire. En plus du programme raciste promu par le Rassemblement national, une accession de ce parti au pouvoir aurait multipli\u00e9 les actes et les agressions racistes des militant\u00b7es d\u2019extr\u00eame droite et de la police, qui vote majoritairement pour l\u2019extr\u00eame droite.<\/span><\/p>\n<p style=\"text-align: justify;\"><span style=\"font-size: 14pt;\">Dans les minutes qui ont suivi les r\u00e9sultats du 1er tour, le 30 juin, la direction de la France Insoumise, par la bouche de Jean-Luc M\u00e9lenchon, suivie tr\u00e8s vite par tout le Nouveau Front populaire, a annonc\u00e9 que, pour battre l\u2019extr\u00eame droite au second tour, elle retirerait son ou sa candidate NFP dans chaque circonscription \u00e9lectorale o\u00f9 le NFP \u00e9tait troisi\u00e8me et le Rassemblement national en t\u00eate.<\/span><\/p>\n<p style=\"text-align: justify;\"><span style=\"font-size: 14pt;\">Du c\u00f4t\u00e9 du camp pr\u00e9sidentiel, il n\u2019en a pas \u00e9t\u00e9 de m\u00eame car une s\u00e9rie d\u2019alli\u00e9s de Macron ou m\u00eame de ministres comme le ministre de l\u2019int\u00e9rieur Darmanin ont dit que jamais ils ne se retiraient en faveur d\u2019un candidat LFI pour battre l\u2019extr\u00eame-droite du RN. Il a fallu que le premier ministre, Gabriel Attal, mouille sa chemise pour affirmer qu\u2019il fallait faire un front r\u00e9publicain pour battre l\u2019extr\u00eame droite, mais cela n\u2019a pas entra\u00een\u00e9 une position unanime dans le camp pr\u00e9sidentiel et dans le reste de la droite traditionnelle.<\/span><\/p>\n<p style=\"text-align: justify;\"><span style=\"font-size: 14pt;\">Il restait 7 jours avant le deuxi\u00e8me tour pour \u00e9viter le pire. De nombreux et nombreuses intellectuelles de gauche, l\u2019\u00e9crasante majorit\u00e9 des mouvements sociaux et citoyens de gauche, ont multipli\u00e9 les d\u00e9clarations et les rassemblements pour affirmer qu\u2019il fallait faire barrage \u00e0 l\u2019extr\u00eame droite. Le syndicat CGT s\u2019est fortement mobilis\u00e9, de m\u00eame que Sud Solidaires. On a vu la direction du syndicat mod\u00e9r\u00e9 CFDT se mouiller \u00e9galement.<\/span><\/p>\n<p style=\"text-align: justify;\"><span style=\"font-size: 14pt;\">Mais dans le m\u00eame temps, la majorit\u00e9 des commentateurs et commentatrices ayant acc\u00e8s aux grands m\u00e9dias priv\u00e9s et publics poursuivaient leurs attaques contre la France insoumise, contre le NFP, accus\u00e9 d\u2019inclure le NPA de Poutou, accus\u00e9 d\u2019\u00eatre \u00ab pro terroriste \u00bb et \u00ab anti police \u00bb\u2026 De plus, le RN restait invit\u00e9 sur tous les plateaux et de nombreux journalistes en vue leur montraient une empathie r\u00e9elle ou de circonstance. Les sondages annon\u00e7aient la victoire du RN. Et il est vrai qu\u2019une partie importante des classes populaires et de la classe ouvri\u00e8re traditionnelle avait vot\u00e9 pour le RN et allait le faire \u00e0 nouveau. Il n\u2019\u00e9tait pas non plus garanti que, pour faire barrage \u00e0 l\u2019extr\u00eame droite, des \u00e9lecteur\u00b7ices de gauche soient pr\u00eats \u00e0 voter en faveur d\u2019un ou d\u2019une candidate du camp pr\u00e9sidentiel ou de la droite dont les <a class=\"cs_glossaire\" href=\"https:\/\/www.cadtm.org\/Action-Actions\" name=\"mot1341_2\"><span class=\"gl_mot\">actions<\/span><\/a> avaient favoris\u00e9 la mont\u00e9e du RN et qui avaient adopt\u00e9 des lois anti immigr\u00e9\u00b7es avec l\u2019appui du RN. De m\u00eame, il n\u2019\u00e9tait pas s\u00fbr que des \u00e9lecteur\u00b7ices de droite votent pour un candidat LFI ou d\u2019extr\u00eame gauche pour emp\u00eacher l\u2019\u00e9lection d\u2019un ou d\u2019une candidate du RN. Dans le camp des classes populaires, la volont\u00e9 d\u2019infliger une nouvelle d\u00e9faite au camp de Macron pouvait continuer \u00e0 prendre la forme du vote RN et pas seulement la forme du vote NFP.<br \/>\n<\/span><\/p>\n<h5 style=\"text-align: justify;\"><span style=\"font-size: 18pt;\">Quels ont \u00e9t\u00e9 les r\u00e9sultats du second tour des l\u00e9gislatives du 7 juillet ?<\/span><\/h5>\n<p style=\"text-align: justify;\"><span style=\"font-size: 14pt;\">&#8211; Le grand vainqueur du second tour, c\u2019est le Nouveau Front populaire qui obtient 182 parlementaires auxquels on peut ajouter 14 autres \u00e9lu\u00b7es divers gauches, ce qui donne 196 parlementaires de gauche. Pour faire simple on peut arrondir \u00e0 200, c\u2019est plus facile \u00e0 retenir.<\/span><br \/>\n<span style=\"font-size: 14pt;\">&#8211; Le camp pr\u00e9sidentiel minoritaire vient en deuxi\u00e8me position avec 168 parlementaires, il a perdu 95 si\u00e8ges.<\/span><br \/>\n<span style=\"font-size: 14pt;\">&#8211; Le camp de l\u2019extr\u00eame-droite obtient finalement 143 parlementaires (126 pour le Rassemblement national et 17 pour ses alli\u00e9s, dont \u00c9ric Ciotti et les autres R\u00e9publicains qui l\u2019ont suivi et ont \u00e9t\u00e9 exclus du parti). Le RN a gagn\u00e9 37 parlementaires sous sa banni\u00e8re par rapport \u00e0 2022.<\/span><br \/>\n<span style=\"font-size: 14pt;\">&#8211; Les R\u00e9publicains, la droite traditionnelle qui se rapproche du discours de l\u2019extr\u00eame-droite obtient 45 si\u00e8ges (perte d\u2019une vingtaine de si\u00e8ges par rapport \u00e0 2022).<\/span><\/p>\n<h5 style=\"text-align: justify;\"><span style=\"font-size: 18pt;\">\u00c0 l\u2019int\u00e9rieur du bloc du Nouveau Front populaire, comment se r\u00e9partit le poids des diff\u00e9rentes forces politiques ?<\/span><\/h5>\n<p style=\"text-align: justify;\"><span style=\"font-size: 14pt;\">La France insoumise vient en t\u00eate avec 74 parlementaires (alors qu\u2019elle en avait 75 en 2022), ensuite viennent respectivement le Parti socialiste avec 59 si\u00e8ges (en forte hausse par rapport \u00e0 son mauvais r\u00e9sultat de 2022 o\u00f9 il n\u2019avait obtenu que 31 si\u00e8ges), les \u00c9cologistes avec 28 si\u00e8ges (contre 23 en 2022) et le PCF avec 9 parlementaires (alors qu\u2019avec ses alli\u00e9s, il en avait 22 en 2022<span class=\"spip_note_ref\">[<a id=\"nh2-3\" class=\"spip_note\" title=\"Il faudra voir comment \u00e9volue le nombre de parlementaires alli\u00e9s ou\u00a0(...)\" href=\"https:\/\/www.cadtm.org\/France-Grace-a-une-grande-mobilisation-de-la-gauche-l-extreme-droite-n-est-pas#nb2-3\" rel=\"appendix\">3<\/a>]<\/span>). Il faut y ajouter 12 parlementaires NFP qui ne sont dans aucun des partis mentionn\u00e9s ci-avant. Quant au NPA, qui pr\u00e9sentait Philippe Poutou dans le d\u00e9partement de l\u2019Aude, il n\u2019a pas d\u2019\u00e9lu.<\/span><\/p>\n<p style=\"text-align: justify;\"><span style=\"font-size: 14pt;\">Au sein du NFP, ce sont clairement ceux et celles de LFI qui sont les plus \u00e0 gauche. On peut y ajouter quelques \u00e9lus de gauche qui avaient \u00e9t\u00e9 \u00e9cart\u00e9s des listes officielles NFP par la direction de LFI et qui malgr\u00e9 cela ont \u00e9t\u00e9 \u00e9lus le 7 juillet.<\/span><\/p>\n<h5 style=\"text-align: justify;\"><span style=\"font-size: 18pt;\">Mais au sein du NFP, m\u00eame si LFI est la force principale, c\u2019est le PS qui engrange une importante augmentation. Quelles peuvent \u00eatre les cons\u00e9quences ?<\/span><\/h5>\n<p style=\"text-align: justify;\"><span style=\"font-size: 14pt;\">Effectivement, il est important pour r\u00e9fl\u00e9chir \u00e0 la suite des \u00e9v\u00e8nements de prendre en consid\u00e9ration le PS car il a de lourdes responsabilit\u00e9s dans le d\u00e9sastre social et les d\u00e9sillusions des dix derni\u00e8res ann\u00e9es (ainsi que dans la p\u00e9riode qui a pr\u00e9c\u00e9d\u00e9). Parmi les \u00e9lu\u00b7es PS, on trouve Fran\u00e7ois Hollande qui personnifie ces lourdes responsabilit\u00e9s n\u00e9gatives. Rappelons qu\u2019il a \u00e9t\u00e9 \u00e9lu en 2012 face \u00e0 Nicolas Sarkozy (qui cherchait un deuxi\u00e8me mandat) en promettant de mettre fin aux politiques n\u00e9olib\u00e9rales. Il avait d\u00e9clar\u00e9 que son ennemi principal \u00e9tait la \u00ab Finance \u00bb. Or il a appliqu\u00e9 une politique en continuit\u00e9 avec les pr\u00e9sidents de droite et leurs politiques n\u00e9olib\u00e9rales. Il a multipli\u00e9 les cadeaux aux grandes banques, \u00e0 la \u00ab Finance \u00bb et aux plus riches. C\u2019est lui qui est all\u00e9 chercher Emmanuel Macron qui venait de la banque Rothschild et l\u2019a mis dans son gouvernement. En 2015, lorsque le peuple grec a port\u00e9 Syriza (coalition de gauche radicale) au gouvernement, Fran\u00e7ois Hollande et son gouvernement se sont unis au gouvernement de droite d\u2019Angela Merkel et \u00e0 la Tro\u00efka pour emp\u00eacher l\u2019abandon des politiques d\u2019aust\u00e9rit\u00e9 voulues par le peuple grec.<\/span><\/p>\n<p style=\"text-align: justify;\"><span style=\"font-size: 14pt;\">Finalement, lors des \u00e9lections de 2017, \u00e0 l\u2019issue desquelles Macron est devenu pr\u00e9sident, le PS a subi une d\u00e9faite politique \u00e9norme. Il a perdu 286 si\u00e8ges et n\u2019a conserv\u00e9 que 45 d\u00e9put\u00e9s. En termes de voix, il n\u2019a obtenu en 2017 au second tour que 7,5% face au bloc de Macron qui avait obtenu 49,1% des voix et 349 d\u00e9put\u00e9s. Lors des \u00e9lections de 2022, le PS a encore perdu des voix et n\u2019a obtenu que 31 si\u00e8ges. \u00c0 ce moment-l\u00e0, il faisait partie de la NUPES cr\u00e9\u00e9e \u00e0 l\u2019initiative de LFI qui avait 151 si\u00e8ges au total, dont 75 pour le parti de Jean-Luc M\u00e9lenchon.<\/span><br \/>\n<span style=\"font-size: 14pt;\">Donc le r\u00e9sultat de juillet 2024, repr\u00e9sente un succ\u00e8s pour le PS car il revient de loin et obtient 59 si\u00e8ges.<\/span><\/p>\n<h5 style=\"text-align: justify;\"><span style=\"font-size: 18pt;\">En ce qui concerne la d\u00e9signation du premier ministre, ces derniers jours on parle d\u2019une r\u00e8gle non \u00e9crite dans la constitution de la 5e r\u00e9publique, de quoi s\u2019agit-il ?<\/span><\/h5>\n<p style=\"text-align: justify;\"><span style=\"font-size: 14pt;\">Normalement, selon les r\u00e8gles non \u00e9crites et la coutume de la 5e r\u00e9publique, c\u2019est parmi les membres du bloc qui est venu en t\u00eate des \u00e9lections que le pr\u00e9sident choisit le premier ministre. Or c\u2019est le Nouveau Front populaire qui est venu en t\u00eate et \u00e0 l\u2019int\u00e9rieur de celui-ci, c\u2019est La France insoumise qui est de loin la principale force politique, donc c\u2019est un ou une membre de LFI qui devrait \u00eatre premier ministre.<\/span><\/p>\n<p style=\"text-align: justify;\"><span style=\"font-size: 14pt;\">Mais justement, c\u2019est l\u00e0 que de nombreuses man\u0153uvres peuvent avoir lieu.<\/span><br \/>\n<span style=\"font-size: 14pt;\">Le grand capital voudrait \u00e9viter qu\u2019un ou une membre de LFI conduise le gouvernement et donne le ton. De leur point de vue, un moindre mal, c\u2019est une personne choisie parmi les socialistes qui pourrait offrir le plus de garanties pour pr\u00e9server les privil\u00e8ges du 1% le plus riche et des grandes entreprises priv\u00e9es. Il est plus qu\u2019\u00e9vident que des dirigeant\u00b7es du bloc de Macron voudraient briser le NFP et chercher un compromis avec les forces politiques les plus proches et les plus \u00ab responsables \u00bb, donc du c\u00f4t\u00e9 du PS, et peut-\u00eatre de certain\u00b7es \u00e9cologistes.<\/span><\/p>\n<p style=\"text-align: justify;\"><span style=\"font-size: 14pt;\">Dans les man\u0153uvres, il y aura \u00e9galement \u00e0 prendre en compte d\u2019autres \u00e9volutions possibles venant de diff\u00e9rents c\u00f4t\u00e9s.<\/span><\/p>\n<p style=\"text-align: justify;\"><span style=\"font-size: 14pt;\">Du c\u00f4t\u00e9 du NFP, dans ces conditions, comme il n\u2019a pas obtenu une majorit\u00e9 absolue \u00e0 l\u2019Assembl\u00e9e, il vaudrait mieux ne pas chercher \u00e0 aller au gouvernement car les conditions ne sont pas r\u00e9unies pour appliquer son programme. Chercher \u00e0 aller au gouvernement risque de provoquer de nouvelles divisions et des d\u00e9ceptions qui pourraient alimenter encore davantage l\u2019abstention, ou le vote RN. Il vaudrait mieux donner la priorit\u00e9 \u00e0 la construction d\u2019un front social et politique avec une dynamique unitaire \u00e0 la base, dans les quartiers, sur les lieux de travail\u2026 Un front social et politique capable de convoquer des mobilisations pour construire un rapport de force favorable et obtenir \u00e0 partir de celui-ci certaines victoires et, en tout cas, un recul de l\u2019offensive de la droite et de l\u2019extr\u00eame-droite.<\/span><\/p>\n<h5 style=\"text-align: justify;\"><span style=\"font-size: 18pt;\">Le fait que la France a connu d\u2019importantes mobilisations sociales au cours des derni\u00e8res ann\u00e9es, notamment contre la (contre) r\u00e9forme des retraites en 2022-2023 mais aussi contre la violence polici\u00e8re \u00e0 l\u2019\u00e9gard des personnes racis\u00e9es, joue-t-il un r\u00f4le dans l\u2019\u00e9chec du Rassemblement national ?<\/span><\/h5>\n<p style=\"text-align: justify;\"><span style=\"font-size: 14pt;\">Il est certain que le fait qu\u2019au cours derni\u00e8res ann\u00e9es, des centaines de milliers et m\u00eame des millions de personnes, se sont mobilis\u00e9es contre la politique antisociale, anti immigr\u00e9s et r\u00e9pressive de Macron, a aid\u00e9 \u00e0 cr\u00e9er un climat favorable \u00e0 la riposte face au danger de l\u2019extr\u00eame-droite.<\/span><\/p>\n<p style=\"text-align: justify;\"><span style=\"font-size: 14pt;\">Au cours des grandes mobilisations sociales qui se sont prolong\u00e9es dans le temps, sans obtenir de victoire, il n\u2019y a pas eu que de la frustration et des d\u00e9sillusions, il y a eu une capacit\u00e9 \u00e0 d\u00e9battre, \u00e0 organiser de mani\u00e8re collective des protestations, \u00e0 d\u00e9velopper l\u2019esprit collectif. Cela n\u2019a pas touch\u00e9 l\u2019ensemble de la population, ce qui explique le succ\u00e8s r\u00e9el du RN, qui a gagn\u00e9 des voix dans une partie des classes populaires et notamment dans les zones rurales et dans des milieux urbains les plus touch\u00e9s par la d\u00e9sindustrialisation, comme c\u2019est le cas dans le Nord. Dans la plupart des milieux urbains, on constate une plus grande r\u00e9sistance \u00e0 la p\u00e9n\u00e9tration des id\u00e9es du RN, de l\u2019extr\u00eame droite et de la droite en g\u00e9n\u00e9ral. C\u2019est aussi clairement le cas dans les zones urbaines avec une forte pr\u00e9sence de personnes racis\u00e9es. Le fait que LFI et d\u2019autres forces sociales n\u2019ont pas peur d\u2019exprimer leur profonde solidarit\u00e9 avec le peuple palestinien et leur rejet des politiques racistes et anti immigr\u00e9s, a convaincu des secteurs de la population d\u2019aller voter pour le NFP et contre le RN ainsi que contre Macron et la droite traditionnelle.<\/span><\/p>\n<h5 style=\"text-align: justify;\"><span style=\"font-size: 18pt;\"><strong>Le th\u00e8me de la <a class=\"cs_glossaire\" href=\"https:\/\/www.cadtm.org\/Dette-970\" name=\"mot970_4\"><span class=\"gl_mot\">dette<\/span><\/a> publique revient-il au centre du d\u00e9bat\u00a0?<\/strong><\/span><\/h5>\n<blockquote>\n<p style=\"text-align: justify; padding-left: 40px;\"><span style=\"font-size: 14pt;\">\u00ab\u00a0L\u2019argument du niveau insoutenable atteint par la dette publique et la n\u00e9cessit\u00e9 de se plier \u00e0 une nouvelle aust\u00e9rit\u00e9 budg\u00e9taire revient en permanence\u00a0\u00bb<\/span><\/p>\n<\/blockquote>\n<p style=\"text-align: justify;\"><span style=\"font-size: 14pt;\">Dans toutes les d\u00e9clarations de la droite et du camp macroniste, dans une multitude de commentaires dans les m\u00e9dias, revient en permanence l\u2019argument du niveau insoutenable atteint par la dette publique et la n\u00e9cessit\u00e9 de se plier \u00e0 une nouvelle aust\u00e9rit\u00e9 budg\u00e9taire. La n\u00e9cessit\u00e9 de se conformer aux injonctions de la Commission europ\u00e9enne demandant de r\u00e9duire le d\u00e9ficit public. Constamment, est agit\u00e9e la menace que ferait peser l\u2019arriv\u00e9e de la gauche au gouvernement et le danger repr\u00e9sent\u00e9 par le programme du NFP qui, s\u2019il \u00e9tait un tant soit peu mis en \u0153uvre provoquerait une panique du c\u00f4t\u00e9 des march\u00e9s, une mont\u00e9e en fl\u00e8che du co\u00fbt de la dette et une fuite des capitaux. C\u2019est un refrain qu\u2019on entend chaque fois que la gauche est aux portes du gouvernement et l\u2019objectif est non seulement de faire peur \u00e0 l\u2019opinion publique mais aussi de convaincre les mandataires de gauche d\u2019abandonner toute volont\u00e9 de ne pas continuer \u00e0 se plier \u00e0 la dictature des march\u00e9s et donc du grand capital.<\/span><\/p>\n<p style=\"text-align: justify;\"><span style=\"font-size: 14pt;\">Dans la bataille des id\u00e9es, il faudra expliquer que le gouvernement de Macron, la Commission et la <a class=\"cs_glossaire\" href=\"https:\/\/www.cadtm.org\/BCE\" name=\"mot783_5\"><span class=\"gl_mot\">BCE<\/span><\/a> ont voulu une augmentation de la dette publique pour financer les d\u00e9penses face \u00e0 la pand\u00e9mie de coronavirus et \u00e0 la crise \u00e9conomico-sociale qui a \u00e9t\u00e9 amplifi\u00e9e par celle-ci. Le gouvernement de Macron et les autres dirigeant\u00b7es europ\u00e9ens n\u2019ont pas voulu taxer les super profits des grandes entreprises pharmaceutiques \u2013 en particulier celles produisant des vaccins \u2013 qui se sont scandaleusement enrichies sur le dos de la soci\u00e9t\u00e9. De m\u00eame que les entreprises de distribution \u2013 en particulier celles sp\u00e9cialis\u00e9es dans les ventes en ligne et dans les services informatiques \u2013 qui ont fait d\u2019\u00e9normes b\u00e9n\u00e9fices. Ensuite, quand les prix du gaz ont explos\u00e9 dans la foul\u00e9e de l\u2019invasion de l\u2019Ukraine par la Russie, le gouvernement de Macron et ceux des autres pays n\u2019ont pas voulu contr\u00f4ler les prix de l\u2019\u00e9nergie et les geler, ce qui a permis aux entreprises sp\u00e9cialis\u00e9es dans les combustibles fossiles et celles productrices d\u2019\u00e9nergie, de faire \u00e0 leur tour d\u2019\u00e9normes profits sur le dos de la soci\u00e9t\u00e9. Enfin, quand les prix des aliments ont explos\u00e9 suite \u00e0 la guerre en Ukraine et \u00e0 cause de la <a class=\"cs_glossaire\" href=\"https:\/\/www.cadtm.org\/Speculation\" name=\"mot841_6\"><span class=\"gl_mot\">sp\u00e9culation<\/span><\/a> sur les c\u00e9r\u00e9ales, les entreprises c\u00e9r\u00e9ali\u00e8res ont fait des super profits. Tout comme les grandes cha\u00eenes de distribution qui ont augment\u00e9 le prix des aliments au d\u00e9tail de mani\u00e8re disproportionn\u00e9e et abusive, provoquant une hausse tr\u00e8s forte de l\u2019inflation et une perte du pouvoir d\u2019achat des classes populaires. Le gouvernement de Macron et les autres gouvernements ont refus\u00e9 de taxer de mani\u00e8re extraordinaire leurs b\u00e9n\u00e9fices. Les entreprises de productions d\u2019armes voient \u00e9galement leurs b\u00e9n\u00e9fices augmenter gr\u00e2ce \u00e0 la guerre en Ukraine et au Proche-Orient.<\/span><\/p>\n<h5 style=\"text-align: justify;\"><span style=\"font-size: 18pt;\">Conclusion :<\/span><\/h5>\n<p style=\"text-align: justify;\"><span style=\"font-size: 14pt;\">Dans cette situation, et avec cette posture de refus de faire des pr\u00e9l\u00e8vements sur les entreprises qui profitaient de la crise et sur les plus riches, les \u00c9tats ont eu de plus en plus recours au financement par l\u2019endettement au lieu de se financer via des recettes fiscales, sauf celles provenant des imp\u00f4ts indirects sur la consommation (Taxe sur la valeur ajout\u00e9e \u2013 TVA) qui sont particuli\u00e8rement n\u00e9gatifs pour la grande majorit\u00e9 de la population et en particulier les secteurs aux revenus les plus bas.<\/span><\/p>\n<p style=\"text-align: justify;\"><span style=\"font-size: 14pt;\">Dans la bataille des id\u00e9es, il faudra montrer qu\u2019une grande partie de la dette publique est en cons\u00e9quence ill\u00e9gitime et qu\u2019elle doit \u00eatre audit\u00e9e et annul\u00e9e.<\/span><\/p>\n<p style=\"text-align: justify;\"><span style=\"font-size: 14pt;\">La politique des dirigeant\u00b7es europ\u00e9en\u00b7nes et de Macron, en mati\u00e8re migratoire, va \u00e9galement \u00eatre durcie et les atteintes port\u00e9es aux droits humains vont augmenter. Les violations de ces droits vont se multiplier alors qu\u2019elles sont d\u00e9nonc\u00e9es par la <a class=\"spip_out\" href=\"https:\/\/fr.wikipedia.org\/wiki\/Cour_europ%C3%A9enne_des_droits_de_l%27homme\" target=\"_blank\" rel=\"external noopener\">Cour europ\u00e9enne des droits de l\u2019homme<\/a> et les associations de d\u00e9fense des droits humains. Il faudra se mobiliser. Si un front social et politique puissant se met en place de la base au sommet, il est possible de r\u00e9sister et d\u2019obtenir certaines victoires.<\/span><\/p>\n<p style=\"text-align: justify;\"><span style=\"font-size: 14pt;\">L\u2019inaction climatique du pr\u00e9sident Macron et des institutions europ\u00e9ennes va aussi s\u2019approfondir. Un puissant mouvement social est la condition indispensable pour obtenir l\u2019adoption de v\u00e9ritables mesures favorables \u00e0 la lutte contre la crise \u00e9cologique.<\/span><\/p>\n<p style=\"text-align: justify;\"><span style=\"font-size: 14pt;\">Le r\u00e9armement va s\u2019acc\u00e9l\u00e9rer. Il faudra \u00e9galement r\u00e9ussir \u00e0 lancer un mouvement pour s\u2019y opposer.<\/span><\/p>\n<p style=\"text-align: justify;\"><span style=\"font-size: 14pt;\">Il faudra \u00e9galement se mobiliser pour d\u00e9fendre les droits des femmes et des LGBTQIA+.<\/span><\/p>\n<p style=\"text-align: justify;\"><span style=\"font-size: 14pt;\">Les discours d\u2019extr\u00eame-droite et les politiques qui leur sont favorables risquent de continuer \u00e0 se r\u00e9pandre.<\/span><\/p>\n<p style=\"text-align: justify;\"><span style=\"font-size: 14pt;\">En cons\u00e9quence, la lutte anti-fasciste et les actions de protestation contre la mont\u00e9e de l\u2019extr\u00eame-droite devront prendre de plus en plus d\u2019importance.<\/span><\/p>\n<h5 style=\"text-align: justify;\"><span style=\"font-size: 18pt;\">Post scriptum :<\/span><\/h5>\n<p style=\"text-align: justify;\"><span style=\"font-size: 14pt;\">Au parlement europ\u00e9en, un nouveau groupe parlementaire d\u2019extr\u00eame-droite vient d\u2019\u00eatre constitu\u00e9, il s\u2019appelle \u00ab\u00a0Patriotes pour l\u2019Europe\u00a0\u00bb et <a class=\"spip_out\" href=\"https:\/\/www.francetvinfo.fr\/politique\/jordan-bardella\/jordan-bardella-a-la-tete-de-patriotes-pour-l-europe-un-fait-etonnant-on-se-dit-qu-il-avait-un-double-agenda-analyse-un-sociologue_6655977.html\" target=\"_blank\" rel=\"external noopener\">sera pr\u00e9sid\u00e9 par Jordan Bardella<\/a>. Il s\u2019agit du regroupement entre d\u2019une part, les \u00e9lus europ\u00e9ens du parti du pr\u00e9sident hongrois Viktor Orban et de ceux de deux partis tch\u00e8ques d\u2019extr\u00eame droite Ano et le parti \u00ab\u00a0Serment et motards\u00a0\u00bb (<a class=\"spip_url spip_out auto\" href=\"https:\/\/en.wikipedia.org\/wiki\/P%C5%99%C3%ADsaha_and_Motorists\" target=\"_blank\" rel=\"external nofollow noopener\">https:\/\/en.wikipedia.org\/wiki\/P%C5%99%C3%ADsaha_and_Motorists<\/a>) qui sont 20, et d\u2019autre part l\u2019ancien groupe europ\u00e9en dirig\u00e9 par Marine Le Pen, Identit\u00e9 et D\u00e9mocratie, qui comptait 58 d\u00e9put\u00e9s, auxquels s\u2019ajoutent les 6 d\u00e9put\u00e9s de Vox d\u2019Espagne qui quittent l\u2019autre groupe parlementaire d\u2019extr\u00eame droite appel\u00e9 ECR (Groupe des Conservateurs et R\u00e9formistes europ\u00e9ens) dirig\u00e9 par Giorgia Meloni. Au total, ce nouveau groupe appel\u00e9 \u00ab\u00a0Patriotes pour l\u2019Europe\u00a0\u00bb comptera 84 parlementaires europ\u00e9en-nes. Le groupe ECR dirig\u00e9 par Giorgia Meloni est r\u00e9duit par le d\u00e9part de Vox et comptera dor\u00e9navant sur 78 euro-parlementaires. <\/span><br \/>\n<span style=\"font-size: 14pt;\">Voir la version actualis\u00e9e de la r\u00e9partition des groupes dans le parlement europ\u00e9en sur le site du PE\u00a0: <a class=\"spip_url spip_out auto\" href=\"https:\/\/results.elections.europa.eu\/fr\/outils\/outil-de-comparaison\/\" target=\"_blank\" rel=\"external nofollow noopener\">https:\/\/results.elections.europa.eu\/fr\/outils\/outil-de-comparaison\/<\/a><\/span><br class=\"autobr\" \/><span style=\"font-size: 14pt;\">Lors de la l\u00e9gislature qui vient de se terminer l\u2019addition des deux groupes d\u2019extr\u00eame droite dans le PE s\u2019\u00e9levait \u00e0 118 tandis que dans le nouveau parlement europ\u00e9en, les deux groupes parlementaires comptent sur 162 parlementaires auxquels il faudrait ajouter les 15 euro-parlementaires de l\u2019AFD d\u2019Allemagne qui ne font partie d\u2019aucun groupe \u00e0 l\u2019heure actuelle. <\/span><br class=\"autobr\" \/><span style=\"font-size: 14pt;\">La composition du groupe \u00ab\u00a0Patriotes pour l\u2019Europe\u00a0\u00bb par ordre d\u2019importance\u00a0: \ud83c\uddeb\ud83c\uddf7 Rassemblement national\u00a0: 30\u00a0; \ud83c\udded\ud83c\uddfa Fidesz-KDNP\u00a0: 11\u00a0; \ud83c\uddee\ud83c\uddf9 Lega\u00a0: 8\u00a0; \ud83c\udde8\ud83c\uddff ANO\u00a0: 7<\/span><br class=\"autobr\" \/><span style=\"font-size: 14pt;\">\ud83c\udde6\ud83c\uddf9 FP\u00d6\u00a0: 6\u00a0; \ud83c\uddea\ud83c\uddf8 Vox\u00a0: 6\u00a0; \ud83c\uddf3\ud83c\uddf1 PVV\u00a0: 6\u00a0; \ud83c\udde7\ud83c\uddea Vlaams Belang\u00a0: 3\u00a0; \ud83c\udde8\ud83c\uddff Oath and Motorists\u00a0: 2\u00a0; <\/span><br class=\"autobr\" \/><span style=\"font-size: 14pt;\">\ud83c\uddf5\ud83c\uddf9 Chega\u00a0: 2\u00a0; \ud83c\udde9\ud83c\uddf0 Danish People\u2019s Party\u00a0: 1\u00a0; \ud83c\uddf1\ud83c\uddfb Latvia First\u00a0: 1\u00a0; \ud83c\uddec\ud83c\uddf7 Voice of Reason\u00a0: 1<\/span><\/p>\n<p style=\"text-align: justify;\"><span style=\"font-size: 14pt;\">L\u2019auteur remercie Maxime Perriot pour sa relecture.<\/span><\/p>\n<h5><span style=\"font-size: 14pt;\">Notes:<\/span><\/h5>\n<div id=\"nb2-1\">\n<p style=\"text-align: justify;\"><span style=\"font-size: 14pt;\"><span class=\"spip_note_ref\">[<a class=\"spip_note\" title=\"Notes 2-1\" href=\"https:\/\/www.cadtm.org\/France-Grace-a-une-grande-mobilisation-de-la-gauche-l-extreme-droite-n-est-pas#nh2-1\" rev=\"appendix\">1<\/a>]\u00a0<\/span>Il s\u2019agit d\u2019 augmenter le Smic de 14% en le faisant passer de pr\u00e8s de 1400 euros net par mois actuellement \u00e0 1600 euros net. C\u2019est 100 euros de plus que ce que proposait le programme de la Nupes en 2022. Le programme pr\u00e9voit \u00e9galement une hausse de 10% du point d\u2019indice des fonctionnaires.<\/span><\/p>\n<\/div>\n<div id=\"nb2-2\" style=\"text-align: justify;\">\n<p><span style=\"font-size: 14pt;\"><span class=\"spip_note_ref\">[<a class=\"spip_note\" title=\"Notes 2-2\" href=\"https:\/\/www.cadtm.org\/France-Grace-a-une-grande-mobilisation-de-la-gauche-l-extreme-droite-n-est-pas#nh2-2\" rev=\"appendix\">2<\/a>]\u00a0<\/span>Le programme du NFP est en retrait sur certains points par rapport au programme du parti travailliste britannique de 2017, quand il \u00e9tait dirig\u00e9 par Jeremy Corbyn (avant que celui-ci ne soit d\u00e9boulonn\u00e9 puis exclu par l\u2019aile droiti\u00e8re de ce parti).<\/span><\/p>\n<\/div>\n<div id=\"nb2-3\">\n<p style=\"text-align: justify;\"><span style=\"font-size: 14pt;\"><span class=\"spip_note_ref\">[<a class=\"spip_note\" title=\"Notes 2-3\" href=\"https:\/\/www.cadtm.org\/France-Grace-a-une-grande-mobilisation-de-la-gauche-l-extreme-droite-n-est-pas#nh2-3\" rev=\"appendix\">3<\/a>]\u00a0<\/span>Il faudra<\/span><\/p>\n<h2><span style=\"font-size: 14pt;\">Eric Toussaint<\/span><\/h2>\n<h2><span style=\"font-size: 14pt;\">Tradutions disponibles: \u00a0<\/span><span style=\"font-size: 14pt;\"><a dir=\"ltr\" href=\"https:\/\/www.cadtm.org\/France-Thanks-to-a-massive-mobilization-of-the-Left-the-Far-Right-cannot\">English<\/a> \u00a0 <a href=\"https:\/\/www.lapluma.net\/2024\/07\/11\/68706\/\">Espa\u00f1ol<\/a><\/span><\/h2>\n<ul>\n<li>\n<h2><span style=\"font-size: 14pt;\">Source: <a href=\"https:\/\/www.cadtm.org\/France-Grace-a-une-grande-mobilisation-de-la-gauche-l-extreme-droite-n-est-pas\">CADTM,<\/a> le 10 juillet 2024<\/span><\/h2>\n<\/li>\n<\/ul>\n<p>&nbsp;<\/p>\n<\/div>\n","protected":false},"excerpt":{"rendered":"<p>Constamment, est agit\u00e9e la menace que ferait peser l\u2019arriv\u00e9e de la gauche au gouvernement et le danger repr\u00e9sent\u00e9 par le programme du NFP qui, s\u2019il \u00e9tait un tant soit peu mis en \u0153uvre provoquerait une panique du c\u00f4t\u00e9 des march\u00e9s, une mont\u00e9e en fl\u00e8che du co\u00fbt de la dette et une fuite des capitaux. C\u2019est un refrain qu\u2019on entend chaque fois que la gauche est aux portes du gouvernement et l\u2019objectif est non seulement de faire peur \u00e0 l\u2019opinion publique mais aussi de convaincre les mandataires de gauche d\u2019abandonner toute volont\u00e9 de ne pas continuer \u00e0 se plier \u00e0 la dictature des march\u00e9s et donc du grand capital.<\/p>\n","protected":false},"author":95,"featured_media":68709,"comment_status":"open","ping_status":"open","sticky":false,"template":"","format":"standard","meta":{"_uf_show_specific_survey":0,"_uf_disable_surveys":false,"footnotes":""},"categories":[218],"tags":[862,5862,7582,27321,27318,27344,27325,27324,27310,1969,21475,1562,27007,27323,27322,27297,27319],"coauthors":[855],"class_list":["post-68706","post","type-post","status-publish","format-standard","has-post-thumbnail","hentry","category-monde","tag-augmentation-dette-publique","tag-aumento-deuda-publica","tag-derrota-macrismo","tag-echec-de-lextreme-droite","tag-elecciones-legislativas-en-francia","tag-elecciones-legislativas-francia-2024","tag-elections-legislatives-en-france","tag-fracaso-del-reagrupamiento-nacional","tag-france-elections-legislatives-2024","tag-jean-luc-melenchon","tag-la-france-insoumise-lfi","tag-macron","tag-marine-le-pen-jordan-bardella","tag-nouveau-front-populaire","tag-politique-antisociale","tag-rassemblement-national","tag-reagrupamiento-nacional-rn"],"translation":{"provider":"WPGlobus","version":"2.12.2","language":"fr","enabled_languages":["es","fr"],"languages":{"es":{"title":true,"content":true,"excerpt":true},"fr":{"title":true,"content":true,"excerpt":true}}},"_links":{"self":[{"href":"https:\/\/www.lapluma.net\/fr\/wp-json\/wp\/v2\/posts\/68706","targetHints":{"allow":["GET"]}}],"collection":[{"href":"https:\/\/www.lapluma.net\/fr\/wp-json\/wp\/v2\/posts"}],"about":[{"href":"https:\/\/www.lapluma.net\/fr\/wp-json\/wp\/v2\/types\/post"}],"author":[{"embeddable":true,"href":"https:\/\/www.lapluma.net\/fr\/wp-json\/wp\/v2\/users\/95"}],"replies":[{"embeddable":true,"href":"https:\/\/www.lapluma.net\/fr\/wp-json\/wp\/v2\/comments?post=68706"}],"version-history":[{"count":11,"href":"https:\/\/www.lapluma.net\/fr\/wp-json\/wp\/v2\/posts\/68706\/revisions"}],"predecessor-version":[{"id":68908,"href":"https:\/\/www.lapluma.net\/fr\/wp-json\/wp\/v2\/posts\/68706\/revisions\/68908"}],"wp:featuredmedia":[{"embeddable":true,"href":"https:\/\/www.lapluma.net\/fr\/wp-json\/wp\/v2\/media\/68709"}],"wp:attachment":[{"href":"https:\/\/www.lapluma.net\/fr\/wp-json\/wp\/v2\/media?parent=68706"}],"wp:term":[{"taxonomy":"category","embeddable":true,"href":"https:\/\/www.lapluma.net\/fr\/wp-json\/wp\/v2\/categories?post=68706"},{"taxonomy":"post_tag","embeddable":true,"href":"https:\/\/www.lapluma.net\/fr\/wp-json\/wp\/v2\/tags?post=68706"},{"taxonomy":"author","embeddable":true,"href":"https:\/\/www.lapluma.net\/fr\/wp-json\/wp\/v2\/coauthors?post=68706"}],"curies":[{"name":"wp","href":"https:\/\/api.w.org\/{rel}","templated":true}]}}