{"id":68559,"date":"2024-07-06T15:39:03","date_gmt":"2024-07-06T15:39:03","guid":{"rendered":"https:\/\/www.lapluma.net\/?p=68559"},"modified":"2024-07-06T19:53:36","modified_gmt":"2024-07-06T19:53:36","slug":"alcalde-rodolfo-carter-ordena-desalojo-de-campamento-dignidad-de-la-florida-violando-acuerdo-con-pobladores","status":"publish","type":"post","link":"https:\/\/www.lapluma.net\/fr\/2024\/07\/06\/alcalde-rodolfo-carter-ordena-desalojo-de-campamento-dignidad-de-la-florida-violando-acuerdo-con-pobladores\/","title":{"rendered":"Chile: Alcalde Rodolfo Carter ordena desalojo de Campamento Dignidad de La Florida, violando acuerdo con pobladores"},"content":{"rendered":"<p style=\"text-align: justify;\"><span style=\"font-size: 14pt;\">\u00ab\u00a0El lunes 8 de julio el alcalde de la Municipalidad de La Florida, Rodolfo Carter (extrema derecha), quiere desalojar nuestro campamento. Est\u00e1 pidiendo apoyo a otros municipios para irse contra nosotros. Los Carabineros ratificaron la informaci\u00f3n y nos avisaron que har\u00edan un operativo para sacarnos del terreno. Eso s\u00ed, los Bomberos se negaron a hacerse parte de la maniobra cobarde de Carter\u00a0\u00bb, afirm\u00f3 Mar\u00eda Jos\u00e9 S\u00e1nchez, dirigente del Campamento Dignidad de La Florida, madre de tres hijas y comerciante.<\/span><\/p>\n<p style=\"text-align: justify;\"><span style=\"font-size: 14pt;\">La lideresa del Campamento Dignidad, asentamiento humano ubicado al pie de la Quebrada de Macul, en la periferia de la Regi\u00f3n Metropolitana del pa\u00eds andino, relat\u00f3 que en enero de 2025 cumplen 5 a\u00f1os de existencia. \u00ab\u00a0<em>Somos m\u00e1s de 700 familias. El 2020 integramos el catastro estatal de campamentos a nivel nacional y desde entonces estamos trabajando un proyecto de soluci\u00f3n habitacional definitiva\u00a0\u00bb,<\/em> detall\u00f3 S\u00e1nchez.<\/span><\/p>\n<h5 style=\"text-align: justify;\"><span style=\"font-size: 18pt;\">&#8211; T\u00fa has estado desde el principio en el campamento, \u00bfpor qu\u00e9 tomaste una decisi\u00f3n tan radical?<\/span><\/h5>\n<p style=\"text-align: justify;\"><span style=\"font-size: 14pt;\">\u00ab\u00a0Desde la primera quincena de enero de 2020 vivo aqu\u00ed con mi familia. Y nos vinimos por necesidad. Por la necesidad de contar con el derecho humano a la privacidad. Antes arrendamos una misma casa con 5 familias m\u00e1s. El hacinamiento s\u00f3lo provoc\u00f3 problemas. Ni el amor pod\u00edamos hacer tranquilos. Entonces tomamos la decisi\u00f3n. Primero levantando carpas en el sitio y luego de un a\u00f1o logramos fabricar de manera autogestionada una casa sencilla, que sabemos que s\u00f3lo es transitoria, pero que nos permite dormir abrigados, sin fr\u00edo ni miedo.\u00a0\u00bb<\/span><\/p>\n<figure id=\"attachment_68572\" aria-describedby=\"caption-attachment-68572\" style=\"width: 600px\" class=\"wp-caption aligncenter\"><img loading=\"lazy\" decoding=\"async\" class=\"wp-image-68572\" src=\"https:\/\/www.lapluma.net\/wp-content\/uploads\/2024\/07\/Campamento-dignidad-1-2-768x308-1-300x120.jpg\" alt=\"\" width=\"600\" height=\"241\" srcset=\"https:\/\/www.lapluma.net\/wp-content\/uploads\/2024\/07\/Campamento-dignidad-1-2-768x308-1-300x120.jpg 300w, https:\/\/www.lapluma.net\/wp-content\/uploads\/2024\/07\/Campamento-dignidad-1-2-768x308-1.jpg 768w\" sizes=\"auto, (max-width: 600px) 100vw, 600px\" \/><figcaption id=\"caption-attachment-68572\" class=\"wp-caption-text\">Campamento Dignidad<\/figcaption><\/figure>\n<h5 style=\"text-align: justify;\"><span style=\"font-size: 18pt;\">&#8211; El alcalde Carter y los medios masivos de comunicaci\u00f3n siempre los presentan a ustedes como delincuentes. \u00bfEn qu\u00e9 se desempe\u00f1a la poblaci\u00f3n del campamento?<\/span><\/h5>\n<p style=\"text-align: justify;\"><span style=\"font-size: 14pt;\">\u00ab\u00a0Ac\u00e1 hay gente con estudios, oficios y profesiones. La comunidad est\u00e1 llena de obreros, carpinteros, soldadores, comerciantes, conductores de redes de buses y colectivos, trabajadores del aseo y la higiene sanitaria. Y el narcotr\u00e1fico no se ve en nuestro espacio. Nosotros mismos mantenemos el orden, hay horarios convenidos para dejar de hacer ruido por respeto a las personas que trabajan y los chicos que estudian. No somos un gasto del Estado, como algunos creen. Hicimos una cancha al centro del campamento que la hemos usado para edificar escuelitas, sedes vecinales, recreaci\u00f3n para los ni\u00f1os y ollas comunes. Nosotros mismos forjamos nuestras vidas.\u00a0\u00bb<\/span><\/p>\n<h5 style=\"text-align: justify;\"><span style=\"font-size: 18pt;\">&#8211; Ustedes firmaron un acuerdo con el alcalde Carter. \u00bfPor qu\u00e9 dicen que ese compromiso se transgredi\u00f3?<\/span><\/h5>\n<p style=\"text-align: justify;\"><span style=\"font-size: 14pt;\">\u00ab\u00a0Los terrenos en los que vivimos son municipales. El 11 de julio del a\u00f1o 2022 firmamos un acuerdo con Carter que consist\u00eda en trabajar en conjunto una soluci\u00f3n habitacional definitiva y definitoria para nuestras familias; presentar un trabajo de aldea transitoria para las familias que van a ingresar al proyecto de soluci\u00f3n definitiva, lo que estamos elaborando con diversas entidades del Estado desde hace un tiempo. De hecho, tenemos una mesa de trabajo todos los meses. Y esa faena debemos terminarla en tres a\u00f1os, fecha que expira el 11 de julio de 2025, o sea, en un a\u00f1o m\u00e1s. Por eso podemos asegurar que Carter rompi\u00f3 el acuerdo que firm\u00f3 con nosotros.\u00a0\u00bb<\/span><\/p>\n<h5 style=\"text-align: justify;\"><span style=\"font-size: 18pt;\">&#8211; \u00bfY por qu\u00e9 lo hizo?<\/span><\/h5>\n<p style=\"text-align: justify;\"><span style=\"font-size: 14pt;\">\u00ab\u00a0Porque \u00e9l y otras autoridades, incluso su delf\u00edn para las pr\u00f3ximas elecciones municipales, Daniel Reyes, quer\u00edan implicarnos en un negocio inmobiliario que significaba ubicarnos en hect\u00e1reas del Parque y Bosque Panul, un pulm\u00f3n ecol\u00f3gico de la zona protegido por organizaciones ambientalistas. O sea, nos quer\u00eda usar de punta de lanza contra otros luchadores sociales para sus fines y, por supuesto, no aceptamos.<\/span><\/p>\n<p style=\"text-align: justify;\"><span style=\"font-size: 14pt;\">Con la orden de desalojo de Carter, tambi\u00e9n se demuestra que nos est\u00e1 utilizando para su beneficio pol\u00edtico. Antes llevaba una m\u00e1scara de buena gente, pero ya se la quit\u00f3 y ahora todo el mundo sabe que es un pinochetista. Hace poco dijo a la prensa que quiere ser presidente de Chile o por lo menos llegar al Congreso. Hasta le dicen el Bukele chileno por lo represivo y autoritario. Cree que desalojar pobres sin vivienda es bien mirado por el resto de la sociedad, y as\u00ed se pone &lsquo;a la moda&rsquo; de andar expulsando pueblo sencillo de ocupaciones de terrenos.\u00a0\u00bb<\/span><\/p>\n<figure id=\"attachment_68570\" aria-describedby=\"caption-attachment-68570\" style=\"width: 550px\" class=\"wp-caption aligncenter\"><img loading=\"lazy\" decoding=\"async\" class=\"wp-image-68570\" src=\"https:\/\/www.lapluma.net\/wp-content\/uploads\/2024\/07\/campamento-dignidad-3-1173x1118.80-300x286.jpg\" alt=\"\" width=\"550\" height=\"524\" srcset=\"https:\/\/www.lapluma.net\/wp-content\/uploads\/2024\/07\/campamento-dignidad-3-1173x1118.80-300x286.jpg 300w, https:\/\/www.lapluma.net\/wp-content\/uploads\/2024\/07\/campamento-dignidad-3-1173x1118.80-1024x976.jpg 1024w, https:\/\/www.lapluma.net\/wp-content\/uploads\/2024\/07\/campamento-dignidad-3-1173x1118.80-768x732.jpg 768w, https:\/\/www.lapluma.net\/wp-content\/uploads\/2024\/07\/campamento-dignidad-3-1173x1118.80.jpg 1173w\" sizes=\"auto, (max-width: 550px) 100vw, 550px\" \/><figcaption id=\"caption-attachment-68570\" class=\"wp-caption-text\">Escuelita Dignidad<\/figcaption><\/figure>\n<p style=\"text-align: justify;\"><span style=\"font-size: 14pt;\">El Campamento Dignidad se encuentra en alerta y convicci\u00f3n de lucha. Ha recibido la solidaridad de organizaciones sociales y pol\u00edticas, de Tomas y Campamentos en Resistencia, de personas comunes conscientes de los derechos humanos y sociales.<\/span><\/p>\n<p style=\"text-align: justify;\"><span style=\"font-size: 14pt;\">\u00ab\u00a0Nosotros le pedimos apoyo a la sociedad. Nadie vive al borde de un canal por gusto, ser vulnerados frecuentemente, quedar sin luz ni agua, pasar un invierno embarrados. Nosotros no estamos aqu\u00ed porque queremos. Ahorramos peso a peso para conseguir nuestro subsidio habitacional. No llegamos hasta aqu\u00ed rompiendo cercos ni agrediendo a nadie. Este sitio era un basural y con enorme esfuerzo auto-construimos una poblaci\u00f3n por necesidad y para una vida m\u00e1s justa para nuestras familias y nuestros hijos\u00a0\u00bb, finaliz\u00f3 Mar\u00eda Jos\u00e9 S\u00e1nchez.<\/span><\/p>\n<p><img loading=\"lazy\" decoding=\"async\" class=\"aligncenter wp-image-68576\" src=\"https:\/\/www.lapluma.net\/wp-content\/uploads\/2024\/07\/campamento-dignidad-411-300x173.jpg\" alt=\"\" width=\"600\" height=\"345\" srcset=\"https:\/\/www.lapluma.net\/wp-content\/uploads\/2024\/07\/campamento-dignidad-411-300x173.jpg 300w, https:\/\/www.lapluma.net\/wp-content\/uploads\/2024\/07\/campamento-dignidad-411.jpg 627w\" sizes=\"auto, (max-width: 600px) 100vw, 600px\" \/><\/p>\n<p style=\"text-align: justify;\"><span style=\"font-size: 14pt;\"><em>* Las im\u00e1genes fueron facilitadas por los pobladores del campamento y son de libre disposici\u00f3n<\/em><\/span><\/p>\n<p style=\"text-align: justify;\" align=\"left\"><span style=\"font-size: 14pt;\"><em>Los cient\u00edficos dicen que los primeros asentamientos humanos en Am\u00e9rica tuvieron lugar hace 13.000 a\u00f1os, en Quintana Roo (M\u00e9xico). Comunidades primitivas que ten\u00edan una ventaja: nadie ven\u00eda a expulsarles, ni a quitarles los terrenos en que se establec\u00edan. 130 siglos m\u00e1s tarde, nuestras familias modestas son perseguidas y tratadas como animales. Chile, f\u00e9rtil provincia se\u00f1alada, en la regi\u00f3n Ant\u00e1rtica famosa&#8230;<\/em> [N de Politika]<br \/>\n<\/span><\/p>\n<h3 class=\"entry-title\"><span style=\"font-size: 14pt;\">Andres Figueroa Cornejo para la Pluma, 5 de julio de 2024<\/span><\/h3>\n<h2 style=\"text-align: justify;\"><span style=\"font-size: 14pt;\">Editado por <a href=\"https:\/\/www.lapluma.net\/nosotros\/editora\/\">Mar\u00eda Piedad Ossaba<\/a><\/span><\/h2>\n","protected":false},"excerpt":{"rendered":"<p>El Campamento Dignidad se encuentra en alerta y convicci\u00f3n de lucha. Ha recibido la solidaridad de organizaciones sociales y pol\u00edticas, de Tomas y Campamentos en Resistencia, de personas comunes conscientes de los derechos humanos y sociales&#8230; Este sitio era un basural y con enorme esfuerzo auto-construimos una poblaci\u00f3n por necesidad y para una vida m\u00e1s justa para nuestras familias y nuestros hijos\u00a0\u00bb, finaliz\u00f3 Mar\u00eda Jos\u00e9 S\u00e1nchez.<\/p>\n","protected":false},"author":286,"featured_media":68571,"comment_status":"open","ping_status":"open","sticky":false,"template":"","format":"standard","meta":{"_uf_show_specific_survey":0,"_uf_disable_surveys":false,"footnotes":""},"categories":[16],"tags":[6181,27282,27283],"coauthors":[2520],"class_list":["post-68559","post","type-post","status-publish","format-standard","has-post-thumbnail","hentry","category-deplacement-force","tag-andres-figueroa-cornejo","tag-campamento-dignidad","tag-lucha-por-la-vivienda"],"translation":{"provider":"WPGlobus","version":"2.12.2","language":"fr","enabled_languages":["es","fr"],"languages":{"es":{"title":true,"content":true,"excerpt":true},"fr":{"title":false,"content":false,"excerpt":false}}},"_links":{"self":[{"href":"https:\/\/www.lapluma.net\/fr\/wp-json\/wp\/v2\/posts\/68559","targetHints":{"allow":["GET"]}}],"collection":[{"href":"https:\/\/www.lapluma.net\/fr\/wp-json\/wp\/v2\/posts"}],"about":[{"href":"https:\/\/www.lapluma.net\/fr\/wp-json\/wp\/v2\/types\/post"}],"author":[{"embeddable":true,"href":"https:\/\/www.lapluma.net\/fr\/wp-json\/wp\/v2\/users\/286"}],"replies":[{"embeddable":true,"href":"https:\/\/www.lapluma.net\/fr\/wp-json\/wp\/v2\/comments?post=68559"}],"version-history":[{"count":8,"href":"https:\/\/www.lapluma.net\/fr\/wp-json\/wp\/v2\/posts\/68559\/revisions"}],"predecessor-version":[{"id":68574,"href":"https:\/\/www.lapluma.net\/fr\/wp-json\/wp\/v2\/posts\/68559\/revisions\/68574"}],"wp:featuredmedia":[{"embeddable":true,"href":"https:\/\/www.lapluma.net\/fr\/wp-json\/wp\/v2\/media\/68571"}],"wp:attachment":[{"href":"https:\/\/www.lapluma.net\/fr\/wp-json\/wp\/v2\/media?parent=68559"}],"wp:term":[{"taxonomy":"category","embeddable":true,"href":"https:\/\/www.lapluma.net\/fr\/wp-json\/wp\/v2\/categories?post=68559"},{"taxonomy":"post_tag","embeddable":true,"href":"https:\/\/www.lapluma.net\/fr\/wp-json\/wp\/v2\/tags?post=68559"},{"taxonomy":"author","embeddable":true,"href":"https:\/\/www.lapluma.net\/fr\/wp-json\/wp\/v2\/coauthors?post=68559"}],"curies":[{"name":"wp","href":"https:\/\/api.w.org\/{rel}","templated":true}]}}