{"id":6760,"date":"2019-02-25T18:43:56","date_gmt":"2019-02-25T18:43:56","guid":{"rendered":"http:\/\/www.lapluma.net\/?p=6760"},"modified":"2019-02-25T20:39:05","modified_gmt":"2019-02-25T20:39:05","slug":"venezuela-entre-el-bluf-y-la-intervencion-externa","status":"publish","type":"post","link":"https:\/\/www.lapluma.net\/fr\/2019\/02\/25\/venezuela-entre-el-bluf-y-la-intervencion-externa\/","title":{"rendered":"Venezuela : entre bluff et intervention ext\u00e9rieure"},"content":{"rendered":"<p style=\"text-align: justify;\"><span style=\"font-size: 12pt;\"><img loading=\"lazy\" decoding=\"async\" class=\"irc_mi alignleft\" src=\"https:\/\/insurgente.org\/wp-content\/uploads\/2017\/08\/teruggggi.jpg\" alt=\"Image associ\u00e9e\" width=\"74\" height=\"74\" \/>La relative normalit\u00e9 qui r\u00e8gne \u00e0 la fronti\u00e8re colombo-v\u00e9n\u00e9zu\u00e9lienne a de quoi d\u00e9concerter<\/span><\/p>\n<p style=\"text-align: justify;\"><span style=\"font-size: 12pt;\">L&rsquo;hypoth\u00e8se d&rsquo;une intervention militaire des responsables US et de l&rsquo;opposition v\u00e9n\u00e9zu\u00e9lienne semble de plus en plus cr\u00e9dible. \u00ab\u00a0\u00ab\u00a0Les jours de Maduro sont compt\u00e9s, a d\u00e9clar\u00e9 le secr\u00e9taire d&rsquo;\u00c9tat Mike Pence<\/span><\/p>\n<p style=\"text-align: center;\"><img loading=\"lazy\" decoding=\"async\" class=\"aligncenter\" src=\"http:\/\/www.tlaxcala-int.org\/upload\/gal_19824.jpg\" alt=\"\" width=\"600\" height=\"337\" \/><strong>Des manifestants provoquent des agents de la Garde nationale bolivarienne \u00e0 San Antonio, T\u00e1chira.<\/strong><\/p>\n<p style=\"text-align: justify;\"><span style=\"font-size: 12pt;\"><em>San Antonio, fronti\u00e8re avec la Colombie<\/em>-Il y a quelque chose qui cloche quand on examine la situation du 24 f\u00e9vrier \u00e0 la fronti\u00e8re colombo-v\u00e9n\u00e9zu\u00e9lienne. Il y a une \u00ab\u00a0normalit\u00e9 anormale\u00a0\u00bb qui ne cadre pas avec le sc\u00e9nario dessin\u00e9 par les d\u00e9clarations internationales et celles de la droite v\u00e9n\u00e9zu\u00e9lienne. La distance est telle qu&rsquo;une question claire se pose : soit on fait face \u00e0 un \u00e9norme bluff, soit une intervention internationale est en pr\u00e9paration.<\/span><\/p>\n<p style=\"text-align: justify;\"><span style=\"font-size: 12pt;\">\u00ab\u00a0Les jours de Maduro sont compt\u00e9s \u00ab\u00a0, a d\u00e9clar\u00e9 Mike Pompeo, secr\u00e9taire d&rsquo;\u00c9tat US ; Marco Rubio, s\u00e9nateur de Floride, a tweet\u00e9 une image de Muamar Khadafi souriant puis lynch\u00e9, et Miguel Pizarro, du parti Justice d\u2019abord, a d\u00e9clar\u00e9 dans une conf\u00e9rence de presse avec d&rsquo;autres forces d&rsquo;opposition qu\u2019on est en train de vivre \u00ab\u00a0un d\u00e9nouement, une \u00e9tape finale\u00a0\u00bb.<\/span><\/p>\n<p style=\"text-align: justify;\"><span style=\"font-size: 12pt;\">En suivant le fil des d\u00e9clarations, il n\u2019y aura pas de marche arri\u00e8re dans l&rsquo;assaut. Les portes de la n\u00e9gociation ne seront pas ouvertes, \u00ab\u00a0ils usurpent le pouvoir, il n&rsquo;y a rien \u00e0 n\u00e9gocier, il n&rsquo;y a pas d&rsquo;\u00e9galit\u00e9 entre deux forces qui pourraient s\u2019entendre pour voir comment r\u00e9gler cela\u00a0\u00bb, a dit Pizarro, et tout semble se tourner vers le front international. Avec quel objectif ? Juan Guaid\u00f3 a tweet\u00e9 samedi soir la ligne selon laquelle ils vont travailler : \u00ab\u00a0Exposer officiellement \u00e0 la communaut\u00e9 internationale que nous devons garder toutes des options ouvertes\u00a0\u00bb.<\/span><\/p>\n<p style=\"text-align: justify;\"><span style=\"font-size: 12pt;\">L&rsquo;hypoth\u00e8se d&rsquo;une intervention militaire appara\u00eet de plus en plus cr\u00e9dible. Julio Borges, repr\u00e9sentant de la droite v\u00e9n\u00e9zu\u00e9lienne aupr\u00e8s du Groupe de Lima a tweet\u00e9 : \u00ab\u00a0Nous allons exiger une escalade de la pression diplomatique et le recours \u00e0 la force contre la dictature de Nicol\u00e1s Maduro\u00a0\u00bb. Le Groupe se r\u00e9unit aujourd\u2019hui dans la ville de Bogot\u00e1, o\u00f9 Guaid\u00f3 est arriv\u00e9 hier. Le vice-pr\u00e9sident US Mike Pence, l&rsquo;un des chefs, avec John Bolton et Elliot Abrams, de l&rsquo;Op\u00e9ration Venezuela, sera pr\u00e9sent.<\/span><\/p>\n<p style=\"text-align: justify;\"><span style=\"font-size: 12pt;\">Que sortira-t-il publiquement de cette r\u00e9union ? On peut s&rsquo;attendre \u00e0 des d\u00e9clarations condamnant Maduro, l&rsquo;accusant de toutes sortes de violations, d&rsquo;\u00e9ventuels nouveaux blocages diplomatiques et blocus \u00e9conomiques. Ce serait ce que l&rsquo;on conna\u00eet d\u00e9j\u00e0. La question est de savoir ce qu\u2019il pourrait y avoir de nouveau, \u00e0 partir de la pr\u00e9misse omnipr\u00e9sente qu&rsquo;une chose est ce qui est affirm\u00e9 et une autre ce qui est pr\u00e9par\u00e9 sous la table.<\/span><\/p>\n<p style=\"text-align: justify;\"><span style=\"font-size: 12pt;\">Apr\u00e8s la journ\u00e9e du 23 f\u00e9vrier, il semble que l&rsquo;intervention soit la seule carte qu&rsquo;ils puissent jouer pour r\u00e9aliser ce qu&rsquo;ils affirment. On peut supposer que ce n&rsquo;\u00e9tait pas le plan pr\u00e9f\u00e9rentiel, que les premiers plans \u00e9taient celui d\u2019un effondrement de la Force arm\u00e9e nationale bolivarienne (FANB), un effet d\u00e9clench\u00e9 par les attaques \u00e9conomiques, une s\u00e9rie d&rsquo;actions pour cr\u00e9er encore plus de bouleversements. L&rsquo;une d\u2019elles n&rsquo;a pas atteint son objectif, a expliqu\u00e9 le ministre v\u00e9n\u00e9zu\u00e9lien de la Communication, Jorge Rodr\u00edguez, faisant r\u00e9f\u00e9rence \u00e0 la tentative d&rsquo;\u00e9craser des gens avec des chars le matin du 23.<\/span><\/p>\n<p style=\"text-align: justify;\"><span style=\"font-size: 12pt;\">En ce qui concerne la FANB, la campagne de droite a cherch\u00e9 \u00e0 surdimensionner les images des membres qui ont fait d\u00e9fection. Selon Pizarro, ce nombre aurait d\u00e9pass\u00e9 la centaine, alors que selon des sources gouvernementales, il y en aurait eu 15. Cela n\u2019a eu qu\u2019un impact m\u00e9diatique, puisqu&rsquo;il ne s&rsquo;agit pas de membres ayant des postes de commandement, capables de d\u00e9clencher des ruptures qui pourraient mener \u00e0 une attaque contre le palais pr\u00e9sidentiel. Le facteur FANB ne semble pas s&rsquo;\u00eatre joint jusqu&rsquo;\u00e0 pr\u00e9sent au coup d&rsquo;\u00c9tat, ce qui d\u00e9montre la fausset\u00e9 de dizaines de manchettes, de d\u00e9clarations et d&rsquo;analyses annon\u00e7ant des ruptures imminentes.<\/span><\/p>\n<p style=\"text-align: justify;\"><span style=\"font-size: 12pt;\">Arriv\u00e9s \u00e0 ce point, apr\u00e8s plus d&rsquo;un mois apr\u00e8s l\u2019auto-proclamation de Guaid\u00f3 reconnu par Donald Trump sur Twitter, la strat\u00e9gie de renversement est \u00e0 la crois\u00e9e des chemins : soit jouer la derni\u00e8re carte qui est l&rsquo;intervention, soit \u00eatre un nouveau bluff, guid\u00e9 cette fois depuis les hautes sph\u00e8res US.<\/span><\/p>\n<p style=\"text-align: justify;\"><span style=\"font-size: 12pt;\">Qu&rsquo;est-ce qu&rsquo;un bluff ? Une fa\u00e7on de jouer, qui consiste \u00e0 faire croire \u00e0 l&rsquo;adversaire que vous avez plus que ce que vous avez, \u00e0 faire monter la sauce et \u00e0 attendre que l&rsquo;autre recule pour ne pas atteindre le point final. Le bluff est d\u00e9couvert lorsqu&rsquo;il faut finalement montrer les cartes : Trump et l&rsquo;\u00e9quipe de l&rsquo;Op\u00e9ration Venezuela sont-ils pr\u00eats \u00e0 avouer leur bluff ?<\/span><\/p>\n<p style=\"text-align: justify;\"><span style=\"font-size: 12pt;\">Ont-ils la possibilit\u00e9 interne de se mettre d\u2019accord sur l&rsquo;intervention. Serait-ce par l&rsquo;interm\u00e9diaire de la Colombie\u00a0? Les \u00e9lites colombiennes sont-elles dispos\u00e9es \u00e0 le faire ? Il y a beaucoup de questions qui peuvent s\u2019encha\u00eener pour tenter de r\u00e9pondre.<\/span><\/p>\n<p style=\"text-align: justify;\"><span style=\"font-size: 12pt;\">Peut-\u00eatre que les diff\u00e9rents \u00e9pisodes centraux, comme les 22 et 23 f\u00e9vrier, ont fait partie de ce qui a \u00e9t\u00e9 con\u00e7u d\u00e8s le premier moment : l&rsquo;intervention. C&rsquo;est pour cela qu&rsquo;ils sont si s\u00fbrs, c&rsquo;est pour cela qu&rsquo;il y a un ordre d&rsquo;actions, d&rsquo;accusations, avec la derni\u00e8re en date &#8211; qui s\u2019est av\u00e9r\u00e9e, images \u00e0 l\u2019appui, \u00eatre un montage- qui soutient que le gouvernement de Maduro aurait fait br\u00fbler des camions avec de l\u2019aide humanitaire, ce qui serait un crime contre l&rsquo;humanit\u00e9. Avait-on \u00e0 faire \u00e0 un sc\u00e9nario bien mis au point et qui a \u00e9t\u00e9 d\u00e9roul\u00e9 comme pr\u00e9vu ? On le saura au fur et \u00e0 mesure que d&rsquo;autres d\u00e9clarations et actions seront faites.<\/span><\/p>\n<p style=\"text-align: justify;\"><span style=\"font-size: 12pt;\">Les jours sont longs au Venezuela, \u00e0 la fronti\u00e8re, dans ce sc\u00e9nario de ce que l&rsquo;ancien candidat de gauche \u00e0 la pr\u00e9sidence de Colombie Gustavo Petro &#8211; qui n&rsquo;a jamais exprim\u00e9 de sympathie pour le gouvernement de Nicol\u00e1s Maduro &#8211; a d\u00e9crit comme une \u00ab\u00a0guerre de fait\u00a0\u00bb d\u00e9clar\u00e9e par la Colombie. Il a \u00e9galement d\u00e9clar\u00e9 que \u00ab\u00a0la strat\u00e9gie de Duque et Trump est celle d\u2019une invasion violente\u00a0\u00bb. Le temps de montrer les cartes semble arriver. On verra si c&rsquo;est du bluff.<\/span><\/p>\n<p><img loading=\"lazy\" decoding=\"async\" class=\"aligncenter\" src=\"http:\/\/www.tlaxcala-int.org\/upload\/gal_19826.jpg\" alt=\"\" width=\"500\" height=\"734\" \/><\/p>\n<p style=\"text-align: center;\"><strong>En bas: FAIT -En haut : A FAIRE- Dessin de Carlos Latuff<\/strong><\/p>\n<p><span style=\"font-size: 12pt;\"><strong>Marcos Teruggi<\/strong><\/span><\/p>\n<p><span style=\"font-size: 12pt;\"><strong>Original: <a href=\"http:\/\/www.lapluma.net\/?p=6760&amp;preview=true\"><span class=\"navigation_cadre\">Venezuela: Entre el bluf y la intervenci\u00f3n externa<\/span><\/a><\/strong><\/span><\/p>\n<p><span style=\"font-size: 12pt;\"><strong>Traduit par <span class=\"trad\"><a href=\"http:\/\/tlaxcala-int.org\/biographie.asp?ref_aut=2&amp;lg_pp=fr\">Fausto Giudice \u0424\u0430\u0443\u0441\u0442\u043e \u0414\u0436\u0443\u0434\u0438\u0447\u0435 \u0641\u0627\u0648\u0633\u062a\u0648 \u062c\u064a\u0648\u062f\u064a\u0634\u064a<\/a><\/span><\/strong><\/span><\/p>\n<p><span style=\"font-size: 12pt;\"><strong>Source: <a href=\"http:\/\/tlaxcala-int.org\/article.asp?reference=25466\">Tlaxcala<\/a>, le 25 f\u00e9vrier 2019<\/strong><\/span><\/p>\n","protected":false},"excerpt":{"rendered":"<p>Gustavo Petro a d\u00e9clar\u00e9 que \u00ab la strat\u00e9gie de Duque et Trump est celle d\u2019une invasion violente \u00bb. Le temps de montrer les cartes semble arriver. On verra si c&rsquo;est du bluff.<\/p>\n","protected":false},"author":13,"featured_media":6761,"comment_status":"open","ping_status":"open","sticky":false,"template":"","format":"standard","meta":{"_uf_show_specific_survey":0,"_uf_disable_surveys":false,"footnotes":""},"categories":[217],"tags":[65,3506,3507,3478,131,764,3508],"coauthors":[261],"class_list":["post-6760","post","type-post","status-publish","format-standard","has-post-thumbnail","hentry","category-abya-yala","tag-abya-yala","tag-guaido-rubio-duque","tag-ingerence-yankee","tag-injerencia-yanqui","tag-marco-teruggi","tag-venezuela-colombia","tag-venezuela-colombie"],"translation":{"provider":"WPGlobus","version":"2.12.2","language":"fr","enabled_languages":["es","fr"],"languages":{"es":{"title":true,"content":true,"excerpt":true},"fr":{"title":true,"content":true,"excerpt":true}}},"_links":{"self":[{"href":"https:\/\/www.lapluma.net\/fr\/wp-json\/wp\/v2\/posts\/6760","targetHints":{"allow":["GET"]}}],"collection":[{"href":"https:\/\/www.lapluma.net\/fr\/wp-json\/wp\/v2\/posts"}],"about":[{"href":"https:\/\/www.lapluma.net\/fr\/wp-json\/wp\/v2\/types\/post"}],"author":[{"embeddable":true,"href":"https:\/\/www.lapluma.net\/fr\/wp-json\/wp\/v2\/users\/13"}],"replies":[{"embeddable":true,"href":"https:\/\/www.lapluma.net\/fr\/wp-json\/wp\/v2\/comments?post=6760"}],"version-history":[{"count":6,"href":"https:\/\/www.lapluma.net\/fr\/wp-json\/wp\/v2\/posts\/6760\/revisions"}],"predecessor-version":[{"id":6763,"href":"https:\/\/www.lapluma.net\/fr\/wp-json\/wp\/v2\/posts\/6760\/revisions\/6763"}],"wp:featuredmedia":[{"embeddable":true,"href":"https:\/\/www.lapluma.net\/fr\/wp-json\/wp\/v2\/media\/6761"}],"wp:attachment":[{"href":"https:\/\/www.lapluma.net\/fr\/wp-json\/wp\/v2\/media?parent=6760"}],"wp:term":[{"taxonomy":"category","embeddable":true,"href":"https:\/\/www.lapluma.net\/fr\/wp-json\/wp\/v2\/categories?post=6760"},{"taxonomy":"post_tag","embeddable":true,"href":"https:\/\/www.lapluma.net\/fr\/wp-json\/wp\/v2\/tags?post=6760"},{"taxonomy":"author","embeddable":true,"href":"https:\/\/www.lapluma.net\/fr\/wp-json\/wp\/v2\/coauthors?post=6760"}],"curies":[{"name":"wp","href":"https:\/\/api.w.org\/{rel}","templated":true}]}}