{"id":67278,"date":"2024-06-10T20:27:24","date_gmt":"2024-06-10T20:27:24","guid":{"rendered":"https:\/\/www.lapluma.net\/?p=67278"},"modified":"2024-06-10T20:28:44","modified_gmt":"2024-06-10T20:28:44","slug":"67278","status":"publish","type":"post","link":"https:\/\/www.lapluma.net\/fr\/2024\/06\/10\/67278\/","title":{"rendered":"\u00bfQuo vadis Europa?"},"content":{"rendered":"<p style=\"text-align: justify;\"><span style=\"font-size: 14pt;\">Del pr\u00f3ximo 6 al 9 de junio est\u00e1n llamados a votar los ciudadanos y ciudadanas de los veintisiete Estados que conforman la actual Uni\u00f3n Europea para elegir los diputados y diputadas del parlamento europeo que conformaran la d\u00e9cima legislatura. Elecciones que son aprovechadas para renovar el entramado de gobernanza de la UE (Parlamento, Consejo y Comisi\u00f3n Europea). Con la convocatoria electoral se intenta esquivar la imagen de un aparato burocr\u00e1tico estructurado jer\u00e1rquicamente, con escaso control democr\u00e1tico y que responde a un equilibrio de poderes entre Estados a partir de la hegemon\u00eda del eje Berl\u00edn-Paris.<\/span><\/p>\n<p style=\"text-align: justify;\"><span style=\"font-size: 14pt;\">En esta ocasi\u00f3n, desde viento sur hemos querido aprovechar que los focos medi\u00e1ticos y el debate p\u00fablico estar\u00e1 pendiente de la convocatoria electoral para reflexionar sobre la Uni\u00f3n Europea realmente existente, m\u00e1s all\u00e1 del maquillaje de su propaganda. Y lo hacemos analizando las tendencias de fondo que han marcado esta legislatura que termina y que a buen seguro marcar\u00e1n la que comienza.<\/span><\/p>\n<p style=\"text-align: justify;\"><span style=\"font-size: 14pt;\">En primer lugar, Miguel Urb\u00e1n y Jaime Pastor, en el art\u00edculo \u201cHacia un despotismo olig\u00e1rquico, tecnocr\u00e1tico y militarista\u201d abordan c\u00f3mo, tras el relativo par\u00e9ntesis postausteritario de la crisis pand\u00e9mica, la policrisis global, que debilita a\u00fan m\u00e1s el peso geoecon\u00f3mico y geopol\u00edtico de la UE, le est\u00e1 conduciendo a nuevos saltos adelante en su integraci\u00f3n financiera y militar en nombre de la competitividad y de la respuesta a la injusta invasi\u00f3n de Ucrania. De ese modo, se est\u00e1 produciendo la aceleraci\u00f3n de la agenda de m\u00e1ximos de unas \u00e9lites neoliberales europeas que buscan una alianza financiera y comercial m\u00e1s estrecha entre ellas y, a su vez, una remilitarizaci\u00f3n de la UE como instrumento \u00fatil para su proyecto de Europa potencia. As\u00ed, el constitucionalismo de mercado que ha imperado hasta ahora se ve complementado con un pilar securitario m\u00e1s reforzado.<\/span><\/p>\n<p style=\"text-align: justify;\"><span style=\"font-size: 14pt;\">Nos hallamos, por consiguiente, ante una nueva aplicaci\u00f3n de la estrategia del shock, con tambores de guerra de fondo, que est\u00e1 siendo utilizada por las elites europeas para entrar en una nueva fase en la que se pretende reforzar un modelo de federalismo olig\u00e1rquico y tecnocr\u00e1tico. Porque esto es lo que ha propuesto abiertamente Mario Draghi, exconsejero de Goldman Sachs, en su reciente informe por encargo de la presidenta de la Comisi\u00f3n Europea, Ursula von der Leyen: acelerar la puesta en pie de mecanismos de decisi\u00f3n conjunta de las instituciones europeas con el fin de favorecer la uni\u00f3n de los mercados de capitales de la UE y poder actuar en mejores condiciones dentro de la carrera de la competitividad, cada vez m\u00e1s intensa, con las otras grandes potencias, ya est\u00e9n en declive o en ascenso, tras el final de la globalizaci\u00f3n feliz.<\/span><\/p>\n<p style=\"text-align: justify;\"><span style=\"font-size: 14pt;\">En segundo lugar, Pedro Ramiro y Erika Gonz\u00e1lez, en su contribuci\u00f3n, \u201cGlobal Gateway: alianzas p\u00fablico-privadas para el control de fronteras y el extractivismo neocolonial\u201d analizan c\u00f3mo el refuerzo de la tr\u00edada militarizaci\u00f3n-fronteras-extractivismo dirige las pol\u00edticas europeas; unas pol\u00edticas desplegadas internacionalmente a trav\u00e9s de un renovado pack normativo con el que la UE trata de resituarse en un (des)concierto global marcado por la expansi\u00f3n comercial de China y el declive de la hegemon\u00eda estadounidense. De esta forma, \u201cel Global Gateway y la nueva oleada de acuerdos comerciales que la UE ha impulsado en los dos \u00faltimos a\u00f1os \u2013renovaci\u00f3n de los tratados con Chile y M\u00e9xico, conclusi\u00f3n del acuerdo con Mercosur, firma de partenariados estrat\u00e9gicos sobre materias primas con una decena de pa\u00edses\u2013 se ha dise\u00f1ado con un claro objetivo: asegurar el acceso de las transnacionales europeas a los recursos minerales de estas regiones. La competencia global por posicionarse en los nuevos mercados verdes y digitales, frente a la imparable hegemon\u00eda de China, est\u00e1 en el origen de la velocidad de crucero con que la UE ha impulsado una bater\u00eda de herramientas para garantizar una disponibilidad segura y abundante a estos minerales\u201d. El Global Gateway, al fin y al cabo, no es sino una pieza m\u00e1s del puzle normativo que est\u00e1 tratando de armar la Uni\u00f3n Europea para fortalecer la defensa de sus intereses geoestrat\u00e9gicos en su guerra comercial contra China. Una de las m\u00e1s relevantes, eso s\u00ed, ya que combina actuaciones importantes en varios de los pilares fundamentales de la acci\u00f3n exterior de la UE: del control migratorio a las relaciones comerciales.<\/span><\/p>\n<p style=\"text-align: justify;\"><span style=\"font-size: 14pt;\">En tercer lugar, Sara Prestianni, en el art\u00edculo \u201cLa deriva securitaria que caracteriza las pol\u00edticas europeas de migraci\u00f3n y asilo\u201d analiza la pol\u00edtica antiderechos de la recientemente aprobada necropol\u00edtica migratoria del Pacto Europeo de Migraci\u00f3n y Asilo.<\/span><\/p>\n<p style=\"text-align: justify;\"><span style=\"font-size: 14pt;\">La cuesti\u00f3n migratoria se ha convertido en uno de los temas que m\u00e1s ha tensionado a la UE en los \u00faltimos a\u00f1os, fundamentalmente desde 2015, con la mal llamada crisis de las y los refugiados que realmente siempre ha sido una crisis de derechos, tal y como demuestra finalmente la aprobaci\u00f3n del pacto migratorio. De hecho, el elemento central del Pacto de Migraci\u00f3n y Asilo es la institucionalizaci\u00f3n y sistematizaci\u00f3n de las pol\u00edticas basadas en una supuesta excepcionalidad que desde el 2015 hasta hoy han justificado malas pr\u00e1cticas, horrores como los del campamento de Moria, las devoluciones en caliente en cadena en los Balcanes o las muertes en el Mediterr\u00e1neo.<\/span><\/p>\n<p style=\"text-align: justify;\"><span style=\"font-size: 14pt;\">Este pacto no solo no hace frente a las vulneraciones de los derechos humanos, sino que las avala, les da rango de acuerdo europeo y hace de las mismas la condici\u00f3n de posibilidad de esta nueva normativa. En este sentido, en s\u00ed mismo, el acuerdo es la expresi\u00f3n del corrimiento del arco pol\u00edtico europeo hacia la extrema derecha, especialmente en todo lo referente a la necropol\u00edtica migratoria. As\u00ed, la gran victoria de la extrema derecha en los \u00faltimos a\u00f1os ha sido conseguir condicionar y marcar la agenda de las pol\u00edticas migratorias de la UE dando una vuelta de tuerca a la construcci\u00f3n de la Europa Fortaleza.<\/span><\/p>\n<p style=\"text-align: justify;\"><span style=\"font-size: 14pt;\">En cuarto lugar, Jordi Calvo, en el art\u00edculo \u201cEl wishful thinking de la militarizaci\u00f3n y la paz de la UE\u201d, examina la remilitarizaci\u00f3n europea como un proyecto de integraci\u00f3n europea de las elites para complementar el despotismo olig\u00e1rquico de mercado actualmente existente.<\/span><\/p>\n<p style=\"text-align: justify;\"><span style=\"font-size: 14pt;\">La militarizaci\u00f3n de la Uni\u00f3n no ha comenzado como una respuesta a la guerra en Ucrania. El Tratado de Lisboa ya supuso para la UE un distanciamiento del proyecto fundacional de la UE, inspirado, al menos inicialmente, en la paz y los derechos humanos. De hecho, vemos que el aumento en los gastos militares de la UE ha sido planificado y constante, siendo la industria militar quien ha dirigido la militarizaci\u00f3n europea. Es quiz\u00e1 por ello que las empresas de armas europeas conforman hoy en d\u00eda el segundo sector econ\u00f3mico que m\u00e1s crece, solo por detr\u00e1s del de la inteligencia artificial, con un 31% el \u00faltimo trimestre. Una militarizaci\u00f3n bajo el paraguas de la OTAN, que impide a la UE valorar los riesgos y amenazas a su seguridad sin la tutela de EE UU; es decir, sin tener en cuenta los intereses norteamericanos.<\/span><\/p>\n<p style=\"text-align: justify;\"><span style=\"font-size: 14pt;\">El wishful thinking militarista de los actuales dirigentes pol\u00edticos de la UE lleva a la poblaci\u00f3n europea a la ilusi\u00f3n de que la paz la traer\u00e1n las armas y la guerra. Pero la espiral militarista es insaciable. Los principales indicadores militares europeos ya est\u00e1n en m\u00e1ximos hist\u00f3ricos. La ola reaccionaria que impregna la pol\u00edtica europea ha generado un marco de pensamiento que sabemos que puede llevar a Europa y al resto del mundo a una gran guerra con efectos de destrucci\u00f3n y muerte impredecibles. La paz no se conseguir\u00e1 preparando, alentando y jaleando la guerra. \u00bfHabremos aprendido algo de la Primera y Segunda guerras mundiales?<\/span><\/p>\n<p style=\"text-align: justify;\"><span style=\"font-size: 14pt;\">En quinto lugar, Alfons P\u00e9rez analiza el Pacto Verde Europeo (PVE) que ha marcado buena parte de las pol\u00edticas de la comisi\u00f3n en esta \u00faltima legislatura, en \u201c\u00bfQui\u00e9n lidera la revoluci\u00f3n industrial verde? Un an\u00e1lisis cr\u00edtico de cinco a\u00f1os del Pacto Verde Europeo\u201d.<\/span><\/p>\n<p style=\"text-align: justify;\"><span style=\"font-size: 14pt;\">A finales de 2019 la Comisi\u00f3n Europea presentaba el Pacto Verde Europeo (PVE), la hoja de ruta para que Europa fuera el primer continente neutral en emisiones para 2050. En estos casi cinco a\u00f1os de vigencia, el PVE ha resistido a la pandemia y a la guerra de Ucrania, convirti\u00e9ndose en la estrategia para la recuperaci\u00f3n econ\u00f3mica y un elemento central para la autonom\u00eda estrat\u00e9gica. Pero \u00bfc\u00f3mo es posible que un conjunto de pol\u00edticas ambientales y clim\u00e1ticas hayan sobrevivido a ese doble golpe? Simple y llanamente porque el PVE va mucho m\u00e1s all\u00e1 de la transici\u00f3n verde: su verdadero objetivo es geopol\u00edtico y geoestrat\u00e9gico.<\/span><\/p>\n<p style=\"text-align: justify;\"><span style=\"font-size: 14pt;\">El PVE se ha caracterizado por promover una gran alianza p\u00fablico-privada, donde las instituciones p\u00fablicas proveen y facilitan y las grandes empresas privadas ejecutan reteniendo la propiedad de las infraestructuras y su control. La contraparte del Pacto no es la ciudadan\u00eda, portadora de derechos, sino el poder corporativo que est\u00e1 saliendo reforzado con las pol\u00edticas del PVE. En este sentido, las cifras de movilizaci\u00f3n de recursos p\u00fablicos, por ejemplo, a trav\u00e9s del NextGenerationEU, o de la cantidad de procesos administrativos fast-track para cualquier cosa relacionada con la transici\u00f3n verde, ponen de manifiesto el esfuerzo de las instituciones p\u00fablicas europeas para sincronizar la transici\u00f3n con los intereses corporativos y el ciclo econ\u00f3mico.<\/span><\/p>\n<p style=\"text-align: justify;\"><span style=\"font-size: 14pt;\">Aunque suene grueso, el PVE es una hoja de ruta y un objetivo geopol\u00edtico que no puede avanzar sin relaciones neocoloniales y extractivas. No est\u00e1 planteado como una relaci\u00f3n entre iguales, ni entre ciudadan\u00eda y corporaciones ni del Norte Global frente a Sur Global. El combate ideol\u00f3gico contra lo que subyace en el PVE no se sustenta solamente en rebatir si es nuevo o si es verde, sino en se\u00f1alar que no hay transici\u00f3n posible si se construye como un marco de privilegios para unos pocos, para el poder corporativo y las elites extractivas que son la contraparte actual del Pacto. Por eso es fundamental un an\u00e1lisis cr\u00edtico que vaya m\u00e1s all\u00e1 de si contribuye a la lucha contra la emergencia clim\u00e1tica o si puede ser catalogado como greenwashing, e incorpore una visi\u00f3n del impacto sobre el poder corporativo en el sentido de proyecto de reforma estructural econ\u00f3mica y financiera, con consecuencias extraterritoriales, para que la Uni\u00f3n Europea lidere la revoluci\u00f3n industrial verde.<\/span><\/p>\n<p style=\"text-align: justify;\"><span style=\"font-size: 14pt;\">Por \u00faltimo, no pod\u00edamos dejar de abordar la cuesti\u00f3n de las movilizaciones agrarias que han sacudido en los \u00faltimos meses Europa. Para ellos incorporamos un art\u00edculo corto de Morgan Ody, Coordinadora General de La V\u00eda Campesina: \u201cMovilizaciones en el campo europeo: salir del libre comercio para lograr una transici\u00f3n hacia modelos agr\u00edcolas m\u00e1s sostenibles\u201d, que no deja de ser unas notas al calor de las movilizaciones que se analizar\u00e1n con mayor profundidad en un plural exclusivo sobre la cuesti\u00f3n agraria en Europa que saldr\u00e1 en el pr\u00f3ximo numero de la revista.<\/span><\/p>\n<p style=\"text-align: justify;\"><span style=\"font-size: 14pt;\">En definitiva, este plural intenta escapar del inmediatismo electoral, porque m\u00e1s all\u00e1 de elementos de coyuntura que pueden cambiar o modificarse, los art\u00edculos analizan el momento crucial que vive la llamada construcci\u00f3n europea desde una perspectiva m\u00e1s de \u00e9poca. Todo ello en un contexto en el que los tambores de guerra no paran de resonar en las canciller\u00edas, acerc\u00e1ndonos peligrosamente al escenario de una nueva confrontaci\u00f3n b\u00e9lica mundial, con el tel\u00f3n de fondo de la emergencia clim\u00e1tica y el desmantelamiento de la gobernanza multilateral y del derecho internacional que ha regido la globalizaci\u00f3n neoliberal durante las \u00faltimas d\u00e9cadas.<\/span><\/p>\n<p style=\"text-align: justify;\"><span style=\"font-size: 14pt;\">Miguel Urb\u00e1n<\/span><\/p>\n<p style=\"text-align: justify;\"><span style=\"font-size: 14pt;\">Fuente: <a href=\"https:\/\/vientosur.info\/quo-vadis-europa\/\">Viento Sur<\/a>, 6 de junio de 2024<\/span><\/p>\n<p style=\"text-align: justify;\"><span style=\"font-size: 14pt;\">Editado por <a href=\"https:\/\/www.lapluma.net\/nosotros\/editora\/\">Mar\u00eda Piedad Ossaba<\/a><\/span><\/p>\n","protected":false},"excerpt":{"rendered":"<p>En definitiva, este plural intenta escapar del inmediatismo electoral, porque m\u00e1s all\u00e1 de elementos de coyuntura que pueden cambiar o modificarse, los art\u00edculos analizan el momento crucial que vive la llamada construcci\u00f3n europea desde una perspectiva m\u00e1s de \u00e9poca. <\/p>\n","protected":false},"author":606,"featured_media":67281,"comment_status":"open","ping_status":"open","sticky":false,"template":"","format":"standard","meta":{"_uf_show_specific_survey":0,"_uf_disable_surveys":false,"footnotes":""},"categories":[218],"tags":[],"coauthors":[8757],"class_list":["post-67278","post","type-post","status-publish","format-standard","has-post-thumbnail","hentry","category-mundo"],"translation":{"provider":"WPGlobus","version":"2.12.2","language":"fr","enabled_languages":["es","fr"],"languages":{"es":{"title":true,"content":true,"excerpt":true},"fr":{"title":false,"content":false,"excerpt":false}}},"_links":{"self":[{"href":"https:\/\/www.lapluma.net\/fr\/wp-json\/wp\/v2\/posts\/67278","targetHints":{"allow":["GET"]}}],"collection":[{"href":"https:\/\/www.lapluma.net\/fr\/wp-json\/wp\/v2\/posts"}],"about":[{"href":"https:\/\/www.lapluma.net\/fr\/wp-json\/wp\/v2\/types\/post"}],"author":[{"embeddable":true,"href":"https:\/\/www.lapluma.net\/fr\/wp-json\/wp\/v2\/users\/606"}],"replies":[{"embeddable":true,"href":"https:\/\/www.lapluma.net\/fr\/wp-json\/wp\/v2\/comments?post=67278"}],"version-history":[{"count":4,"href":"https:\/\/www.lapluma.net\/fr\/wp-json\/wp\/v2\/posts\/67278\/revisions"}],"predecessor-version":[{"id":67283,"href":"https:\/\/www.lapluma.net\/fr\/wp-json\/wp\/v2\/posts\/67278\/revisions\/67283"}],"wp:featuredmedia":[{"embeddable":true,"href":"https:\/\/www.lapluma.net\/fr\/wp-json\/wp\/v2\/media\/67281"}],"wp:attachment":[{"href":"https:\/\/www.lapluma.net\/fr\/wp-json\/wp\/v2\/media?parent=67278"}],"wp:term":[{"taxonomy":"category","embeddable":true,"href":"https:\/\/www.lapluma.net\/fr\/wp-json\/wp\/v2\/categories?post=67278"},{"taxonomy":"post_tag","embeddable":true,"href":"https:\/\/www.lapluma.net\/fr\/wp-json\/wp\/v2\/tags?post=67278"},{"taxonomy":"author","embeddable":true,"href":"https:\/\/www.lapluma.net\/fr\/wp-json\/wp\/v2\/coauthors?post=67278"}],"curies":[{"name":"wp","href":"https:\/\/api.w.org\/{rel}","templated":true}]}}