{"id":66259,"date":"2024-05-18T09:09:20","date_gmt":"2024-05-18T09:09:20","guid":{"rendered":"https:\/\/www.lapluma.net\/?p=66259"},"modified":"2024-05-18T09:09:59","modified_gmt":"2024-05-18T09:09:59","slug":"66259","status":"publish","type":"post","link":"https:\/\/www.lapluma.net\/fr\/2024\/05\/18\/66259\/","title":{"rendered":"USA saca a Cuba de la lista de pa\u00edses que no cooperan contra el terrorismo"},"content":{"rendered":"<p style=\"text-align: justify;\"><span style=\"font-size: 14pt;\">El gobierno de Estados Unidos reconoci\u00f3 la cooperaci\u00f3n con Cuba en asuntos de seguridad p\u00fablica incluyendo esfuerzos antiterroristas en lo que pareciera indicar el inicio de un giro en la pol\u00edtica hacia la isla. Pero la designaci\u00f3n de Cuba como patrocinador estatal de terrorismo y las severas sanciones \u2013junto al bloqueo de m\u00e1s de seis d\u00e9cadas- permanece en vigor, sin cambios.<\/span><\/p>\n<p style=\"text-align: justify;\"><span style=\"font-size: 14pt;\">El secretario estadounidense de Estado, Antony Blinken, removi\u00f3 a Cuba de la lista oficial de pa\u00edses que no cooperan plenamente con los esfuerzos antiterroristas de Estados Unidos y as\u00ed Cuba qued\u00f3 fuera de esa lista que se elabora anualmente bajo la Ley de Control de Exportaci\u00f3n de Armas. De acuerdo con esa ley, todo pa\u00eds en esa lista no puede recibir art\u00edculos de defensa de Estados Unidos.<\/span><\/p>\n<figure id=\"attachment_66263\" aria-describedby=\"caption-attachment-66263\" style=\"width: 600px\" class=\"wp-caption aligncenter\"><img loading=\"lazy\" decoding=\"async\" class=\"wp-image-66263\" src=\"https:\/\/www.lapluma.net\/wp-content\/uploads\/2024\/05\/Cuba-300x200.webp\" alt=\"\" width=\"600\" height=\"400\" srcset=\"https:\/\/www.lapluma.net\/wp-content\/uploads\/2024\/05\/Cuba-300x200.webp 300w, https:\/\/www.lapluma.net\/wp-content\/uploads\/2024\/05\/Cuba-768x513.webp 768w, https:\/\/www.lapluma.net\/wp-content\/uploads\/2024\/05\/Cuba-435x290.webp 435w, https:\/\/www.lapluma.net\/wp-content\/uploads\/2024\/05\/Cuba-150x100.webp 150w, https:\/\/www.lapluma.net\/wp-content\/uploads\/2024\/05\/Cuba-370x247.webp 370w, https:\/\/www.lapluma.net\/wp-content\/uploads\/2024\/05\/Cuba.webp 980w\" sizes=\"auto, (max-width: 600px) 100vw, 600px\" \/><figcaption id=\"caption-attachment-66263\" class=\"wp-caption-text\">EEUU retira a Cuba de listado de no cooperantes contra terrorismo<\/figcaption><\/figure>\n<p style=\"text-align: justify;\"><span style=\"font-size: 14pt;\">El canciller cubano Bruno Rodr\u00edguez, public\u00f3 en X: No basta con reconocer que Cuba coopera plenamente con esfuerzos antiterroristas de Estados Unidos. Ese gobierno debe sacar a nuestro pa\u00eds de la lista de estados que supuestamente patrocinan el terrorismo, que es s\u00f3lo un pretexto para aplicar medidas coercitivas unilaterales contra el pueblo cubano.<\/span><\/p>\n<p style=\"text-align: justify;\"><span style=\"font-size: 14pt;\">Asever\u00f3 que se trata de un listado absolutamente unilateral e infundado, cuyo \u00fanico fin es calumniar y servir de pretexto para la adopci\u00f3n de medidas econ\u00f3micas coercitivas contra pa\u00edses soberanos, como las que despiadadamente se aplican contra Cuba. \u00abDeber\u00eda cesar toda manipulaci\u00f3n pol\u00edtica del tema y poner fin a nuestra arbitraria e injusta inclusi\u00f3n en la lista de pa\u00edses patrocinadores del terrorismo\u00bb, agreg\u00f3 el canciller.<\/span><\/p>\n<p style=\"text-align: justify;\"><span style=\"font-size: 14pt;\">Las relaciones entre Cuba y Estados Unidos son una prueba rotunda de hasta qu\u00e9 punto la hipocres\u00eda y el doble rasero campan a sus anchas en la pol\u00edtica internacional. Durante m\u00e1s de 50 a\u00f1os EEUU, la superpotencia m\u00e1s poderosa del planeta, ha estado sometiendo a un peque\u00f1o pa\u00eds, una isla caribe\u00f1a, a una guerra econ\u00f3mica sin cuartel, adem\u00e1s de apoyar directa o indirectamente a los autores de centenares de actos terroristas, d\u00e1ndoles cobijo tanto a ellos como a sus inspiradores, cuando no otorg\u00e1ndoles cuantiosas subvenciones.<\/span><\/p>\n<p><img loading=\"lazy\" decoding=\"async\" class=\" wp-image-8914 aligncenter\" src=\"https:\/\/www.lapluma.net\/wp-content\/uploads\/2019\/05\/bloqueoCuba-300x221.jpg\" alt=\"\" width=\"514\" height=\"379\" \/><\/p>\n<p style=\"text-align: justify;\"><span style=\"font-size: 14pt;\">La posici\u00f3n estadounidense, m\u00e1s all\u00e1 de los discursos pol\u00edticamente correctos, podr\u00eda resumirse del siguiente modo: los terroristas amigos, aquellos cuyos objetivos coinciden con los intereses y estrategias de EEUU, son \u00abdefensores de la libertad\u00bb; los enemigos, aquellos que defienden convicciones o pol\u00edticas supuestamente perjudiciales para esos intereses y estrategias, son la encarnaci\u00f3n del mal.<\/span><\/p>\n<p style=\"text-align: justify;\"><span style=\"font-size: 14pt;\">Jeff Abramson, experto sobre el comercio de armas en el Center for International Policy, explic\u00f3 que, como Cuba no ha recibido asistencia militar de Estados Unidos, no habr\u00e1 consecuencias materiales a este cambio.<\/span><\/p>\n<p style=\"text-align: justify;\"><span style=\"font-size: 14pt;\">La inclusi\u00f3n de Cuba en el listado estadounidense de pa\u00edses patrocinadores del terrorismo en enero de 2021 fue una de las \u00faltimas decisiones que tom\u00f3 la Administraci\u00f3n del republicano Donald Trump (2017-2021) antes de dejar el poder.<\/span><\/p>\n<p style=\"text-align: justify;\"><span style=\"font-size: 14pt;\">Washington justific\u00f3 entonces la medida aludiendo a la presencia en la isla de miembros de la guerrilla colombiana del Ej\u00e9rcito de Liberaci\u00f3n Nacional (ELN), que viajaron a La Habana para mantener negociaciones de paz con el gobierno de Colombia.<\/span><\/p>\n<p style=\"text-align: justify;\"><span style=\"font-size: 14pt;\">El Gobierno estadounidense record\u00f3 que la negativa de Cuba a colaborar con Colombia en las solicitudes de extradici\u00f3n de miembros de la guerrilla del ELN propiciaron la certificaci\u00f3n NFCC de Cuba en 2022. Sin embargo, en agosto de 2022 y de conformidad con una orden del presidente colombiano Gustavo Petro, la Fiscal\u00eda General de Colombia suspendi\u00f3 las \u00f3rdenes de arresto contra 17 comandantes del ELN, incluidos aquellos que hab\u00eda solicitado a Cuba extraditar.<\/span><\/p>\n<h5 style=\"text-align: justify;\"><span style=\"font-size: 18pt;\">\u00bfTerroristas?<\/span><\/h5>\n<p style=\"text-align: justify;\"><span style=\"font-size: 14pt;\">\u00a0<\/span><\/p>\n<figure id=\"attachment_66276\" aria-describedby=\"caption-attachment-66276\" style=\"width: 600px\" class=\"wp-caption alignnone\"><img loading=\"lazy\" decoding=\"async\" class=\"wp-image-66276\" src=\"https:\/\/www.lapluma.net\/wp-content\/uploads\/2024\/05\/Terrorista.jpg\" alt=\"\" width=\"600\" height=\"336\" \/><figcaption id=\"caption-attachment-66276\" class=\"wp-caption-text\"><a href=\"https:\/\/misiones.cubaminrex.cu\/es\/articulo\/medios-daneses-destacan-la-condena-de-lista-unitaria-eeuu-por-incluir-cuba-en-lista-de\">Medios daneses destacan la condena de \u201cLista Unitaria\u201d a EE.UU. por incluir a Cuba en lista de pa\u00edses patrocinadores del terrorismo | Embajadas y Consulados de Cuba<\/a><\/figcaption><\/figure>\n<p style=\"text-align: justify;\"><span style=\"font-size: 14pt;\">Estados Unidos public\u00f3 una nueva n\u00f3mina de pa\u00edses que \u201cno cooperan plenamente\u201d en su lucha contra el terrorismo en la que incluy\u00f3, al igual que el a\u00f1o anterior, a Corea del Norte, Siria, Venezuela e Ir\u00e1n. A ra\u00edz de esta designaci\u00f3n, el gobierno de Washington no podr\u00e1 exportar ni ofrecer servicios o art\u00edculos de defensa a ninguna de las naciones alcanzadas por ella.<\/span><\/p>\n<p style=\"text-align: justify;\"><span style=\"font-size: 14pt;\">Estados Unidos ha emitido reiteradas serie de sanciones contra hackers y entidades norcoreanas que facilitan las transacciones y proveen el financiamiento il\u00edcito de programas de misiles y armas de destrucci\u00f3n masiva en China y Rusia. Tambi\u00e9n acusa a Venezuela de ser un aliado de Ir\u00e1n y sus grupos armados como Hamas, Hezbollah, la Yihad Isl\u00e1mica y los rebeldes hut\u00edes de Yemen, pero no ha expresado su condena a las acciones genocidas de Israel contra el pueblo palestino.<\/span><\/p>\n<p style=\"text-align: justify;\"><span style=\"font-size: 14pt;\">Para designar a un pa\u00eds como patrocinador del terrorismo, la legislaci\u00f3n estadounidense exige al secretario de Estado que determine que el Gobierno de dicha naci\u00f3n ha brindado apoyo repetidamente a grupos terroristas. Cuba hab\u00eda formado parte de la lista desde 1982 pero sali\u00f3 en 2015, durante la etapa de acercamiento del entonces presidente estadounidense Barack Obama (2009-2017) que posteriormente fren\u00f3 Trump.<\/span><\/p>\n<p style=\"text-align: justify;\"><span style=\"font-size: 14pt;\">El presidente de Cuba, Miguel D\u00edaz-Canel, hab\u00eda exigido en reiteradas ocasiones a Washington que saque a su pa\u00eds de la lista, cuya inclusi\u00f3n considera injustificada y tiene serias implicaciones econ\u00f3micas para la isla.<\/span><\/p>\n<p><img loading=\"lazy\" decoding=\"async\" class=\"aligncenter wp-image-66278\" src=\"https:\/\/www.lapluma.net\/wp-content\/uploads\/2024\/05\/cuba-Miguel-Diaz-Canel-300x169.jpg\" alt=\"\" width=\"600\" height=\"338\" srcset=\"https:\/\/www.lapluma.net\/wp-content\/uploads\/2024\/05\/cuba-Miguel-Diaz-Canel-300x169.jpg 300w, https:\/\/www.lapluma.net\/wp-content\/uploads\/2024\/05\/cuba-Miguel-Diaz-Canel-1024x576.jpg 1024w, https:\/\/www.lapluma.net\/wp-content\/uploads\/2024\/05\/cuba-Miguel-Diaz-Canel-768x432.jpg 768w, https:\/\/www.lapluma.net\/wp-content\/uploads\/2024\/05\/cuba-Miguel-Diaz-Canel-1536x864.jpg 1536w, https:\/\/www.lapluma.net\/wp-content\/uploads\/2024\/05\/cuba-Miguel-Diaz-Canel-870x489.jpg 870w, https:\/\/www.lapluma.net\/wp-content\/uploads\/2024\/05\/cuba-Miguel-Diaz-Canel-895x503.jpg 895w, https:\/\/www.lapluma.net\/wp-content\/uploads\/2024\/05\/cuba-Miguel-Diaz-Canel.jpg 1920w\" sizes=\"auto, (max-width: 600px) 100vw, 600px\" \/><\/p>\n<p style=\"text-align: justify;\"><span style=\"font-size: 14pt;\">Adem\u00e1s, el Departamento de Estado subray\u00f3 que Estados Unidos y Cuba reanudaron la cooperaci\u00f3n policial en 2023, incluso en materia de lucha contra el terrorismo, por lo que continuar con la certificaci\u00f3n de Cuba como \u2018pa\u00eds que no coopera plenamente\u2019 ya no era apropiado. Lo que s\u00ed cambio es la evaluaci\u00f3n de la cooperaci\u00f3n estadunidense con la isla.<\/span><\/p>\n<p style=\"text-align: justify;\"><span style=\"font-size: 14pt;\">Fulton Armstrong, ex oficial de Inteligencia Nacional para Am\u00e9rica Latina y especialista en relaciones interamericanas, calific\u00f3 la acci\u00f3n como <em>\u201cpaso hacia la verdad \u2013un reconocimiento de que la posici\u00f3n anterior de este gobierno era insostenible, y eso es importante\u201d<\/em>. Agreg\u00f3 que es una se\u00f1al buena de bajo costo.<\/span><\/p>\n<p style=\"text-align: justify;\"><span style=\"font-size: 14pt;\">Armstrong indic\u00f3 que el gobierno de Joe Biden escarb\u00f3 un hoyo profundo al sostener la colocaci\u00f3n de Cuba en la lista de patrocinadores de terrorismo realizada por Trump, pero uno puede esperar que esa mentira tambi\u00e9n se descartar\u00e1 cuando este gobierno sienta que la pol\u00edtica electoral lo permita. El gobierno de Biden a\u00fan est\u00e1 lejos de revertir los da\u00f1os ocasionados al continuar con lo que impuso Trump por m\u00e1s de tres a\u00f1os.<\/span><\/p>\n<h5><strong>\u00c1lvaro Verzi Rangel<\/strong><\/h5>\n<h2><span style=\"font-size: 14pt;\">Fuente: <a href=\"https:\/\/estrategia.la\/2024\/05\/16\/eeuu-quita-a-cuba-de-la-lista-de-paises-que-no-cooperan-contra-el-terrorismo\/\"><em>Centro Latinoamericano de An\u00e1lisis Estrat\u00e9gico (CLAE<\/em>)<\/a>, 16 de mayo de 2024<\/span><\/h2>\n<h2><span style=\"font-size: 14pt;\">Editado por <\/span><a href=\"https:\/\/www.lapluma.net\/nosotros\/editora\/\"><span style=\"font-size: 14pt;\">Mar\u00eda Piedad Ossaba<\/span><\/a><\/h2>\n","protected":false},"excerpt":{"rendered":"<p>El gobierno de Biden a\u00fan est\u00e1 lejos de revertir los da\u00f1os ocasionados al continuar con lo que impuso Trump por m\u00e1s de tres a\u00f1os.<\/p>\n","protected":false},"author":79,"featured_media":66279,"comment_status":"open","ping_status":"open","sticky":false,"template":"","format":"standard","meta":{"_uf_show_specific_survey":0,"_uf_disable_surveys":false,"footnotes":""},"categories":[218,6],"tags":[693,21568,26643,26645,26646,2185,26644,12457,9079],"coauthors":[694],"class_list":["post-66259","post","type-post","status-publish","format-standard","has-post-thumbnail","hentry","category-monde","category-politique","tag-alvaro-verzi-rangel","tag-antony-blinken","tag-bruno-rodriguez","tag-corea-del-norte-siria-venezuela-iran","tag-fulton-armstrong","tag-guerra-economica","tag-hipocresia-doble-rasero","tag-miguel-diaz-canel","tag-usa-cuba"],"translation":{"provider":"WPGlobus","version":"2.12.2","language":"fr","enabled_languages":["es","fr"],"languages":{"es":{"title":true,"content":true,"excerpt":true},"fr":{"title":false,"content":false,"excerpt":false}}},"_links":{"self":[{"href":"https:\/\/www.lapluma.net\/fr\/wp-json\/wp\/v2\/posts\/66259","targetHints":{"allow":["GET"]}}],"collection":[{"href":"https:\/\/www.lapluma.net\/fr\/wp-json\/wp\/v2\/posts"}],"about":[{"href":"https:\/\/www.lapluma.net\/fr\/wp-json\/wp\/v2\/types\/post"}],"author":[{"embeddable":true,"href":"https:\/\/www.lapluma.net\/fr\/wp-json\/wp\/v2\/users\/79"}],"replies":[{"embeddable":true,"href":"https:\/\/www.lapluma.net\/fr\/wp-json\/wp\/v2\/comments?post=66259"}],"version-history":[{"count":5,"href":"https:\/\/www.lapluma.net\/fr\/wp-json\/wp\/v2\/posts\/66259\/revisions"}],"predecessor-version":[{"id":66281,"href":"https:\/\/www.lapluma.net\/fr\/wp-json\/wp\/v2\/posts\/66259\/revisions\/66281"}],"wp:featuredmedia":[{"embeddable":true,"href":"https:\/\/www.lapluma.net\/fr\/wp-json\/wp\/v2\/media\/66279"}],"wp:attachment":[{"href":"https:\/\/www.lapluma.net\/fr\/wp-json\/wp\/v2\/media?parent=66259"}],"wp:term":[{"taxonomy":"category","embeddable":true,"href":"https:\/\/www.lapluma.net\/fr\/wp-json\/wp\/v2\/categories?post=66259"},{"taxonomy":"post_tag","embeddable":true,"href":"https:\/\/www.lapluma.net\/fr\/wp-json\/wp\/v2\/tags?post=66259"},{"taxonomy":"author","embeddable":true,"href":"https:\/\/www.lapluma.net\/fr\/wp-json\/wp\/v2\/coauthors?post=66259"}],"curies":[{"name":"wp","href":"https:\/\/api.w.org\/{rel}","templated":true}]}}