{"id":65973,"date":"2024-05-09T21:06:59","date_gmt":"2024-05-09T21:06:59","guid":{"rendered":"https:\/\/www.lapluma.net\/?p=65973"},"modified":"2024-05-09T21:08:09","modified_gmt":"2024-05-09T21:08:09","slug":"65973","status":"publish","type":"post","link":"https:\/\/www.lapluma.net\/fr\/2024\/05\/09\/65973\/","title":{"rendered":"Un pa\u00eds a la venta, con nosotros adentro"},"content":{"rendered":"<p style=\"text-align: justify;\"><span style=\"font-size: 14pt;\">A 35 a\u00f1os de la ley de Reforma del Estado menemista, su reto\u00f1o libertario, la llamada ley de Bases o, en rigor, de desguace y entrega, acaba de ser aprobada por la C\u00e1mara de Diputados. Su media sanci\u00f3n no garantiza el \u00e9xito del gobierno de Javier Milei al final del camino. Falta que se vote en Senadores. Fue un \u00abregalo\u00bb para los trabajadores en su d\u00eda, que cada vez la pasan peor en Argentina.<\/span><\/p>\n<p style=\"text-align: justify;\"><span style=\"font-size: 14pt;\">La historia se repite 35 a\u00f1os despu\u00e9s. La autodenominada Ley de Bases es hija dilecta de la Reforma del Estado de 1989. El dueto Menem-Cavallo remite al de Milei-Caputo. La de ahora \u201ces cinco veces\u201d el tama\u00f1o de aquella, declar\u00f3 Mart\u00edn Menem, el sobrino del expresidente riojano y hoy m\u00e1xima autoridad de la C\u00e1mara Baja. Cont\u00f3 la cantidad de art\u00edculos que ten\u00eda la norma votada en el gobierno de su t\u00edo y recuerda que eran 107. Ven\u00edan en un bondi m\u00e1s chico. No en el \u00f3mnibus de estos d\u00edas que transporta demasiada angustia y una colosal traici\u00f3n al pueblo.<\/span><\/p>\n<figure id=\"attachment_65975\" aria-describedby=\"caption-attachment-65975\" style=\"width: 530px\" class=\"wp-caption aligncenter\"><img loading=\"lazy\" decoding=\"async\" class=\"wp-image-65975\" src=\"https:\/\/www.lapluma.net\/wp-content\/uploads\/2024\/05\/Menem-y-Cavallo-300x200.webp\" alt=\"\" width=\"530\" height=\"353\" srcset=\"https:\/\/www.lapluma.net\/wp-content\/uploads\/2024\/05\/Menem-y-Cavallo-300x200.webp 300w, https:\/\/www.lapluma.net\/wp-content\/uploads\/2024\/05\/Menem-y-Cavallo-768x512.webp 768w, https:\/\/www.lapluma.net\/wp-content\/uploads\/2024\/05\/Menem-y-Cavallo-435x290.webp 435w, https:\/\/www.lapluma.net\/wp-content\/uploads\/2024\/05\/Menem-y-Cavallo-150x100.webp 150w, https:\/\/www.lapluma.net\/wp-content\/uploads\/2024\/05\/Menem-y-Cavallo-370x247.webp 370w, https:\/\/www.lapluma.net\/wp-content\/uploads\/2024\/05\/Menem-y-Cavallo.webp 960w\" sizes=\"auto, (max-width: 530px) 100vw, 530px\" \/><figcaption id=\"caption-attachment-65975\" class=\"wp-caption-text\">El expresidente Menem y Cavallo, su ministro de Econom\u00eda. Milei y Caputo siguen sus pasos ahora.<\/figcaption><\/figure>\n<p style=\"text-align: justify;\"><span style=\"font-size: 14pt;\">Una vez m\u00e1s revivieron el pensamiento de Carlos Marx los ultraderechistas que tanto lo detestan. Tambi\u00e9n los peronistas con fecha de vencimiento como Miguel Pichetto y Cristian Ritondo y los radicales libres de Rodrigo de Loredo, mol\u00e9culas inestables que siempre hacen de comparsa a la derecha. Escribi\u00f3 el autor de <em>El Capital<\/em> en <em>El 18 Brumario de Luis Bonaparte<\/em>:<a href=\"https:\/\/www.goodreads.com\/quotes\/8055163-hegel-dice-en-alguna-parte-que-todos-los-grandes-hechos\"> \u201cHegel dice en alguna parte que todos los grandes hechos y personajes de la historia universal aparecen, como si dij\u00e9ramos, dos veces. Pero se olvid\u00f3 de agregar: una vez como tragedia y la otra como farsa\u201d.<\/a><\/span><\/p>\n<p style=\"text-align: justify;\"><span style=\"font-size: 14pt;\">Estamos curtidos pero no vencidos. Esto es otra cosa. El malhumor social es como las ramitas con que empieza a prepararse el fuego. Falta alguien que las sople y que se incendie la pradera. Las puebladas son una tradici\u00f3n bien argentina. El poder las teme. Por eso se arma con impudicia cuando falta el pan en la mesa de cada empobrecido. El protocolo anti-piquetes es su disuasivo como el palito de abollar ideolog\u00edas de Mafalda. Aunque ya empez\u00f3 a desflecarse porque los que marchan no le tienen miedo.<\/span><\/p>\n<p style=\"text-align: justify;\"><span style=\"font-size: 14pt;\">La saga de la ley que consigui\u00f3 media sanci\u00f3n en Diputados lleva adherida una frutilla sobre el postre de la entrega nacional. Nos sorprendi\u00f3 en v\u00edsperas del 1\u00b0 de mayo. Es \u201cel regalito\u201d para la clase trabajadora que mencion\u00f3 en el Congreso la diputada del Frente de Izquierda, Myriam Bregman. Algo parecido tambi\u00e9n dijo la diputada Julia Strada, de Uni\u00f3n por la Patria. Pero faltaron muchas m\u00e1s voces para expresarlo \u2013 adentro y afuera- que se llamaron a silencio.<\/span><\/p>\n<figure id=\"attachment_65977\" aria-describedby=\"caption-attachment-65977\" style=\"width: 600px\" class=\"wp-caption aligncenter\"><img loading=\"lazy\" decoding=\"async\" class=\"wp-image-65977\" style=\"font-size: 14pt;\" src=\"https:\/\/www.lapluma.net\/wp-content\/uploads\/2024\/05\/Caputo-y-Milei-la-pareja-que-nos-guia-hacia-el-borde-del-abismo-igual-que-hace-35-anos-300x169.webp\" alt=\"\" width=\"600\" height=\"338\" srcset=\"https:\/\/www.lapluma.net\/wp-content\/uploads\/2024\/05\/Caputo-y-Milei-la-pareja-que-nos-guia-hacia-el-borde-del-abismo-igual-que-hace-35-anos-300x169.webp 300w, https:\/\/www.lapluma.net\/wp-content\/uploads\/2024\/05\/Caputo-y-Milei-la-pareja-que-nos-guia-hacia-el-borde-del-abismo-igual-que-hace-35-anos-768x432.webp 768w, https:\/\/www.lapluma.net\/wp-content\/uploads\/2024\/05\/Caputo-y-Milei-la-pareja-que-nos-guia-hacia-el-borde-del-abismo-igual-que-hace-35-anos-870x489.webp 870w, https:\/\/www.lapluma.net\/wp-content\/uploads\/2024\/05\/Caputo-y-Milei-la-pareja-que-nos-guia-hacia-el-borde-del-abismo-igual-que-hace-35-anos-895x503.webp 895w, https:\/\/www.lapluma.net\/wp-content\/uploads\/2024\/05\/Caputo-y-Milei-la-pareja-que-nos-guia-hacia-el-borde-del-abismo-igual-que-hace-35-anos.webp 1024w\" sizes=\"auto, (max-width: 600px) 100vw, 600px\" \/><figcaption id=\"caption-attachment-65977\" class=\"wp-caption-text\">Caputo y Milei, la pareja que nos gu\u00eda hacia el borde del abismo, igual que hace 35 a\u00f1os.<\/figcaption><\/figure>\n<p style=\"text-align: justify;\"><span style=\"font-size: 14pt;\">El gobierno celebr\u00f3 su fiesta junto a multinacionales, CEOS y lobistas, incluso en los palcos del mismo Congreso. Ah\u00ed sonre\u00edan sentados Karina Milei, el ministro Guillermo Francos y el director de YPF, Jos\u00e9 Rolandi. El mismo que les pidi\u00f3 a los accionistas de la empresa estatal cuadruplicarse el sueldo en 2024. O sea, cobrar unos 70 millones de pesos. Para eso, s\u00ed hay plata.<\/span><\/p>\n<div class=\"mceTemp\"><\/div>\n<p style=\"text-align: justify;\"><span style=\"font-size: 14pt;\">Tambi\u00e9n festej\u00f3 la extrema derecha junto a la claque de los periodistas cortesanos que intoxican d\u00eda a d\u00eda con su pr\u00e9dica contra el Estado dictada desde la Casa Rosada. Son los mismos que viv\u00edan de la pauta oficial en cada gobierno.<\/span><\/p>\n<p><iframe loading=\"lazy\" title=\"Carlos Menem - Reforma del Estado - Privatizaciones 1990\" width=\"660\" height=\"371\" src=\"https:\/\/www.youtube.com\/embed\/NNGxP4XGAJY?feature=oembed\" frameborder=\"0\" allow=\"accelerometer; autoplay; clipboard-write; encrypted-media; gyroscope; picture-in-picture; web-share\" referrerpolicy=\"strict-origin-when-cross-origin\" allowfullscreen><\/iframe><\/p>\n<p style=\"text-align: justify;\"><span style=\"font-size: 14pt;\">En TN se les sal\u00edan los ojos de las \u00f3rbitas cuando Mart\u00edn Menem contaba la <em>proeza<\/em> libertaria de aprobar una ley emparchada y que favorece a los capitales concentrados. Sus defensores se cansaron de decir que la votaron para \u201cayudar a la gente\u201d. El diputado Jos\u00e9 Luis Espert lo coment\u00f3 con su habitual cinismo. No hace falta, Espert. El pueblo prescinde de sus servicios para que no haga m\u00e1s da\u00f1o.<\/span><\/p>\n<p style=\"text-align: justify;\"><span style=\"font-size: 14pt;\">\u201cEllos tienen el poder y lo van a perder\u201d, cantaba Gustavo Cordera, de la Bersuit, a fines de los \u201990. La letra del tema <em>Se\u00f1or Cobranza<\/em> escrita por el l\u00edder de Las Manos de Filippi, Carlos Cabra de Vega, todav\u00eda resuena en nuestros o\u00eddos. Acaba de volver a sumergirnos en la misma pesadilla. Aquella de un pa\u00eds enfermo al que se pretende curar con la misma medicina legislativa.<\/span><\/p>\n<p><iframe loading=\"lazy\" title=\"Bersuit Vergarabat - Sr. Cobranza\" width=\"660\" height=\"495\" src=\"https:\/\/www.youtube.com\/embed\/MjlYbw9WbHU?feature=oembed\" frameborder=\"0\" allow=\"accelerometer; autoplay; clipboard-write; encrypted-media; gyroscope; picture-in-picture; web-share\" referrerpolicy=\"strict-origin-when-cross-origin\" allowfullscreen><\/iframe><\/p>\n<p style=\"text-align: justify;\"><span style=\"font-size: 14pt;\">\u201c\u00bfY ahora qu\u00e9? \u00bfqu\u00e9 nos queda?\/ Elecci\u00f3n o reelecci\u00f3n, para m\u00ed es la misma mierda\/ hijos de puta en el Congreso\/ Hijos de puta en la Rosada y en todos los ministerios\u201d.<\/span><\/p>\n<p style=\"text-align: justify;\"><span style=\"font-size: 14pt;\">Si el ajuste es ley, la rebeli\u00f3n popular es justicia. Nos dio un indicio muy fuerte la marcha universitaria del 23 de abril. Tan transversal como multitudinaria. Galvaniz\u00f3 a varias generaciones de argentinos con un reclamo que se extiende por todas las clases sociales: que no se metan con la educaci\u00f3n p\u00fablica y gratuita.<\/span><\/p>\n<p style=\"text-align: justify;\"><span style=\"font-size: 14pt;\">Fue apenas una batalla ganada en la guerra cultural desatada por las fuerzas del cielo. Tan reaccionarias como vasallas del imperio que tiene un presidente muy servicial, que les hace todos los mandados. Bajo la bandera del remate que acaban de aprobar La Libertad Avanza, el PRO y sus aliados de la oposici\u00f3n amigable, el pa\u00eds est\u00e1 a la venta con nosotros adentro.<\/span><\/p>\n<h2><span style=\"font-size: 14pt;\">Gustavo Veila<\/span><\/h2>\n<h2><span style=\"font-size: 14pt;\">Fuente:<a href=\"https:\/\/www.pagina12.com.ar\/733323-un-pais-a-la-venta-con-nosotros-adentro\"><em> P\u00e1gina|12<\/em><\/a>, <em><span class=\"color_20\"><a href=\"https:\/\/estrategia.la\/2024\/05\/02\/argentina-un-pais-a-la-venta-con-nosotros-adentro\/\">Centro Latinoamericano de An\u00e1lisis Estrat\u00e9gico (CLAE<\/a>)<\/span><\/em>, 2 de Mayo de 2024<\/span><\/h2>\n<h2><span style=\"font-size: 14pt;\">Editado por <a href=\"https:\/\/www.lapluma.net\/nosotros\/editora\/\">Mar\u00eda Piedad Ossaba<\/a><\/span><\/h2>\n","protected":false},"excerpt":{"rendered":"<p>Si el ajuste es ley, la rebeli\u00f3n popular es justicia. Nos dio un indicio muy fuerte la marcha universitaria del 23 de abril&#8230; Bajo la bandera del remate que acaban de aprobar La Libertad Avanza, el PRO y sus aliados de la oposici\u00f3n amigable, el pa\u00eds est\u00e1 a la venta con nosotros adentro.<\/p>\n","protected":false},"author":1437,"featured_media":65976,"comment_status":"open","ping_status":"open","sticky":false,"template":"","format":"standard","meta":{"_uf_show_specific_survey":0,"_uf_disable_surveys":false,"footnotes":""},"categories":[5],"tags":[225,26531,26523,26530,26524,26365,26525,26528,26526,26527,13036,6762,26529,26532],"coauthors":[26202],"class_list":["post-65973","post","type-post","status-publish","format-standard","has-post-thumbnail","hentry","category-editoriales-y-opiniones","tag-argentina","tag-carlos-cabra-de-vega","tag-desguace-y-entrega","tag-gustavo-cordera","tag-gustavo-veiga","tag-javier-milei-mileinato","tag-menem-y-cavallo","tag-miguel-pichetto-y-cristian-ritondo","tag-milei-y-caputo","tag-myriam-bregman","tag-puebladas","tag-rebelion-popular","tag-rodrigo-de-loredo","tag-senor-cobranza"],"translation":{"provider":"WPGlobus","version":"2.12.2","language":"fr","enabled_languages":["es","fr"],"languages":{"es":{"title":true,"content":true,"excerpt":true},"fr":{"title":false,"content":false,"excerpt":false}}},"_links":{"self":[{"href":"https:\/\/www.lapluma.net\/fr\/wp-json\/wp\/v2\/posts\/65973","targetHints":{"allow":["GET"]}}],"collection":[{"href":"https:\/\/www.lapluma.net\/fr\/wp-json\/wp\/v2\/posts"}],"about":[{"href":"https:\/\/www.lapluma.net\/fr\/wp-json\/wp\/v2\/types\/post"}],"author":[{"embeddable":true,"href":"https:\/\/www.lapluma.net\/fr\/wp-json\/wp\/v2\/users\/1437"}],"replies":[{"embeddable":true,"href":"https:\/\/www.lapluma.net\/fr\/wp-json\/wp\/v2\/comments?post=65973"}],"version-history":[{"count":4,"href":"https:\/\/www.lapluma.net\/fr\/wp-json\/wp\/v2\/posts\/65973\/revisions"}],"predecessor-version":[{"id":65981,"href":"https:\/\/www.lapluma.net\/fr\/wp-json\/wp\/v2\/posts\/65973\/revisions\/65981"}],"wp:featuredmedia":[{"embeddable":true,"href":"https:\/\/www.lapluma.net\/fr\/wp-json\/wp\/v2\/media\/65976"}],"wp:attachment":[{"href":"https:\/\/www.lapluma.net\/fr\/wp-json\/wp\/v2\/media?parent=65973"}],"wp:term":[{"taxonomy":"category","embeddable":true,"href":"https:\/\/www.lapluma.net\/fr\/wp-json\/wp\/v2\/categories?post=65973"},{"taxonomy":"post_tag","embeddable":true,"href":"https:\/\/www.lapluma.net\/fr\/wp-json\/wp\/v2\/tags?post=65973"},{"taxonomy":"author","embeddable":true,"href":"https:\/\/www.lapluma.net\/fr\/wp-json\/wp\/v2\/coauthors?post=65973"}],"curies":[{"name":"wp","href":"https:\/\/api.w.org\/{rel}","templated":true}]}}