{"id":65960,"date":"2024-05-09T10:27:10","date_gmt":"2024-05-09T10:27:10","guid":{"rendered":"https:\/\/www.lapluma.net\/?p=65960"},"modified":"2024-05-09T11:04:10","modified_gmt":"2024-05-09T11:04:10","slug":"65960","status":"publish","type":"post","link":"https:\/\/www.lapluma.net\/fr\/2024\/05\/09\/65960\/","title":{"rendered":"Occidente se pone el uniforme y empu\u00f1a la porra"},"content":{"rendered":"<p style=\"text-align: justify;\"><span style=\"font-size: 14pt;\">Occidente se pone el uniforme y empu\u00f1a la porra<\/span><\/p>\n<p style=\"text-align: justify;\"><span style=\"font-size: 14pt;\">Desde Estados Unidos, donde el Congreso acaba de aprobar una ley que viola la primera enmienda constitucional del pa\u00eds sobre protecci\u00f3n del derecho a la libre expresi\u00f3n, y desde Europa, especialmente Francia y Alemania, llegan las mismas im\u00e1genes de dura represi\u00f3n policial contra campamentos estudiantiles, detenciones, expulsi\u00f3n de instituciones de ense\u00f1anza de estudiantes y profesores, prohibici\u00f3n de actos p\u00fablicos de diputados y cargos electos que son convocados a comisar\u00eda. Y por encima de ello, la basura medi\u00e1tica de unos medios de comunicaci\u00f3n estructuralmente corruptos, por estar mayoritariamente en manos de magnates y volcados en el apoyo a una masacre indiscriminada, descarada y anunciada de civiles, que ha sido considerada como plausible genocidio hasta por el <a href=\"https:\/\/ctxt.es\/es\/20240101\/Firmas\/45390\/Rafael-Poch-Israel-complices-juicio-La-Haya-genocidio-financiacion-UNRWA.htm\" target=\"_blank\" rel=\"noopener\">m\u00e1ximo tribunal internacional<\/a> dise\u00f1ado en la posguerra mundial para no irritar a sus creadores.<\/span><\/p>\n<p><img loading=\"lazy\" decoding=\"async\" class=\"aligncenter wp-image-65967\" src=\"https:\/\/www.lapluma.net\/wp-content\/uploads\/2024\/05\/Indicios-JR-Mora-300x200.jpg\" alt=\"\" width=\"600\" height=\"400\" srcset=\"https:\/\/www.lapluma.net\/wp-content\/uploads\/2024\/05\/Indicios-JR-Mora-300x200.jpg 300w, https:\/\/www.lapluma.net\/wp-content\/uploads\/2024\/05\/Indicios-JR-Mora-768x512.jpg 768w, https:\/\/www.lapluma.net\/wp-content\/uploads\/2024\/05\/Indicios-JR-Mora-435x290.jpg 435w, https:\/\/www.lapluma.net\/wp-content\/uploads\/2024\/05\/Indicios-JR-Mora-150x100.jpg 150w, https:\/\/www.lapluma.net\/wp-content\/uploads\/2024\/05\/Indicios-JR-Mora-370x247.jpg 370w, https:\/\/www.lapluma.net\/wp-content\/uploads\/2024\/05\/Indicios-JR-Mora.jpg 800w\" sizes=\"auto, (max-width: 600px) 100vw, 600px\" \/><\/p>\n<p style=\"text-align: justify;\"><span style=\"font-size: 14pt;\">Criticar los cr\u00edmenes de guerra de Israel te convierte en un \u201cpartidario de Ham\u00e1s\u201d, apuntar que la violencia del 7 de octubre contra ciudadanos israel\u00edes, cr\u00f3nicamente sufrida durante d\u00e9cadas por la poblaci\u00f3n palestina, no surgi\u00f3 de la nada, sino de un c\u00famulo de opresi\u00f3n, matanza e ilegalidad colonial, te convierte en \u201cjustificador del terrorismo\u201d. Criticar el papel provocador de la OTAN en el estallido de la guerra de Ucrania y en el sabotaje de las <a href=\"https:\/\/ctxt.es\/es\/20230301\/Firmas\/42267\/rafael-poch-Acuerdo-Minsk-Ucrania-invasion-guerra-Rusia-Estados-Unidos-atentado-gasoducto-Nord-Stream.htm\" target=\"_blank\" rel=\"noopener\">negociaciones de paz de Minsk<\/a> y <a href=\"https:\/\/ctxt.es\/es\/20230101\/Politica\/41940\/ucrania-guerra-alemania-armas-entrevista-nuclear-exgeneral.htm\" target=\"_blank\" rel=\"noopener\">Estambul<\/a> te convierte en un \u201cpartidario de Putin\u201d, y decir que la guerra no comenz\u00f3 en febrero de 2022 sino muchos a\u00f1os antes es \u201clegitimar la invasi\u00f3n de Rusia\u201d, como afirma en Europa no solo la derecha, sino tambi\u00e9n esa \u201cizquierda de derechas\u201d que en algunos casos, por ejemplo los verdes alemanes, es a\u00fan peor que la derecha tradicional.\u00a0<\/span><\/p>\n<figure id=\"attachment_65968\" aria-describedby=\"caption-attachment-65968\" style=\"width: 480px\" class=\"wp-caption aligncenter\"><img loading=\"lazy\" decoding=\"async\" class=\"wp-image-65968\" src=\"https:\/\/www.lapluma.net\/wp-content\/uploads\/2024\/05\/Negociaciones-de-Paz--300x200.jpeg\" alt=\"\" width=\"480\" height=\"320\" srcset=\"https:\/\/www.lapluma.net\/wp-content\/uploads\/2024\/05\/Negociaciones-de-Paz--300x200.jpeg 300w, https:\/\/www.lapluma.net\/wp-content\/uploads\/2024\/05\/Negociaciones-de-Paz--768x512.jpeg 768w, https:\/\/www.lapluma.net\/wp-content\/uploads\/2024\/05\/Negociaciones-de-Paz--435x290.jpeg 435w, https:\/\/www.lapluma.net\/wp-content\/uploads\/2024\/05\/Negociaciones-de-Paz--150x100.jpeg 150w, https:\/\/www.lapluma.net\/wp-content\/uploads\/2024\/05\/Negociaciones-de-Paz--370x247.jpeg 370w, https:\/\/www.lapluma.net\/wp-content\/uploads\/2024\/05\/Negociaciones-de-Paz-.jpeg 800w\" sizes=\"auto, (max-width: 480px) 100vw, 480px\" \/><figcaption id=\"caption-attachment-65968\" class=\"wp-caption-text\">A. Lukashenko, Vladimir Putin, Angela Merkel, F. Hollande y Petro Poroshenko, durante la firma del Acuerdo de Minsk de 2015. Foto: Presidencia de Rusia<\/figcaption><\/figure>\n<p style=\"text-align: justify;\"><span style=\"font-size: 14pt;\">La falaz acusaci\u00f3n de \u201c<a href=\"https:\/\/ctxt.es\/es\/20240201\/Politica\/45630\/andy-robinson-george-galloway-partido-laborista-renovacion-rochdale-reino-unido-gaza.htm\" target=\"_blank\" rel=\"noopener\">antisemitismo\u201d, que tumb\u00f3 en Inglaterra a Jeremy Corbyn<\/a>, un candidato laborista sensible hacia la cuesti\u00f3n palestina, se lanza en Alemania y Francia contra los raros pol\u00edticos (Jean-Luc Melenchon, Sahra Wagenknecht) que se atreven a desafiar a la ignominia. Son \u201cantisemitas\u201d hasta los cada vez m\u00e1s numerosos sectores jud\u00edos del mundo entero que protestan contra los cr\u00edmenes de Israel y sus aliados. En Estados Unidos han detenido hasta a la candidata presidencial del partido Verde, Jill Stein. El \u201cantisemitismo\u201d se utiliza para prohibir actos e iniciativas pol\u00edticas, para descalificar a acad\u00e9micos, particularmente en esa Alemania cuyo gobierno se sit\u00faa, una vez m\u00e1s, en el apestoso campo de los genocidas, y para criminalizar al adversario de izquierdas.\u00a0<\/span><\/p>\n<p style=\"text-align: justify;\"><span style=\"font-size: 14pt;\">Criminalizar e ilegalizar a la oposici\u00f3n es una tendencia recurrente en la historia europea, pero criminalizar la oposici\u00f3n civil a un genocidio es algo inaudito, con un fuerte olor a los a\u00f1os treinta del pasado siglo. En nombre de la lucha contra el antisemitismo es la Europa parda y autoritaria, que entonces aniquil\u00f3 a jud\u00edos eslavos y gitanos, la que se est\u00e1 abriendo paso de nuevo con toda claridad, especialmente en Francia, Alemania, y, al otro lado del Atl\u00e1ntico, en Estados Unidos.<\/span><\/p>\n<p><img loading=\"lazy\" decoding=\"async\" class=\" wp-image-65963 aligncenter\" src=\"https:\/\/www.lapluma.net\/wp-content\/uploads\/2024\/05\/empunando-la-porra-170x300.jpeg\" alt=\"\" width=\"359\" height=\"633\" srcset=\"https:\/\/www.lapluma.net\/wp-content\/uploads\/2024\/05\/empunando-la-porra-170x300.jpeg 170w, https:\/\/www.lapluma.net\/wp-content\/uploads\/2024\/05\/empunando-la-porra.jpeg 284w\" sizes=\"auto, (max-width: 359px) 100vw, 359px\" \/><\/p>\n<p style=\"text-align: justify;\"><span style=\"font-size: 14pt;\">\u201cLa crisis de Gaza se est\u00e1 convirtiendo en una crisis mundial de la libertad de expresi\u00f3n, especialmente en pa\u00edses conocidos por apoyar el derecho a la manifestaci\u00f3n pac\u00edfica\u201d, ha dicho esta semana la relatora especial de la ONU para la promoci\u00f3n y protecci\u00f3n del derecho a la libertad de opini\u00f3n y expresi\u00f3n, Irene Khan. Con la concentraci\u00f3n de cada vez m\u00e1s riqueza en cada vez menos manos, y con la \u201clibertad de informaci\u00f3n\u201d, convertida en periodismo t\u00f3xico promotor de la represi\u00f3n y el belicismo, se est\u00e1n borrando las \u00faltimas fronteras entre los sistemas democr\u00e1ticos de baja y diferente intensidad de puertas adentro, caracter\u00edsticos de las potencias occidentales y compatibles con el imperialismo y la masacre de puertas afuera, y las denostadas \u201cautocracias\u201d de los pa\u00edses adversarios y\/o emergentes, que se han demostrado mucho menos da\u00f1inos en la esfera internacional. La crisis del capitalismo antropoc\u00e9nico y del declive del dominio occidental del mundo apunta inequ\u00edvocamente hacia la disoluci\u00f3n de las ef\u00edmeras pero importantes libertades p\u00fablicas. Ante el panorama que nos ofrece la pol\u00edtica institucional, donde los defensores de la verdad y la justicia son minor\u00eda marginal, va quedando claro que sin activismo social nada se mover\u00e1 contra esta peligrosa ola parda y belicista que amenaza con llev\u00e1rselo todo por delante.<\/span><\/p>\n<blockquote class=\"twitter-tweet\" data-width=\"550\" data-dnt=\"true\">\n<p lang=\"es\" dir=\"ltr\">\u201cLa crisis de Gaza se est\u00e1 convirtiendo en una crisis mundial de la libertad de expresi\u00f3n, especialmente en pa\u00edses conocidos por apoyar el derecho a la manifestaci\u00f3n pac\u00edfica\u201d<br \/>Irene Khan<br \/>Relatora especial de la ONU<\/p>\n<p>&mdash; jesan (@jesanez) <a href=\"https:\/\/twitter.com\/jesanez\/status\/1786832245283598767?ref_src=twsrc%5Etfw\">May 4, 2024<\/a><\/p><\/blockquote>\n<p><script async src=\"https:\/\/platform.twitter.com\/widgets.js\" charset=\"utf-8\"><\/script><\/p>\n<p style=\"text-align: justify;\"><span style=\"font-size: 14pt;\">Respeto, por tanto, hacia los trabajadores agr\u00edcolas de los invernaderos de Almer\u00eda, uno de los colectivos m\u00e1s explotados y abusados del panorama laboral espa\u00f1ol mayoritariamente compuesto por extranjeros, por su movilizaci\u00f3n estos d\u00edas en solidaridad con Palestina. Aqu\u00ed son los que m\u00e1s se la juegan. Tambi\u00e9n hacia los estibadores de Barcelona, que han decidido negarse a trajinar mercanc\u00edas con destino o procedentes de Israel; hacia los sindicalistas de la CGT de Navantia, en El Ferrol, que han denunciado que dos barcos construidos all\u00ed est\u00e1n \u201cintegrados en la flotilla que acompa\u00f1a al mayor portaaviones de la armada estadounidense, el Gerald R. Ford, enviado en apoyo de Israel\u201d; y a los estudiantes de la Universidad de Valencia, que lanzaron hace unos d\u00edas el primer campamento estudiantil espa\u00f1ol en solidaridad con Palestina.<\/span><\/p>\n<p><img loading=\"lazy\" decoding=\"async\" class=\"aligncenter wp-image-65969\" src=\"https:\/\/www.lapluma.net\/wp-content\/uploads\/2024\/05\/Palestina-solidaridad-300x170.jpeg\" alt=\"\" width=\"600\" height=\"340\" srcset=\"https:\/\/www.lapluma.net\/wp-content\/uploads\/2024\/05\/Palestina-solidaridad-300x170.jpeg 300w, https:\/\/www.lapluma.net\/wp-content\/uploads\/2024\/05\/Palestina-solidaridad-1024x580.jpeg 1024w, https:\/\/www.lapluma.net\/wp-content\/uploads\/2024\/05\/Palestina-solidaridad-768x435.jpeg 768w, https:\/\/www.lapluma.net\/wp-content\/uploads\/2024\/05\/Palestina-solidaridad-1536x870.jpeg 1536w, https:\/\/www.lapluma.net\/wp-content\/uploads\/2024\/05\/Palestina-solidaridad-2048x1159.jpeg 2048w, https:\/\/www.lapluma.net\/wp-content\/uploads\/2024\/05\/Palestina-solidaridad-510x290.jpeg 510w\" sizes=\"auto, (max-width: 600px) 100vw, 600px\" \/><\/p>\n<h2>Rafael Poch de Feliu, para La Pluma<\/h2>\n<h2>Editado por <a href=\"https:\/\/www.lapluma.net\/nosotros\/editora\/\">Mar\u00eda Piedad Ossaba<\/a><\/h2>\n<h2>Fuente:\u00a0 <a href=\"https:\/\/rafaelpoch.com\/2024\/05\/02\/occidente-se-pone-el-uniforme-y-empuna-la-porra\/\">Rafael Poch de Feliu\u2013 Blog<\/a>\/ <a href=\"https:\/\/ctxt.es\/es\/20240501\/Firmas\/46390\/rafael-poch-imperios-combatientes-universidades-estudiantes-acampadas-gaza-palestina-israel.htm\">Contexto y Acci\u00f3n (ctXt)<\/a> , 5 de mayo de 2024<\/h2>\n<p>&nbsp;<\/p>\n","protected":false},"excerpt":{"rendered":"<p>Criminalizar la oposici\u00f3n civil a un genocidio es algo inaudito, con un fuerte olor a los a\u00f1os treinta del pasado siglo<\/p>\n","protected":false},"author":1049,"featured_media":65966,"comment_status":"open","ping_status":"open","sticky":false,"template":"","format":"standard","meta":{"_uf_show_specific_survey":0,"_uf_disable_surveys":false,"footnotes":""},"categories":[218,6],"tags":[16126,26521,26522,24873,26520,1338,17553,17879,7103],"coauthors":[17544],"class_list":["post-65960","post","type-post","status-publish","format-standard","has-post-thumbnail","hentry","category-monde","category-politique","tag-criminalizacion-de-la-protesta","tag-crisis-de-gaza","tag-crisis-mundial-exprfesion","tag-genocidio-de-gaza","tag-imperiods-combatientes","tag-palestina-israel","tag-rafael-poch-de-feliu","tag-usa-israel-ue","tag-violacion-ddhh-dih"],"translation":{"provider":"WPGlobus","version":"2.12.2","language":"fr","enabled_languages":["es","fr"],"languages":{"es":{"title":true,"content":true,"excerpt":true},"fr":{"title":false,"content":false,"excerpt":false}}},"_links":{"self":[{"href":"https:\/\/www.lapluma.net\/fr\/wp-json\/wp\/v2\/posts\/65960","targetHints":{"allow":["GET"]}}],"collection":[{"href":"https:\/\/www.lapluma.net\/fr\/wp-json\/wp\/v2\/posts"}],"about":[{"href":"https:\/\/www.lapluma.net\/fr\/wp-json\/wp\/v2\/types\/post"}],"author":[{"embeddable":true,"href":"https:\/\/www.lapluma.net\/fr\/wp-json\/wp\/v2\/users\/1049"}],"replies":[{"embeddable":true,"href":"https:\/\/www.lapluma.net\/fr\/wp-json\/wp\/v2\/comments?post=65960"}],"version-history":[{"count":4,"href":"https:\/\/www.lapluma.net\/fr\/wp-json\/wp\/v2\/posts\/65960\/revisions"}],"predecessor-version":[{"id":65972,"href":"https:\/\/www.lapluma.net\/fr\/wp-json\/wp\/v2\/posts\/65960\/revisions\/65972"}],"wp:featuredmedia":[{"embeddable":true,"href":"https:\/\/www.lapluma.net\/fr\/wp-json\/wp\/v2\/media\/65966"}],"wp:attachment":[{"href":"https:\/\/www.lapluma.net\/fr\/wp-json\/wp\/v2\/media?parent=65960"}],"wp:term":[{"taxonomy":"category","embeddable":true,"href":"https:\/\/www.lapluma.net\/fr\/wp-json\/wp\/v2\/categories?post=65960"},{"taxonomy":"post_tag","embeddable":true,"href":"https:\/\/www.lapluma.net\/fr\/wp-json\/wp\/v2\/tags?post=65960"},{"taxonomy":"author","embeddable":true,"href":"https:\/\/www.lapluma.net\/fr\/wp-json\/wp\/v2\/coauthors?post=65960"}],"curies":[{"name":"wp","href":"https:\/\/api.w.org\/{rel}","templated":true}]}}