{"id":65916,"date":"2024-05-06T16:53:51","date_gmt":"2024-05-06T16:53:51","guid":{"rendered":"https:\/\/www.lapluma.net\/?p=65916"},"modified":"2024-05-06T17:18:03","modified_gmt":"2024-05-06T17:18:03","slug":"65916","status":"publish","type":"post","link":"https:\/\/www.lapluma.net\/fr\/2024\/05\/06\/65916\/","title":{"rendered":"Intifada global"},"content":{"rendered":"<div class=\"section-2-col article-header\">\n<div class=\"col 2-col\"><\/div>\n<\/div>\n<div class=\"section-2-col article-main-image\" style=\"text-align: justify;\">\n<div class=\"col 1-col hide-on-mobile\">\n<div class=\"article-info \">\n<p><span style=\"font-size: 14pt;\">La masacre de Gaza se globaliz\u00f3. La agenda medi\u00e1tica, los claustros acad\u00e9micos y los debates p\u00fablicos se reh\u00fasan a invisibilizar lo que indudablemente se constituye en un crimen de lesa humanidad. Los predios universitarios de diferentes pa\u00edses occidentales, entre ellos los de Estados Unidos y los de Europa occidental, exhiben las protestas estudiantiles donde se repudian tanto las hambrunas como los bombardeos que se llevan a cabo sobre la poblaci\u00f3n civil. A siete meses de las elecciones, Joe Biden puja por calmar a la opini\u00f3n p\u00fablica para evitar que las movilizaciones en solidaridad con Palestina impacten en forma negativa entre los votantes dem\u00f3cratas.<\/span><\/p>\n<p><img loading=\"lazy\" decoding=\"async\" class=\"aligncenter wp-image-65918\" src=\"https:\/\/www.lapluma.net\/wp-content\/uploads\/2024\/05\/Long-live-student-intifada.jpg\" alt=\"\" width=\"500\" height=\"625\" srcset=\"https:\/\/www.lapluma.net\/wp-content\/uploads\/2024\/05\/Long-live-student-intifada.jpg 1125w, https:\/\/www.lapluma.net\/wp-content\/uploads\/2024\/05\/Long-live-student-intifada-240x300.jpg 240w, https:\/\/www.lapluma.net\/wp-content\/uploads\/2024\/05\/Long-live-student-intifada-819x1024.jpg 819w, https:\/\/www.lapluma.net\/wp-content\/uploads\/2024\/05\/Long-live-student-intifada-768x961.jpg 768w\" sizes=\"auto, (max-width: 500px) 100vw, 500px\" \/><\/p>\n<\/div>\n<\/div>\n<\/div>\n<div class=\"section-2-col article-main-content\">\n<div class=\"col 2-col\">\n<div class=\"article-main-content article-text \">\n<p style=\"text-align: justify;\"><span style=\"font-size: 14pt;\">Esos antecedentes son los que motivan al Jefe del Departamento de Estado, Antony Blinken, a insistir en un cese del <i>fuego<\/i> \u00fatil para permitir el ingreso de ayuda humanitaria a la poblaci\u00f3n palestina sitiada por Israel y Egipto. Esa es tambi\u00e9n la raz\u00f3n por la que Washington ha promovido las <a href=\"https:\/\/www.barrons.com\/articles\/eeuu-afirma-que-5-unidades-del-ejercito-israeli-cometieron-abusos-en-cisjordania-5b6d0b4f\" target=\"_blank\" rel=\"noopener\">imputaciones<\/a> contra cinco unidades de las Fuerzas de Defensa de Israel (FDI), bajo la denuncia de violar los derechos humanos de la poblaci\u00f3n civil.<\/span><\/p>\n<p style=\"text-align: justify;\"><span style=\"font-size: 14pt;\">En la \u00faltima semana, la polic\u00eda de Nueva York desaloj\u00f3 el <i>Hamilton Hall<\/i>, un emblem\u00e1tico edificio de la Universidad de Columbia. Dos d\u00edas despu\u00e9s, los organismos de seguridad irrumpieron en el campamento estudiantil de la Universidad de California (UCLA), deteniendo a decenas de manifestantes. Hechos similares se han sucedido \u2013desde el 18 de abril\u2013 en tres docenas de universidades estadounidenses donde se procedi\u00f3 a la detenci\u00f3n de dos mil estudiantes. En las universidades francesas tambi\u00e9n se llevaron a cabo m\u00faltiples expresiones de condena a la pol\u00edtica del gobierno israel\u00ed: en <i>Sciences Po<\/i>, de Par\u00eds, los colectivos estudiantiles han solicitado suspender sus v\u00ednculos con los centros de investigaci\u00f3n israel\u00edes e iniciado una huelga de hambre en protesta. En Am\u00e9rica Latina, Colombia ha imitado los pasos de Bolivia y a partir del 2 de mayo implement\u00f3 la ruptura de las relaciones diplom\u00e1ticas con Tel Aviv.<\/span><\/p>\n<p><img loading=\"lazy\" decoding=\"async\" class=\"wp-image-65919 aligncenter\" src=\"https:\/\/www.lapluma.net\/wp-content\/uploads\/2024\/05\/Police-Kokot.jpg\" alt=\"\" width=\"600\" height=\"504\" srcset=\"https:\/\/www.lapluma.net\/wp-content\/uploads\/2024\/05\/Police-Kokot.jpg 1440w, https:\/\/www.lapluma.net\/wp-content\/uploads\/2024\/05\/Police-Kokot-300x252.jpg 300w, https:\/\/www.lapluma.net\/wp-content\/uploads\/2024\/05\/Police-Kokot-1024x860.jpg 1024w, https:\/\/www.lapluma.net\/wp-content\/uploads\/2024\/05\/Police-Kokot-768x645.jpg 768w\" sizes=\"auto, (max-width: 600px) 100vw, 600px\" \/><\/p>\n<p style=\"text-align: justify;\"><span style=\"font-size: 14pt;\">Las manifestaciones que se suceden en diferentes pa\u00edses buscan ser tergiversadas por las usinas de propaganda occidental, funcional a los intereses de la derecha israel\u00ed. Mientras que las m\u00faltiples expresiones se orientan a cuestionar las pol\u00edticas coloniales de Israel respecto a los territorios palestinos ocupados y\/o sitiados y el trato a la poblaci\u00f3n civil, los <a href=\"https:\/\/www.pagina12.com.ar\/732399-trump-propaganda-electoral-y-delito\"><i>periodistas de chequera<\/i><\/a> catalogan a los manifestantes como antisemitas y jude\u00f3fobos. Para instalar y naturalizar ese malentendido, los encargados de defender las pol\u00edtica de Bibi Netanyahu apelan a la <a href=\"https:\/\/holocaustremembrance.com\/resources\/working-definition-antisemitism\" target=\"_blank\" rel=\"noopener\">definici\u00f3n<\/a> acordada por la <i>Alianza Internacional para la Conmemoraci\u00f3n del Holocausto (IRHA)<\/i>, olvidando que la propia instituci\u00f3n advierte taxativamente, que \u201clas cr\u00edticas contra Israel, similares a las dirigidas contra cualquier otro pa\u00eds, no pueden considerarse como antisemitismo\u201d.<\/span><\/p>\n<p><img loading=\"lazy\" decoding=\"async\" class=\"aligncenter wp-image-65920\" src=\"https:\/\/www.lapluma.net\/wp-content\/uploads\/2024\/05\/Stop-genocide.jpg\" alt=\"\" width=\"500\" height=\"500\" srcset=\"https:\/\/www.lapluma.net\/wp-content\/uploads\/2024\/05\/Stop-genocide.jpg 1440w, https:\/\/www.lapluma.net\/wp-content\/uploads\/2024\/05\/Stop-genocide-300x300.jpg 300w, https:\/\/www.lapluma.net\/wp-content\/uploads\/2024\/05\/Stop-genocide-1024x1024.jpg 1024w, https:\/\/www.lapluma.net\/wp-content\/uploads\/2024\/05\/Stop-genocide-150x150.jpg 150w, https:\/\/www.lapluma.net\/wp-content\/uploads\/2024\/05\/Stop-genocide-768x768.jpg 768w\" sizes=\"auto, (max-width: 500px) 100vw, 500px\" \/><\/p>\n<p style=\"text-align: justify;\"><span style=\"font-size: 14pt;\">Quienes justifican los bombardeos sobre poblaci\u00f3n civil en Gaza buscan silenciar a sus detractores haci\u00e9ndole creer a la opini\u00f3n p\u00fablica que las manifestaciones contra las masacres \u2013y la compasi\u00f3n con los miles de asesinados y encarcelados palestinos\u2013 suponen una autom\u00e1tica legitimaci\u00f3n de los cr\u00edmenes ejecutados por Ham\u00e1s. Una de las intelectuales que han cuestionado con mayor precisi\u00f3n estos malentendidos intencionales ha sido <a href=\"https:\/\/www.versobooks.com\/en-gb\/blogs\/news\/naive-and-instrumentalized-on-the-cancellation-by-the-mayor-of-paris-of-meeting-against-antisemitism-and-its-instrumentalization\" target=\"_blank\" rel=\"noopener\">Judith Butler<\/a> quien se ha solidarizado con las organizaciones jud\u00edas francesas que repudian la opresi\u00f3n, la ocupaci\u00f3n y la masacre contra los gazat\u00edes: \u201c<i>Tsedek<\/i> y la <i>Union Juive Fran\u00e7aise pour la Paix<\/i>, representan principios que resuenan en Jewish Voice for Peace, la organizaci\u00f3n a la que he pertenecido durante muchos a\u00f1os en Estados Unidos\u201d. Esa posici\u00f3n la llev\u00f3 a negarse a participar de una marcha organizada por la ultraderecha francesa, convocada, entre otros, por los neofascistas Eric Zemmour y Marine Le Pen, para respaldar las pol\u00edticas de Netanyahu, advirtiendo que \u201cel Estado de Israel no representa a todo el pueblo jud\u00edo, y que la cr\u00edtica y la oposici\u00f3n al Estado de Israel en sus acciones genocidas es en realidad, para m\u00ed, una obligaci\u00f3n de \u00e9tica jud\u00eda\u201d.<\/span><\/p>\n<figure class=\"object-fit-block--contain intrinsic-container intrinsic-container-3x2\"><img loading=\"lazy\" decoding=\"async\" class=\" aligncenter\" src=\"https:\/\/images.pagina12.com.ar\/styles\/focal_3_2_960x640\/public\/2024-05\/836567-c467801f-610d-475c-959b-c20e284262ee-20-281-29.jpg?h=10d202d3&amp;itok=pyiAcPsI\" alt=\" (Fuente: AFP)\" width=\"627\" height=\"418\" \/><\/figure>\n<p style=\"text-align: justify;\"><span style=\"font-size: 14pt;\">Por su parte, Naomi Klein \u2013la intelectual canadiense autora de <a href=\"https:\/\/www.theguardian.com\/commentisfree\/2024\/apr\/24\/zionism-seder-protest-new-york-gaza-israel\" target=\"_blank\" rel=\"noopener\"><i>La doctrina del shock<\/i><\/a>\u2013 precis\u00f3 en un reciente art\u00edculo en <a href=\"https:\/\/www.theguardian.com\/commentisfree\/2024\/apr\/24\/zionism-seder-protest-new-york-gaza-israel\" target=\"_blank\" rel=\"noopener\"><i>The Guardian<\/i><\/a> que \u201cNuestro juda\u00edsmo no puede ser contenido por un etnoestado, porque nuestro juda\u00edsmo es internacionalista por naturaleza (\u2026) Nuestro juda\u00edsmo no se ve amenazado por personas que alcen sus voces en solidaridad con Palestina (\u2026) Queremos liberarnos del proyecto que comete genocidio en nuestro nombre\u2026\u201d. [<span style=\"font-size: 12pt;\"><b><a href=\"https:\/\/madmimi.com\/p\/f049791?pact=9750382-181001346-13655458850-490baa52bc567b694fda6d70b1d971d126261ec7\" target=\"_blank\" rel=\"noopener\"><span style=\"font-size: 10pt;\"><span style=\"font-size: 12pt;\">Necesitamos un \u00e9xodo del sionismo<\/span><\/span>: <\/a><span class=\"module-3 text-container\"><i><a href=\"https:\/\/madmimi.com\/p\/f049791?pact=9750382-181001346-13655458850-490baa52bc567b694fda6d70b1d971d126261ec7\" target=\"_blank\" rel=\"noopener\"><span style=\"font-size: 12pt;\">Discurso en el S\u00e9der de Emergencia en las Calles de Nuev<\/span>a York<\/a><\/i><\/span><\/b><\/span>]<\/span><\/p>\n<p><span style=\"font-size: 14pt;\">La solidaridad con el pueblo palestino, que tiene el derecho inalienable a contar con un Estado soberano, ni implica de ninguna forma justificar el acto criminal cometido por Ham\u00e1s. La soci\u00f3loga israel\u00ed <a href=\"https:\/\/elpais.com\/opinion\/2023-10-17\/manifiesto-de-los-progresistas-y-activistas-por-la-paz-afincados-en-israel.html\" target=\"_blank\" rel=\"noopener\">Eva Illouz<\/a>, autora de <i>\u00bfPor qu\u00e9 duele el amor?<\/i>, articul\u00f3 ambos principios en un p\u00e1rrafo: \u201cno hay contradicci\u00f3n entre oponerse firmemente a la subyugaci\u00f3n y ocupaci\u00f3n de los palestinos por parte de Israel y condenar inequ\u00edvocamente los brutales actos de violencia contra civiles inocentes\u201d.<\/span><\/p>\n<h2>Jorge Elbaum para La Pluma<\/h2>\n<h2>Fuente: <a href=\"https:\/\/www.pagina12.com.ar\/734032-intifada-global\">P\u00e1gina|12<\/a>, 5 de mayo de 2024<\/h2>\n<h2>Editado por Fausto Giudice<\/h2>\n<\/div>\n<\/div>\n<\/div>\n","protected":false},"excerpt":{"rendered":"<p>Las manifestaciones que se suceden en diferentes pa\u00edses buscan ser tergiversadas por las usinas de propaganda occidental, funcional a los intereses de la derecha israel\u00ed. Mientras que las m\u00faltiples expresiones se orientan a cuestionar las pol\u00edticas coloniales de Israel respecto a los territorios palestinos ocupados y\/o sitiados y el trato a la poblaci\u00f3n civil, los periodistas de chequera catalogan a los manifestantes como antisemitas y jude\u00f3fobos.<\/p>\n","protected":false},"author":785,"featured_media":65917,"comment_status":"open","ping_status":"open","sticky":false,"template":"","format":"standard","meta":{"_uf_show_specific_survey":0,"_uf_disable_surveys":false,"footnotes":""},"categories":[218,6],"tags":[24334,24873,11952,24795,26511],"coauthors":[11953],"class_list":["post-65916","post","type-post","status-publish","format-standard","has-post-thumbnail","hentry","category-monde","category-politique","tag-estudiantes","tag-genocidio-de-gaza","tag-jorge-elbaum","tag-judios-antisionistas","tag-solidariedad-con-palestina"],"translation":{"provider":"WPGlobus","version":"2.12.2","language":"fr","enabled_languages":["es","fr"],"languages":{"es":{"title":true,"content":true,"excerpt":true},"fr":{"title":false,"content":false,"excerpt":false}}},"_links":{"self":[{"href":"https:\/\/www.lapluma.net\/fr\/wp-json\/wp\/v2\/posts\/65916","targetHints":{"allow":["GET"]}}],"collection":[{"href":"https:\/\/www.lapluma.net\/fr\/wp-json\/wp\/v2\/posts"}],"about":[{"href":"https:\/\/www.lapluma.net\/fr\/wp-json\/wp\/v2\/types\/post"}],"author":[{"embeddable":true,"href":"https:\/\/www.lapluma.net\/fr\/wp-json\/wp\/v2\/users\/785"}],"replies":[{"embeddable":true,"href":"https:\/\/www.lapluma.net\/fr\/wp-json\/wp\/v2\/comments?post=65916"}],"version-history":[{"count":6,"href":"https:\/\/www.lapluma.net\/fr\/wp-json\/wp\/v2\/posts\/65916\/revisions"}],"predecessor-version":[{"id":65937,"href":"https:\/\/www.lapluma.net\/fr\/wp-json\/wp\/v2\/posts\/65916\/revisions\/65937"}],"wp:featuredmedia":[{"embeddable":true,"href":"https:\/\/www.lapluma.net\/fr\/wp-json\/wp\/v2\/media\/65917"}],"wp:attachment":[{"href":"https:\/\/www.lapluma.net\/fr\/wp-json\/wp\/v2\/media?parent=65916"}],"wp:term":[{"taxonomy":"category","embeddable":true,"href":"https:\/\/www.lapluma.net\/fr\/wp-json\/wp\/v2\/categories?post=65916"},{"taxonomy":"post_tag","embeddable":true,"href":"https:\/\/www.lapluma.net\/fr\/wp-json\/wp\/v2\/tags?post=65916"},{"taxonomy":"author","embeddable":true,"href":"https:\/\/www.lapluma.net\/fr\/wp-json\/wp\/v2\/coauthors?post=65916"}],"curies":[{"name":"wp","href":"https:\/\/api.w.org\/{rel}","templated":true}]}}