{"id":65797,"date":"2024-05-02T13:01:18","date_gmt":"2024-05-02T13:01:18","guid":{"rendered":"https:\/\/www.lapluma.net\/?p=65797"},"modified":"2024-05-02T14:21:03","modified_gmt":"2024-05-02T14:21:03","slug":"65797","status":"publish","type":"post","link":"https:\/\/www.lapluma.net\/fr\/2024\/05\/02\/65797\/","title":{"rendered":"Frente al intento de desguace de la Naci\u00f3n Argentina <br>El plan de lucha de la CGT como escenario favorable para el reagrupamiento del campo popular"},"content":{"rendered":"<p style=\"text-align: justify;\"><span style=\"font-size: 12pt;\"><em>\u201cLo que se discute es un modelo de pa\u00eds, un rumbo a favor de ampliar los derechos o de restringirlos en beneficio del negocio, del lucro y la acumulaci\u00f3n capitalista. Por eso, aunque para algunos, solo se trata de presupuesto, la realidad va m\u00e1s all\u00e1 y se discute el tipo de sociedad necesaria en esta tercera d\u00e9cada del siglo XXI\u201d.<\/em><\/span><\/p>\n<p style=\"text-align: justify;\"><span style=\"font-size: 12pt;\">Julio C. Gambina<\/span><\/p>\n<p style=\"text-align: justify;\"><span style=\"font-size: 12pt;\">Economista marxista y profesor universitario argentino, especializado en econom\u00eda pol\u00edtica, econom\u00eda mundial, integraci\u00f3n, deuda externa y otros asuntos sociales y pol\u00edticos.<\/span><\/p>\n<h2><span style=\"font-size: 18pt;\"><strong>Urge transformar nuestro modelo laboral<\/strong>\u00a0<\/span><\/h2>\n<p style=\"text-align: justify;\"><span style=\"font-size: 14pt;\">El Siglo XXI ha sido testigo de una reconfiguraci\u00f3n radical en la forma en que trabajamos. La Revoluci\u00f3n Tecnol\u00f3gica ha dado lugar a cambios sin precedentes en la estructura y la naturaleza del empleo, transformando los procesos de producci\u00f3n, la comunicaci\u00f3n y la interacci\u00f3n entre empleadores y empleados.<\/span><\/p>\n<p style=\"text-align: justify;\"><span style=\"font-size: 14pt;\">Los avances en inteligencia artificial, rob\u00f3tica y aprendizaje autom\u00e1tico han llevado a la automatizaci\u00f3n de tareas rutinarias y repetitivas en diversos sectores. Esto ha generado una significativa p\u00e9rdida de empleos, y propiciado la demanda de una mano de obra mucho m\u00e1s calificada en roles relacionados con la tecnolog\u00eda, como la programaci\u00f3n, el an\u00e1lisis de datos y la ciberseguridad.<\/span><\/p>\n<p style=\"text-align: justify;\"><span style=\"font-size: 14pt;\">La innovaci\u00f3n tecnol\u00f3gica tambi\u00e9n ha facilitado la adopci\u00f3n masiva del trabajo remoto y la flexibilizaci\u00f3n laboral, con su consiguiente saldo de precarizaci\u00f3n. Cada vez m\u00e1s empresas permiten a sus empleados trabajar desde el hogar o en espacios compartidos, lo que ha eliminado las barreras geogr\u00e1ficas y ha generado un cambio en la cultura del trabajo. Tal circunstancia puede mejorar la conciliaci\u00f3n entre el empleo y la vida personal, pero tambi\u00e9n exige una mayor autodisciplina y administraci\u00f3n del tiempo.\u00a0<\/span><\/p>\n<p style=\"text-align: justify;\"><span style=\"font-size: 14pt;\">As\u00ed, la econom\u00eda de los trabajadores independientes ha surgido como una fuerza dominante en el actual contexto. Plataformas digitales como Uber, Airbnb y Upwork han creado oportunidades para que las personas trabajen de forma aut\u00f3noma y generen ingresos a trav\u00e9s de trabajos ocasionales o proyectos a corto plazo. Si bien esto proporciona una apariencia de libertad, tambi\u00e9n contribuye a una desregulaci\u00f3n extrema del empleo incorporando riesgos en materia de seguridad laboral, protecci\u00f3n social y derechos del trabajador y la trabajadora.<\/span><\/p>\n<p style=\"text-align: justify;\"><span style=\"font-size: 14pt;\">En un entorno en constante cambio, el aprendizaje continuo y la adaptabilidad se han convertido en habilidades muy preciadas. Los avances tecnol\u00f3gicos r\u00e1pidos requieren que los trabajadores adquieran nuevas destrezas y se actualicen constantemente para mantenerse relevantes en el mercado laboral. Esto ha llevado al surgimiento de plataformas de aprendizaje en l\u00ednea, programas de capacitaci\u00f3n corporativa y una mayor importancia de la educaci\u00f3n a lo largo de la vida.<\/span><\/p>\n<p style=\"text-align: justify;\"><span style=\"font-size: 14pt;\">La conectividad global ha permitido &#8211; all\u00ed donde est\u00e1 garantizada &#8211; una mayor colaboraci\u00f3n entre personas de diferentes pa\u00edses y culturas. Las empresas pueden aprovechar talentos de todo el mundo a trav\u00e9s del trabajo en equipo virtual y la externalizaci\u00f3n de tareas. Esto ha llevado a una mayor diversidad en los lugares de trabajo, lo que puede generar beneficios en t\u00e9rminos de innovaci\u00f3n, creatividad y resoluci\u00f3n de problemas.\u00a0<\/span><\/p>\n<p style=\"text-align: justify;\"><span style=\"font-size: 14pt;\">No obstante, como respuesta al impacto tecnol\u00f3gico en la p\u00e9rdida de puestos de trabajo, se impone disminuir las horas laborales sin p\u00e9rdida salarial, una disputa compleja en un mundo cada vez m\u00e1s inequitativo. Nunca en la historia humana hubo una capacidad productiva semejante, y nunca tan pocos produjeron para tantos. Tal circunstancia hoy conduce a una disyuntiva de hierro: O reducimos la jornada laboral habilitando tiempo ocioso (disfrute de la vida) o se agudizar\u00e1 una cada vez m\u00e1s desigual distribuci\u00f3n del ingreso.<\/span><\/p>\n<p style=\"text-align: justify;\"><span style=\"font-size: 14pt;\">Sin embargo, el 50% de nuestros compatriotas la pasa mal, pero ha venido apostando &#8211; con m\u00e1s fe que raciocinio &#8211; a que nuestro Presidente pueda resolverlo. El peronismo &#8211; \u00faltimo movimiento hist\u00f3rico que alguna vez dignific\u00f3 a los trabajadores -, al igual que la sociedad toda, se muestra desarmado ante el presente, y solo atina a invocar su Edad Dorada.<\/span><\/p>\n<h2><span style=\"font-size: 18pt;\"><strong>\u201cNunca estuvo tan oscuro como antes de aclarar\u201d<\/strong><\/span><\/h2>\n<p style=\"text-align: justify;\"><span style=\"font-size: 14pt;\">En 1930 <a href=\"https:\/\/www.cultura.gob.ar\/antonio-gramsci-filosofo-marxista-8962\/\"><strong>Antonio Gramsci<\/strong><\/a>, encarcelado por el fascismo italiano, escrib\u00eda en los <a href=\"https:\/\/nuso.org\/articulo\/302-interregno\/\">Quaderni del carcere<\/a> una de sus frases m\u00e1s conocidas: \u201c<em>La crisis consiste precisamente en el hecho de que lo viejo muere y lo nuevo no puede nacer: en ese interregno se verifican los fen\u00f3menos morbosos m\u00e1s variados\u201d<\/em>(1). Esa frase se redacta en un momento de crisis org\u00e1nica del capitalismo &#8211; otro concepto clave en el universo intelectual gramsciano -, tras el <em>crack <\/em>burs\u00e1til de 1929; una crisis econ\u00f3mica y social que fue tambi\u00e9n pol\u00edtica, de las democracias liberales y del orden internacional de posguerra, esa particular versi\u00f3n de un <em>statu quo<\/em> basado en el capitalismo de libre albedr\u00edo.\u00a0<\/span><\/p>\n<p><img loading=\"lazy\" decoding=\"async\" class=\" wp-image-65804 aligncenter\" src=\"https:\/\/www.lapluma.net\/wp-content\/uploads\/2024\/05\/Antonio-Gramsci-300x160.jpg\" alt=\"\" width=\"492\" height=\"262\" srcset=\"https:\/\/www.lapluma.net\/wp-content\/uploads\/2024\/05\/Antonio-Gramsci-300x160.jpg 300w, https:\/\/www.lapluma.net\/wp-content\/uploads\/2024\/05\/Antonio-Gramsci.jpg 700w\" sizes=\"auto, (max-width: 492px) 100vw, 492px\" \/><\/p>\n<p style=\"text-align: justify;\"><span style=\"font-size: 14pt;\">Gramsci, desde su contemporaneidad, pudo ver lo que a\u00f1os despu\u00e9s ser\u00eda ampliamente asumido por la historiograf\u00eda y la conciencia colectiva: que esa etapa constitu\u00eda un \u201c<em>interregno<\/em>\u201d que mostraba tanto el agotamiento de las estructuras vigentes, minadas por sus contradicciones y l\u00edmites, como la incapacidad de las clases dominantes para darles respuesta, dando paso a nuevas formas de autocracia, al fascismo, al militarismo y a la guerra. Solo despu\u00e9s de la derrota del fascismo en 1945 podr\u00eda emerger \u201clo nuevo\u201d: los in\u00e9ditos pactos socioecon\u00f3micos que durante varias d\u00e9cadas hicieron viables, en t\u00e9rminos materiales y de legitimidad, los respectivos proyectos pol\u00edticos de Occidente, del socialismo real y de los nuevos Estados poscoloniales, y un sistema internacional basado en la bipolaridad &#8211; hoy en plena transici\u00f3n -, capaz de proporcionar relativa estabilidad y orden en sus respectivas \u00e1reas de influencia.<\/span><\/p>\n<p style=\"text-align: justify;\"><span style=\"font-size: 14pt;\">Pero, \u00bfa qu\u00e9 se refer\u00eda exactamente Gramsci al hablar de interregno? Se trata de una met\u00e1fora, y ni \u00e9l mismo ni otras figuras posteriores lo han conceptualizado o teorizado en detalle. Sin embargo, del texto en que aparece &#8211; un fragmento de la serie \u201cPasado y presente\u201d de los Quaderni &#8211; se pueden extraer claves \u00fatiles. Para Gramsci, partiendo de su propio contexto hist\u00f3rico de entreguerras, la crisis era sobre todo una crisis de autoridad motivada por la erosi\u00f3n del consenso, en la que las clases dirigentes ya no podr\u00edan seguir ejerciendo su dominio a trav\u00e9s del consentimiento y se ver\u00edan compelidas a recurrir a la coerci\u00f3n (cualquier semejanza con nuestro contexto presente\u2026 \u00bfes pura coincidencia?)<\/span><\/p>\n<p style=\"text-align: justify;\"><span style=\"font-size: 14pt;\">Un momento, en suma, de p\u00e9rdida de hegemon\u00eda, en el sentido gramsciano, de coerci\u00f3n m\u00e1s consentimiento, que involucra tanto al aparato del Estado como a la sociedad civil. Lo que caracteriza el interregno es la imposibilidad de resolver esa crisis con el mero recurso a la coerci\u00f3n, o de retornar a consensos que dejaron de existir, al tiempo que no aparecen actores o proyectos con capacidad de ganar amplia aceptaci\u00f3n y legitimidad. As\u00ed, reinar\u00eda un \u201cescepticismo difuso\u201d y una pol\u00edtica \u201crealista\u201d y \u201cc\u00ednica\u201d. Ser\u00eda el momento de los \u201cs\u00edntomas m\u00f3rbidos\u201d de alcance masivo, que emanan de un viejo orden en descomposici\u00f3n: amplias expresiones de descontento, violencia pol\u00edtica abierta y ascenso del extremismo; todo lo cual, de nuevo, tiene clara resonancia para el momento presente, en el que es preciso entender que el de <strong>Javier<\/strong> <strong>Milei <\/strong>no constituye apenas un nuevo gobierno, sino un nuevo orden pol\u00edtico. Cuanto m\u00e1s tiempo tardemos en interpretarlo, mayor ser\u00e1 el da\u00f1o infringido sobre el cuerpo de la Naci\u00f3n Argentina.<\/span><\/p>\n<h2 style=\"text-align: justify;\"><span style=\"font-size: 18pt;\"><strong>Para un nuevo orden pol\u00edtico, <\/strong><strong>una nueva representaci\u00f3n de lo popular<\/strong>\u00a0<\/span><\/h2>\n<p style=\"text-align: justify;\"><span style=\"font-size: 14pt;\">A menudo &#8211; no siempre -, la geopol\u00edtica global ofrece un panorama m\u00e1s esperanzador que los fen\u00f3menos locales. En efecto, durante los \u00faltimos d\u00edas Egipto, Sud\u00e1frica, Arabia Saud\u00ed, Ghana, Nigeria, Camer\u00fan, Senegal y Argelia comenzaron a tramitar el retiro de sus reservas de oro nacional de EEUU. Si lo consiguen, bien puede convertirse en la punta de lanza para producir un colapso del patr\u00f3n monetario d\u00f3lar y, por ende, una herida grave para la econom\u00eda, la confianza, y el poder del Gran Pa\u00eds del Norte.<\/span><\/p>\n<p style=\"text-align: justify;\"><span style=\"font-size: 14pt;\">En tanto, en esta castigada latitud del Cono Sur sometida a la demoledora experiencia anarco &#8211; libertaria, la\u00a0C\u00e1mara de Diputados aprob\u00f3 en general el proyecto de Ley \u00d3mnibus\u00a0con que el gobierno pretende ratificar su rumbo\u00a0de desregulaci\u00f3n de la econom\u00eda, destrucci\u00f3n de la industria nacional, eliminaci\u00f3n de derechos laborales y jubilatorios, privatizaciones de empresas estatales, la vuelta al Impuesto a las Ganancias y la disoluci\u00f3n de organismos que fueron clave en la historia nacional, entre otros puntos.<\/span><\/p>\n<p style=\"text-align: justify;\"><span style=\"font-size: 14pt;\">La sanci\u00f3n en general del proyecto tuvo\u00a0142 votos a favor, 106 en contra y 5 abstenciones. Luego, legisladores de la oposici\u00f3n pidieron la votaci\u00f3n nominal de varios art\u00edculos y se trataron cuestiones de privilegios.<\/span><\/p>\n<p style=\"text-align: justify;\"><span style=\"font-size: 14pt;\">En las horas siguientes se abord\u00f3 la discusi\u00f3n sobre las facultades extraordinarias delegadas al Presidente, el cierre de organismos p\u00fablicos, la primera tanda de privatizaciones de empresas estatales y la reforma laboral, entre algunos de los puntos votados de manera nominal. Dig\u00e1moslo con todas las letras: El mono obtuvo su navaja. Y eso era lo que esperaba el FMI para darle aire.\u00a0<\/span><\/p>\n<p style=\"text-align: justify;\"><span style=\"font-size: 14pt;\">Los diputados que respaldaron la iniciativa fueron los que integran el bloque oficialsta de la Libertad Avanza (LLA), en su totalidad, los del PRO de <strong>Mauricio Macri<\/strong>, Hacemos Coalici\u00f3n Federal conducido por <a href=\"https:\/\/elagora.digital\/perfiles\/miguel-angel-pichetto\/\"><strong>Miguel Pichetto<\/strong><\/a>, y la UCR que responde a <a href=\"https:\/\/www.letrap.com.ar\/tag\/rodrigo-de-loredo\"><strong>Rodrigo de Loredo<\/strong><\/a>, salvo algunos legisladores m\u00e1s cr\u00edticos.<\/span><\/p>\n<p style=\"text-align: justify;\"><span style=\"font-size: 14pt;\">Tambi\u00e9n fueron de la partida los integrantes de Innovaci\u00f3n Federal, el bloque integrado por una decena de diputados de Salta, Misiones, R\u00edo Negro y Neuqu\u00e9n. De la misma manera acompa\u00f1aron los del Movimiento Popular Neuquino (MPN)\u00a0<\/span><\/p>\n<p style=\"text-align: justify;\"><span style=\"font-size: 14pt;\">Las fuerzas pol\u00edticas que rechazaron la iniciativa en su totalidad fueron Uni\u00f3n por la Patria (UxP) y el Frente de Izquierda y los Trabajadores (FIT)<\/span><\/p>\n<p style=\"text-align: justify;\"><span style=\"font-size: 14pt;\">En disidencia con sus bloques votaron la cordobesa <a href=\"https:\/\/es.wikipedia.org\/wiki\/Natalia_de_la_Sota\"><strong>Natalia de la Sota<\/strong><\/a> y algunos legisladores del socialismo santafesino.\u00a0<\/span><\/p>\n<p style=\"text-align: justify;\"><span style=\"font-size: 14pt;\">Los radicales <a href=\"https:\/\/auta.org.ar\/nota\/val\/608\/val_s\/3\/facundo-manes-biografia\"><strong>Facundo Manes<\/strong><\/a>, <a href=\"https:\/\/es.wikipedia.org\/wiki\/Pablo_Juliano\"><strong>Pablo Juliano<\/strong><\/a>, <a href=\"https:\/\/es.wikipedia.org\/wiki\/Fernando_Carbajal\"><strong>Fernando Carbajal<\/strong><\/a> y <strong><a href=\"https:\/\/dequesetrata.org\/perfil\/marcela-coli?tab=general\">Marcela Coli<\/a> <\/strong>tampoco acompa\u00f1aron a su bancada, pero se abstuvieron. <a href=\"https:\/\/www.lanoticia1.com\/funcionarios\/perfil\/monica-edith-frade\"><strong>M\u00f3nica Frade<\/strong><\/a> de la Coalici\u00f3n C\u00edvica (CC) tambi\u00e9n se abstuvo.<\/span><\/p>\n<p style=\"text-align: justify;\"><span style=\"font-size: 14pt;\">En la medida en que una franja cada vez mayor de la sociedad argentina va comprendiendo que la ineptitud de la clase pol\u00edtica que ha venido gobernando nuestros destinos hasta diciembre de 2023 nos trajo hasta esta calamitosa encerrona, ante este resultado no debiera caber ni sombra de duda en cuanto a que el de \u201cinfames traidores a la Patria\u201d es el calificativo m\u00e1s liviano que le cabe a sus integrantes. Pero esta afirmaci\u00f3n no debe ser entendida como la mera catarsis de quien escribe estas l\u00edneas, sino como parte de la certeza de que el momento que vivimos las y los argentinos es la demostraci\u00f3n palmaria del agotamiento de una forma de concebir y ejercer eso que hemos venido llamando \u201cdemocracia\u201d, y exige el urgente desenmascaramiento de quienes lo han usufructuado en su beneficio hasta ahora.\u00a0<\/span><\/p>\n<p style=\"text-align: justify;\"><span style=\"font-size: 14pt;\">No hace falta adherir a la tradici\u00f3n insurreccionalista del pueblo argentino, que en momentos de infamia ha demostrado ser capaz de pasar p\u00e1gina mediante 17s de Octubre, Cordobazos o Argentinazos, para llegar a esa ineludible conclusi\u00f3n.<\/span><\/p>\n<p style=\"text-align: justify;\"><span style=\"font-size: 14pt;\">Es m\u00e1s, si conserv\u00e1ramos la dignidad de aspirar a algo m\u00e1s que abrazar males menores, deber\u00edamos coincidir en que, aunque intenten recuperar centralidad quienes nos hipotecaron desde <strong>Scioli<\/strong> a <strong>Massa <\/strong>y llamaron a \u201cno hacer olas\u201d (sino m\u00e1s bien a esperar que Milei se cocine en su salsa), un pueblo sin representaci\u00f3n mayoritaria se ha puesto en marcha.<\/span><\/p>\n<p style=\"text-align: justify;\"><span style=\"font-size: 14pt;\">De nada vale entonces se\u00f1alar la vocaci\u00f3n extractivista del gobierno actual, cuando durante la \u201c<em>D\u00e9cada Ganada<\/em>\u201d se silenci\u00f3 la lucha de todas las asambleas ambientales del interior contra ese flagelo que viene enajenando nuestros bienes comunes pr\u00e1cticamente desde la recuperaci\u00f3n del orden constitucional. Mucho menos tener la caradurez de compararse con el pueblo n\u2019avi de la pel\u00edcula Avatar (2009, <strong>James Cameron<\/strong>), que en esa ficci\u00f3n enfrenta con armas totalmente artesanales una invasi\u00f3n de terr\u00edcolas belicistas y saqueadores que aspira a arrebatarles ni m\u00e1s ni menos que el fluido que les suministra el \u00c1rbol de la Vida.<\/span><\/p>\n<p style=\"text-align: justify;\"><span style=\"font-size: 14pt;\">Pese a todo eso, hay una realidad incontrastable que ser\u00eda de necios negar: <strong>Cristina<\/strong>, para muchxs compatriotas, contin\u00faa siendo el tuerto en el pa\u00eds de los ciegos. Y es cierto, m\u00e1s all\u00e1 de las magistrales intervenciones parlamentarias de la entra\u00f1able <strong>\u201cRusa\u201d Bregman<\/strong>, la ex Vicepresidenta de lxs argentinxs conserva llegada a un importante sector del peronismo y hay que reconocerlo. Pero eso no implica en modo alguno que su adhesi\u00f3n a un \u201c<em>capitalismo en serio<\/em>\u201d augure un futuro venturoso para nuestro pueblo, sino que &#8211; en todo caso &#8211; solo da cuenta de lo que nos falta como sociedad para recuperar las program\u00e1ticas m\u00e1s intransigentes que fuimos capaces de gestar a lo largo de d\u00e9cadas de lucha sin cuartel contra los poderosos.<\/span><\/p>\n<p style=\"text-align: justify;\"><span style=\"font-size: 14pt;\">Acaso la lecci\u00f3n m\u00e1s valiosa que vienen dejando las \u00faltimas horas consista en tomar nota de que ning\u00fan porvenir pr\u00f3spero que nos espere se definir\u00e1 en El Palacio, sino que ser\u00e1 La Calle la que tenga la \u00faltima palabra.\u00a0<\/span><\/p>\n<p><img loading=\"lazy\" decoding=\"async\" class=\" wp-image-65739 aligncenter\" src=\"https:\/\/www.lapluma.net\/wp-content\/uploads\/2024\/04\/argentina-marcha-educacion1-1-300x200.jpg\" alt=\"\" width=\"471\" height=\"314\" srcset=\"https:\/\/www.lapluma.net\/wp-content\/uploads\/2024\/04\/argentina-marcha-educacion1-1-300x200.jpg 300w, https:\/\/www.lapluma.net\/wp-content\/uploads\/2024\/04\/argentina-marcha-educacion1-1-435x290.jpg 435w, https:\/\/www.lapluma.net\/wp-content\/uploads\/2024\/04\/argentina-marcha-educacion1-1-150x100.jpg 150w, https:\/\/www.lapluma.net\/wp-content\/uploads\/2024\/04\/argentina-marcha-educacion1-1-370x247.jpg 370w, https:\/\/www.lapluma.net\/wp-content\/uploads\/2024\/04\/argentina-marcha-educacion1-1.jpg 700w\" sizes=\"auto, (max-width: 471px) 100vw, 471px\" \/><\/p>\n<p style=\"text-align: justify;\"><span style=\"font-size: 14pt;\">Se demostr\u00f3 hace muy poco: Consecuente con la habitual propensi\u00f3n del oficialismo a la provocaci\u00f3n berreta, d\u00edas antes de la descomunal movilizaci\u00f3n federal de obreros y estudiantes en defensa de la educaci\u00f3n p\u00fablica, el ministro <strong>Luis Caputo<\/strong> &#8211; versi\u00f3n local de Ralph El Demoledor, con perd\u00f3n de ese simp\u00e1tico personaje Disney &#8211; declar\u00f3: \u00ab\u00a0Es un berrinche, ven afectado su negocio\u00a0\u00bb<\/span><\/p>\n<p style=\"text-align: justify;\"><span style=\"font-size: 14pt;\">Sin embargo, despu\u00e9s, la realidad le contest\u00f3 con un infrecuente acontecimiento de masas que super\u00f3 el mill\u00f3n de personas colmando las calles de todo el pa\u00eds, y ratificando su disposici\u00f3n a decirle \u201cno en nuestro nombre\u201d al desmantelamiento de las universidades nacionales.\u00a0Resulta improbable que dicho fen\u00f3meno no haya involucrado parte del 56% de votantes de La Libertad Avanza.\u00a0<\/span><\/p>\n<p style=\"text-align: justify;\"><span style=\"font-size: 14pt;\">Pese a que desde sus granjas de trolls hacen lo indecible por bajarle el precio, resulta dif\u00edcil ocultar el salto cualitativo que viene experimentando la lucha popular. Costar\u00e1, a partir de ello, sostener la idea derrotista de que toda la juventud est\u00e1 con Milei.<\/span><\/p>\n<p style=\"text-align: justify;\"><span style=\"font-size: 14pt;\">Si este pueblo que comienza a reagruparse sabe aprovechar la oportunidad hist\u00f3rica que ofrece la escalada prevista por el Plan de Lucha en marcha, es de esperar que m\u00e1s temprano que tarde dar\u00e1 a luz una nueva dirigencia forjada a pie de calle, y capaz de revertir el desguace que viene sufriendo la Naci\u00f3n.<\/span><\/p>\n<p style=\"text-align: justify;\"><span style=\"font-size: 14pt;\">Estas no son motivadoras frases de autoayuda para momentos dif\u00edciles. Porque el term\u00f3metro de c\u00f3mo est\u00e1n los \u00e1nimos de la clase trabajadora no son precisamente Los Gordos: En las \u00faltimas horas la metal\u00fargica WEG\u00a0de la ciudad de C\u00f3rdoba\u00a0amaneci\u00f3 con los portones bloqueados y en paro por el despido de 30 compa\u00f1eros. Ah\u00ed se fabrican motores de electrodom\u00e9sticos, y una de sus principales clientes es\u00a0MABE, empresa que viene de despedir a 200 trabajadores y trabajadoras.<\/span><\/p>\n<p style=\"text-align: justify;\"><span style=\"font-size: 14pt;\">Por su parte, el gremio de Aceiteros ya se ha declarado en pie de guerra contra la Ley \u00d3mnibus y el paquete fiscal que reincorpora Ganancias, anunciando un paro por tiempo indeterminado que pega en el coraz\u00f3n de la econom\u00eda afectando al 80% de las exportaciones.<\/span><\/p>\n<p style=\"text-align: justify;\"><span style=\"font-size: 14pt;\">Eso no es todo. Tambi\u00e9n se anuncia, para antes del pr\u00f3ximo paro de la central obrera, un cese total de tareas en los transportes a\u00e9reo, terrestre, portuario y mar\u00edtimo rechazando igualmente la vuelta de Ganancias. Ser\u00e1 una medida imposible de ocultar al mundo.<\/span><\/p>\n<p style=\"text-align: justify;\"><span style=\"font-size: 14pt;\">Como reza una consigna que circula por all\u00ed: \u201cEs ahora\u201d. Corresponde decir \u201cbasta\u201d de cara al primer D\u00eda Internacional de las y los Trabajadores bajo el r\u00e9gimen aut\u00f3crata de La Libertad Avanza. No hay m\u00e1s tiempo que perder.<\/span><\/p>\n<p style=\"text-align: justify;\"><span style=\"font-size: 14pt;\">Y, con o sin orientaci\u00f3n de la dirigencia cegetista, el Paro Nacional del 9\/5 TIENE QUE SER ACTIVO, a como d\u00e9 lugar. Concentrando adonde \u201catiende Dios\u201d o en la plaza de cada barrio, graffitiando, stencileando, muraleando, produciendo intervenciones teatrales rel\u00e1mpago. Nuestro capital m\u00e1s rentable es la imaginaci\u00f3n. Es hora de invertirlo.<\/span><\/p>\n<p style=\"text-align: justify;\"><span style=\"font-size: 14pt;\">En conclusi\u00f3n, hay mucho por hacer, y es tit\u00e1nico el esfuerzo que demandar\u00e1. Una frase escuchada recientemente, atribuida a un paisano juje\u00f1o an\u00f3nimo, acaso aporte alguna clave para dar el primer paso: \u201cEstamos rodeados\u2026 \u00a1No los dejemos escapar!\u201d. \u2013<\/span><\/p>\n<h5><span style=\"font-size: 12pt;\">Nota:<\/span><\/h5>\n<ul>\n<li id=\"footnote-1\" style=\"text-align: justify;\"><span style=\"font-size: 12pt;\"><span class=\"number\">(1.) <\/span>A. Gramsci: <em>Cuadernos de la c\u00e1rcel. Edici\u00f3n cr\u00edtica del Instituto Gramsci a cargo de Valentino Gerratana<\/em>, vol. 2, Era, Ciudad de M\u00e9xico, 1999, p. 37.<\/span><\/li>\n<\/ul>\n<p><img loading=\"lazy\" decoding=\"async\" class=\"aligncenter wp-image-52093\" src=\"https:\/\/www.lapluma.net\/wp-content\/uploads\/2023\/05\/La-gomera-de-David--254x300.jpg\" alt=\"\" width=\"300\" height=\"355\" srcset=\"https:\/\/www.lapluma.net\/wp-content\/uploads\/2023\/05\/La-gomera-de-David--254x300.jpg 254w, https:\/\/www.lapluma.net\/wp-content\/uploads\/2023\/05\/La-gomera-de-David-.jpg 433w\" sizes=\"auto, (max-width: 300px) 100vw, 300px\" \/><\/p>\n<h5 style=\"text-align: center;\"><span style=\"font-size: 14pt;\">BLOG DE JORGE FALCONE \/ UNA MIRADA CR\u00cdTICA SOBRE EL ACONTECER NOSTRAMERICANO<\/span><\/h5>\n<h2><span style=\"font-size: 14pt;\">Jorge Falcone para La Pluma<\/span><br \/>\n<span style=\"font-size: 14pt;\"><strong><a href=\"https:\/\/chiquifalcone.blogspot.com\/\">La Gomera de David<\/a>, 1 de mayo de 2024<br \/>\n<\/strong><\/span><strong><span style=\"font-size: 14pt;\">Editado por <\/span><a href=\"https:\/\/www.lapluma.net\/nosotros\/editora\/\"><span style=\"font-size: 14pt;\">Mar\u00eda Piedad Ossaba<\/span><\/a><\/strong><\/h2>\n","protected":false},"excerpt":{"rendered":"<p>En conclusi\u00f3n, hay mucho por hacer, y es tit\u00e1nico el esfuerzo que demandar\u00e1. Una frase escuchada recientemente, atribuida a un paisano juje\u00f1o an\u00f3nimo, acaso aporte alguna clave para dar el primer paso: \u201cEstamos rodeados\u2026 \u00a1No los dejemos escapar!\u201d<\/p>\n","protected":false},"author":551,"featured_media":65801,"comment_status":"open","ping_status":"open","sticky":false,"template":"","format":"standard","meta":{"_uf_show_specific_survey":0,"_uf_disable_surveys":false,"footnotes":""},"categories":[5],"tags":[7852,225,1343,10737,26476,23414,7900,25266,26475,26474,26473,26472],"coauthors":[7901],"class_list":["post-65797","post","type-post","status-publish","format-standard","has-post-thumbnail","hentry","category-editoriales-y-opiniones","tag-antonio-gramsci","tag-argentina","tag-cono-sur","tag-geopolitica-global","tag-interregno","tag-javier-milei","tag-jorge-falcone","tag-ley-omnibus","tag-libertad-avanza-lla","tag-luis-caputo","tag-nueva-representacion-de-lo-popular","tag-nuevo-orden-politico"],"translation":{"provider":"WPGlobus","version":"2.12.2","language":"fr","enabled_languages":["es","fr"],"languages":{"es":{"title":true,"content":true,"excerpt":true},"fr":{"title":false,"content":false,"excerpt":false}}},"_links":{"self":[{"href":"https:\/\/www.lapluma.net\/fr\/wp-json\/wp\/v2\/posts\/65797","targetHints":{"allow":["GET"]}}],"collection":[{"href":"https:\/\/www.lapluma.net\/fr\/wp-json\/wp\/v2\/posts"}],"about":[{"href":"https:\/\/www.lapluma.net\/fr\/wp-json\/wp\/v2\/types\/post"}],"author":[{"embeddable":true,"href":"https:\/\/www.lapluma.net\/fr\/wp-json\/wp\/v2\/users\/551"}],"replies":[{"embeddable":true,"href":"https:\/\/www.lapluma.net\/fr\/wp-json\/wp\/v2\/comments?post=65797"}],"version-history":[{"count":8,"href":"https:\/\/www.lapluma.net\/fr\/wp-json\/wp\/v2\/posts\/65797\/revisions"}],"predecessor-version":[{"id":65803,"href":"https:\/\/www.lapluma.net\/fr\/wp-json\/wp\/v2\/posts\/65797\/revisions\/65803"}],"wp:featuredmedia":[{"embeddable":true,"href":"https:\/\/www.lapluma.net\/fr\/wp-json\/wp\/v2\/media\/65801"}],"wp:attachment":[{"href":"https:\/\/www.lapluma.net\/fr\/wp-json\/wp\/v2\/media?parent=65797"}],"wp:term":[{"taxonomy":"category","embeddable":true,"href":"https:\/\/www.lapluma.net\/fr\/wp-json\/wp\/v2\/categories?post=65797"},{"taxonomy":"post_tag","embeddable":true,"href":"https:\/\/www.lapluma.net\/fr\/wp-json\/wp\/v2\/tags?post=65797"},{"taxonomy":"author","embeddable":true,"href":"https:\/\/www.lapluma.net\/fr\/wp-json\/wp\/v2\/coauthors?post=65797"}],"curies":[{"name":"wp","href":"https:\/\/api.w.org\/{rel}","templated":true}]}}