{"id":65672,"date":"2024-04-29T13:51:14","date_gmt":"2024-04-29T13:51:14","guid":{"rendered":"https:\/\/www.lapluma.net\/?p=65672"},"modified":"2024-04-29T13:52:06","modified_gmt":"2024-04-29T13:52:06","slug":"65672","status":"publish","type":"post","link":"https:\/\/www.lapluma.net\/fr\/2024\/04\/29\/65672\/","title":{"rendered":"Chile: \u00bfPor qu\u00e9 eludir la reforma pol\u00edtica?"},"content":{"rendered":"<p style=\"text-align: justify;\"><span style=\"font-size: 14pt;\">A objeto de darle prioridad a otras iniciativas legales, el presidente Boric desestim\u00f3 emprender por el momento las reformas pol\u00edticas que son necesarias para la consolidaci\u00f3n de la democracia. Sin embargo, esta postergaci\u00f3n seguramente nos va a llevar a elecciones municipales y legislativas que mantengan los vicios y abusos existentes que impiden el pleno ejercicio de soberan\u00eda popular. La experiencia de los \u00faltimos a\u00f1os indica la necesidad urgente de aprobar reformas que le pongan freno a la pol\u00edtica cupular para darle mayor injerencia a los ciudadanos en la marcha pol\u00edtica, econ\u00f3mica y cultural de la naci\u00f3n.<\/span><\/p>\n<p style=\"text-align: justify;\"><span style=\"font-size: 14pt;\">Es cuesti\u00f3n de revisar lo que ha pasado con numerosos parlamentarios, alcaldes y otros que con el correr de sus funciones han renunciado a las colectividades que los designaron como candidatos. Al mismo tiempo que podemos comprobar la completa falta de pudor de los supuestos representantes del pueblo a la hora de buscar perpetuarse en sus cargos mediante negociaciones espurias en que ya resulta muy dif\u00edcil distinguir entre oficialistas y opositores, derechas e izquierdas. Reci\u00e9n, solo por un voto de ventaja los partidarios del Ejecutivo lograron instalar una nueva mesa de la C\u00e1mara de Diputados, debido a que un diputado opositor llegara atrasado a sufragar.<\/span><\/p>\n<p style=\"text-align: justify;\"><span style=\"font-size: 14pt;\">Para ello, adem\u00e1s, desde la propia Moneda se impulsaron oscuros acuerdos para este cometido, convenciendo incluso a uno de los parlamentarios m\u00e1s cuestionados por sus propios pares que accediera a sentarse como vicepresidente al lado de la primera comunista que en la historia llega a dicha testera parlamentaria. Ello origin\u00f3, veinticuatro horas despu\u00e9s, la presentaci\u00f3n de un voto de censura que, gracias a los nuevos manejos injerencistas del Ejecutivo, no alcanz\u00f3 los votos necesarios para derribar a los reci\u00e9n elegidos.<\/span><\/p>\n<p><img loading=\"lazy\" decoding=\"async\" class=\" wp-image-65676 aligncenter\" src=\"https:\/\/www.lapluma.net\/wp-content\/uploads\/2024\/04\/Boric-no-escucha-820x461-1-300x169.jpeg\" alt=\"\" width=\"556\" height=\"313\" srcset=\"https:\/\/www.lapluma.net\/wp-content\/uploads\/2024\/04\/Boric-no-escucha-820x461-1-300x169.jpeg 300w, https:\/\/www.lapluma.net\/wp-content\/uploads\/2024\/04\/Boric-no-escucha-820x461-1-768x432.jpeg 768w, https:\/\/www.lapluma.net\/wp-content\/uploads\/2024\/04\/Boric-no-escucha-820x461-1.jpeg 820w\" sizes=\"auto, (max-width: 556px) 100vw, 556px\" \/><\/p>\n<p style=\"text-align: justify;\"><span style=\"font-size: 14pt;\">Nos dicen que la democracia consiste en votar y que quienes ganan pueden legitimarse con apenas un voto de ventaja, pero lo cierto es que el acuerdo logrado fue muy feble y poco confiable por la insolvencia \u00e9tica de algunos de los que accedieron a conducir la c\u00e1mara baja. Es un secreto a voces que el mismo Boric result\u00f3 elegido no tanto por su trayectoria y convicciones, sino para impedir un mal mayor como se esperaba del triunfo de sus adversarios. Ello explica que a varios meses de la renovaci\u00f3n del Poder Legislativo y a dos a\u00f1os de las nuevas elecciones presidenciales, la efervescencia cupular se ponga de manifiesto y ya se discurren las m\u00e1s extra\u00f1as e, incluso, repugnantes alianzas para arribar nuevamente a un gobierno derechista o darle continuidad a quienes actualmente nos gobiernan.<\/span><\/p>\n<p style=\"text-align: justify;\"><span style=\"font-size: 14pt;\">Los partidos pol\u00edticos han demostrado ser completamente err\u00e1ticos tanto en sus ideolog\u00edas y acciones, por lo que el mapa electoral est\u00e1 poblado de expresiones de muy poca o nada raigambre popular. Decenas de referentes que esperan sumarse a cualquier pacto si eso los lleva posteriormente a participar en el bot\u00edn o repartija de cargos p\u00fablicos, recursos fiscales y numerosas prerrogativas.<\/span><\/p>\n<p style=\"text-align: justify;\"><span style=\"font-size: 14pt;\">De all\u00ed que, apenas en marcha el actual gobierno, estallaron millonarios fraudes al fisco protagonizados por quienes pocos meses antes promet\u00edan sanear la pol\u00edtica, as\u00ed como a nivel municipal los esc\u00e1ndalos no cesan de descubrirse gracias al papel de los periodistas dignos y las denuncias de los propios ciudadanos. De esta forma es que los que ven\u00edan a purificarlo todo incurrieron muy velozmente en todos los desprop\u00f3sitos cometidos de derecha a izquierda por los gobiernos de la Posdictadura. Es evidente que, si el sufragio fuera voluntario, muy pocos concurrir\u00edan a votar ante el descr\u00e9dito general de la pol\u00edtica y la corrupci\u00f3n entronizada a todos los niveles de la administraci\u00f3n p\u00fablica. Incluyendo tambi\u00e9n a la Judicatura, las Fuerzas Armadas y polic\u00edas, donde no pocos oficiales, jueces y fiscales est\u00e1n altamente cuestionados y lluevan las indagatorias al respecto que, como tantas veces ha ocurrido, muy posiblemente terminen en la impunidad.<\/span><\/p>\n<p style=\"text-align: justify;\"><span style=\"font-size: 14pt;\">Urgente ser\u00eda remover todo el sistema de partidos a fin de que prevalezcan solamente aquellas colectividades constituidas a nivel nacional, a lo sumo regional, y desaparezcan las m\u00faltiples e insolventes expresiones. Tambi\u00e9n parece necesario que quienes sean elegidos militando en los diversos partidos se obliguen a permanecer en ellos durante todo el per\u00edodo de sus funciones. O, en su defecto, se obliguen a abandonar sus cargos para declararse \u201cindependientes\u201d o militar en otro referente.<\/span><\/p>\n<figure id=\"attachment_65678\" aria-describedby=\"caption-attachment-65678\" style=\"width: 500px\" class=\"wp-caption aligncenter\"><img loading=\"lazy\" decoding=\"async\" class=\"wp-image-65678\" src=\"https:\/\/www.lapluma.net\/wp-content\/uploads\/2024\/04\/Presidente-Boric-en-Enade-2024-300x200.jpg\" alt=\"\" width=\"500\" height=\"333\" srcset=\"https:\/\/www.lapluma.net\/wp-content\/uploads\/2024\/04\/Presidente-Boric-en-Enade-2024-300x200.jpg 300w, https:\/\/www.lapluma.net\/wp-content\/uploads\/2024\/04\/Presidente-Boric-en-Enade-2024-768x513.jpg 768w, https:\/\/www.lapluma.net\/wp-content\/uploads\/2024\/04\/Presidente-Boric-en-Enade-2024-435x290.jpg 435w, https:\/\/www.lapluma.net\/wp-content\/uploads\/2024\/04\/Presidente-Boric-en-Enade-2024-150x100.jpg 150w, https:\/\/www.lapluma.net\/wp-content\/uploads\/2024\/04\/Presidente-Boric-en-Enade-2024-370x247.jpg 370w, https:\/\/www.lapluma.net\/wp-content\/uploads\/2024\/04\/Presidente-Boric-en-Enade-2024.jpg 900w\" sizes=\"auto, (max-width: 500px) 100vw, 500px\" \/><figcaption id=\"caption-attachment-65678\" class=\"wp-caption-text\">Boric comprometi\u00f3 reformas pol\u00edticas y llam\u00f3 a empresarios a abandonar prejuicios<\/figcaption><\/figure>\n<p style=\"text-align: justify;\"><span style=\"font-size: 14pt;\">Hay quienes postulan, adem\u00e1s, la prohibici\u00f3n de ejecutar pactos electorales de forma que todos los partidos compitan entre s\u00ed y demuestren su verdadera representatividad, lo que hoy se hace imposible saber, por ejemplo, respecto de cuantos podr\u00edan ser en Chile los socialistas, comunistas, democratacristianos, frenteamplistas o partidarios de los numerosos partidos de derecha, donde la confusi\u00f3n ideol\u00f3gica realmente campea, aunque el origen com\u00fan de estos \u00faltimos sea el pinochetismo.<\/span><\/p>\n<p style=\"text-align: justify;\"><span style=\"font-size: 14pt;\">Adem\u00e1s de sus declaraciones de principios, los partidos debieran obligarse a exponer n\u00edtidamente sus programas de gobierno. Esto podr\u00eda obligar a los que lleguen a La Moneda, el Parlamento o las municipalidades a cumplir y responder por lo comprometido. Para lo cual la Ley debiera definir, tambi\u00e9n, expeditas maneras de destituir a los que incumplan o cambien de posici\u00f3n conforme a la influencia que se les ejerce desde los poderes f\u00e1cticos, en concreto de lo m\u00e1s poderosos empresarios que suelen asumirse como financistas de los partidos. En la corrupci\u00f3n que ahora tantos reconocen que existe en el pa\u00eds.<\/span><\/p>\n<p style=\"text-align: justify;\"><span style=\"font-size: 14pt;\">Entre otras tantas reformas, tambi\u00e9n aparece razonable acotar la iniciativa del Ley del Poder Ejecutivo para darle mayor sentido a los legisladores del Parlamento que, con frecuencia, quedan de manos cruzadas o se sumen en sus devaneos cuando La Moneda no los interpela en este sentido. Los ciudadanos, como tantas veces se ha postulado, deben tener la posibilidad de postular reformas y leyes que obliguen a las autoridades a darles curso. As\u00ed como la consulta popular debiera ser frecuente y efectiva como ocurre en pa\u00edses como Suiza que en esta materia tienen un sistema democr\u00e1tico muyo m\u00e1s consistente.<\/span><\/p>\n<p style=\"text-align: justify;\"><span style=\"font-size: 14pt;\">A pesar de que se ha avanzado en el control del gasto electoral, la verdad es que todav\u00eda la suerte de nuestro sistema pol\u00edtico descansa demasiado en el poder econ\u00f3mico de sus actores, as\u00ed como en la influencia de un sistema comunicacional que propende a la concentraci\u00f3n medi\u00e1tica y conspira contra la diversidad informativa, pilar fundamental de toda democracia seria. Cuesti\u00f3n que tampoco la clase pol\u00edtica muestra disposici\u00f3n a corregir.<\/span><\/p>\n<p style=\"text-align: justify;\"><span style=\"font-size: 14pt;\">Menos cuando arriban a La Moneda donde la pr\u00e1ctica nos indica que se prefiere \u201cencantar\u201d a los medios existentes antes que afianzar el pluralismo ideol\u00f3gico.<\/span><\/p>\n<h2><span style=\"font-size: 14pt;\">Juan Pablo C\u00e1rdenas S. para La Pluma<\/span><\/h2>\n<h2><span style=\"font-size: 14pt;\">Editado por <a href=\"https:\/\/www.lapluma.net\/nosotros\/editora\/\">Mar\u00eda Piedad Ossaba<\/a><\/span><\/h2>\n<h2><span style=\"font-size: 14pt;\">Publicado por <a href=\"https:\/\/juanpablocardenas.cl\/\">Pol\u00edtica y Utop\u00eda<\/a>, el 28 de abril de 2024<\/span><\/h2>\n<p>&nbsp;<\/p>\n","protected":false},"excerpt":{"rendered":"<p>Adem\u00e1s de sus declaraciones de principios, los partidos debieran obligarse a exponer n\u00edtidamente sus programas de gobierno. Esto podr\u00eda obligar a los que lleguen a La Moneda, el Parlamento o las municipalidades a cumplir y responder por lo comprometido.<\/p>\n","protected":false},"author":750,"featured_media":65675,"comment_status":"open","ping_status":"open","sticky":false,"template":"","format":"standard","meta":{"_uf_show_specific_survey":0,"_uf_disable_surveys":false,"footnotes":""},"categories":[5],"tags":[109,1224,191,16261,15272,26430,23140],"coauthors":[11477],"class_list":["post-65672","post","type-post","status-publish","format-standard","has-post-thumbnail","hentry","category-editoriales-y-opiniones","tag-america-latina","tag-analisis-poitico","tag-chile","tag-gabriel-boric","tag-juan-pablo-cardenas-s-2","tag-pluralismo-ideologico","tag-reforma-politica"],"translation":{"provider":"WPGlobus","version":"2.12.2","language":"fr","enabled_languages":["es","fr"],"languages":{"es":{"title":true,"content":true,"excerpt":true},"fr":{"title":false,"content":false,"excerpt":false}}},"_links":{"self":[{"href":"https:\/\/www.lapluma.net\/fr\/wp-json\/wp\/v2\/posts\/65672","targetHints":{"allow":["GET"]}}],"collection":[{"href":"https:\/\/www.lapluma.net\/fr\/wp-json\/wp\/v2\/posts"}],"about":[{"href":"https:\/\/www.lapluma.net\/fr\/wp-json\/wp\/v2\/types\/post"}],"author":[{"embeddable":true,"href":"https:\/\/www.lapluma.net\/fr\/wp-json\/wp\/v2\/users\/750"}],"replies":[{"embeddable":true,"href":"https:\/\/www.lapluma.net\/fr\/wp-json\/wp\/v2\/comments?post=65672"}],"version-history":[{"count":4,"href":"https:\/\/www.lapluma.net\/fr\/wp-json\/wp\/v2\/posts\/65672\/revisions"}],"predecessor-version":[{"id":65680,"href":"https:\/\/www.lapluma.net\/fr\/wp-json\/wp\/v2\/posts\/65672\/revisions\/65680"}],"wp:featuredmedia":[{"embeddable":true,"href":"https:\/\/www.lapluma.net\/fr\/wp-json\/wp\/v2\/media\/65675"}],"wp:attachment":[{"href":"https:\/\/www.lapluma.net\/fr\/wp-json\/wp\/v2\/media?parent=65672"}],"wp:term":[{"taxonomy":"category","embeddable":true,"href":"https:\/\/www.lapluma.net\/fr\/wp-json\/wp\/v2\/categories?post=65672"},{"taxonomy":"post_tag","embeddable":true,"href":"https:\/\/www.lapluma.net\/fr\/wp-json\/wp\/v2\/tags?post=65672"},{"taxonomy":"author","embeddable":true,"href":"https:\/\/www.lapluma.net\/fr\/wp-json\/wp\/v2\/coauthors?post=65672"}],"curies":[{"name":"wp","href":"https:\/\/api.w.org\/{rel}","templated":true}]}}