{"id":65574,"date":"2024-04-26T18:32:21","date_gmt":"2024-04-26T18:32:21","guid":{"rendered":"https:\/\/www.lapluma.net\/?p=65574"},"modified":"2024-04-26T23:28:12","modified_gmt":"2024-04-26T23:28:12","slug":"65574","status":"publish","type":"post","link":"https:\/\/www.lapluma.net\/fr\/2024\/04\/26\/65574\/","title":{"rendered":"Contra el genocidio de Israel<br> Se extienden las protestas en solidaridad con Palestina en las universidades de Estados Unidos"},"content":{"rendered":"<p style=\"text-align: justify;\"><span style=\"font-size: 14pt;\">La protesta de estudiantes permaneciendo en los campus universitarios, contra el genocidio de Israel en Gaza y la exigencia de que las universidades dejen de financiar a los fabricantes de armas, que comenz\u00f3 primero en la Universidad de Columbia de Nueva York, ahora se extendi\u00f3 a Harvard; Universidad del Sur de California (USC); la Universidad de Texas en Austin y muchas m\u00e1s.<\/span><\/p>\n<p><span style=\"font-size: 12pt;\">Esucha esta Nota<\/span><\/p>\n<audio class=\"wp-audio-shortcode\" id=\"audio-65574-1\" preload=\"none\" style=\"width: 100%;\" controls=\"controls\"><source type=\"audio\/mpeg\" src=\"https:\/\/www.lapluma.net\/wp-content\/uploads\/2024\/04\/Protesta-Universidades-USA.mp3?_=1\" \/><a href=\"https:\/\/www.lapluma.net\/wp-content\/uploads\/2024\/04\/Protesta-Universidades-USA.mp3\">https:\/\/www.lapluma.net\/wp-content\/uploads\/2024\/04\/Protesta-Universidades-USA.mp3<\/a><\/audio>\n<p style=\"text-align: justify;\">Redacci\u00f3n internacional<br \/>\n<span style=\"font-size: 14pt;\">Las protestas de estudiantes se extendieron a varias universidades este \u00faltimo mi\u00e9rcoles, luego de que el lunes por la ma\u00f1ana la Polic\u00eda arrest\u00f3 a m\u00e1s de 40 j\u00f3venes de la Universidad de Yale, sumado a que el jueves pasado fueron detenidos 100 estudiantes de la universidad de Columbia.<\/span><\/p>\n<p><img loading=\"lazy\" decoding=\"async\" class=\"aligncenter wp-image-65566\" src=\"https:\/\/www.lapluma.net\/wp-content\/uploads\/2024\/04\/Capture-decran-Estudiantes-de-USA-se-unen-a-protestas-por-Gaza-256x300.png\" alt=\"\" width=\"384\" height=\"450\" srcset=\"https:\/\/www.lapluma.net\/wp-content\/uploads\/2024\/04\/Capture-decran-Estudiantes-de-USA-se-unen-a-protestas-por-Gaza-256x300.png 256w, https:\/\/www.lapluma.net\/wp-content\/uploads\/2024\/04\/Capture-decran-Estudiantes-de-USA-se-unen-a-protestas-por-Gaza.png 511w\" sizes=\"auto, (max-width: 384px) 100vw, 384px\" \/><\/p>\n<p><a href=\"https:\/\/www.instagram.com\/reel\/C6H3_rCumz6\/?utm_source=ig_embed&amp;ig_rid=7da5984b-b628-43d3-aad1-951cfeb9561e\">Voir plus sur Instragram<\/a><\/p>\n<p style=\"text-align: justify;\"><span style=\"font-size: 14pt;\">Como en Columbia, los estudiantes de Yale afirmaron que continuar\u00e1n sus protestas hasta que la Universidad se deshaga de las inversiones que realiza a fabricantes de armas militares. Sin embargo, eso no parece probable en el futuro cercano. La semana pasada, el Comit\u00e9 Asesor de Yale sobre Responsabilidad del Inversor se neg\u00f3 a tomar medidas sobre las inversiones de la universidad en fabricantes de armas militares.<\/span><\/p>\n<p style=\"text-align: justify;\"><span style=\"font-size: 14pt;\">Luego de las detenciones muchos de los campus de las principales universidades de Estados Unidos fueron tomados por sus estudiantes, a pesar de las amenazas de las autoridades de las casas de altos estudios.<\/span><\/p>\n<p><img loading=\"lazy\" decoding=\"async\" class=\"aligncenter wp-image-65567\" src=\"https:\/\/www.lapluma.net\/wp-content\/uploads\/2024\/04\/campus_4-300x200.jpg\" alt=\"\" width=\"600\" height=\"400\" srcset=\"https:\/\/www.lapluma.net\/wp-content\/uploads\/2024\/04\/campus_4-300x200.jpg 300w, https:\/\/www.lapluma.net\/wp-content\/uploads\/2024\/04\/campus_4-1024x683.jpg 1024w, https:\/\/www.lapluma.net\/wp-content\/uploads\/2024\/04\/campus_4-768x512.jpg 768w, https:\/\/www.lapluma.net\/wp-content\/uploads\/2024\/04\/campus_4-435x290.jpg 435w, https:\/\/www.lapluma.net\/wp-content\/uploads\/2024\/04\/campus_4-150x100.jpg 150w, https:\/\/www.lapluma.net\/wp-content\/uploads\/2024\/04\/campus_4-370x247.jpg 370w, https:\/\/www.lapluma.net\/wp-content\/uploads\/2024\/04\/campus_4.jpg 1200w\" sizes=\"auto, (max-width: 600px) 100vw, 600px\" \/><\/p>\n<p style=\"text-align: justify;\"><span style=\"font-size: 14pt;\">El mismo lunes en la Universidad de Nueva York, las autoridades levantaron una suerte de muro, con maderas, despu\u00e9s de las detenciones a los estudiantes. Frente a esto, fueron los profesores quienes armaron una barrera humana frente a los universitarios, para defenderlos de las detenciones.<\/span><\/p>\n<p><img loading=\"lazy\" decoding=\"async\" class=\"aligncenter wp-image-65568\" src=\"https:\/\/www.lapluma.net\/wp-content\/uploads\/2024\/04\/Capture-decran-las-protestas-de-estudiantes-son-antisemitas-275x300.png\" alt=\"\" width=\"412\" height=\"450\" srcset=\"https:\/\/www.lapluma.net\/wp-content\/uploads\/2024\/04\/Capture-decran-las-protestas-de-estudiantes-son-antisemitas-275x300.png 275w, https:\/\/www.lapluma.net\/wp-content\/uploads\/2024\/04\/Capture-decran-las-protestas-de-estudiantes-son-antisemitas.png 509w\" sizes=\"auto, (max-width: 412px) 100vw, 412px\" \/><\/p>\n<p><a href=\"https:\/\/www.instagram.com\/reel\/C6H3_rCumz6\/?utm_source=ig_embed&amp;ig_rid=7da5984b-b628-43d3-aad1-951cfeb9561e\">Voir plus sur Instagram<\/a><\/p>\n<p style=\"text-align: justify;\"><span style=\"font-size: 14pt;\">El presidente Biden, en su saludo el domingo pasado por las pascuas jud\u00edas (Pesaj), conden\u00f3 las protestas en solidaridad con el pueblo palestino que se dan en los campus universitarios, hablando de un supuesto \u201cacoso y llamados a la violencia contra los jud\u00edos\u201d. Lanzando esta fake, le dio argumentos al propio primer ministro israel\u00ed Benjam\u00edn Netanyahu, que este semana plante\u00f3 exactamente lo mismo: que los \u201cestudiantes universitarios que ocupan los campus eran antisemitas\u201d. Otra mentira para desprestigiar el enorme movimiento estudiantil que est\u00e1 surgiendo en defensa del pueblo palestino, que exige un alto el fuego inmediato y que ser termine la ocupaci\u00f3n de Israel.<\/span><\/p>\n<p style=\"text-align: justify;\"><span style=\"font-size: 14pt;\">Pero Biden no est\u00e1 solo en los ataques contra las manifestaciones. Tanto el Partido Republicano como el Partido Dem\u00f3crata en el Congreso elogiaron los comentarios de los administradores de Columbia y de otras de las universidades, quienes prometieron restringir la libertad acad\u00e9mica en nombre de enfrentar el \u201cantisemitismo\u201d.<\/span><\/p>\n<p style=\"text-align: justify;\"><span style=\"font-size: 14pt;\">Este \u201cmacartismo\u201d bipartidista es la respuesta del r\u00e9gimen imperialista estadounidense al movimiento, fundamentalmente juvenil, que surgi\u00f3 luego del inicio del genocidio del Estado sionista de Israel contra el pueblo gazat\u00ed y la ocupaci\u00f3n de Palestina. Movimiento que por estos d\u00edas est\u00e1 viendo la expresi\u00f3n de centenares de estudiantes de las universidades que se transformaron en activistas defensores del pueblo palestino, desafiando la represi\u00f3n polic\u00edal, las detenciones y la persecuci\u00f3n y sanciones por parte de las autoridades.<\/span><\/p>\n<p style=\"text-align: justify;\"><span style=\"font-size: 14pt;\">Las im\u00e1genes recuerdan los inicios del gran movimiento contra la guerra de Vietnam, de la d\u00e9cada del 60, donde tambi\u00e9n fueron los estudiantes universitarios los que lo iniciaron enfrentando la represi\u00f3n del estado imperialista.<\/span><\/p>\n<h2><a href=\"https:\/\/www.laizquierdadiario.com\/Se-extienden-las-protestas-en-solidaridad-con-Palestina-en-las-universidades-de-Estados-Unidos\"><span style=\"font-size: 14pt;\">La Izquierda Diario<\/span><\/a><span style=\"font-size: 14pt;\">, 25 de abril de 2024<\/span><\/h2>\n<h2><span style=\"font-size: 14pt;\">Editado por <a href=\"https:\/\/www.lapluma.net\/nosotros\/editora\/\">Mar\u00eda Piedad Ossaba<\/a><\/span><\/h2>\n<h2 class=\"spip\"><strong><span style=\"font-size: 12pt;\">Te puede interesar: <\/span><a href=\"https:\/\/www.laizquierdadiario.com\/Sindicato-de-la-Universidad-de-Columbia-lanza-campana-contra-persecucion-a-activistas-pro\"><span style=\"font-size: 12pt;\">Sindicato de la Universidad de Columbia lanza campa\u00f1a contra persecuci\u00f3n a activistas pro palestinos<\/span><\/a><\/strong><\/h2>\n<h2><span style=\"font-size: 14pt;\">Lea en La Pluma:<\/span><\/h2>\n<h3 class=\"entry-title\"><a href=\"https:\/\/www.lapluma.net\/2024\/04\/26\/en-francia-tambien-reprimen-a-estudiantes-pro-palestinos-en-universidades-de-paris\/\" rel=\"bookmark\"><span style=\"font-size: 14pt;\">En Francia tambi\u00e9n reprimen a estudiantes pro palestinos en universidades de Par\u00eds<\/span><\/a><\/h3>\n","protected":false},"excerpt":{"rendered":"<p>La protesta de estudiantes permaneciendo en los campus universitarios, contra el genocidio de Israel en Gaza y la exigencia de que las universidades dejen de financiar a los fabricantes de armas, que comenz&oacute; primero en la Universidad de Columbia de Nueva York, ahora se extendi&oacute; a Harvard; Universidad del Sur de California (USC); la Universidad&#8230;<\/p>\n","protected":false},"author":1447,"featured_media":65565,"comment_status":"open","ping_status":"open","sticky":false,"template":"","format":"standard","meta":{"_uf_show_specific_survey":0,"_uf_disable_surveys":false,"footnotes":""},"categories":[218],"tags":[26388,7626,26389],"coauthors":[26390],"class_list":["post-65574","post","type-post","status-publish","format-standard","has-post-thumbnail","hentry","category-monde","tag-campamentos-solidaridad-gaza","tag-joe-biden","tag-solidaridad-palestina"],"translation":{"provider":"WPGlobus","version":"2.12.2","language":"fr","enabled_languages":["es","fr"],"languages":{"es":{"title":true,"content":true,"excerpt":false},"fr":{"title":false,"content":false,"excerpt":false}}},"_links":{"self":[{"href":"https:\/\/www.lapluma.net\/fr\/wp-json\/wp\/v2\/posts\/65574","targetHints":{"allow":["GET"]}}],"collection":[{"href":"https:\/\/www.lapluma.net\/fr\/wp-json\/wp\/v2\/posts"}],"about":[{"href":"https:\/\/www.lapluma.net\/fr\/wp-json\/wp\/v2\/types\/post"}],"author":[{"embeddable":true,"href":"https:\/\/www.lapluma.net\/fr\/wp-json\/wp\/v2\/users\/1447"}],"replies":[{"embeddable":true,"href":"https:\/\/www.lapluma.net\/fr\/wp-json\/wp\/v2\/comments?post=65574"}],"version-history":[{"count":9,"href":"https:\/\/www.lapluma.net\/fr\/wp-json\/wp\/v2\/posts\/65574\/revisions"}],"predecessor-version":[{"id":65581,"href":"https:\/\/www.lapluma.net\/fr\/wp-json\/wp\/v2\/posts\/65574\/revisions\/65581"}],"wp:featuredmedia":[{"embeddable":true,"href":"https:\/\/www.lapluma.net\/fr\/wp-json\/wp\/v2\/media\/65565"}],"wp:attachment":[{"href":"https:\/\/www.lapluma.net\/fr\/wp-json\/wp\/v2\/media?parent=65574"}],"wp:term":[{"taxonomy":"category","embeddable":true,"href":"https:\/\/www.lapluma.net\/fr\/wp-json\/wp\/v2\/categories?post=65574"},{"taxonomy":"post_tag","embeddable":true,"href":"https:\/\/www.lapluma.net\/fr\/wp-json\/wp\/v2\/tags?post=65574"},{"taxonomy":"author","embeddable":true,"href":"https:\/\/www.lapluma.net\/fr\/wp-json\/wp\/v2\/coauthors?post=65574"}],"curies":[{"name":"wp","href":"https:\/\/api.w.org\/{rel}","templated":true}]}}