{"id":64882,"date":"2024-04-08T13:40:57","date_gmt":"2024-04-08T13:40:57","guid":{"rendered":"https:\/\/www.lapluma.net\/?p=64882"},"modified":"2024-04-08T13:40:57","modified_gmt":"2024-04-08T13:40:57","slug":"las-aguas-de-dos-tercios-de-europa-estan-infectadas-por-pesticidas-restos-de-medicamentos-y-otros-toxicos-para-la-salud","status":"publish","type":"post","link":"https:\/\/www.lapluma.net\/fr\/2024\/04\/08\/las-aguas-de-dos-tercios-de-europa-estan-infectadas-por-pesticidas-restos-de-medicamentos-y-otros-toxicos-para-la-salud\/","title":{"rendered":"Las aguas de dos tercios de Europa est\u00e1n infectadas por pesticidas, restos de medicamentos y otros t\u00f3xicos para la salud"},"content":{"rendered":"<p style=\"text-align: justify;\"><span style=\"font-size: 14pt;\">Seg\u00fan un informe de la Agencia Europea del Medioambiente, nada menos que dos tercios de las aguas superficiales europeas no poseen un buen estado qu\u00edmico. En relaci\u00f3n con los pesticidas, ya en 2021, exced\u00edan los umbrales de preocupaci\u00f3n toxicol\u00f3gica en el 20% de los lugares donde fueron medidos.<\/span><\/p>\n<p style=\"text-align: justify;\"><span style=\"font-size: 14pt;\">Para paliar la situaci\u00f3n, la Comisi\u00f3n Europea est\u00e1 trabajando en la propuesta de una directiva para modificar la actual regulaci\u00f3n al respecto \u2013Directiva Marco del Agua, Directiva de Aguas Subterr\u00e1neas y Directiva de Normas de Calidad Ambiental\u2013.<\/span><\/p>\n<p style=\"text-align: justify;\"><span class=\"foot\" style=\"font-size: 14pt;\">Aunque las cosas de palacio van despacio. Sobre todo, cuando <b>no todos los pa\u00edses reman en la misma direcci\u00f3n<\/b>. Y Espa\u00f1a es uno de ellos. En el <a title=\"PDF del proyecto de texto de compromiso\" href=\"https:\/\/data.consilium.europa.eu\/doc\/document\/ST-16458-2023-INIT\/en\/pdf\" target=\"_blank\" rel=\"noopener\">proyecto de texto de compromiso<\/a> presentado por la pasada Presidencia espa\u00f1ola para el Consejo Europeo, se pide que no se rebajen tanto los niveles permitidos de t\u00f3xicos en nuestras aguas.<\/span><\/p>\n<p style=\"text-align: justify;\"><span style=\"font-size: 14pt;\">Para ser exactos, si la propuesta original de la Comisi\u00f3n prev\u00e9 una concentraci\u00f3n legal m\u00e1xima de 4,4 nanogramos por litro para la suma de 24 PFAS en las aguas subterr\u00e1neas, la sugerencia espa\u00f1ola pretende fijar un nivel m\u00e1s de <b>20 veces menos exigente<\/b>, hasta los 100 nanogramos por litro, seg\u00fan denuncia un <a title=\"PDF del comunicado emitido por PAN Europe\" href=\"https:\/\/www.pan-europe.info\/sites\/pan-europe.info\/files\/public\/resources\/Letters\/Letter%20to%20Permanent%20Representatives%20-%20Water%20pollution%20standards.pdf\" target=\"_blank\" rel=\"noopener\">comunicado<\/a> emitido por PAN Europe \u2013una red de acci\u00f3n contra pesticidas t\u00f3xicos que re\u00fane a m\u00e1s de 25 ONG europeas\u2013.<\/span><\/p>\n<p style=\"text-align: justify;\"><span style=\"font-size: 14pt;\">Cada vez m\u00e1s estudios asocian los PFAS a problemas del sistema inmunitario, del desarrollo, hep\u00e1ticos y aumento del <a title=\"P\u00daBLICO: Los consumidores de cannabis tienen menos problemas de colesterol y depresi\u00f3n que la poblaci\u00f3n general\" href=\"https:\/\/www.publico.es\/ciencias\/consumidores-cannabis-problemas-colesterol-depresion-poblacion-general.html##analytics-noticia:contenido-enlace\">colesterol<\/a> s\u00e9rico. Se han relacionado, por si fuera poco, con mayor <b>riesgo de c\u00e1ncer, sobre todo, de ri\u00f1\u00f3n y test\u00edculos<\/b>, infertilidad y enfermedad tiroidea. Adem\u00e1s, est\u00e1n dentro de la lista de disruptores endocrinos, esos qu\u00edmicos que, aun consumidos en muy bajas dosis, afectan al sistema hormonal.<\/span><\/p>\n<p style=\"text-align: justify;\"><span style=\"font-size: 14pt;\">Nos puede resultar lejano, sobre todo, si ignoramos que esas siglas \u2013que corresponden a sustancias perfluoroalquiladas y polifluoroalquiladas\u2013 est\u00e1n entre los ingredientes no deseados que llegan al agua de los grifos de nuestra casa. Son, adem\u00e1s, bioacumulables \u2013es decir, no se excretan\u2013 y se les conoce como <b>contaminantes eternos<\/b> porque no se degradan en el medio ambiente.<\/span><\/p>\n<p style=\"text-align: justify;\"><span style=\"font-size: 14pt;\">Los PFAS \u2013de los que existen 4.700 subtipos distintos\u2013 est\u00e1n en todas partes: <b>alfombras, pinturas, ordenadores, utensilios de cocina antiadherentes \u2013de tefl\u00f3n\u2013, envases <\/b>de alimentos o cosm\u00e9ticos. Y, claro, as\u00ed es imposible que no lleguen a las aguas residuales. El gran problema es que las plantas de tratamiento de las aguas no son capaces de filtrarlos.<\/span><\/p>\n<p style=\"text-align: justify;\"><span style=\"font-size: 14pt;\">Quiz\u00e1 por eso un <a title=\"Estudio de contaminantes org\u00e1nicos\" href=\"https:\/\/www.idaea.csic.es\/newspost\/organic-pollutants-threaten-aquatic-ecosystems-in-high-ecological-value-areas-in-spain\/\" target=\"_blank\" rel=\"noopener\">estudio reciente<\/a> del Instituto de Diagn\u00f3stico Ambiental y Estudios del Agua (IDAEA-CSIC) ha detectado 59 microcontaminantes distintos en 140 <b>\u00c1reas Importantes para la Conservaci\u00f3n de las Aves y la Biodiversidad<\/b> en Espa\u00f1a (IBA), entre las que La Campi\u00f1a de Carmona (Sevilla), Los Saladares del Guadalent\u00edn (Murcia) y Las Hoces del Turia (Valencia) son las m\u00e1s afectadas.<\/span><\/p>\n<p style=\"text-align: justify;\"><span style=\"font-size: 14pt;\">Por otra parte, aunque todav\u00eda no hay estudios oficiales al respecto en Espa\u00f1a, sabemos que la presencia de PFAS en el agua potable afecta a <b>26 millones de personas en <a title=\"P\u00daBLICO: La campa\u00f1a de Biden critica el v\u00eddeo de Trump donde el presidente aparece maniatado y amordazado\" href=\"https:\/\/www.publico.es\/internacional\/campana-biden-critica-video-trump-presidente-aparece-maniatado-amordazado.html##analytics-noticia:contenido-enlace\">Estados Unidos<\/a><\/b>, seg\u00fan datos de 2023 de la Agencia de Protecci\u00f3n Ambiental estadounidense (EPA).<\/span><\/p>\n<p style=\"text-align: justify;\"><span style=\"font-size: 14pt;\">Y no solo son los PFAS. Lo mismo ocurre con los pesticidas \u2013sin visos de que esto cambie, desde la gran<b> derrota para el derecho a la salud <\/b>de los ciudadanos que ha supuesto la <a title=\"P\u00daBLICO: Bruselas retira la ley que reduce el uso de pesticidas para contener las protestas del campo\" href=\"https:\/\/www.publico.es\/internacional\/bruselas-retira-ley-reduce-pesticidas-contener-protestas-campo.html#analytics-noticia:contenido-enlace\">reciente retirada de la ley europea propuesta <\/a>para reducir la presencia de estos t\u00f3xicos\u2013, restos de medicamentos o micropl\u00e1sticos de todo tipo.<\/span><\/p>\n<figure id=\"attachment_64886\" aria-describedby=\"caption-attachment-64886\" style=\"width: 600px\" class=\"wp-caption aligncenter\"><img loading=\"lazy\" decoding=\"async\" class=\"wp-image-64886\" src=\"https:\/\/www.lapluma.net\/wp-content\/uploads\/2024\/04\/agricultores-belgas-bloqueo-parlmaneto-300x200.webp\" alt=\"\" width=\"600\" height=\"400\" srcset=\"https:\/\/www.lapluma.net\/wp-content\/uploads\/2024\/04\/agricultores-belgas-bloqueo-parlmaneto-300x200.webp 300w, https:\/\/www.lapluma.net\/wp-content\/uploads\/2024\/04\/agricultores-belgas-bloqueo-parlmaneto-768x512.webp 768w, https:\/\/www.lapluma.net\/wp-content\/uploads\/2024\/04\/agricultores-belgas-bloqueo-parlmaneto-435x290.webp 435w, https:\/\/www.lapluma.net\/wp-content\/uploads\/2024\/04\/agricultores-belgas-bloqueo-parlmaneto-150x100.webp 150w, https:\/\/www.lapluma.net\/wp-content\/uploads\/2024\/04\/agricultores-belgas-bloqueo-parlmaneto-370x247.webp 370w, https:\/\/www.lapluma.net\/wp-content\/uploads\/2024\/04\/agricultores-belgas-bloqueo-parlmaneto.webp 990w\" sizes=\"auto, (max-width: 600px) 100vw, 600px\" \/><figcaption id=\"caption-attachment-64886\" class=\"wp-caption-text\">Los agricultores de B\u00e9lgica y otros pa\u00edses europeos usan sus tractores para bloquear el Parlamento Europeo, en una protesta por los precios, los impuestos y la regulaci\u00f3n ambiental.<\/figcaption><\/figure>\n<h5 class=\"highlighted\"><span style=\"font-size: 18pt;\">Obst\u00e1culos para una regulaci\u00f3n europea<\/span><\/h5>\n<p style=\"text-align: justify;\"><span style=\"font-size: 14pt;\">Para colmo, Espa\u00f1a sugiere a la Comisi\u00f3n Europea\u00a0<b>eliminar del texto de la CE <\/b>el establecimiento de una concentraci\u00f3n m\u00e1xima permitida de 0,5 \u03bcg\/L para la suma de todos los pesticidas y sus metabolitos en las aguas superficiales. Espa\u00f1a es <a title=\"P\u00daBLICO: Qu\u00edmicos t\u00f3xicos hasta en la sopa\" href=\"https:\/\/www.publico.es\/ciencias\/quimicos-toxicos-sopa.html#analytics-noticia:contenido-enlace\">el pa\u00eds de la Uni\u00f3n Europea que m\u00e1s plaguicidas consume<\/a>.<\/span><\/p>\n<p style=\"text-align: justify;\"><span style=\"font-size: 14pt;\">\u00ab\u00a0Es algo muy grave, ya que los pesticidas son, precisamente, otro de los tipos de sustancias t\u00f3xicas que m\u00e1s preocupan, tanto por sus efectos sobre la salud humana como sobre los ecosistemas y, por lo tanto, debe establecerse un nivel m\u00e1ximo para todos ellos en aguas como las de <b>r\u00edos o embalses, de las que tantas poblaciones se abastecen<\/b>\u00ab\u00a0, alerta a <i>P\u00fablico<\/i> Carlos de Prada, periodista y activista medioambiental responsable de Hogar Sin T\u00f3xicos.<\/span><\/p>\n<h5 class=\"highlighted\"><span style=\"font-size: 18pt;\">Solucionar el problema ante intereses encontrados<\/span><\/h5>\n<p style=\"text-align: justify;\"><span style=\"font-size: 14pt;\">Las razones podr\u00edan explicarse, en parte, en la<a title=\"Web de EurEau\" href=\"https:\/\/www.eureau.org\/news\/872-open-letter-urges-eu-commission-president-to-take-action-against-pfas-pollution?highlight=WyJwZmFzIl0=\" target=\"_blank\" rel=\"noopener\"> carta<\/a> que, a principios de este mes de marzo, la <b>Federaci\u00f3n Europea de Asociaciones Nacionales de Servicios del Agua<\/b> (EurEau), que agrupa a dedicadas a dar abastecimiento y saneamiento a 500 millones de personas, dirigi\u00f3 a la presidenta de la <a title=\"P\u00daBLICO: La Comisi\u00f3n Europea propone un recorte del 90% emisiones de CO2 para 2040\" href=\"https:\/\/www.publico.es\/sociedad\/comision-europea-propone-recorte-90-emisiones-co2-2040.html##analytics-noticia:contenido-enlace\">Comisi\u00f3n Europea<\/a>, Ursula von der Leyen.<\/span><\/p>\n<p style=\"text-align: justify;\"><span style=\"font-size: 14pt;\">En ella dejan claro que los m\u00e9todos actuales son insuficientes para eliminar debidamente los PFAS del agua potable. Pero no dan m\u00e1s soluci\u00f3n que aguantarnos porque, seg\u00fan dicen, lograr que los filtraran supondr\u00eda unos \u00ab\u00a0<b>costos exorbitantes<\/b>\u00a0\u00bb y una \u00ab\u00a0carga desproporcionada para los usuarios del agua\u00a0\u00bb.<\/span><\/p>\n<p style=\"text-align: justify;\"><span style=\"font-size: 14pt;\">Seg\u00fan <a title=\"Documento de posici\u00f3n de EurEau sobre las PFAS en el ciclo urbano del agua\" href=\"https:\/\/www.eureau.org\/resources\/position-papers\/6094-position-paper-on-pfas-in-urban-water-dec-2021-update\/file\" target=\"_blank\" rel=\"noopener\">se\u00f1ala<\/a> esta organizaci\u00f3n, \u00ab\u00a0la eliminaci\u00f3n de las PFAS del ciclo del agua urbano causa una amplia gama de problemas para los proveedores de servicios de agua. Si bien <b>existen tecnolog\u00edas para eliminar la mayor\u00eda<\/b>, son insostenibles, principalmente debido a su complejidad t\u00e9cnica, la intensidad de los recursos (agua, energ\u00eda, productos qu\u00edmicos de tratamiento, etc.) y la generaci\u00f3n de residuos que contienen PFAS\u00a0\u00bb.<\/span><\/p>\n<p style=\"text-align: justify;\"><span style=\"font-size: 14pt;\">Aunque hay tambi\u00e9n otras razones por la que hay pa\u00edses reticentes a la propuesta europea de cerrar el grifo de los <a title=\"P\u00daBLICO: El CSIC confirma que la explotaci\u00f3n del acu\u00edfero de Do\u00f1ana causa graves impactos medioambientales\" href=\"https:\/\/www.publico.es\/sociedad\/csic-confirma-explotacion-acuifero-donana-causa-graves-impactos-medioambientales.html##analytics-noticia:contenido-enlace\">contaminantes<\/a>. Por ejemplo, menos del <b>10% de las aguas superficiales de Pa\u00edses Bajos<\/b> se encuentran en buen estado ecol\u00f3gico, seg\u00fan la Directiva Marco del Agua.<\/span><\/p>\n<p style=\"text-align: justify;\"><span style=\"font-size: 14pt;\">\u00ab\u00a0Rebajar las exigencias de la Directiva permitir\u00eda dar una mejor imagen, con m\u00e1s bajo porcentaje de <b>incumplimientos formales<\/b>, aunque la contaminaci\u00f3n siguiera existiendo en la misma o mayor medida\u00a0\u00bb, dice Carlos de Prada.<\/span><\/p>\n<p style=\"text-align: justify;\"><span style=\"font-size: 14pt;\">\u00bfQu\u00e9 <b>intereses <\/b>acabar\u00e1n guiando el resultado? Quedamos a la espera de que la Comisi\u00f3n Europea vaya tomando sus decisiones.<\/span><\/p>\n<p style=\"text-align: justify;\"><span style=\"font-size: 14pt;\">Por lo pronto, PAN Europe advierte de que \u00ab\u00a0establecer nuevas normas legislativas para abordar la contaminaci\u00f3n del agua es <b>un paso que se necesita con urgencia<\/b> para proteger los recursos h\u00eddricos europeos, detener la <a title=\"P\u00daBLICO: Las zonas marinas protegidas, la asignatura pendiente en Espa\u00f1a\" href=\"https:\/\/www.publico.es\/sociedad\/zonas-marinas-protegidas-asignatura-pendiente-espana.html##analytics-noticia:contenido-enlace\">crisis de la biodiversidad <\/a>y proteger la salud de los ciudadanos. Es una oportunidad que no podemos permitirnos perder\u00a0\u00bb.<\/span><\/p>\n<h2><span style=\"font-size: 14pt;\">Laura G. de Rivera<\/span><\/h2>\n<h2><span style=\"font-size: 14pt;\">Fuente: <a href=\"https:\/\/www.publico.es\/ciencias\/aguas-tercios-europa-infectadas-pesticidas-restos-medicamentos-otros-toxicos-salud.html\/amp\">P\u00fablico<\/a>, 6 de abril de 2024<\/span><\/h2>\n<h2><span style=\"font-size: 14pt;\">Editado por <\/span><a href=\"https:\/\/www.lapluma.net\/nosotros\/editora\/\"><span style=\"font-size: 14pt;\">Mar\u00eda Piedad Ossaba<\/span><\/a><\/h2>\n","protected":false},"excerpt":{"rendered":"<p>La Comisi\u00f3n Europea trabaja en una propuesta para rebajar sus l\u00edmites m\u00e1ximos permitidos, aunque no todos los pa\u00edses est\u00e1n por la labor. \u00bfEs Espa\u00f1a uno de ellos? \u00bfQu\u00e9 intereses acabar\u00e1n guiando el resultado? Quedamos a la espera de que la Comisi\u00f3n Europea vaya tomando sus decisiones.<\/p>\n","protected":false},"author":1436,"featured_media":64885,"comment_status":"open","ping_status":"open","sticky":false,"template":"","format":"standard","meta":{"_uf_show_specific_survey":0,"_uf_disable_surveys":false,"footnotes":""},"categories":[9,218],"tags":[6044,3565,26179,26184,26183,7607,26178,26181,26182,26180],"coauthors":[26177],"class_list":["post-64882","post","type-post","status-publish","format-standard","has-post-thumbnail","hentry","category-economia-de-la-naturaleza","category-mundo","tag-biodiversidad","tag-comision-europea","tag-contaminacion-agua","tag-contaminantes","tag-crisis-biodiversidad","tag-crisis-climatica","tag-laura-g-de-rivera","tag-medicamentos-toxicos","tag-pan-europe","tag-pesticidas-pfas"],"translation":{"provider":"WPGlobus","version":"2.12.2","language":"fr","enabled_languages":["es","fr"],"languages":{"es":{"title":true,"content":true,"excerpt":true},"fr":{"title":false,"content":false,"excerpt":false}}},"_links":{"self":[{"href":"https:\/\/www.lapluma.net\/fr\/wp-json\/wp\/v2\/posts\/64882","targetHints":{"allow":["GET"]}}],"collection":[{"href":"https:\/\/www.lapluma.net\/fr\/wp-json\/wp\/v2\/posts"}],"about":[{"href":"https:\/\/www.lapluma.net\/fr\/wp-json\/wp\/v2\/types\/post"}],"author":[{"embeddable":true,"href":"https:\/\/www.lapluma.net\/fr\/wp-json\/wp\/v2\/users\/1436"}],"replies":[{"embeddable":true,"href":"https:\/\/www.lapluma.net\/fr\/wp-json\/wp\/v2\/comments?post=64882"}],"version-history":[{"count":3,"href":"https:\/\/www.lapluma.net\/fr\/wp-json\/wp\/v2\/posts\/64882\/revisions"}],"predecessor-version":[{"id":64884,"href":"https:\/\/www.lapluma.net\/fr\/wp-json\/wp\/v2\/posts\/64882\/revisions\/64884"}],"wp:featuredmedia":[{"embeddable":true,"href":"https:\/\/www.lapluma.net\/fr\/wp-json\/wp\/v2\/media\/64885"}],"wp:attachment":[{"href":"https:\/\/www.lapluma.net\/fr\/wp-json\/wp\/v2\/media?parent=64882"}],"wp:term":[{"taxonomy":"category","embeddable":true,"href":"https:\/\/www.lapluma.net\/fr\/wp-json\/wp\/v2\/categories?post=64882"},{"taxonomy":"post_tag","embeddable":true,"href":"https:\/\/www.lapluma.net\/fr\/wp-json\/wp\/v2\/tags?post=64882"},{"taxonomy":"author","embeddable":true,"href":"https:\/\/www.lapluma.net\/fr\/wp-json\/wp\/v2\/coauthors?post=64882"}],"curies":[{"name":"wp","href":"https:\/\/api.w.org\/{rel}","templated":true}]}}