{"id":64445,"date":"2024-03-27T19:46:09","date_gmt":"2024-03-27T19:46:09","guid":{"rendered":"https:\/\/www.lapluma.net\/?p=64445"},"modified":"2024-03-27T19:53:42","modified_gmt":"2024-03-27T19:53:42","slug":"64445","status":"publish","type":"post","link":"https:\/\/www.lapluma.net\/fr\/2024\/03\/27\/64445\/","title":{"rendered":"Macron: Tragando sapos en \u00c1frica y deshojando la margarita en Ucrania"},"content":{"rendered":"<p style=\"text-align: justify;\"><em><span style=\"font-size: 14pt;\">Durante la semana nos dejaron dos grandes amigos y hermanos, Alexis Texier, chileno, compa\u00f1ero de lucha en aquellos aciagos d\u00edas de combate frontal a la dictadura c\u00edvico militar comandada por Pinochet. As\u00ed mismo, parti\u00f3 a la inmortalidad Roberto Cirilo Perd\u00eda, l\u00edder montonero quien me ayud\u00f3 a dar los primeros pasos en la vida clandestina en aquellos intensos a\u00f1os 70 y 80 del siglo pasado. Perd\u00eda fue un maestro, solidario, fraterno, consecuente hasta el \u00faltimo d\u00eda, de esos revolucionarios que jam\u00e1s se rindi\u00f3 y jam\u00e1s se amilan\u00f3. Era de una integridad a toda prueba que desear\u00edamos para los j\u00f3venes que hoy se incorporan a la lucha. Alexis y Roberto. <\/span><\/em><\/p>\n<p style=\"text-align: justify;\"><em><span style=\"font-size: 14pt;\">\u00a1Hasta la Victoria. Siempre. Venceremos!<\/span><\/em><\/p>\n<p style=\"text-align: justify;\"><span style=\"font-size: 14pt;\">En d\u00edas recientes, Francia y su presidente Emmanuel Macron han querido cobrar especial protagonismo en la confrontaci\u00f3n contra Rusia haciendo y diciendo cosas que rayan en una irracionalidad pocas veces vista. Pareciera que la pol\u00edtica exterior francesa se ha comenzado a construir a partir de perversidades y diletancias poco habituales en un pa\u00eds que fue considerado un pilar de la cultura y la civilizaci\u00f3n occidental. En el mundo diplom\u00e1tico es conocido que el presidente Sarkozy hizo jugar a Francia un papel determinante en la agresi\u00f3n a Libia (que concluy\u00f3 con el asesinato de Muamar Gadafi), solo por frustraciones de orden personal que lo llevaron a un odio incontrolable basado en problemas conyugales que atribu\u00eda a acciones del l\u00edder libio.<\/span><\/p>\n<p style=\"text-align: justify;\"><span style=\"font-size: 14pt;\">Ante esa situaci\u00f3n, es v\u00e1lido ahora preguntarse cu\u00e1les podr\u00edan ser las motivaciones del presidente Macron para hacer p\u00fablica su animadversi\u00f3n hacia Rusia y su inter\u00e9s en protagonizar y vanguardizar una cruzada europea contra Mosc\u00fa. Pareciera que en este caso, las razones no son tan mundanas como en el anterior, no obstante, es comprensible la ira del presidente franc\u00e9s al observar que la otrora potencia colonial que hoy dirige, se est\u00e1 desvaneciendo bajo su mandato.<\/span><\/p>\n<p style=\"text-align: justify;\"><span style=\"font-size: 14pt;\">Lo dijo \u00e9l mismo en marzo del a\u00f1o pasado durante una visita a Gab\u00f3n cuando afirm\u00f3 que \u00ab\u00a0la era de la \u00b4Franc\u00e1frica` ha terminado\u00a0\u00bb, lamentando que todav\u00eda se vea a su pa\u00eds como injerencista en los asuntos internos de las naciones africanas. Cuando hizo tal afirmaci\u00f3n , hab\u00eda transcurrido poco m\u00e1s de un a\u00f1o desde el inicio de la operaci\u00f3n militar especial (OME) de Rusia en Ucrania.<\/span><\/p>\n<p><img loading=\"lazy\" decoding=\"async\" class=\" wp-image-64452 aligncenter\" src=\"https:\/\/www.lapluma.net\/wp-content\/uploads\/2024\/03\/palestina-cefiro-250x300.webp\" alt=\"\" width=\"476\" height=\"571\" srcset=\"https:\/\/www.lapluma.net\/wp-content\/uploads\/2024\/03\/palestina-cefiro-250x300.webp 250w, https:\/\/www.lapluma.net\/wp-content\/uploads\/2024\/03\/palestina-cefiro.webp 444w\" sizes=\"auto, (max-width: 476px) 100vw, 476px\" \/><\/p>\n<h3 style=\"text-align: center;\"><a href=\"https:\/\/www.instagram.com\/cefiro_humorgrafico\/\" target=\"_blank\" rel=\"noopener\"><strong><span style=\"font-size: 12pt;\"><span style=\"font-size: 14pt;\">CEFIRO EN INSTAGRAM<\/span><\/span><\/strong><\/a><\/h3>\n<p style=\"text-align: justify;\"><span style=\"font-size: 14pt;\">\u00bfPodr\u00eda decirse que la OME fue causante de la reciente debacle del poder franc\u00e9s en \u00c1frica? Es dif\u00edcil dar una respuesta terminante en ese sentido, pero, de lo que no cabe ninguna duda es que tal hecho ha tenido una relevante influencia en la decisi\u00f3n de los Estados africanos de alejarse de Francia, lo cual no es m\u00e1s que otra expresi\u00f3n de la crisis estructural de la hegemon\u00eda occidental sobre el planeta, sobre todo cuando en sentido contrario, cada vez mayor cantidad de pa\u00edses de ese continente se acercan a Rusia y tambi\u00e9n a China. Vale recordar que con el ingreso de Etiop\u00eda y Egipto al BRICS, el continente africano sum\u00f3 tres miembros en ese organismo, m\u00e1s que Europa y Am\u00e9rica que solo tienen uno y solo por debajo de Asia que cuenta con cinco. De manera tal que el protagonismo de \u00c1frica en el mundo nuevo que est\u00e1 naciendo es de indudable relevancia.<\/span><\/p>\n<p style=\"text-align: justify;\"><span style=\"font-size: 14pt;\">La mayor parte de los pa\u00edses africanos se negaron a sumarse al bloqueo mundial que tram\u00f3 Occidente contra Rusia tras la OME. M\u00e1s que eso, Mali y Burkina Faso solicitaron a Par\u00eds que retirara las fuerzas militares de sus territorios, dada su total ineficacia en la lucha contra el terrorismo que hab\u00eda sido esgrimida como causa para su presencia en la regi\u00f3n. En junio del a\u00f1o pasado, el canciller de Mali, Abdoulaye Diop declar\u00f3 sin ambages que su pa\u00eds \u201cno quiere que los derechos humanos sean instrumentalizados o politizados, ya que no son prerrogativa de ning\u00fan pa\u00eds o civilizaci\u00f3n\u201d y agreg\u00f3: \u201cSorprende que algunos pa\u00edses que han practicado la esclavitud o la colonizaci\u00f3n, hoy sean los que dan lecciones a otros de derechos humanos\u201d.<\/span><\/p>\n<p style=\"text-align: justify;\"><span style=\"font-size: 14pt;\">El inter\u00e9s econ\u00f3mico de Occidente en la regi\u00f3n es m\u00e1s que evidente. En particular, en fecha reciente los pa\u00edses del Sahel (Burkina Faso, Chad, Mali, Mauritania y N\u00edger) han cobrado especial relevancia por la gran riqueza que guardan en su suelo y subsuelo: N\u00edger tiene entre 5% y 7% del uranio de grado m\u00e1s alto del mundo y la quinta reserva m\u00e1s grande del orbe. Mali tiene grandes reservas de litio, bauxita, mineral de hierro, oro, manganeso y piedra caliza. Chad tiene agua, un activo particularmente valioso en esa parte del mundo.<\/span><\/p>\n<p><img loading=\"lazy\" decoding=\"async\" class=\"aligncenter wp-image-64454\" src=\"https:\/\/www.lapluma.net\/wp-content\/uploads\/2024\/03\/photo_Macron-300x300.webp\" alt=\"\" width=\"550\" height=\"550\" srcset=\"https:\/\/www.lapluma.net\/wp-content\/uploads\/2024\/03\/photo_Macron-300x300.webp 300w, https:\/\/www.lapluma.net\/wp-content\/uploads\/2024\/03\/photo_Macron-150x150.webp 150w, https:\/\/www.lapluma.net\/wp-content\/uploads\/2024\/03\/photo_Macron-768x768.webp 768w, https:\/\/www.lapluma.net\/wp-content\/uploads\/2024\/03\/photo_Macron.webp 800w\" sizes=\"auto, (max-width: 550px) 100vw, 550px\" \/><\/p>\n<p style=\"text-align: justify;\"><span style=\"font-size: 14pt;\">Los cambios de gobierno protagonizados por j\u00f3venes militares anticolonialistas y defensores de la soberan\u00eda de sus pa\u00edses, han desplazado a l\u00edderes asentados en el poder gracias al apoyo de las metr\u00f3polis, cambiando la cara de la regi\u00f3n y en alguna medida, de toda \u00c1frica. Las amenazas de Par\u00eds como respuesta a la decisi\u00f3n de los nuevos gobiernos de expulsar a los militares europeos ha sido respondida con el acuerdo de Mali, Burkina Faso y N\u00edger de ir hacia mecanismos de integraci\u00f3n avanzados que incluyan las \u00e1reas econ\u00f3micas, financieras y hasta las de seguridad y defensa.<\/span><\/p>\n<p style=\"text-align: justify;\"><span style=\"font-size: 14pt;\">Entre los antecedentes de estos pa\u00edses, adem\u00e1s de un pasado colonial com\u00fan, cabe destacar que en alg\u00fan momento de su historia reciente contaron con gobiernos socialistas aut\u00f3ctonos que fueron brutalmente combatidos y destruidos por la injerencia de la metr\u00f3poli en alianza con Estados Unidos que ahora, de forma oportunista, busca achacar de todos los problemas de \u00c1frica a Francia, a fin de abrirse un espacio que le d\u00e9 presencia y relevancia en la \u00c1frica del futuro.<\/span><\/p>\n<p style=\"text-align: justify;\"><span style=\"font-size: 14pt;\">As\u00ed mismo, los tres pa\u00edses se han visto atacados por fuerzas vinculadas al terrorismo encarnado en Al Qaeda e ISIS que se han filtrado a trav\u00e9s de la frontera norte de Mal\u00ed con Libia tras el asalto dirigido por la OTAN contra Muamar el Gadafi. Por otra parte, la obligaci\u00f3n de estos pa\u00edses de utilizar la moneda franco CFA es expresi\u00f3n del control colonial que a\u00fan ejerce Francia en la regi\u00f3n. Esta moneda est\u00e1 controlada por el Tesoro franc\u00e9s, el 50% de las reservas monetarias deben colocarse en ese pa\u00eds al mismo tiempo que todas las monedas y billetes que siguen vinculadas al euro, se acu\u00f1an en la metr\u00f3poli.<\/span><\/p>\n<p style=\"text-align: justify;\"><span style=\"font-size: 14pt;\">Las protestas contra el CFA, llamada \u201cla \u00faltima moneda colonial\u201d ha crecido durante los \u00faltimos a\u00f1os, como expresi\u00f3n del rechazo al control colonial franc\u00e9s sobre las finanzas de catorce pa\u00edses africanos. En consecuencia, los llamados al fin del CFA exponen tal vez como ning\u00fan otro hecho, el repudio al sistema colonial franc\u00e9s.<\/span><\/p>\n<p style=\"text-align: justify;\"><span style=\"font-size: 14pt;\">Por el contrario, los acuerdos de los pa\u00edses africanos con China y Rusia, marchan a ritmos acelerados. Una visita del canciller ruso Sergei Lavrov a \u00c1frica en febrero del a\u00f1o pasado dej\u00f3 en claro que los lazos establecidos por la Uni\u00f3n Sovi\u00e9tica y mantenidos por Rusia marcan una diferencia en la forma en que Occidente se relaciona con el continente. Tras ese encuentro, Rusia suministr\u00f3 cereales, fertilizantes y combustibles a Mali al tiempo que Lavrov agradec\u00eda a ese pa\u00eds por sus votos en la ONU contra la glorificaci\u00f3n del nazismo.<\/span><\/p>\n<p style=\"text-align: justify;\"><span style=\"font-size: 14pt;\">Los pueblos africanos no olvidan que en el \u00faltimo medio siglo contaron con el apoyo multilateral irrestricto de la Uni\u00f3n Sovi\u00e9tica, incluso en el terreno militar, para sacudirse del colonialismo, dando continuidad a la cooperaci\u00f3n en la dif\u00edcil tarea de erigirse en pa\u00edses independientes. M\u00e1s recientemente, Rusia se ha encadenado a esa pol\u00edtica. Contingentes militares rusos asesoran a los pa\u00edses africanos para entrenar a los militares y ayudarles en la lucha anti terrorista.<\/span><\/p>\n<p style=\"text-align: justify;\"><span style=\"font-size: 14pt;\">Es algo que Francia ni Estados Unidos pueden hacer, sabiendo que han concedido financiamiento, armas y entrenamiento a estos grupos terroristas que han crecido bajo su cobijo en Afganist\u00e1n, Irak, Siria y otros pa\u00edses. Seg\u00fan lo afirman algunos l\u00edderes africanos: \u201cNo puedes ser parte de la soluci\u00f3n cuando eres parte del problema\u201d.<\/span><\/p>\n<p style=\"text-align: justify;\"><span style=\"font-size: 14pt;\">Francia ha actuado en \u00c1frica a partir de su inter\u00e9s en ejercer influencia pol\u00edtica para garantizar sus intereses econ\u00f3micos, en particular la producci\u00f3n de uranio que alimenta sus plantas productoras de energ\u00eda y que obtiene a bajo costo en Niger. Por supuesto, sus acciones se han visto amparadas en su membres\u00eda en la OTAN sirviendo a los intereses globales de esta organizaci\u00f3n militar terrorista que busca afianzar el mantenimiento de la hegemon\u00eda occidental.<\/span><\/p>\n<p style=\"text-align: justify;\"><span style=\"font-size: 14pt;\">De ah\u00ed que su p\u00e9rdida de influencia no solo afecta a la naci\u00f3n gala, tambi\u00e9n a todo el bloque. La concatenaci\u00f3n de hechos y la sucesi\u00f3n de los mismos hablan por si solos. Adem\u00e1s de Mali, Burkina Faso y N\u00edger, Chad se est\u00e1 alejando de Par\u00eds y acerc\u00e1ndose a Rusia. Este pa\u00eds junto a Mauritania son las \u00faltimas reservas de Francia en el Sahel. Pero, yendo m\u00e1s all\u00e1, si se toma esta agrupaci\u00f3n en su conjunto, y Chad continua su distanciamiento de Par\u00eds, el golpe contra Francia podr\u00eda ser definitivo sobre todo si Mauritania siguiera el ejemplo.<\/span><\/p>\n<p style=\"text-align: justify;\"><span style=\"font-size: 14pt;\">En una l\u00f3gica regional, es v\u00e1lido decir que la Comunidad Econ\u00f3mica de Estados de \u00c1frica Occidental (CEDEAO) un instrumento bajo control colonial que cuenta con casi 400 millones de habitantes y 5.112.903 km\u00b2, y que ten\u00eda 15 miembros, hoy se encuentra en franca crisis. 4 pa\u00edses est\u00e1n suspendidos y de ellos, tres se han ido definitivamente, Burkina Faso, Mal\u00ed y N\u00edger. El cuarto, Guinea, tambi\u00e9n es muy probable que se aleje de la organizaci\u00f3n. Podr\u00eda decirse que, no obstante a eso, la mayor\u00eda permanece, pero debe saberse que los tres que se fueron y el cuarto suspendido, hacen 3.000.000 de km\u00b2, de los 5.112.903 Km\u00b2totales, es decir, un 60%.<\/span><\/p>\n<p><img loading=\"lazy\" decoding=\"async\" class=\"aligncenter wp-image-64455\" src=\"https:\/\/www.lapluma.net\/wp-content\/uploads\/2024\/03\/photo_macron-con-macron-53-300x202.webp\" alt=\"\" width=\"550\" height=\"370\" srcset=\"https:\/\/www.lapluma.net\/wp-content\/uploads\/2024\/03\/photo_macron-con-macron-53-300x202.webp 300w, https:\/\/www.lapluma.net\/wp-content\/uploads\/2024\/03\/photo_macron-con-macron-53-150x100.webp 150w, https:\/\/www.lapluma.net\/wp-content\/uploads\/2024\/03\/photo_macron-con-macron-53.webp 595w\" sizes=\"auto, (max-width: 550px) 100vw, 550px\" \/><\/p>\n<p style=\"text-align: justify;\"><span style=\"font-size: 14pt;\">En el trasfondo, hay una intencionalidad de darle car\u00e1cter \u00fanico y universalizar la cultura occidental como si Occidente fuera todo el mundo. Lo dijo de otra manera el expresidente de Nigeria Olusegun Obasanjo: \u201c La democracia occidental no ha logrado funcionar de modo adecuado en \u00c1frica, ya que fue impuesta por los colonizadores\u201d. El exmandatario nigeriano fue m\u00e1s expl\u00edcito: \u201cEl ejercicio de la democracia de tipo occidental ha fracasado en el continente africano porque, con ese modelo pol\u00edtico, se pasa por alto la opini\u00f3n de la mayor\u00eda de la poblaci\u00f3n\u201d, resaltando que tal democracia constituye \u00ab\u00a0un gobierno de pocas personas sobre toda la gente, y estas pocas personas son los representantes solamente de una parte de la gente, no los representantes de toda la gente de pleno derecho\u00a0\u00bb.<\/span><\/p>\n<p style=\"text-align: justify;\"><span style=\"font-size: 14pt;\">En este contexto, en vez de la democracia liberal occidental, Obasanjo opin\u00f3 que en el continente deb\u00eda aplicarse la \u00ab\u00a0democracia afroc\u00e9ntrica\u00a0\u00bb, diferente al sistema democr\u00e1tico occidental, ya que dicho sistema no ten\u00eda nada que ver con la historia y la cultura de los pueblos del continente. Finaliz\u00f3 afirmando que: \u00ab\u00a0La fragilidad y la inconsistencia de la democracia liberal tal y como se practica, deriva de su historia, contenido, contexto y pr\u00e1ctica\u00a0\u00bb, por lo cual, deber\u00eda \u00ab\u00a0cuestionar su desempe\u00f1o en Occidente\u00a0\u00bb.<\/span><\/p>\n<p style=\"text-align: justify;\"><span style=\"font-size: 14pt;\">Ser\u00e1 muy dif\u00edcil que Europa -por su convicci\u00f3n de ser un jard\u00edn rodeado de selva como lo afirm\u00f3 Josep Borrell, Alto representante de la Uni\u00f3n Europea para Asuntos Exteriores y Pol\u00edtica de Seguridad- pueda aceptar un mundo multicultural, multi\u00e9tnico y multipolar. Mucho menos que su concepto de democracia sea cuestionado y puesto en entredicho.<\/span><\/p>\n<p style=\"text-align: justify;\"><span style=\"font-size: 14pt;\">Pero los nuevos l\u00edderes de Mali, Burkina Faso y N\u00edger Assimi Goita, Ibrahim Traor\u00e9 y Abdourahamane Tiani respectivamente, han comprendido la situaci\u00f3n, han aprendido de su pasado y de los errores cometidos por algunos de sus predecesores como Kwame Nkrumah y Thomas Sankara y se dieron cuenta que el panafricanismo \u201cdebe ser algo m\u00e1s que una teor\u00eda contenida en libros superventas o escondida en discursos para agradar a las multitudes\u201d.<\/span><\/p>\n<p style=\"text-align: justify;\"><span style=\"font-size: 14pt;\">Ahora, estos nuevos l\u00edderes est\u00e1n demostrando inteligencia estrat\u00e9gica y han comprendido que la principal alianza debe ser entre los militares y los pueblos para que estos se conviertan en activos sujetos de la gesti\u00f3n pol\u00edtica del Estado. Pero han ido m\u00e1s all\u00e1, est\u00e1n construyendo mecanismos comunes de defensa y seguridad como estipula la Carta constitutiva de la Alianza de Estados del Sahel formada inicialmente por los tres pa\u00edses. Su capacidad y visi\u00f3n de futuro los ha llevado a producir radicales cambios incluso para elegir sus aliados y trazar un rumbo distinto en el escenario internacional. En esa medida, han expulsado a los franceses, al tiempo que establecen s\u00f3lidas relaciones con Rusia.<\/span><\/p>\n<p style=\"text-align: justify;\"><span style=\"font-size: 14pt;\">Washington y sobre todo Par\u00eds, \u201csangran por la herida\u201d. Es la \u00fanica manera de explicar la estupidez estrat\u00e9gica que resuma Macron y sus adl\u00e1teres, suponiendo que van a conseguir en Ucrania lo que han perdido en \u00c1frica. De ah\u00ed el anuncio de enviar tropas a combatir en ese pa\u00eds. No contentos con la muerte de decenas de mercenarios que suponiendo que el \u201callons enfant de la patrie\u201d los autoriza a guerrear contra cualquier pueblo del mundo y olvidando la derrota de Napole\u00f3n a las puertas de Mosc\u00fa en 1812, Macron pretende escalar la participaci\u00f3n francesa en Ucrania. Vale destacar que Napole\u00f3n que s\u00ed era un gran estratega, no un banquero mediocre como Macron tratando de jugar a la guerra, fracas\u00f3 estrepitosamente en su intento de someter a Rusia.<\/span><\/p>\n<p style=\"text-align: justify;\"><span style=\"font-size: 14pt;\">Pero Macron no es el \u00fanico so\u00f1ador incapaz en Francia. Para satisfacer a su cabecilla, el jefe del Estado Mayor de las fuerzas terrestres del pa\u00eds, general Pierre Schill, afirm\u00f3 que \u201cel ej\u00e9rcito franc\u00e9s est\u00e1 listo para luchar con Rusia\u201d. Para esa misi\u00f3n cuentan con 15 mil hombres aunque podr\u00edan llegar a concentrar 20 mil.<\/span><\/p>\n<p style=\"text-align: justify;\"><span style=\"font-size: 14pt;\">La manera de hacerlo, fue explicada por el coronel y \u201cexperto\u201d franc\u00e9s Vincent Arbar\u00e9tier, en el canal <em>LCI<\/em> de la televisi\u00f3n francesa. Seg\u00fan \u00e9l, existen dos escenarios: el primero es concentrar ese contingente de tropas francesas a lo largo del r\u00edo Dni\u00e9per y el segundo en la frontera con Bielorrusia. En esa situaci\u00f3n, si Rusia no se detiene, \u201ccorre el riesgo de quedar bajo nuestro fuego, incluyendo el fuego no convencional\u201d. En su opini\u00f3n, Rusia no considerar\u00e1 el hecho mismo del despliegue de tropas francesas como una provocaci\u00f3n, pero se ver\u00e1 obligada a negociar en las condiciones de Francia. Si no fuera porque lo escuch\u00e9, habr\u00eda dicho que era inveros\u00edmil que un oficial de academia haya expresado tal idiotez.<\/span><\/p>\n<p style=\"text-align: justify;\"><span style=\"font-size: 14pt;\">\u00bfSabr\u00e1 este \u201cexperto\u201d que Rusia tiene casi un mill\u00f3n de efectivos sobre las armas y 2 millones en la reserva y que Francia solo cuenta con 205 mil en activo y 35 mil en la reserva? \u00bfSabe adem\u00e1s que Rusia posee un potencial de movilizaci\u00f3n de hasta 71 millones de combatientes y que Francia solo podr\u00eda movilizar 30 millones? (todas cifras del Global Firepower 2022, una instituci\u00f3n muy lejana de Putin y de Rusia).<\/span><\/p>\n<p><img loading=\"lazy\" decoding=\"async\" class=\"aligncenter wp-image-64456\" src=\"https:\/\/www.lapluma.net\/wp-content\/uploads\/2024\/03\/expectativa-realidad-300x285.webp\" alt=\"\" width=\"550\" height=\"523\" srcset=\"https:\/\/www.lapluma.net\/wp-content\/uploads\/2024\/03\/expectativa-realidad-300x285.webp 300w, https:\/\/www.lapluma.net\/wp-content\/uploads\/2024\/03\/expectativa-realidad-768x731.webp 768w, https:\/\/www.lapluma.net\/wp-content\/uploads\/2024\/03\/expectativa-realidad.webp 1024w\" sizes=\"auto, (max-width: 550px) 100vw, 550px\" \/><\/p>\n<p style=\"text-align: justify;\"><span style=\"font-size: 14pt;\">Y si de \u201cfuego no convencional\u201d se trata (OJO, esto fue mencionado por el \u201cexperto\u201d coronel Arbar\u00e9tier, no por el presidente Putin ni por los generales Shogun o Guer\u00e1simov), Rusia posee 5.580 ojivas nucleares y Francia, 280. Adem\u00e1s Rusia cuenta con misiles hipers\u00f3nicos de tipo Zircon, Kinzhal y Avangard mientras que Francia no posee ninguno y tampoco tiene tecnolog\u00eda para interceptarlos, por lo que cualquier objetivo en territorio franc\u00e9s desaparecer\u00eda en 3 minutos. Ese es el tiempo m\u00e1ximo que durar\u00eda una guerra de Francia contra Rusia.<\/span><\/p>\n<p style=\"text-align: justify;\"><span style=\"font-size: 14pt;\">Se podr\u00eda comprender el des\u00e1nimo de Macron por su derrota en \u00c1frica, pero es dif\u00edcil entender su disposici\u00f3n a hacer desaparecer su pa\u00eds en menos de 3 minutos solo para ser famoso sirviendo a los intereses de Estados Unidos.<\/span><\/p>\n<h2><span style=\"font-size: 14pt;\">Sergio Rodr\u00edguez Gelfenstein para La Pluma, 21 de marzo de 2024<\/span><\/h2>\n<h2><span style=\"font-size: 14pt;\">Editado por <a href=\"https:\/\/www.lapluma.net\/nosotros\/editora\/\">Mar\u00eda Piedad Ossaba<\/a><\/span><\/h2>\n<h2><span style=\"font-size: 14pt;\">Publicado por : <a href=\"https:\/\/espanol.almayadeen.net\/Articulos\/1834582\/macron--tragando-sapos-en-%C3%A1frica-y-deshojando-la-margarita-e\"><span class=\"meta-item\">Al Mayadeen<\/span><\/a> \/ <a href=\"https:\/\/prensaopal.cl\/2024\/03\/21\/macron-tragando-sapos-en-africa-y-deshojando-la-margarita-en-ucrania\/\"><span class=\"byline th-flex\">prensaopal <\/span><\/a>\/ <a href=\"https:\/\/www.resumenlatinoamericano.org\/category\/europa\/francia\/\">Resumen Latinoamericano<\/a>, 21 de marzo de 2024<\/span><\/h2>\n","protected":false},"excerpt":{"rendered":"<p>Es v\u00e1lido ahora preguntarse cu\u00e1les podr\u00edan ser las motivaciones del presidente Macron para hacer p\u00fablica su animadversi\u00f3n hacia Rusia y su inter\u00e9s en protagonizar y vanguardizar una cruzada europea contra Mosc\u00fa&#8230;<\/p>\n","protected":false},"author":9,"featured_media":64450,"comment_status":"open","ping_status":"open","sticky":false,"template":"","format":"standard","meta":{"_uf_show_specific_survey":0,"_uf_disable_surveys":false,"footnotes":""},"categories":[218,446],"tags":[14682,286,129,39],"coauthors":[266],"class_list":["post-64445","post","type-post","status-publish","format-standard","has-post-thumbnail","hentry","category-monde","category-debates","tag-analisis-politico","tag-francia","tag-rusia","tag-sergio-rodriguez-gelfenstein"],"translation":{"provider":"WPGlobus","version":"2.12.2","language":"fr","enabled_languages":["es","fr"],"languages":{"es":{"title":true,"content":true,"excerpt":true},"fr":{"title":false,"content":false,"excerpt":false}}},"_links":{"self":[{"href":"https:\/\/www.lapluma.net\/fr\/wp-json\/wp\/v2\/posts\/64445","targetHints":{"allow":["GET"]}}],"collection":[{"href":"https:\/\/www.lapluma.net\/fr\/wp-json\/wp\/v2\/posts"}],"about":[{"href":"https:\/\/www.lapluma.net\/fr\/wp-json\/wp\/v2\/types\/post"}],"author":[{"embeddable":true,"href":"https:\/\/www.lapluma.net\/fr\/wp-json\/wp\/v2\/users\/9"}],"replies":[{"embeddable":true,"href":"https:\/\/www.lapluma.net\/fr\/wp-json\/wp\/v2\/comments?post=64445"}],"version-history":[{"count":11,"href":"https:\/\/www.lapluma.net\/fr\/wp-json\/wp\/v2\/posts\/64445\/revisions"}],"predecessor-version":[{"id":64468,"href":"https:\/\/www.lapluma.net\/fr\/wp-json\/wp\/v2\/posts\/64445\/revisions\/64468"}],"wp:featuredmedia":[{"embeddable":true,"href":"https:\/\/www.lapluma.net\/fr\/wp-json\/wp\/v2\/media\/64450"}],"wp:attachment":[{"href":"https:\/\/www.lapluma.net\/fr\/wp-json\/wp\/v2\/media?parent=64445"}],"wp:term":[{"taxonomy":"category","embeddable":true,"href":"https:\/\/www.lapluma.net\/fr\/wp-json\/wp\/v2\/categories?post=64445"},{"taxonomy":"post_tag","embeddable":true,"href":"https:\/\/www.lapluma.net\/fr\/wp-json\/wp\/v2\/tags?post=64445"},{"taxonomy":"author","embeddable":true,"href":"https:\/\/www.lapluma.net\/fr\/wp-json\/wp\/v2\/coauthors?post=64445"}],"curies":[{"name":"wp","href":"https:\/\/api.w.org\/{rel}","templated":true}]}}