{"id":64049,"date":"2024-03-19T13:00:49","date_gmt":"2024-03-19T13:00:49","guid":{"rendered":"https:\/\/www.lapluma.net\/?p=64049"},"modified":"2024-03-19T13:35:02","modified_gmt":"2024-03-19T13:35:02","slug":"64049","status":"publish","type":"post","link":"https:\/\/www.lapluma.net\/fr\/2024\/03\/19\/64049\/","title":{"rendered":"Hab\u00eda una vez una monta\u00f1a"},"content":{"rendered":"<p style=\"text-align: justify;\"><span style=\"font-size: 14pt;\">Hab\u00eda una vez, hace muchos cuentos, que hombres y mujeres sub\u00edan a la monta\u00f1a por el placer de hacerlo, porque la monta\u00f1a era otra perspectiva, el mejor mirador desde el que ver pasar las nubes, ese punto de encuentro entre el silencio y la distancia que nos ayuda a respirar, tambi\u00e9n esa paz a cuyo amparo recompones todos los urbanos cabos sueltos o, simplemente, un hermoso espacio natural en el que protegerse del ruido.<\/span><\/p>\n<p style=\"text-align: justify;\"><span style=\"font-size: 14pt;\">Hab\u00eda una vez, hace muchos cuentos, que la monta\u00f1a era la monta\u00f1a\u2026 y as\u00ed fue hasta que alguien no se limit\u00f3 a subir y disfrutarla sino que la coron\u00f3. Armado de patrocinios, c\u00e1maras y banderolas, coron\u00f3 la cima. Al d\u00eda siguiente otra monta\u00f1a fue coronada por quien, adem\u00e1s de no contar con sherpas, prescindi\u00f3 del ox\u00edgeno. \u00bfA\u00fan no lo han le\u00eddo en los medios? La haza\u00f1a fue superada por quien sin sherpas ni ox\u00edgeno, bati\u00f3 el r\u00e9cord de ascenso al subir en invierno y en pelotas. \u00bfTodav\u00eda no lo han visto en las noticias? Casi al mismo tiempo, otro coron\u00f3 la cima sin sherpas ni ox\u00edgeno y en pelotas pero cargando un piano para, ya sobre la cima, interpretar: \u201cI like the mountains in the blue morning\u201d. \u00bfNo han o\u00eddo la canci\u00f3n? Ya est\u00e1 en las redes y Netflix est\u00e1 haciendo un musical.<\/span><\/p>\n<p><img loading=\"lazy\" decoding=\"async\" class=\"size-medium wp-image-64052 aligncenter\" src=\"https:\/\/www.lapluma.net\/wp-content\/uploads\/2024\/03\/Koldo-Montana-coronada-300x300.jpg\" alt=\"\" width=\"300\" height=\"300\" srcset=\"https:\/\/www.lapluma.net\/wp-content\/uploads\/2024\/03\/Koldo-Montana-coronada-300x300.jpg 300w, https:\/\/www.lapluma.net\/wp-content\/uploads\/2024\/03\/Koldo-Montana-coronada-150x150.jpg 150w, https:\/\/www.lapluma.net\/wp-content\/uploads\/2024\/03\/Koldo-Montana-coronada.jpg 647w\" sizes=\"auto, (max-width: 300px) 100vw, 300px\" \/><\/p>\n<p style=\"text-align: justify;\">\n<span style=\"font-size: 14pt;\">Hab\u00eda una vez una monta\u00f1a&#8230;<\/span><\/p>\n<p style=\"text-align: justify;\"><span style=\"font-size: 14pt;\">(Preso politikoak aske)<\/span><\/p>\n<p style=\"text-align: justify;\"><span style=\"font-size: 14pt;\">Koldo Campos Sagaseta, Columna Cronopiando para La Pluma, 19 de marzo de 2024<\/span><\/p>\n<p style=\"text-align: justify;\"><span style=\"font-size: 14pt;\">Editado por <a href=\"https:\/\/www.lapluma.net\/nosotros\/editora\/\">Mar\u00eda Piedad Ossaba<\/a><\/span><\/p>\n","protected":false},"excerpt":{"rendered":"<p>Hab&iacute;a una vez, hace muchos cuentos, que hombres y mujeres sub&iacute;an a la monta&ntilde;a por el placer de hacerlo, porque la monta&ntilde;a era otra perspectiva, el mejor mirador desde el que ver pasar las nubes, ese punto de encuentro entre el silencio y la distancia que nos ayuda a respirar, tambi&eacute;n esa paz a cuyo&#8230;<\/p>\n","protected":false},"author":50,"featured_media":64053,"comment_status":"open","ping_status":"open","sticky":false,"template":"","format":"standard","meta":{"_uf_show_specific_survey":0,"_uf_disable_surveys":false,"footnotes":""},"categories":[19],"tags":[15787,25984],"coauthors":[463],"class_list":["post-64049","post","type-post","status-publish","format-standard","has-post-thumbnail","hentry","category-literatura","tag-koldo-campos-sagaseta-2","tag-silencio-distancia"],"translation":{"provider":"WPGlobus","version":"2.12.2","language":"fr","enabled_languages":["es","fr"],"languages":{"es":{"title":true,"content":true,"excerpt":false},"fr":{"title":false,"content":false,"excerpt":false}}},"_links":{"self":[{"href":"https:\/\/www.lapluma.net\/fr\/wp-json\/wp\/v2\/posts\/64049","targetHints":{"allow":["GET"]}}],"collection":[{"href":"https:\/\/www.lapluma.net\/fr\/wp-json\/wp\/v2\/posts"}],"about":[{"href":"https:\/\/www.lapluma.net\/fr\/wp-json\/wp\/v2\/types\/post"}],"author":[{"embeddable":true,"href":"https:\/\/www.lapluma.net\/fr\/wp-json\/wp\/v2\/users\/50"}],"replies":[{"embeddable":true,"href":"https:\/\/www.lapluma.net\/fr\/wp-json\/wp\/v2\/comments?post=64049"}],"version-history":[{"count":4,"href":"https:\/\/www.lapluma.net\/fr\/wp-json\/wp\/v2\/posts\/64049\/revisions"}],"predecessor-version":[{"id":64056,"href":"https:\/\/www.lapluma.net\/fr\/wp-json\/wp\/v2\/posts\/64049\/revisions\/64056"}],"wp:featuredmedia":[{"embeddable":true,"href":"https:\/\/www.lapluma.net\/fr\/wp-json\/wp\/v2\/media\/64053"}],"wp:attachment":[{"href":"https:\/\/www.lapluma.net\/fr\/wp-json\/wp\/v2\/media?parent=64049"}],"wp:term":[{"taxonomy":"category","embeddable":true,"href":"https:\/\/www.lapluma.net\/fr\/wp-json\/wp\/v2\/categories?post=64049"},{"taxonomy":"post_tag","embeddable":true,"href":"https:\/\/www.lapluma.net\/fr\/wp-json\/wp\/v2\/tags?post=64049"},{"taxonomy":"author","embeddable":true,"href":"https:\/\/www.lapluma.net\/fr\/wp-json\/wp\/v2\/coauthors?post=64049"}],"curies":[{"name":"wp","href":"https:\/\/api.w.org\/{rel}","templated":true}]}}