{"id":6362,"date":"2019-02-13T03:44:19","date_gmt":"2019-02-13T03:44:19","guid":{"rendered":"http:\/\/www.lapluma.net\/?p=6362"},"modified":"2019-02-15T03:57:53","modified_gmt":"2019-02-15T03:57:53","slug":"hidroituango-y-el-gran-fracaso-del-modelo-antioqueno","status":"publish","type":"post","link":"https:\/\/www.lapluma.net\/fr\/2019\/02\/13\/hidroituango-y-el-gran-fracaso-del-modelo-antioqueno\/","title":{"rendered":"Colombie : Hidroituango et le grand \u00e9chec du mod\u00e8le antioque\u00f1o*"},"content":{"rendered":"<p style=\"text-align: justify;\"><span style=\"font-size: 12pt;\"><img loading=\"lazy\" decoding=\"async\" class=\"alignleft\" src=\"http:\/\/tlaxcala-int.org\/upload\/aut_6566.jpg\" width=\"214\" height=\"120\" border=\"0\" \/>\u00c0 la destruction de milliers d&rsquo;hectares de for\u00eat, au d\u00e9placement syst\u00e9matique et violent de communaut\u00e9s, \u00e0 la pers\u00e9cution et l&rsquo;assassinat de leurs dirigeants, s\u2019ajoute maintenant la disparition et la mort du fleuve Cauca apr\u00e8s la construction d&rsquo;un barrage en Colombie.<\/span><\/p>\n<p style=\"text-align: justify;\"><span style=\"font-size: 12pt;\">Il y a un passage de <i>Primero estaba el mar<\/i>, le roman sombre et parfait de Tom\u00e1s Gonz\u00e1lez, o\u00f9 J., le protagoniste, accabl\u00e9 par sa mauvaise situation \u00e9conomique, d\u00e9cide de couper et de vendre le bois de la terre o\u00f9 lui et son \u00e9pouse se sont r\u00e9fugi\u00e9s de la vie urbaine. C&rsquo;est l&rsquo;un des moments les plus tristes du livre parce que J. a pass\u00e9 plusieurs chapitres \u00e0 admirer la beaut\u00e9 de la jungle. \u00ab\u00a0Plus je regarde ces arbres, moins je suis enthousiaste \u00e0 les abattre. Mais puisqu&rsquo;on n&rsquo;aura pas le choix. Il faudra participer \u00e0 la Geste de la Hache, comme disent les po\u00e8tes de la race. Place \u00e0 la civilisation, ceibas*** de merde\u00a0\u00bb, \u00e9crit J. dans son journal avec un ton qui se veut sarcastique mais qui n&rsquo;est que p\u00e9niblement m\u00e9lancolique et r\u00e9sign\u00e9. Dans cette contrari\u00e9t\u00e9, dans cette m\u00e9lancolie o\u00f9 se r\u00e9v\u00e8le avec ironie la conscience de soi de la destin\u00e9e manifeste du gars du pays, on per\u00e7oit que J. aurait voulu faire les choses diff\u00e9remment, mais ne sait tout simplement pas comment : apr\u00e8s tout, J. est, bien que ren\u00e9gat, un Antioquien de la t\u00eate aux pieds. La tension initiale entre le rejet de la socialit\u00e9 de Medell\u00edn et l&rsquo;impulsion de fuir vers la nature &#8211; l&rsquo;impulsion de vivre autrement, de rompre avec l&rsquo;h\u00e9ritage de la \u00ab\u00a0race\u00a0\u00bb &#8211; c\u00e8de progressivement la place aux lois d&rsquo;une \u00e9conomie politique que J. porte avec lui, inscrite sur son corps. Pour J. il n&rsquo;y a pas d&rsquo;alternative car pour lui, dans les profondeurs de son esprit, il n&rsquo;y a qu&rsquo;une seule fa\u00e7on d&rsquo;\u00eatre au monde et c&rsquo;est en transformant le territoire en propri\u00e9t\u00e9, les \u00eatres vivants en marchandises, les corps en pure force de travail .<\/span><\/p>\n<p style=\"text-align: justify;\"><span style=\"font-size: 12pt;\">\u00a0<span class=\"texte1\"><img loading=\"lazy\" decoding=\"async\" class=\"aligncenter\" src=\"https:\/\/ep01.epimg.net\/internacional\/imagenes\/2018\/05\/17\/colombia\/1526573932_799098_1526578441_noticia_normal.jpg\" alt=\"Fotograf\u00eda cedida por Empresas P\u00fablicas de Medell\u00edn (EPM) que muestra la central hidroel\u00e9ctrica HidroItuango, en Medell\u00edn (Colombia). \" width=\"600\" height=\"405\" \/><\/span><\/span><\/p>\n<p style=\"text-align: center;\" align=\"center\"><strong>Photo fournie par Empresas P\u00fablicas de Medell\u00edn (EPM) montrant la centrale hydro\u00e9lectrique Hidro-Ituango \u00e0 Medell\u00edn (Colombie). EFE<\/strong><\/p>\n<p style=\"text-align: justify;\"><span style=\"font-size: 12pt;\">On se demande alors si les choses n&rsquo;auraient pas pu se passer diff\u00e9remment, que se serait-il pass\u00e9 si J., par exemple, avait \u00e9tabli une relation diff\u00e9rente avec les habitants de la zone, si, au lieu de les consid\u00e9rer comme des possibles p\u00e9ons, serviteurs, des objets passifs de l\u2019exploitation au travail ou sexuelle, J. leur avait au moins demand\u00e9 comment vivre l\u00e0, comment utiliser les ressources, comment en profiter sans avoir forc\u00e9ment une vision \u00e9troite mercantile et assoiff\u00e9e de profit ?<\/span><\/p>\n<p style=\"text-align: justify;\"><span style=\"font-size: 12pt;\">Eh bien, cet exemple emprunt\u00e9 \u00e0 la litt\u00e9rature permet de mieux comprendre l&rsquo;horreur humaine et environnementale du barrage d&rsquo;Hidroituango, une nouvelle r\u00e9p\u00e9tition \u00e0 grande \u00e9chelle de cette trag\u00e9die atavique d&rsquo;Antioquia incarn\u00e9e par J. dans le roman de Gonz\u00e1lez. Ses promoteurs visibles et invisibles &#8211; parmi lesquels l&rsquo;ancien pr\u00e9sident \u00c1lvaro Uribe et l&rsquo;ancien gouverneur d&rsquo;Antioquia, Sergio Fajardo &#8211; ont insist\u00e9 pour d\u00e9montrer que la construction de cette \u0153uvre \u00e9tait une chose in\u00e9vitable, une priorit\u00e9, essentielle et, bien s\u00fbr, impossible \u00e0 arr\u00eater. Bref, qu\u2019il n&rsquo;y avait pas d&rsquo;alternative. Entre-temps, le mouvement Rios Vivos (Fleuves Vivants) d\u00e9nonce depuis des ann\u00e9es le harc\u00e8lement des communaut\u00e9s riveraines et on estime que des centaines de corps de personnes disparues ont \u00e9t\u00e9 jet\u00e9s \u00e0 l&rsquo;eau lors du long et violent processus d&rsquo;implantation du grand projet hydro\u00e9lectrique dans la r\u00e9gion. \u00c0 la destruction de milliers d&rsquo;hectares de for\u00eat tropicale s\u00e8che &#8211; un \u00e9cosyst\u00e8me en voie de disparition sur la plan\u00e8te et donc vital pour la r\u00e9gulation du climat -, au d\u00e9placement syst\u00e9matique et violent des communaut\u00e9s, \u00e0 \u00a0la pers\u00e9cution et au meurtre de leurs dirigeants, \u2018ajoute ce qui est peut-\u00eatre la plus grande catastrophe \u00e9cologique de l&rsquo;histoire de la Colombie : la disparition et la mort par \u00e9tranglement fleuve Cauca, deuxi\u00e8me plus important cours d\u2019eau du pays, caus\u00e9e par la fermeture des vannes du barrage, qui court le risque de s&rsquo;effondrer depuis mai dernier, lorsqu&rsquo;une d\u00e9faillance structurelle a r\u00e9v\u00e9l\u00e9 une s\u00e9rie d&rsquo;irr\u00e9gularit\u00e9s dans la gestion du projet.<\/span><\/p>\n<p style=\"text-align: justify;\"><span style=\"font-size: 12pt;\">Mais les responsables de la catastrophe, EPM (Empresas P\u00fablicas de Medell\u00edn) et le gouvernorat d&rsquo;Antioquia, ses principaux investisseurs, r\u00e9p\u00e8tent que le barrage hydro\u00e9lectrique est indispensable et qu&rsquo;il est une nouvelle preuve de leur engagement pour le progr\u00e8s, alors que tout indique une cha\u00eene obscure de corruption, criminalit\u00e9, irresponsabilit\u00e9 et pignouferie.<\/span><\/p>\n<p style=\"text-align: justify;\"><span style=\"font-size: 12pt;\">Ces derniers jours, le lit du fleuve a tellement baiss\u00e9 que le paysage a radicalement chang\u00e9 : il n&rsquo;y a plus de rivi\u00e8re, mais une \u00e9tendue de bancs de sable sec o\u00f9 les cano\u00ebs sont \u00e9chou\u00e9s sur les centaines de milliers de poissons qui meurent, pris dans la boue. Et comme si cette image sombre ne suffisait pas, l&rsquo;entreprise n\u2019a rien trouv\u00e9 d\u2019autre que d&rsquo;envoyer des employ\u00e9s avec des seaux en plastique pour \u00ab\u00a0sauver\u00a0\u00bb la faune mourante de la rivi\u00e8re.<\/span><\/p>\n<p style=\"text-align: justify;\"><span style=\"font-size: 12pt;\">Depuis plus de sept mois, on parle m\u00eame de la possibilit\u00e9 que les digues se brisent, ce qui provoquerait une catastrophe aux proportions difficiles \u00e0 calculer en termes de pertes humaines et de dommages environnementaux, d&rsquo;o\u00f9 l&rsquo;absence de r\u00e9ticence de certains experts \u00e0 comparer ce cas \u00e0 Tchernobyl.<\/span><\/p>\n<p style=\"text-align: justify;\"><span style=\"font-size: 12pt;\">Hidroituango, un projet con\u00e7u comme un symbole du mod\u00e8le colonisateur antioquien, a fini par devenir le contraire : il repr\u00e9sente l&rsquo;\u00e9chec de ce mod\u00e8le, de cette geste de la hache qui, selon la mythologie de l&rsquo;individu et de la civilisation, a entra\u00een\u00e9 la destruction et la mort dans tout le pays ces derni\u00e8res d\u00e9cennies.<\/span><\/p>\n<p style=\"text-align: justify;\"><span style=\"font-size: 12pt;\">Existe-t-il des alternatives \u00e0 ce mod\u00e8le ? Bien s\u00fbr, bien qu&rsquo;un changement de paradigme ne soit pas pr\u00e9vu dans l&rsquo;imm\u00e9diat, encore moins sous ce gouvernement qui d\u00e9daigne la paix, a un mod\u00e8le de d\u00e9veloppement erratique et manque d&rsquo;imagination quand il s&rsquo;agit de proposer autre chose qu&rsquo;une r\u00e9p\u00e9tition m\u00e9canique de la guerre uribiste** d&rsquo;il y a quinze ans.<\/span><\/p>\n<p style=\"text-align: justify;\"><span style=\"font-size: 12pt;\">Pour l&rsquo;instant, au moins, nous pourrions commencer par \u00e9couter les habitants des territoires, les dirigeants et les techniciens des mouvements sociaux comme Rios Vivos, des gens comme Don Antonio Oliveros, un paysan et troubadour de la municipalit\u00e9 c\u00f4ti\u00e8re de C\u00e1ceres, qui a averti dans ses vers : \u00ab\u00a0Oui c&rsquo;est vrai qu&rsquo;il faut de l&rsquo;\u00e9nergie \/ mais EPM ne pense jamais aux autres \/ les grands dommages que cela causera \u00e0 nos vies \/ si un jour ce barrage vient \u00e0 p\u00e9ter.\u00a0\u00bb.<\/span><\/p>\n<p style=\"text-align: center;\"><iframe loading=\"lazy\" src=\"https:\/\/www.youtube.com\/embed\/DjB4IbonFsw\" width=\"560\" height=\"315\" frameborder=\"0\" allowfullscreen=\"allowfullscreen\"><\/iframe><\/p>\n<p align=\"justify\"><strong><span style=\"font-size: 12pt;\">Ce jeudi 14 f\u00e9vrier est une journ\u00e9e nationale d\u2019action en Colombie sous le mot d\u2019ordre\u00a0: Libert\u00e9 pour le R\u00edo Cauca\u00a0!\u00a0<\/span><\/strong><\/p>\n<p><img loading=\"lazy\" decoding=\"async\" class=\"aligncenter\" src=\"http:\/\/tlaxcala-int.org\/upload\/graphistes\/g_3347.jpg\" alt=\"http:\/\/tlaxcala-int.org\/upload\/graphistes\/g_3347.jpg\" width=\"465\" height=\"603\" \/><\/p>\n<p align=\"justify\"><a href=\"http:\/\/www.change.org\/p\/pgn-col-minambienteco-salvemoselr%C3%ADocauca\"><strong><span style=\"font-size: 12pt;\"><span style=\"font-size: 14pt;\">\u25baSignez la p\u00e9tition demandant une enqu\u00eate judiciaire sur le scandale du barrage d\u2019Hidroituango<\/span><\/span><\/strong><\/a><\/p>\n<p align=\"justify\"><strong><span style=\"font-size: 12pt;\">NdT<\/span><\/strong><\/p>\n<p align=\"justify\">*<strong>Antioque\u00f1o\u00a0<\/strong>: Antioquien, du d\u00e9partement d\u2019Antioquia, chef-lieu Medell\u00edn<\/p>\n<p align=\"justify\">**<strong>Uribiste\u00a0<\/strong>: mode de gouverner d\u2019Alvaro Uribe V\u00e9lez, pr\u00e9sident colombien (2002-2010), fils et fr\u00e8re de gangsters, li\u00e9 au Cartel de Medell\u00edn et grand promoteur du narcoparamilitarisme. C\u2019est toujours lui qui tire les ficelles, derri\u00e8re le pr\u00e9sident \u00e9lu Ivan Duque<\/p>\n<p align=\"justify\">***<strong>Ceibas\u00a0<\/strong>: grands arbres tropicaux pouvant atteindre 70 m\u00a0. (kapokiers ou fromagers)<\/p>\n<p align=\"justify\"><span style=\"font-size: 12pt;\"><strong><span class=\"auteur\">Juan C\u00e1rdenas<\/span><\/strong><\/span><\/p>\n<p align=\"justify\"><span style=\"font-size: 12pt;\"><strong>Original :<a tabindex=\"0\" href=\"http:\/\/www.lapluma.net\/2019\/02\/13\/hidroituango-y-el-gran-fracaso-del-modelo-antioqueno\/\" rel=\"bookmark\">Colombia: Hidroituango y el gran fracaso del modelo antioque\u00f1o<\/a><\/strong><\/span><\/p>\n<p align=\"justify\"><span style=\"font-size: 12pt;\"><strong>Traduit par <span class=\"trad\"><a href=\"http:\/\/www.tlaxcala-int.org\/biographie.asp?ref_aut=2&amp;lg_pp=fr\">Fausto Giudice \u0424\u0430\u0443\u0441\u0442\u043e \u0414\u0436\u0443\u0434\u0438\u0447\u0435 \u0641\u0627\u0648\u0633\u062a\u0648 \u062c\u064a\u0648\u062f\u064a\u0634\u064a<\/a><\/span><\/strong><\/span><\/p>\n<p align=\"justify\"><span style=\"font-size: 12pt;\"><strong>Source: <a href=\"http:\/\/www.tlaxcala-int.org\/article.asp?reference=25367\">Tlaxcala<\/a>, le 14 f\u00e9vrier 2019<\/strong><\/span><\/p>\n<p>&nbsp;<\/p>\n<p style=\"text-align: justify;\">\n","protected":false},"excerpt":{"rendered":"<p>Existe-t-il des alternatives \u00e0 ce mod\u00e8le ? Bien s\u00fbr, bien qu&rsquo;un changement de paradigme ne soit pas pr\u00e9vu dans l&rsquo;imm\u00e9diat, encore moins sous ce gouvernement qui d\u00e9daigne la paix, a un mod\u00e8le de d\u00e9veloppement erratique et manque d&rsquo;imagination quand il s&rsquo;agit de proposer autre chose qu&rsquo;une r\u00e9p\u00e9tition m\u00e9canique de la guerre uribiste** d&rsquo;il y a quinze ans<\/p>\n","protected":false},"author":359,"featured_media":6109,"comment_status":"open","ping_status":"open","sticky":false,"template":"","format":"standard","meta":{"_uf_show_specific_survey":0,"_uf_disable_surveys":false,"footnotes":""},"categories":[5],"tags":[65,3084,3263,3229,899,3118,3169],"coauthors":[3221],"class_list":["post-6362","post","type-post","status-publish","format-standard","has-post-thumbnail","hentry","category-editoriales-y-opiniones","tag-abya-yala","tag-antioquia","tag-grands-projets-inutiles-mais-pas-pour-tous","tag-juan-cardenas","tag-locombia","tag-rio-cauca","tag-uribismo"],"translation":{"provider":"WPGlobus","version":"2.12.2","language":"fr","enabled_languages":["es","fr"],"languages":{"es":{"title":true,"content":true,"excerpt":true},"fr":{"title":true,"content":true,"excerpt":true}}},"_links":{"self":[{"href":"https:\/\/www.lapluma.net\/fr\/wp-json\/wp\/v2\/posts\/6362","targetHints":{"allow":["GET"]}}],"collection":[{"href":"https:\/\/www.lapluma.net\/fr\/wp-json\/wp\/v2\/posts"}],"about":[{"href":"https:\/\/www.lapluma.net\/fr\/wp-json\/wp\/v2\/types\/post"}],"author":[{"embeddable":true,"href":"https:\/\/www.lapluma.net\/fr\/wp-json\/wp\/v2\/users\/359"}],"replies":[{"embeddable":true,"href":"https:\/\/www.lapluma.net\/fr\/wp-json\/wp\/v2\/comments?post=6362"}],"version-history":[{"count":7,"href":"https:\/\/www.lapluma.net\/fr\/wp-json\/wp\/v2\/posts\/6362\/revisions"}],"predecessor-version":[{"id":6410,"href":"https:\/\/www.lapluma.net\/fr\/wp-json\/wp\/v2\/posts\/6362\/revisions\/6410"}],"wp:featuredmedia":[{"embeddable":true,"href":"https:\/\/www.lapluma.net\/fr\/wp-json\/wp\/v2\/media\/6109"}],"wp:attachment":[{"href":"https:\/\/www.lapluma.net\/fr\/wp-json\/wp\/v2\/media?parent=6362"}],"wp:term":[{"taxonomy":"category","embeddable":true,"href":"https:\/\/www.lapluma.net\/fr\/wp-json\/wp\/v2\/categories?post=6362"},{"taxonomy":"post_tag","embeddable":true,"href":"https:\/\/www.lapluma.net\/fr\/wp-json\/wp\/v2\/tags?post=6362"},{"taxonomy":"author","embeddable":true,"href":"https:\/\/www.lapluma.net\/fr\/wp-json\/wp\/v2\/coauthors?post=6362"}],"curies":[{"name":"wp","href":"https:\/\/api.w.org\/{rel}","templated":true}]}}