{"id":63544,"date":"2024-03-07T20:40:16","date_gmt":"2024-03-07T20:40:16","guid":{"rendered":"https:\/\/www.lapluma.net\/?p=63544"},"modified":"2024-03-07T22:33:03","modified_gmt":"2024-03-07T22:33:03","slug":"hartazgos-milei-y-el-rio-subterraneo-que-va-fluyendo","status":"publish","type":"post","link":"https:\/\/www.lapluma.net\/fr\/2024\/03\/07\/hartazgos-milei-y-el-rio-subterraneo-que-va-fluyendo\/","title":{"rendered":"HARTAZGOS: Milei y el r\u00edo subterr\u00e1neo que va fluyendo"},"content":{"rendered":"<p style=\"text-align: justify;\"><span style=\"font-size: 14pt;\">El discurso de Milei no sirve para nada, excepto que se quiera abultar esa nada con la escoria que esta deja como resto. Dice las mismas cosas de siempre, no marca ninguna agenda porque todo lo que ha dicho ya lo dijo mil veces con la misma violencia, porque lo que dijo ya fue dicho y ejecutado por dictaduras y gobiernos democr\u00e1tico burgueses, capitalistas neoliberales, en mayor o menor grado.<\/span><\/p>\n<p style=\"text-align: justify;\"><span style=\"font-size: 14pt;\">En lo que dice Milei no hay mucha novedad entonces, el <a href=\"https:\/\/apuntesdesanluis.com\/index.php\/2024\/03\/01\/pacto-de-mayo-los-10-puntos-de-javier-milei-que-propuso-a-la-oposicion\/\">Pacto bizarro de Mayo<\/a> tendr\u00e1 la relevancia que los gobernadores le quieran dar, as\u00ed como de las leyes que lleve al congreso tendr\u00e1n que dar cuenta los legisladores.<\/span><\/p>\n<p style=\"text-align: justify;\"><span style=\"font-size: 14pt;\">Mientras tanto el r\u00edo subterr\u00e1neo, o que emerge en tramos, de la movilizaci\u00f3n popular va fluyendo, se precipita o se encharca, cuando todo est\u00e1 en juego y este es el movimiento fundamental.<\/span><\/p>\n<p><img loading=\"lazy\" decoding=\"async\" class=\" wp-image-63313 aligncenter\" src=\"https:\/\/www.lapluma.net\/wp-content\/uploads\/2024\/03\/convocatoria-ante-el-congreso--300x200.jpg\" alt=\"\" width=\"538\" height=\"358\" srcset=\"https:\/\/www.lapluma.net\/wp-content\/uploads\/2024\/03\/convocatoria-ante-el-congreso--300x200.jpg 300w, https:\/\/www.lapluma.net\/wp-content\/uploads\/2024\/03\/convocatoria-ante-el-congreso--768x512.jpg 768w, https:\/\/www.lapluma.net\/wp-content\/uploads\/2024\/03\/convocatoria-ante-el-congreso--435x290.jpg 435w, https:\/\/www.lapluma.net\/wp-content\/uploads\/2024\/03\/convocatoria-ante-el-congreso--150x100.jpg 150w, https:\/\/www.lapluma.net\/wp-content\/uploads\/2024\/03\/convocatoria-ante-el-congreso--370x247.jpg 370w, https:\/\/www.lapluma.net\/wp-content\/uploads\/2024\/03\/convocatoria-ante-el-congreso-.jpg 780w\" sizes=\"auto, (max-width: 538px) 100vw, 538px\" \/><\/p>\n<p style=\"text-align: justify;\"><span style=\"font-size: 14pt;\">Lo concreto es que Milei est\u00e1 llevando a este pa\u00eds a la miseria m\u00e1s atroz, en todos los sentidos. Es un gobierno violento, negacionista, antiderechos, antipopular, antiobrero. Hemos conocido otros, este va muy r\u00e1pido, como la decadencia del capitalismo, y la descomposici\u00f3n de un orden pol\u00edtico que ha consolidado a los poderosos punto a punto.<\/span><\/p>\n<p style=\"text-align: justify;\"><span style=\"font-size: 14pt;\">La escena de ayer fue una escena fascista (disculpen la palabra, y no se pongan nerviosos), totalitaria. No voy a entrar en detalles, pero baste decir que el foco era \u00fanico y total, toda oposici\u00f3n con cuerpo, todo relieve, fue sistem\u00e1ticamente borrado.<\/span><\/p>\n<figure id=\"attachment_63549\" aria-describedby=\"caption-attachment-63549\" style=\"width: 584px\" class=\"wp-caption aligncenter\"><img loading=\"lazy\" decoding=\"async\" class=\"wp-image-63549\" src=\"https:\/\/www.lapluma.net\/wp-content\/uploads\/2024\/03\/conan-ha-muerto-1746048-1-300x169.jpg\" alt=\"\" width=\"584\" height=\"329\" srcset=\"https:\/\/www.lapluma.net\/wp-content\/uploads\/2024\/03\/conan-ha-muerto-1746048-1-300x169.jpg 300w, https:\/\/www.lapluma.net\/wp-content\/uploads\/2024\/03\/conan-ha-muerto-1746048-1-1024x576.jpg 1024w, https:\/\/www.lapluma.net\/wp-content\/uploads\/2024\/03\/conan-ha-muerto-1746048-1-768x432.jpg 768w, https:\/\/www.lapluma.net\/wp-content\/uploads\/2024\/03\/conan-ha-muerto-1746048-1-870x489.jpg 870w, https:\/\/www.lapluma.net\/wp-content\/uploads\/2024\/03\/conan-ha-muerto-1746048-1-895x503.jpg 895w, https:\/\/www.lapluma.net\/wp-content\/uploads\/2024\/03\/conan-ha-muerto-1746048-1.jpg 1280w\" sizes=\"auto, (max-width: 584px) 100vw, 584px\" \/><figcaption id=\"caption-attachment-63549\" class=\"wp-caption-text\"><a href=\"https:\/\/noticias.perfil.com\/noticias\/politica\/conan-ha-muerto-los-afiches-del-perro-fantasma-de-milei-que-coparon-buenos-aires.phtml\">\u201cConan ha muerto\u201d: los afiches del perro fantasma de Milei que coparon Buenos Aires<\/a><\/figcaption><\/figure>\n<p style=\"text-align: justify;\"><span style=\"font-size: 14pt;\">Vendr\u00e1 o vendr\u00e1n a C\u00f3rdoba, cuna de <a href=\"https:\/\/noticias.perfil.com\/noticias\/politica\/conan-ha-muerto-los-afiches-del-perro-fantasma-de-milei-que-coparon-buenos-aires.phtml\">Conan, el perro fantasma<\/a>, y de las facciones mon\u00e1rquicas all\u00e1 por el 1810, que se resist\u00edan a la revoluci\u00f3n de Mayo, C\u00f3rdoba reaccionaria, la que dio la log\u00edstica para el golpe asesino de 1955, la C\u00f3rdoba de <a href=\"https:\/\/www.pagina12.com.ar\/98411-que-no-descanse-en-paz\">Men\u00e9ndez<\/a>, a la derecha de <a href=\"https:\/\/www.ecured.cu\/Jorge_Rafael_Videla\">Videla<\/a>, del <a href=\"https:\/\/www.elmundo.es\/elmundo\/2006\/05\/03\/obituarios\/1146650354.html\">Cardenal Primatesta<\/a>, sostenedor impert\u00e9rrito del orden expoliador, como toda la runfla episcopal que bendice a milicos y explotadores. C\u00f3rdoba, finalmente, la madre del <a href=\"https:\/\/www.conclusion.com.ar\/politica\/el-cordobesismo-nace-del-proceso-militar-y-la-fundacion-mediterranea-para-afirmar-el-proyecto-liberal\/04\/2023\/\">cordobesismo<\/a>, ese acuerdo de los poderes reales que eligen sus representantes para las elecciones y luego les ponen el sellito: UCR; PJ, JXC, cualquier cosa.<\/span><\/p>\n<p style=\"text-align: justify;\"><span style=\"font-size: 14pt;\">C\u00f3rdoba insurrecta ha tenido su cita intens\u00edsima con la historia, sus nombres propios, sus grandes movimientos colectivos. Ella guarda a\u00fan una profunda verdad de la que hemos sido despojados de muchos modos y por muchas manos.<\/span><\/p>\n<p style=\"text-align: justify;\"><span style=\"font-size: 14pt;\">No marcar\u00e9 los hitos ni dir\u00e9 los nombres de la rebeld\u00eda y la desobediencia en este breve texto, los dejo para que quienes quieran los murmuren como una suerte de plegaria pol\u00edtica, como el linaje que a\u00fan podemos elegir.<\/span><\/p>\n<p style=\"text-align: justify;\"><span style=\"font-size: 14pt;\">\u00bfVamos a luchar?, d\u00f3nde, c\u00f3mo, con qui\u00e9nes, cu\u00e1ndo, para qu\u00e9. Ya no hay m\u00e1s tiempo, ni m\u00e1s tela, ni m\u00e1s fideos en la olla, ni m\u00e1s leche en los vasitos de lxs pibxs, ni queda nada excepto la promesa de un mayor dolor.<\/span><\/p>\n<p style=\"text-align: justify;\"><span style=\"font-size: 14pt;\">C\u00f3rdoba la Docta, cuna tambi\u00e9n del disimulo, del cinismo, de la hipocres\u00eda. Los grandes vicios acad\u00e9micos, viejos como la universidad. Contamos con tratados medievales al respecto. Qu\u00e9 har\u00e1 la Docta, la Docta y Santa, recordando a Nicolai y su c\u00e9lebre discurso de despedida de esta ciudad, cuyas entra\u00f1as est\u00e1n hendidas, partidas por el cuchillo de la historia, por la muerte y la vida, que, otra vez, est\u00e1n ante nosotrxs. Los dos caminos, la devastaci\u00f3n o la revuelta.<\/span><\/p>\n<p style=\"text-align: center;\"><iframe loading=\"lazy\" title=\"A 50 A\u00d1OS DEL CORDOBAZO | La movilizaci\u00f3n como herramienta pol\u00edtica de las clases populares\" src=\"https:\/\/www.youtube.com\/embed\/jonS7pw1K0k\" width=\"640\" height=\"360\" frameborder=\"0\" allowfullscreen=\"allowfullscreen\"><\/iframe><\/p>\n<h2><span style=\"font-size: 14pt;\">Flavia Dezzutto<\/span><\/h2>\n<h2><span style=\"font-size: 14pt;\">Publicado por <a href=\"https:\/\/pajarorojo.com.ar\/hartazgos-milei-y-el-rio-subterraneo-que-va-fluyendo\/\"><span style=\"color: #ff0000;\">P\u00e1jaro Rojo<\/span><\/a>, El blog de Juan Salinas \/6 de marzo de 2024<\/span><\/h2>\n<h2><span style=\"font-size: 14pt;\">Editado por <\/span><a href=\"https:\/\/www.lapluma.net\/nosotros\/editora\/\"><span style=\"font-size: 14pt;\">Mar\u00eda Piedad Ossaba<\/span><\/a><\/h2>\n<p>&nbsp;<\/p>\n","protected":false},"excerpt":{"rendered":"<p>Palabras de la Decana de la Facultad de Filosof\u00eda y Humanidades de la Universidad Nacional de C\u00f3rdoba, Flavia Dezzutto&#8230;\u00bfVamos a luchar?, d\u00f3nde, c\u00f3mo, con qui\u00e9nes, cu\u00e1ndo, para qu\u00e9. Ya no hay m\u00e1s tiempo, ni m\u00e1s tela, ni m\u00e1s fideos en la olla, ni m\u00e1s leche en los vasitos de lxs pibxs, ni queda nada excepto la promesa de un mayor dolor.<\/p>\n","protected":false},"author":1410,"featured_media":63555,"comment_status":"open","ping_status":"open","sticky":false,"template":"","format":"standard","meta":{"_uf_show_specific_survey":0,"_uf_disable_surveys":false,"footnotes":""},"categories":[5,217],"tags":[25890,225,25886,2408,25891,25883,25887,25888,25882,25889,25884,25892],"coauthors":[25881],"class_list":["post-63544","post","type-post","status-publish","format-standard","has-post-thumbnail","hentry","category-editoriales-y-opiniones","category-abya-yala","tag-antipopular-antiobrero","tag-argentina","tag-conan","tag-cordoba","tag-cordobesismo","tag-flavia-dezzuto","tag-general-menendez","tag-gobierno-violento","tag-juan-jose-salinas","tag-negacionista-antiderechos","tag-politica-nacional","tag-ucr-pj-jxc"],"translation":{"provider":"WPGlobus","version":"2.12.2","language":"fr","enabled_languages":["es","fr"],"languages":{"es":{"title":true,"content":true,"excerpt":true},"fr":{"title":false,"content":false,"excerpt":false}}},"_links":{"self":[{"href":"https:\/\/www.lapluma.net\/fr\/wp-json\/wp\/v2\/posts\/63544","targetHints":{"allow":["GET"]}}],"collection":[{"href":"https:\/\/www.lapluma.net\/fr\/wp-json\/wp\/v2\/posts"}],"about":[{"href":"https:\/\/www.lapluma.net\/fr\/wp-json\/wp\/v2\/types\/post"}],"author":[{"embeddable":true,"href":"https:\/\/www.lapluma.net\/fr\/wp-json\/wp\/v2\/users\/1410"}],"replies":[{"embeddable":true,"href":"https:\/\/www.lapluma.net\/fr\/wp-json\/wp\/v2\/comments?post=63544"}],"version-history":[{"count":9,"href":"https:\/\/www.lapluma.net\/fr\/wp-json\/wp\/v2\/posts\/63544\/revisions"}],"predecessor-version":[{"id":63567,"href":"https:\/\/www.lapluma.net\/fr\/wp-json\/wp\/v2\/posts\/63544\/revisions\/63567"}],"wp:featuredmedia":[{"embeddable":true,"href":"https:\/\/www.lapluma.net\/fr\/wp-json\/wp\/v2\/media\/63555"}],"wp:attachment":[{"href":"https:\/\/www.lapluma.net\/fr\/wp-json\/wp\/v2\/media?parent=63544"}],"wp:term":[{"taxonomy":"category","embeddable":true,"href":"https:\/\/www.lapluma.net\/fr\/wp-json\/wp\/v2\/categories?post=63544"},{"taxonomy":"post_tag","embeddable":true,"href":"https:\/\/www.lapluma.net\/fr\/wp-json\/wp\/v2\/tags?post=63544"},{"taxonomy":"author","embeddable":true,"href":"https:\/\/www.lapluma.net\/fr\/wp-json\/wp\/v2\/coauthors?post=63544"}],"curies":[{"name":"wp","href":"https:\/\/api.w.org\/{rel}","templated":true}]}}