{"id":6341,"date":"2019-02-13T00:56:21","date_gmt":"2019-02-13T00:56:21","guid":{"rendered":"http:\/\/www.lapluma.net\/?p=6341"},"modified":"2019-02-15T03:59:43","modified_gmt":"2019-02-15T03:59:43","slug":"libertad-para-el-rio-cauca-movilizacion-nacional-juves-14-de-febrero","status":"publish","type":"post","link":"https:\/\/www.lapluma.net\/fr\/2019\/02\/13\/libertad-para-el-rio-cauca-movilizacion-nacional-juves-14-de-febrero\/","title":{"rendered":"<i>Libertad para el r\u00edo Cauca<\/i> Movilizaci\u00f3n Nacional, jueves 14 de Febrero"},"content":{"rendered":"<p><img loading=\"lazy\" decoding=\"async\" class=\"alignleft\" title=\"Movimiento R\u00edos Vivos Antioquia (MRVA)\" src=\"https:\/\/www.frontlinedefenders.org\/sites\/default\/files\/logo-rios-vivos-.jpeg\" alt=\"Movimiento R\u00edos Vivos Antioquia (MRVA)\" width=\"205\" height=\"93\" \/><\/p>\n<p><img loading=\"lazy\" decoding=\"async\" class=\" wp-image-6342 aligncenter\" src=\"http:\/\/www.lapluma.net\/wp-content\/uploads\/2019\/02\/Libertad-para-el-rio-Cauca-Movilisacion-Nacional-232x300.jpg\" alt=\"\" width=\"644\" height=\"833\" srcset=\"https:\/\/www.lapluma.net\/wp-content\/uploads\/2019\/02\/Libertad-para-el-rio-Cauca-Movilisacion-Nacional-232x300.jpg 232w, https:\/\/www.lapluma.net\/wp-content\/uploads\/2019\/02\/Libertad-para-el-rio-Cauca-Movilisacion-Nacional-768x994.jpg 768w, https:\/\/www.lapluma.net\/wp-content\/uploads\/2019\/02\/Libertad-para-el-rio-Cauca-Movilisacion-Nacional-791x1024.jpg 791w, https:\/\/www.lapluma.net\/wp-content\/uploads\/2019\/02\/Libertad-para-el-rio-Cauca-Movilisacion-Nacional.jpg 989w\" sizes=\"auto, (max-width: 644px) 100vw, 644px\" \/><\/p>\n<p style=\"text-align: center;\">\n<iframe loading=\"lazy\" style=\"border: none; overflow: hidden;\" src=\"https:\/\/www.facebook.com\/plugins\/video.php?href=https%3A%2F%2Fwww.facebook.com%2FAntioquiaReVerde%2Fvideos%2F368998987217931%2F&amp;show_text=0&amp;width=560\" width=\"560\" height=\"308\" frameborder=\"0\" scrolling=\"no\" allowfullscreen=\"allowfullscreen\"><\/iframe><\/p>\n<p style=\"text-align: center;\"><span style=\"font-size: 18pt;\"><strong>Exigimos investigaci\u00f3n disciplinaria y penal a Hidroituango EPM por violaci\u00f3n de derechos<\/strong><\/span><\/p>\n<p><img loading=\"lazy\" decoding=\"async\" class=\" wp-image-6343 aligncenter\" src=\"http:\/\/www.lapluma.net\/wp-content\/uploads\/2019\/02\/Capture-peticion-EPM-300x169.jpg\" alt=\"\" width=\"729\" height=\"411\" srcset=\"https:\/\/www.lapluma.net\/wp-content\/uploads\/2019\/02\/Capture-peticion-EPM-300x169.jpg 300w, https:\/\/www.lapluma.net\/wp-content\/uploads\/2019\/02\/Capture-peticion-EPM.jpg 603w\" sizes=\"auto, (max-width: 729px) 100vw, 729px\" \/><\/p>\n<p><img loading=\"lazy\" decoding=\"async\" class=\"alignnone wp-image-6352\" src=\"http:\/\/www.lapluma.net\/wp-content\/uploads\/2019\/02\/Capture-logo-red-nacional-del-aguaBis.jpg\" alt=\"\" width=\"97\" height=\"86\" \/><\/p>\n<p><a href=\"https:\/\/www.change.org\/u\/876169060\"><strong><span style=\"font-size: 12pt;\">Red Nacional del Agua Colombia<\/span><\/strong><\/a><span style=\"font-size: 12pt;\"><strong> a lanc\u00e9 cette p\u00e9tition adress\u00e9e \u00e0 <\/strong><a href=\"https:\/\/www.change.org\/decision-makers\/procuraduria-general-de-la-naci%C3%B3n-046c12e3-7b1a-4be4-a0cf-2e7fb7d8fa9a\"><strong>Procuraduria General de la Naci\u00f3n, Procurador General de la Naci\u00f3n<\/strong><\/a><\/span><\/p>\n<p style=\"text-align: center;\"><span style=\"font-size: 12pt;\"><strong>EXIGIMOS INVESTIGACI\u00d3N DISCIPLINARIA Y PENAL A HIDROITUANGO EPM POR VIOLACI\u00d3N DDHH Y AMBIENTALES<\/strong><\/span><\/p>\n<p><span style=\"font-size: 12pt;\"><strong>#HidroituangoUnDesastre \u00a0 &#8211; \u00a0 \u00a0 \u00a0Declaraci\u00f3n de Estado de Emergencia<\/strong><\/span><\/p>\n<ol>\n<li style=\"text-align: justify;\"><span style=\"font-size: 12pt;\"><strong>Exigimos a la Procuradur\u00eda General de la Naci\u00f3n que Restituya los Derechos Colectivos y Ambientales de las Comunidades Afectadas por el Proyecto Hidroel\u00e9ctrico Hidroituango.<\/strong><\/span><\/li>\n<li style=\"text-align: justify;\"><span style=\"font-size: 12pt;\"><strong>Exigimos el Reconocimiento\u00a0Del R\u00edo Cauca como Sujeto de Derechos y se determine inmediatamente la liberaci\u00f3n de su afluente para que restaure el caudal m\u00ednimo\u00a0vital del ecosistema regional.\u00a0<\/strong><\/span><\/li>\n<li style=\"text-align: justify;\"><span style=\"font-size: 12pt;\"><strong>Exigimos se d\u00e9 prevalencia al curso natural del Agua como l\u00edquido vital para el Derecho a la Vida de las Comunidades del NorOccidente Colombiano. \u00a0<\/strong><\/span><\/li>\n<li style=\"text-align: justify;\"><span style=\"font-size: 12pt;\">Las organizaciones socio-ambientales de Colombia articuladas a trav\u00e9s de la Red Nacional del Agua de Colombia hacemos p\u00fablico este comunicado en solidaridad con las comunidades rurales, el territorio afectado <strong>y el Movimiento R\u00edos Vivos Antioquia por la crisis ambiental y social ocasionada por el REPRESAMIENTO del R\u00edo Cauca,<\/strong> el cual fue represado por la Hidroel\u00e9ctrica HidroItuango de las Empresas P\u00fablicas de Medell\u00edn EPM, megaproyecto realizado en contra de todas las peticiones realizadas por la comunidad para que no se represara, desviara ni transformar\u00e1 la vocaci\u00f3n ancestral social y ambiental agr\u00f3noma, pesquera y barequera de la regi\u00f3n, siendo as\u00ed mismo v\u00edctimas de vulneraci\u00f3n de derechos humanos, individuales, colectivos y ambientales.<\/span><\/li>\n<\/ol>\n<p style=\"text-align: justify;\"><span style=\"font-size: 12pt;\">Por esta raz\u00f3n manifestamos que:<\/span><\/p>\n<p style=\"text-align: justify;\"><span style=\"font-size: 12pt;\">Sobre la situaci\u00f3n de vulneraci\u00f3n de derechos:<\/span><\/p>\n<ol style=\"text-align: justify;\">\n<li><span style=\"font-size: 12pt;\">Exigimos a la Procuradur\u00eda General de la Naci\u00f3n que Declare Estado de Emergencia Ambiental en los municipios de<strong> Valdivia, Caucasia, Sabanalarga e Ituango debido al inminente riesgo de un Colapso Ambiental y Desastre Ecol\u00f3gico por\u00a0la<\/strong> <strong>coptaci\u00f3n del Agua\u00a0Del R\u00edo Cauca para el\u00a0resguardo de la Seguridad del Proyecto Hidroituango el d\u00eda 5 de Febrero de 2019 desabasteciendo el agua en m\u00e1s de un 70% afectando la\u00a0Segurida\u00a0H\u00eddrica Nacional y atentando contra el equilibrio del ecosistema. \u00a0<\/strong>\u00a0<\/span><\/li>\n<li><span style=\"font-size: 12pt;\">Exigimos a la Procuradur\u00eda General de la Naci\u00f3n <strong>una investigaci\u00f3n disciplinaria y efectiva sanci\u00f3n\u00a0<\/strong>a la Empresas P\u00fablicas de Medell\u00edn por la violaci\u00f3n de derechos humanos ambientales en el desarrollo de Hidroituango entre 2010 y <strong>2019<\/strong>.<\/span><\/li>\n<li><span style=\"font-size: 12pt;\">Se esclarezca (el asesinato de los l\u00edderes comunitarios H\u00e9ctor Alberto George P\u00e9rez y Luis Alberto Torres Montoya (QEPD) del movimiento R\u00edos Vivos Antioquia quienes alertaron sobre la inminencia del desbordamiento y fueron asesinados cruelmente frente al silencio de la sociedad y el estado los d\u00edas 2 y 8 de mayo respectivamente<\/span><\/li>\n<li><span style=\"font-size: 12pt;\">Exigimos se esclarezca la aparente relaci\u00f3n entre la construcci\u00f3n de este megaproyecto y el ocultamiento de fosas comunes de cr\u00edmenes ejercidos por paramilitares, de estas investigaciones se han exhumado 159 cuerpos encontrados hallados en la zona.<\/span><\/li>\n<li><span style=\"font-size: 12pt;\">Responsabilizamos, solidariamente, a quienes estigmatizaron y atacaron a las comunidades rurales y al movimiento Rios Vivos Antioquia, los ex-gobernadores:\u00a0<\/span><\/li>\n<\/ol>\n<ul style=\"text-align: justify;\">\n<li><span style=\"font-size: 12pt;\">\u00c1lvaro Uribe Velez (2000-2019) .<\/span><\/li>\n<li><span style=\"font-size: 12pt;\">Luis Alfredo Ramos (2008-2011) como principal responsable de emergencia quien actu\u00f3 como empresario y accionista mayoritario de Hidroituango, quien amedrent\u00f3 y amenaz\u00f3 con encarcelamiento a los defensores ambientales y propici\u00f3 la vulneraci\u00f3n de derechos humanos y ambientales a trav\u00e9s de acciones vinculadas con paramilitares.<\/span><\/li>\n<li><span style=\"font-size: 12pt;\">Sergio Fajardo Valderrama (2012-2015) quien omiti\u00f3 todos los reclamos y denuncias de las comunidades, d\u00e1ndole prioridad a los intereses econ\u00f3micos sobre el bien p\u00fablico y privado de las comunidades rurales.<\/span><\/li>\n<li><span style=\"font-size: 12pt;\">Luis Perez (2016-2018) quien a trav\u00e9s de sus recientes declaraciones p\u00fablicas tild\u00f3 de \u201ctelenovela\u201d la cat\u00e1strofe ambiental a la que se enfrentan las comunidades y la regi\u00f3n, estigmatizando a los defensores y minimizando la grave problem\u00e1tica frente a la opini\u00f3n p\u00fablica.<\/span><\/li>\n<\/ul>\n<ol style=\"text-align: justify;\">\n<li><span style=\"font-size: 12pt;\">Exigimos la garant\u00eda de cumplimiento de los derechos humanos y ambientales de los l\u00edderes y comunidades rurales de Valdivia, Caucasia, Ituango y Sabanalarga quienes se oponen al megaproyecto Hidroituango y exigen garant\u00edas para que se contin\u00faen la s investigaci\u00f3nes respectivas de tipo penal, disciplinario y administrativo, respetando el debido proceso.<\/span><\/li>\n<li><span style=\"font-size: 12pt;\">Exigimos esclarecimiento p\u00fablico de las causas t\u00e9cnicas, pol\u00edticas y ambientales que\u00a0incidieron en esta tragedia no-natural para que se identifiquen p\u00fablicamente y judicialicen a\u00a0los responsables.<\/span><\/li>\n<li><span style=\"font-size: 12pt;\">Determinar de manera expedita el detrimento econ\u00f3mico y patrimonial a las finanzas\u00a0publicas, que seg\u00fan algunas fuentes hoy se cree asciende a 400.000 millones de pesos.<\/span><\/li>\n<li><span style=\"font-size: 12pt;\">Determinar de manera expedita la afectaci\u00f3n de m\u00e1s de 1000 familias de los municipios Valdivia, Caucasia, Sabanalarga e Ituango.<\/span><\/li>\n<\/ol>\n<p style=\"text-align: justify;\"><span style=\"font-size: 12pt;\"><strong>Sobre la emergencia ambiental exigimos:<\/strong><\/span><\/p>\n<ol style=\"text-align: justify;\">\n<li><span style=\"font-size: 12pt;\"><strong>Se cancele inmediatamente el megaproyecto Hidroituango el cu\u00e1l es un peligro permanente por su inviabilidad demostrada en los estudios ambientales que demostraban el inminente riesgo que representa Hidroituango debido a que se ubica en zona de fallas geol\u00f3gicas y de lluvias.<\/strong><\/span><\/li>\n<li><span style=\"font-size: 12pt;\">Se evac\u00fae de manera controlada y segura el agua represada.<\/span><\/li>\n<li><span style=\"font-size: 12pt;\">Se realice un plan de b\u00fasqueda de personas dadas por desaparecidas en la zona de\u00a0influencia del megaproyecto y se suspenda el llenado hasta tanto no se garantice que no\u00a0queda m\u00e1s cuerpos en la zona de afectaci\u00f3n.<\/span><\/li>\n<li><span style=\"font-size: 12pt;\">Se caracterice a todas las comunidades en riesgo del Bajo Cauca Antioque\u00f1o.<\/span><\/li>\n<li><span style=\"font-size: 12pt;\">Se atienda la emergencia humanitaria con sitios de albergue, alimentaci\u00f3n y abrigo para las\u00a0familias cuyos medios de vida dependen del R\u00edo Cauca.<\/span><\/li>\n<li><span style=\"font-size: 12pt;\">Se brinde tierras y proyectos productivos para las familias que perdieron sus modos de\u00a0vida.<\/span><\/li>\n<li><span style=\"font-size: 12pt;\">Se brinde informaci\u00f3n veraz y oportuna sobre lo que realmente est\u00e1 sucediendo con este\u00a0megaproyecto.<\/span><\/li>\n<li><span style=\"font-size: 12pt;\">Se sancione a los responsables de esta tragedia social y ambiental.<\/span><\/li>\n<li><span style=\"font-size: 12pt;\">Exigimos que ANLA se pronuncie sobre la procedencia o improcedencia de las medidas\u00a0anunciadas p\u00fablicamente por EPM para atender la inundaci\u00f3n y en especial la del vertedero.<\/span><\/li>\n<li><span style=\"font-size: 12pt;\">Exigimos se reconozca el proceso de lucha de las comunidades rurales por la garant\u00eda de los derechos humanos y ambientales.<\/span><\/li>\n<\/ol>\n<p style=\"text-align: justify;\"><span style=\"font-size: 12pt;\"><strong>\u00a1Aguas para la Vida, No para la Muerte!<\/strong><\/span><\/p>\n<p style=\"text-align: justify;\"><span style=\"font-size: 12pt;\"><strong>RED NACIONAL DEL AGUA<\/strong><\/span><\/p>\n<p style=\"text-align: justify;\"><span style=\"font-size: 12pt;\"><strong>MOVIMIENTO R\u00cdOS VIVOS ANTIOQUIA<\/strong><\/span><\/p>\n<p style=\"text-align: justify;\"><span style=\"font-size: 12pt;\"><a href=\"mailto:rednalaguacol@gmail.com\"><strong>rednalaguacol@gmail.com<\/strong><\/a><\/span><\/p>\n<p style=\"text-align: justify;\"><a href=\"https:\/\/www.change.org\/p\/pgn-col-exigimos-investigaciones-a-hidroituango-epm-por-violaci%C3%B3n-de-derechos-ambientales-y-humanos?recruiter=291765421&amp;utm_source=share_petition&amp;utm_medium=facebook&amp;utm_campaign=psf_combo_share_initial.pacific_post_sap_share_gmail_abi.gmail_abi&amp;recruited_by_id=d3090250-f4d2-11e4-9a3d-657e225b9cb9&amp;fbclid=IwAR197Qb_1qXzF1Q9UUO1rg2a95qCBS807dUFG5ZJXVeU7J-_H2OWuSXiJaI\"><span style=\"font-size: 12pt;\"><span style=\"font-size: 18pt;\"><strong>Firme la petici\u00f3n aqu\u00ed<\/strong><\/span><\/span><\/a><\/p>\n<p><img decoding=\"async\" class=\"aligncenter\" src=\"http:\/\/tlaxcala-int.org\/upload\/gal_19732.jpg\" alt=\"http:\/\/tlaxcala-int.org\/upload\/gal_19732.jpg\" \/><\/p>\n<p><span style=\"font-size: 12pt;\"><strong>Editado por <a href=\"http:\/\/www.lapluma.net\/nosotros\/editora\/\">Mar\u00eda Piedad Ossaba<\/a><\/strong><\/span><\/p>\n<p><span style=\"font-size: 12pt;\"><strong>Lea en La Pluma:<\/strong><\/span><\/p>\n<h3 class=\"entry-title\"><a tabindex=\"0\" href=\"http:\/\/www.lapluma.net\/2019\/02\/11\/colombia-hidroituango-la-peor-catastrofe-de-corrupcion-de-la-historia-de-antioquia-y-epm\/\" rel=\"bookmark\"><span style=\"font-size: 12pt;\">Colombia-Hidroituango: \u00bfla peor cat\u00e1strofe de corrupci\u00f3n de la historia de Antioquia y EPM?<\/span><\/a><\/h3>\n<p><a href=\"http:\/\/www.lapluma.net\/2019\/02\/06\/ecocidio-como-colombia-acaba-con-sus-rios\/\"><strong>Ecocidio : C\u00f3mo Colombia acaba con sus r\u00edos<\/strong><\/a><\/p>\n<h3><span style=\"font-size: 12pt;\"><a href=\"http:\/\/www.lapluma.net\/2019\/02\/08\/accion-urgente-colombia-el-rio-cauca-agoniza-esta-en-tus-manos-hacer-algo-para-salvarlo\/\">Acci\u00f3n urgente Colombia<br \/>\n<em>El R\u00edo Cauca agoniza: est\u00e1 en tus manos hacer algo para salvarlo<\/em><\/a><\/span><\/h3>\n<h3 class=\"entry-title\"><span style=\"font-size: 12pt;\"><a href=\"http:\/\/www.lapluma.net\/2019\/02\/09\/padre-pare-joan-manuel-serrat\/\" rel=\"bookmark\">Padre Pare, Joan Manuel Serrat<\/a><\/span><\/h3>\n<h3 class=\"entry-title\"><a href=\"http:\/\/www.lapluma.net\/2019\/02\/08\/lamento-sinuano\/\" rel=\"bookmark\"><span style=\"font-size: 12pt;\">Lamento Sinuano<\/span><\/a><\/h3>\n","protected":false},"excerpt":{"rendered":"<p>Exigimos investigaci&oacute;n disciplinaria y penal a Hidroituango EPM por violaci&oacute;n de derechos Red Nacional del Agua Colombia a lanc&eacute; cette p&eacute;tition adress&eacute;e &agrave; Procuraduria General de la Naci&oacute;n, Procurador General de la Naci&oacute;n EXIGIMOS INVESTIGACI&Oacute;N DISCIPLINARIA Y PENAL A HIDROITUANGO EPM POR VIOLACI&Oacute;N DDHH Y AMBIENTALES #HidroituangoUnDesastre &nbsp; &ndash; &nbsp; &nbsp; &nbsp;Declaraci&oacute;n de Estado de&#8230;<\/p>\n","protected":false},"author":358,"featured_media":6109,"comment_status":"open","ping_status":"open","sticky":false,"template":"","format":"standard","meta":{"_uf_show_specific_survey":0,"_uf_disable_surveys":false,"footnotes":""},"categories":[2489,217],"tags":[28,65,2328,3218,3217,3219],"coauthors":[3220],"class_list":["post-6341","post","type-post","status-publish","format-standard","has-post-thumbnail","hentry","category-agenda","category-abya-yala","tag-colombia","tag-abya-yala","tag-ecocidio-en-marcha","tag-jueves-14-de-febrero","tag-mobilizacion-nacional","tag-peticion"],"translation":{"provider":"WPGlobus","version":"2.12.2","language":"fr","enabled_languages":["es","fr"],"languages":{"es":{"title":true,"content":true,"excerpt":false},"fr":{"title":false,"content":false,"excerpt":false}}},"_links":{"self":[{"href":"https:\/\/www.lapluma.net\/fr\/wp-json\/wp\/v2\/posts\/6341","targetHints":{"allow":["GET"]}}],"collection":[{"href":"https:\/\/www.lapluma.net\/fr\/wp-json\/wp\/v2\/posts"}],"about":[{"href":"https:\/\/www.lapluma.net\/fr\/wp-json\/wp\/v2\/types\/post"}],"author":[{"embeddable":true,"href":"https:\/\/www.lapluma.net\/fr\/wp-json\/wp\/v2\/users\/358"}],"replies":[{"embeddable":true,"href":"https:\/\/www.lapluma.net\/fr\/wp-json\/wp\/v2\/comments?post=6341"}],"version-history":[{"count":13,"href":"https:\/\/www.lapluma.net\/fr\/wp-json\/wp\/v2\/posts\/6341\/revisions"}],"predecessor-version":[{"id":6348,"href":"https:\/\/www.lapluma.net\/fr\/wp-json\/wp\/v2\/posts\/6341\/revisions\/6348"}],"wp:featuredmedia":[{"embeddable":true,"href":"https:\/\/www.lapluma.net\/fr\/wp-json\/wp\/v2\/media\/6109"}],"wp:attachment":[{"href":"https:\/\/www.lapluma.net\/fr\/wp-json\/wp\/v2\/media?parent=6341"}],"wp:term":[{"taxonomy":"category","embeddable":true,"href":"https:\/\/www.lapluma.net\/fr\/wp-json\/wp\/v2\/categories?post=6341"},{"taxonomy":"post_tag","embeddable":true,"href":"https:\/\/www.lapluma.net\/fr\/wp-json\/wp\/v2\/tags?post=6341"},{"taxonomy":"author","embeddable":true,"href":"https:\/\/www.lapluma.net\/fr\/wp-json\/wp\/v2\/coauthors?post=6341"}],"curies":[{"name":"wp","href":"https:\/\/api.w.org\/{rel}","templated":true}]}}