{"id":6329,"date":"2019-02-12T20:52:07","date_gmt":"2019-02-12T20:52:07","guid":{"rendered":"http:\/\/www.lapluma.net\/?p=6329"},"modified":"2019-02-13T04:10:58","modified_gmt":"2019-02-13T04:10:58","slug":"entrevista-exclusiva-con-michel-mujica-embajador-de-venezuela-en-francia","status":"publish","type":"post","link":"https:\/\/www.lapluma.net\/fr\/2019\/02\/12\/entrevista-exclusiva-con-michel-mujica-embajador-de-venezuela-en-francia\/","title":{"rendered":"Interview exclusive de Michel Mujica l\u2019ambassadeur du Venezuela en France"},"content":{"rendered":"<p style=\"text-align: justify;\"><span style=\"font-size: 12pt;\"><strong><img loading=\"lazy\" decoding=\"async\" class=\"irc_mi alignleft\" src=\"https:\/\/i1.wp.com\/www.francecuba.org\/wp-content\/uploads\/hector-michel-mujica-ricardo-ambassadeur-du-venezuela.jpg?resize=512%2C348\" alt=\"R\u00e9sultat de recherche d'images pour \" width=\"131\" height=\"89\" \/><\/strong>Confront\u00e9 \u00e0 la d\u00e9sinformation massive des m\u00e9dias pro-imp\u00e9rialistes sur la situation au Venezuela, la direction politique d\u2019Initiative communiste a pris l\u2019initiative de demander \u00e0 M. Michel MUJICA, ambassadeur en France de la R\u00e9publique bolivarienne, de nous \u00e9clairer sur cette question. Nous demandons aux visiteurs d\u2019Initiative Communiste, non seulement de lire cette d\u00e9claration, mais de la partager au maximum sur internet et sur les r\u00e9seaux sociaux.<\/span><\/p>\n<p style=\"text-align: justify;\"><span style=\"font-size: 12pt;\">G. Gastaud, directeur politique d\u2019Initiative Communiste<\/span><\/p>\n<p style=\"text-align: justify;\"><span style=\"font-size: 12pt;\"><em>Monsieur l\u2019Ambassadeur de la R\u00e9publique Bolivarienne du Venezuela en France, Michel Hector Mujica,\u00a0 a expliqu\u00e9 le 2 f\u00e9vrier 2019 la situation au Venezuela, r\u00e9pondant aux questions suivantes :<br \/>\n<\/em><\/span><\/p>\n<ul>\n<li style=\"text-align: justify;\"><span style=\"font-size: 12pt;\"><em>Le groupe dit de Lima a refus\u00e9 de reconna\u00eetre la r\u00e9\u00e9lection pourtant assez large du pr\u00e9sident Maduro. Comment le peuple v\u00e9n\u00e9zu\u00e9lien r\u00e9agit-il \u00e0 cette ing\u00e9rence peu commune\u00a0?<\/em><\/span><\/li>\n<li style=\"text-align: justify;\"><span style=\"font-size: 12pt;\"><em>En outre, l\u2019oligarchie v\u00e9n\u00e9zu\u00e9lienne semble dop\u00e9e par l\u2019\u00e9volution de la situation br\u00e9silienne et par l\u2019appui que lui apporte l\u2019administration Trump. dans ces conditions tr\u00e8s d\u00e9licates, la gauche patriotique v\u00e9n\u00e9zu\u00e9lienne peut-elle tenir et contre-attaquer\u00a0?<\/em><\/span><\/li>\n<li style=\"text-align: justify;\"><span style=\"font-size: 12pt;\"><em>Le pr\u00e9sident Maduro \u00e9tait l\u2019invit\u00e9-vedette du dernier congr\u00e8s du PCV. O\u00f9 en est l\u2019unit\u00e9 combative des forces patriotiques au Venezuela\u00a0? Et qu\u2019en est-il de l\u2019unit\u00e9 des forces progressistes en <a class=\"st_tag internal_tag\" title=\"Posts tagged with Am\u00e9rique Latine\" href=\"https:\/\/www.initiative-communiste.fr\/tag\/amerique-latine\/\" rel=\"tag\">Am\u00e9rique latine<\/a> face \u00e0 ce qui ressemble \u00e0 une offensive g\u00e9n\u00e9rale de l\u2019<a class=\"st_tag internal_tag\" title=\"Posts tagged with imp\u00e9rialisme\" href=\"https:\/\/www.initiative-communiste.fr\/tag\/imperialisme\/\" rel=\"tag\">imp\u00e9rialisme<\/a> et de l\u2019oligarchie contre la gauche populaire et patriotique\u00a0?<\/em><\/span><\/li>\n<li style=\"text-align: justify;\"><\/li>\n<li>\n<p style=\"text-align: justify;\"><span style=\"font-size: 12pt;\">Nous d\u00e9non\u00e7ons une politique de recolonisation du Venezuela orchestr\u00e9e par le gouvernement de Trump. Nous assistons \u00e0 une r\u00e9volte contre le droit <a class=\"st_tag internal_tag\" title=\"Posts tagged with international\" href=\"https:\/\/www.initiative-communiste.fr\/tag\/international-2\/\" rel=\"tag\">international<\/a> et contre le principe d\u00e9mocratique et la Charte des Nations Unies. Il est surprenant et effrayant que les Etats-Unis s\u2019arrogent le droit de donner des le\u00e7ons aux V\u00e9n\u00e9zu\u00e9liens sur qui doit \u00eatre leur pr\u00e9sident\u00a0! et d\u2019imposer un pr\u00e9sident autoproclam\u00e9 sans territoire, sans administration, sans arm\u00e9e et parrain\u00e9, financ\u00e9 et dirig\u00e9 depuis Washington, c\u2019est le d\u00e9ni de la souverainet\u00e9 des nations et peuples.<\/span><\/p>\n<p style=\"text-align: justify;\"><span style=\"font-size: 12pt;\">En outre, le repr\u00e9sentant aux Etats-Unis du pr\u00e9sident autoproclam\u00e9, Juan Guaid\u00f3, a son bureau \u00e0 l\u2019ambassade de la Colombie \u00e0 Washington \u2026<\/span><\/p>\n<p style=\"text-align: justify;\"><span style=\"font-size: 12pt;\">L\u2019investiture du pr\u00e9sident Maduro le 10 janvier dernier a lieu dans un contexte complexe d\u00e9termin\u00e9 par plusieurs facteurs, mais celui qu\u2019il convient de retenir en priorit\u00e9 est que le Venezuela subit une agression \u00e9trang\u00e8re constante dirig\u00e9e par les Etats Unis. J\u2019insiste, il ne s\u2019agit plus d\u2019une menace, mon pays actuellement est la cible d\u2019une agression multiforme.<\/span><\/p>\n<p style=\"text-align: justify;\"><span style=\"font-size: 12pt;\">Avec une opposition politique discr\u00e9dit\u00e9e, affaiblie, divis\u00e9e, sans cr\u00e9dibilit\u00e9 ni capacit\u00e9 de rassembler ni de mobiliser, l\u2019effort pour renverser le gouvernement r\u00e9volutionnaire a eu son principal soutien \u00e0 niveau international aux Etats-Unis qui sont l\u2019h\u00e9g\u00e9mon et le meneur de la politique d\u2019agression imp\u00e9riale contre mon pays.\u00a0 Cela est renforc\u00e9 par un sc\u00e9nario de recul des forces progressistes dans la r\u00e9gion latino-am\u00e9ricaine et un soutien de l\u2019Union Europ\u00e9enne qui ne peut pas (et ne doit pas) \u00eatre minimis\u00e9.<\/span><\/p>\n<\/li>\n<li>\n<p style=\"text-align: justify;\"><img loading=\"lazy\" decoding=\"async\" class=\"wp-image-33518 alignleft\" title=\"\" src=\"https:\/\/www.initiative-communiste.fr\/wp-content\/uploads\/2017\/08\/Venezuela-Trump-Menace-800x467.png\" sizes=\"auto, (max-width: 373px) 100vw, 373px\" srcset=\"https:\/\/www.initiative-communiste.fr\/wp-content\/uploads\/2017\/08\/Venezuela-Trump-Menace-800x467.png 800w, https:\/\/www.initiative-communiste.fr\/wp-content\/uploads\/2017\/08\/Venezuela-Trump-Menace-300x175.png 300w, https:\/\/www.initiative-communiste.fr\/wp-content\/uploads\/2017\/08\/Venezuela-Trump-Menace-720x420.png 720w, https:\/\/www.initiative-communiste.fr\/wp-content\/uploads\/2017\/08\/Venezuela-Trump-Menace.png 1200w\" alt=\"\" width=\"373\" height=\"218\" data-attachment-id=\"33518\" data-permalink=\"https:\/\/www.initiative-communiste.fr\/articles\/international\/stop-a-lagression-americaine-venezuela-repond-a-limperialiste-trump-soutenir-venezuela-defendre-paix-souverainete-nationale\/attachment\/venezuela-trump-menace\/\" data-orig-file=\"https:\/\/www.initiative-communiste.fr\/wp-content\/uploads\/2017\/08\/Venezuela-Trump-Menace.png\" data-orig-size=\"1200,700\" data-comments-opened=\"1\" data-image-meta=\"{\" data-image-title=\"Venezuela Trump Menace\" data-image-description=\"\" data-medium-file=\"https:\/\/www.initiative-communiste.fr\/wp-content\/uploads\/2017\/08\/Venezuela-Trump-Menace-300x175.png\" data-large-file=\"https:\/\/www.initiative-communiste.fr\/wp-content\/uploads\/2017\/08\/Venezuela-Trump-Menace-800x467.png\" \/><span style=\"font-size: 12pt;\">En particulier le soi-disant Groupe de Lima, avec l\u2019exception honorable du Mexique, pr\u00e9tend s\u2019\u00e9riger en mercenaire des Etats Unis pour attaquer le Venezuela, dans un sc\u00e9nario de haute pression sur la Force Arm\u00e9e Nationale Bolivarienne pour qu\u2019elle donne un coup d\u2019Etat. Le tout dans le cadre d\u2019une campagne m\u00e9diatique qui ne peut \u00eatre qualifi\u00e9e autrement que de criminelle, fond\u00e9e sur des <em>fakes news<\/em>, des manipulations et des op\u00e9rations psychologiques \u00e0 grande \u00e9chelle, c\u2019est-\u00e0-dire, un niveau sophistiqu\u00e9 de guerre de quatri\u00e8me g\u00e9n\u00e9ration contre laquelle les Commandant Hugo Ch\u00e1vez et Fidel Castro nous avaient mis en garde.<\/span><\/p>\n<p style=\"text-align: justify;\"><span style=\"font-size: 12pt;\">Vous me demandez aussi comment le peuple v\u00e9n\u00e9zu\u00e9lien r\u00e9agit face \u00e0 cette ing\u00e9rence inhabituelle.\u00a0 Permettez-moi de ne pas \u00eatre d\u2019accord et d\u2019affirmer que cette ing\u00e9rence n\u2019est pas inhabituelle.\u00a0 Bien au contraire, elle est le comportement normal des forces imp\u00e9rialistes.\u00a0 Pour r\u00e9pondre \u00e0 votre question, je pense que le peuple doit r\u00e9pondre \u00e0 ces agressions en se renfor\u00e7ant (ce que nous appelons le <em>pouvoir populaire)<\/em> et renfor\u00e7ant l\u2019union civico-militaire.\u00a0 C\u2019est la seule fa\u00e7on de garantir la continuit\u00e9 du gouvernement et le respect de l\u2019institutionnalit\u00e9 de l\u2019Etat, la d\u00e9mocratie la souverainet\u00e9 et ce qui est fondamental pour les forces r\u00e9volutionnaires\u00a0: la paix et le bien-\u00eatre du peuple v\u00e9n\u00e9zu\u00e9lien.<\/span><\/p>\n<p style=\"text-align: justify;\"><span style=\"font-size: 12pt;\"><img loading=\"lazy\" decoding=\"async\" class=\"alignleft wp-image-36953\" title=\"\" src=\"https:\/\/www.initiative-communiste.fr\/wp-content\/uploads\/2018\/05\/venezuela-usa-election-800x467.png\" sizes=\"auto, (max-width: 231px) 100vw, 231px\" srcset=\"https:\/\/www.initiative-communiste.fr\/wp-content\/uploads\/2018\/05\/venezuela-usa-election-800x467.png 800w, https:\/\/www.initiative-communiste.fr\/wp-content\/uploads\/2018\/05\/venezuela-usa-election-300x175.png 300w, https:\/\/www.initiative-communiste.fr\/wp-content\/uploads\/2018\/05\/venezuela-usa-election-720x420.png 720w, https:\/\/www.initiative-communiste.fr\/wp-content\/uploads\/2018\/05\/venezuela-usa-election.png 1200w\" alt=\"\" width=\"231\" height=\"135\" data-attachment-id=\"36953\" data-permalink=\"https:\/\/www.initiative-communiste.fr\/articles\/international\/avec-67-des-voix-maduro-largement-re-elu-president-du-venezuela\/attachment\/venezuela-usa-election\/\" data-orig-file=\"https:\/\/www.initiative-communiste.fr\/wp-content\/uploads\/2018\/05\/venezuela-usa-election.png\" data-orig-size=\"1200,700\" data-comments-opened=\"1\" data-image-meta=\"{\" data-image-title=\"venezuela usa election\" data-image-description=\"\" data-medium-file=\"https:\/\/www.initiative-communiste.fr\/wp-content\/uploads\/2018\/05\/venezuela-usa-election-300x175.png\" data-large-file=\"https:\/\/www.initiative-communiste.fr\/wp-content\/uploads\/2018\/05\/venezuela-usa-election-800x467.png\" \/>La tradition d\u00e9mocratique et pacifique du peuple v\u00e9n\u00e9zu\u00e9lien a \u00e9t\u00e9 largement prouv\u00e9e pendant ce processus r\u00e9volutionnaire. Plus de 25 scrutins nationaux, r\u00e9gionaux et municipaux, ouverts et fiables en 19 ans (dont nous en avons remport\u00e9 23) montrent la volont\u00e9 obstin\u00e9e du peuple v\u00e9n\u00e9zu\u00e9lien \u00e0 s\u2019exprimer de fa\u00e7on d\u00e9mocratique et pacifique. Le syst\u00e8me \u00e9lectoral v\u00e9n\u00e9zu\u00e9lien est bien sup\u00e9rieur \u00e0 celui de la plupart des pays\u00a0! Jimmy Carter, dont la fondation a observ\u00e9 plusieurs scrutins, l\u2019a reconnu, estimant infime le risque de fraude. A tort\u00a0! Le syst\u00e8me est demeur\u00e9 celui que M.\u00a0Carter qualifiait de \u00ab\u00a0meilleur du monde\u00a0\u00bb. Mais l\u2019opposition l\u2019a boycott\u00e9. Rien que pendant ces 18 derniers mois ont eu lieu 5 processus \u00e9lectoraux (\u00e9lections pour l\u2019Assembl\u00e9e nationale constituante, de Gouverneurs, de Maires, de Conseiller municipaux, pr\u00e9sidentielle). Ces \u00e9lections non seulement ont compt\u00e9 avec la garantie du syst\u00e8me \u00e9lectoral v\u00e9n\u00e9zu\u00e9lien (un des meilleurs du monde) mais elles ont atteint un objectif prioritaire\u00a0: la paix.\u00a0 M\u00eame si elle est sous la menace constante des facteurs \u00e9voqu\u00e9s pr\u00e9c\u00e9demment.<a href=\"https:\/\/www.initiative-communiste.fr\/articles\/international\/interview-exclusive-de-michel-mujica-lambassadeur-du-venezuela-en-france\/#_ftn1\" name=\"_ftnref1\">[1]<\/a><\/span><\/p>\n<blockquote><p><span style=\"font-size: 12pt;\"><em>Ci-joint l\u2019int\u00e9gralit\u00e9 de l\u2019allocution du pr\u00e9sident Nicol\u00e1s MADURO lors de la c\u00e9r\u00e9monie d\u2019investiture:\u00a0 \u00a0<\/em><em><a href=\"https:\/\/www.youtube.com\/watch?v=uwHa1oMNPlI\">https:\/\/www.youtube.com\/watch?v=uwHa1oMNPlI<\/a><\/em><\/span><\/p><\/blockquote>\n<p style=\"text-align: justify;\"><span style=\"font-size: 12pt;\"><strong>\u2013<\/strong>Il est ind\u00e9niable que dans la r\u00e9gion il y a une nouvelle configuration qui s\u2019est d\u00e9port\u00e9e sur la droite et parfois, de fa\u00e7on tr\u00e8s pr\u00e9occupante, sur l\u2019extr\u00eame droite la plus r\u00e9trograde et la plus conservatrice, dont les expressions misogynes, racistes, x\u00e9nophobes et homophobes sont absolument condamnables.<\/span><\/p>\n<p style=\"text-align: justify;\"><span style=\"font-size: 12pt;\">Cependant, l\u2019esp\u00e9rance demeure. Je crois, plus sp\u00e9cifiquement, que la gauche latino-am\u00e9ricaine se trouve dans une d\u00e9marche de r\u00e9flexion qui a donn\u00e9 un premier signe d\u2019espoir\u00a0: le Mexique. Mais, en outre il y a des mouvements dans des pays du sud de l\u2019Am\u00e9rique Latine qui refusent la mise en \u0153uvre de mesures n\u00e9olib\u00e9rales et fort endettement, mesures qui dans le pass\u00e9 les ont conduits \u00e0 des crises \u00e9conomiques graves.<\/span><\/p>\n<p style=\"text-align: justify;\"><span style=\"font-size: 12pt;\"><img loading=\"lazy\" decoding=\"async\" class=\"alignleft wp-image-35178\" title=\"\" src=\"https:\/\/www.initiative-communiste.fr\/wp-content\/uploads\/2017\/12\/blocus-du-venezuela-800x467.png\" sizes=\"auto, (max-width: 229px) 100vw, 229px\" srcset=\"https:\/\/www.initiative-communiste.fr\/wp-content\/uploads\/2017\/12\/blocus-du-venezuela-800x467.png 800w, https:\/\/www.initiative-communiste.fr\/wp-content\/uploads\/2017\/12\/blocus-du-venezuela-300x175.png 300w, https:\/\/www.initiative-communiste.fr\/wp-content\/uploads\/2017\/12\/blocus-du-venezuela-720x420.png 720w, https:\/\/www.initiative-communiste.fr\/wp-content\/uploads\/2017\/12\/blocus-du-venezuela.png 1200w\" alt=\"\" width=\"229\" height=\"134\" data-attachment-id=\"35178\" data-permalink=\"https:\/\/www.initiative-communiste.fr\/articles\/international\/venezuela-lance-nouvelle-monnaie-contourner-blocus-economique-dollars\/attachment\/blocus-du-venezuela\/\" data-orig-file=\"https:\/\/www.initiative-communiste.fr\/wp-content\/uploads\/2017\/12\/blocus-du-venezuela.png\" data-orig-size=\"1200,700\" data-comments-opened=\"1\" data-image-meta=\"{\" data-image-title=\"blocus du venezuela\" data-image-description=\"\" data-medium-file=\"https:\/\/www.initiative-communiste.fr\/wp-content\/uploads\/2017\/12\/blocus-du-venezuela-300x175.png\" data-large-file=\"https:\/\/www.initiative-communiste.fr\/wp-content\/uploads\/2017\/12\/blocus-du-venezuela-800x467.png\" \/>J\u2019aimerais m\u2019arr\u00eater sur ce dernier point.\u00a0 Comme vous savez, le Venezuela fait face \u00e0 une situation \u00e9conomique extr\u00eamement complexe, que nous ne pouvons pas nier.\u00a0 Mais il faut expliquer cette situation. Il faut comprendre que la situation \u00e9conomique au Venezuela est la cons\u00e9quence d\u2019ann\u00e9es de l\u2019application par les Etats Unis et leurs tristes partenaires d\u2019Am\u00e9rique Latine et d\u2019Europe de mesures coercitives unilat\u00e9rales et ill\u00e9gales.\u00a0 Actuellement le Venezuela se trouve soumis \u00e0 un blocus \u00e9conomique, financier et commercial f\u00e9roce et qui s\u2019intensifie de plus en plus, qui lui interdit d\u2019acheter les biens et les services dont il a besoin\u00a0; en outre les actifs v\u00e9n\u00e9zu\u00e9liens \u00e0 l\u2019\u00e9tranger sont menac\u00e9s et\/ou bloqu\u00e9s, etc.<\/span><\/p>\n<p style=\"text-align: justify;\"><span style=\"font-size: 12pt;\">Je vous donne un exemple\u00a0: le Venezuela pratiquement ne peut plus acheter des m\u00e9dicaments sur le march\u00e9 international et, quand il trouve un vendeur, celui-ci est soumis \u00e0 une brutale pers\u00e9cution financi\u00e8re par le d\u00e9partement du Tr\u00e9sor (des Etats Unis).\u00a0 Cette situation fait que les entreprises craignent de vendre au Venezuela.\u00a0 Que ce soit clair : avec le Venezuela, non seulement l\u2019Etat v\u00e9n\u00e9zu\u00e9lien, mais toute personne naturelle ou juridique v\u00e9n\u00e9zu\u00e9lienne qui devient ainsi victime de la traque financi\u00e8res imp\u00e9riale.<\/span><\/p>\n<p style=\"text-align: justify;\"><span style=\"font-size: 12pt;\">Permettez-moi de vous donner un autre exemple\u00a0: on refuse au Venezuela l\u2019acc\u00e8s aux march\u00e9s financiers internationaux pour demander des cr\u00e9dits ou refinancer sa dette souveraine, comme tout autre pays le fait.\u00a0 Des ordres ex\u00e9cutifs de l\u2019administration des Etats Unis l\u2019interdisent et sanctionnent toute personne, naturelle ou juridique, qui le fasse. \u00a0<\/span><\/p>\n<p style=\"text-align: justify;\"><span style=\"font-size: 12pt;\">Toute cette situation est critique et cela d\u2019autant plus que le Venezuela est un pays p\u00e9trolier dont les principaux \u00e9changes se font dans le contexte financier international. \u00a0Il faut rappeler que la production p\u00e9troli\u00e8re elle-m\u00eame a \u00e9t\u00e9 victime de ce blocus, qui limite l\u2019acc\u00e8s de PDVSA (entreprise p\u00e9troli\u00e8re de l\u2019Etat) aux achats ou aux contrats de services n\u00e9cessaires pour la maintenance r\u00e9guli\u00e8re des installations.<\/span><\/p>\n<p style=\"text-align: justify;\"><span style=\"font-size: 12pt;\">Vous pouvez remarquer la d\u00e9termination et les efforts imp\u00e9riaux pour d\u00e9truire et porter pr\u00e9judice au peuple v\u00e9n\u00e9zu\u00e9lien sont absolus.\u00a0 J\u2019insiste, c\u2019est r\u00e9ellement une situation tr\u00e8s critique.\u00a0 Personnellement, j\u2019ai m\u00eame l\u2019impression que le monde ne conna\u00eet pas l\u2019ampleur des agressions que confronte le peuple v\u00e9n\u00e9zu\u00e9lien.<\/span><\/p>\n<p style=\"text-align: justify;\"><span style=\"font-size: 12pt;\">En tout ce sc\u00e9nario r\u00e9gional et dans un contexte mondial de plus en plus complexe et volubile \u00e0 cause pr\u00e9cis\u00e9ment de l\u2019attitude imp\u00e9riale, d\u00e9fendre la cause du Venezuela devient une obligation \u00e9thique pour tous les r\u00e9volutionnaires et tous les progressistes.<\/span><\/p>\n<p style=\"text-align: justify;\"><span style=\"font-size: 12pt;\">Je tiens \u00e0 vous dire une derni\u00e8re chose, tr\u00e8s d\u00e9cisive et importante, mais avec la forte conviction qu\u2019il est de mon devoir de le dire\u00a0:\u00a0 ce qui se passe au Venezuela et les autres pays progressistes de la r\u00e9gion (dont <a class=\"st_tag internal_tag\" title=\"Posts tagged with CUBA\" href=\"https:\/\/www.initiative-communiste.fr\/tag\/cuba\/\" rel=\"tag\">Cuba<\/a>, le Nicaragua y la Bolivia), marquera le destin des forces progressistes de la r\u00e9gion et bien au-del\u00e0.\u00a0 C\u2019est dans ce sens qu\u2019il faut comprendre que la <a class=\"st_tag internal_tag\" title=\"Posts tagged with r\u00e9volution\" href=\"https:\/\/www.initiative-communiste.fr\/tag\/revolution\/\" rel=\"tag\">R\u00e9volution<\/a> bolivarienne n\u2019est pas seulement l\u2019affaire des v\u00e9n\u00e9zu\u00e9liens.<\/span><\/p>\n<p style=\"text-align: justify;\"><span style=\"font-size: 12pt;\"><strong>Je reprends les mots du juriste \u00e9tatsunien Alfred de Zayas \u00e0 propos du Venezuela\u00a0:<\/strong>\u00a0<\/span><\/p>\n<blockquote><p><span style=\"font-size: 12pt;\">\u00ab Nous assistons \u00e0 une r\u00e9bellion contre le droit international et contre le principe d\u00e9mocratique. Il est incroyable que les Etats-Unis s\u2019arrogent le droit de dire aux V\u00e9n\u00e9zu\u00e9liens qui doit \u00eatre leur pr\u00e9sident\u00a0! Il n\u2019y a rien de moins d\u00e9mocratique qu\u2019un\u00a0<em>coup d\u2019Etat<\/em>\u00a0[en fran\u00e7ais]\u00a0! Ou de boycotter des \u00e9lections. Pourquoi l\u2019opposition l\u2019a-t-elle fait\u00a0? Parce qu\u2019elle se savait trop divis\u00e9e pour les gagner. \u00bb<\/span><\/p><\/blockquote>\n<p style=\"text-align: justify;\"><span style=\"font-size: 12pt;\"><strong>Et encore \u2026 <\/strong><\/span><\/p>\n<blockquote><p><span style=\"font-size: 12pt;\"><strong>\u00ab<\/strong> Dans tous les Etats de droit, il y a une s\u00e9paration des pouvoirs. Le parlement est \u00ab\u00a0suspendu\u00a0\u00bb car il a outrepass\u00e9 ses comp\u00e9tences et d\u00e9sob\u00e9i au Tribunal supr\u00eame. Le l\u00e9gislatif avait accept\u00e9 que pr\u00eatent serment trois d\u00e9put\u00e9s [sur 167] dont l\u2019\u00e9lection avait \u00e9t\u00e9 invalid\u00e9e par la justice pour fraude. Si la majorit\u00e9 qui tient le parlement avait voulu \u2013 ou voulait enfin \u2013 revenir sur ces assermentations, la suspension n\u2019aurait pas lieu d\u2019\u00eatre. Mais d\u00e8s le d\u00e9part, l\u2019objectif avou\u00e9 \u00e9tait de faire tomber le pr\u00e9sident. Les parlementaires s\u2019\u00e9taient explicitement donn\u00e9s six mois pour y parvenir. Et comme, selon la Constitution, cette pr\u00e9rogative ne leur appartient pas, ils ont mis\u00e9 sur l\u2019agitation de rue et la d\u00e9nonciation de la pr\u00e9tendue \u00ab\u00a0dictature\u00a0\u00bb.<\/span><\/p><\/blockquote>\n<p style=\"text-align: justify;\"><span style=\"font-size: 12pt;\">La strat\u00e9gie \u00e9tait concert\u00e9e avec les Etats-Unis. Cela a \u00e9t\u00e9 patent lorsque \u2013 apr\u00e8s deux ans de pourparlers avec le gouvernement \u2013 le leader de l\u2019opposition, Julio Borges \u00e0 l\u2019\u00e9poque, a soudainement refus\u00e9 de signer l\u2019accord de conciliation obtenu sous l\u2019\u00e9gide de l\u2019ex-premier ministre espagnol Jos\u00e9 Luis Rodriguez Zapatero. Les sanctions \u00e9tasuniennes \u2013 interdites par le droit international \u2013 vont dans le m\u00eame sens\u00a0: susciter la confrontation.<\/span><\/p>\n<p style=\"text-align: justify;\"><span style=\"font-size: 12pt;\">L\u2019ing\u00e9rence des Etats-Unis dans les affaires du Venezuela me fait penser \u00e0 la campagne de 2002-2003 contre l\u2019Irak. Pendant des mois des <em>fake news<\/em> sur des armes de destruction massive avaient pr\u00e9par\u00e9 l\u2019opinion \u00e0 un changement de r\u00e9gime en Irak. Ce fut une \u00ab\u00a0r\u00e9volution\u00a0\u00bb contre le droit international, avec l\u2019appui des quarante-trois Etats de la coalition\u00a0! Les Am\u00e9ricains se voient comme des missionnaires de la d\u00e9mocratie. Chaque fois, ils sont tr\u00e8s \u00e9tonn\u00e9s de ne pas \u00eatre re\u00e7us comme des h\u00e9ros\u2026 \u00bb<\/span><\/p>\n<\/li>\n<li>____________\n<p style=\"text-align: justify;\"><span style=\"font-size: 12pt;\"><a href=\"https:\/\/www.initiative-communiste.fr\/articles\/international\/interview-exclusive-de-michel-mujica-lambassadeur-du-venezuela-en-france\/#_ftnref1\" name=\"_ftn1\">[1]<\/a>R\u00e9ponse de Alfred de Zayas \u00e0 propos de la question suivante\u00a0:<\/span><strong><span style=\"font-size: 12pt;\">L\u2019opposition pointe l\u2019absence d\u2019observateurs internationaux.<\/span><\/strong><span style=\"font-size: 12pt;\">C\u2019est un mensonge. Il y a eu des observateurs, j\u2019ai moi-m\u00eame \u00e9t\u00e9 invit\u00e9 mais j\u2019ai d\u00e9clin\u00e9, je ne travaille pas pour le compte de gouvernements, uniquement sur mandat de l\u2019ONU. D\u2019autres, comme les observateurs du CEELA [Consejo de Expertos Electorales de Am\u00e9rica Latina, compos\u00e9 d\u2019ex-magistrats de tribunaux \u00e9lectoraux], y sont all\u00e9s. Par ailleurs, il faut rappeler que ce sont les Europ\u00e9ens qui ont d\u00e9clin\u00e9 l\u2019invitation \u00e0 venir observer. Il faut une sacr\u00e9e dose de mauvaise foi pour ensuite regretter cette absence d\u2019observation \u00e9trang\u00e8re\u00a0! M\u00eame chose avec l\u2019argument de l\u2019abstention. Malgr\u00e9 l\u2019appel au boycott d\u2019une partie de l\u2019opposition, avec pr\u00e8s de 67,84% des voix et 46,1% de participation, Maduro a obtenu davantage que le pr\u00e9sident fran\u00e7ais (1) qui aujourd\u2019hui parle d\u2019une \u00ab\u00a0\u00e9lection ill\u00e9gitime\u00a0\u00bb.<\/span><\/p>\n<p style=\"text-align: justify;\"><strong><span style=\"font-size: 12pt;\">Et la r\u00e9pression des opposants d\u00e9nonc\u00e9e par des ONG\u00a0?<\/span><\/strong><span style=\"font-size: 12pt;\">Les leaders de l\u2019opposition arr\u00eat\u00e9s sont surtout ceux qui ont appel\u00e9 ou ont \u00e9t\u00e9 m\u00eal\u00e9s \u00e0 la violence. Je connais cette situation. J\u2019ai moi-m\u00eame interc\u00e9d\u00e9 aupr\u00e8s du gouvernement, afin qu\u2019il lib\u00e8re certains prisonniers. Ce qui fut fait au-del\u00e0 de mes esp\u00e9rances. Cela dit, mon mandat ne couvrait pas les d\u00e9tentions arbitraires, mais \u00ab\u00a0l\u2019ordre international d\u00e9mocratique et \u00e9quitable\u00a0\u00bb.<\/span><\/p>\n<p style=\"text-align: justify;\"><span style=\"font-size: 12pt;\">La libert\u00e9 d\u2019expression est largement respect\u00e9e au Venezuela. Il suffit de lire les journaux\u00a0!\u00a0<em>El Nacional<\/em>\u00a0et\u00a0<em>El Universal<\/em>\u00a0sont tr\u00e8s critiques envers le gouvernement. De plus, le pays compte 336 cha\u00eenes TV et radio, dont 198 priv\u00e9es et 44 communautaires. S\u2019il est clair que le gouvernement, qui compte plus d\u2019id\u00e9ologues que de technocrates, a fait d\u2019\u00e9normes erreurs, je peux vous assurer que les m\u00e9dias ont beaucoup de latitude pour exag\u00e9rer quotidiennement son incomp\u00e9tence\u00a0!<\/span><\/p>\n<p style=\"text-align: justify;\"><strong><span style=\"font-size: 12pt;\">Comment sort-on de cette crise\u00a0?<\/span><\/strong><span style=\"font-size: 12pt;\">Il faut dialoguer. Il n\u2019y a pas d\u2019autre issue. Il y a, au Venezuela, 6 \u00e0 7 millions de personnes fid\u00e8les au \u00ab\u00a0chavisme\u00a0\u00bb. Vous pouvez renverser le gouvernement mais pas les faire dispara\u00eetre. Elles ne rentreront pas chez elles sans se battre. Un coup d\u2019Etat c\u2019est prendre le risque d\u2019une guerre civile\u00a0!<\/span><\/p>\n<p style=\"text-align: justify;\"><strong><span style=\"font-size: 12pt;\">Source\u00a0: <a href=\"https:\/\/www.legrandsoir.info\/venezuela-un-coup-contre-le-droit-international.html\">https:\/\/www.legrandsoir.info\/venezuela-un-coup-contre-le-droit-international.html<\/a><\/span><\/strong><\/p>\n<\/li>\n<li style=\"text-align: center;\"><img loading=\"lazy\" decoding=\"async\" class=\"wp-image-39890 aligncenter\" title=\"\" src=\"https:\/\/www.initiative-communiste.fr\/wp-content\/uploads\/2019\/01\/Petition-Maduro-Venezuela-800x400.png\" sizes=\"auto, (max-width: 800px) 100vw, 800px\" srcset=\"https:\/\/www.initiative-communiste.fr\/wp-content\/uploads\/2019\/01\/Petition-Maduro-Venezuela-800x400.png 800w, https:\/\/www.initiative-communiste.fr\/wp-content\/uploads\/2019\/01\/Petition-Maduro-Venezuela-300x150.png 300w, https:\/\/www.initiative-communiste.fr\/wp-content\/uploads\/2019\/01\/Petition-Maduro-Venezuela-720x360.png 720w, https:\/\/www.initiative-communiste.fr\/wp-content\/uploads\/2019\/01\/Petition-Maduro-Venezuela.png 1200w\" alt=\"\" width=\"718\" height=\"359\" data-attachment-id=\"39890\" data-permalink=\"https:\/\/www.initiative-communiste.fr\/articles\/international\/signez-la-petition-contre-trump-macron-et-bolsonaro-defendons-la-democratie-et-lindependance-de-la-republique-bolivarienne-du-venezuela-et-son-president-legitime-nicolas-maduro\/attachment\/petition-maduro-venezuela\/\" data-orig-file=\"https:\/\/www.initiative-communiste.fr\/wp-content\/uploads\/2019\/01\/Petition-Maduro-Venezuela.png\" data-orig-size=\"1200,600\" data-comments-opened=\"1\" data-image-meta=\"{\" data-image-title=\"Petition Maduro Venezuela\" data-image-description=\"\" data-medium-file=\"https:\/\/www.initiative-communiste.fr\/wp-content\/uploads\/2019\/01\/Petition-Maduro-Venezuela-300x150.png\" data-large-file=\"https:\/\/www.initiative-communiste.fr\/wp-content\/uploads\/2019\/01\/Petition-Maduro-Venezuela-800x400.png\" \/><a href=\"https:\/\/www.change.org\/p\/peuples-d%C3%A9fendons-la-d%C3%A9mocratie-et-l-ind%C3%A9pendance-du-venezuela-et-son-pr%C3%A9sident-l%C3%A9gitime-maduro?recruiter=457838834&amp;utm_source=share_petition&amp;utm_medium=copylink&amp;utm_campaign=share_petition\"><strong>Signez la p\u00e9tition en solidarit\u00e9 avec le Venezuela : cliquez ici<\/strong><\/a><\/li>\n<\/ul>\n<p><strong><span style=\"font-size: 12pt;\">Michel Mujica<\/span><\/strong><\/p>\n<p><strong><span style=\"font-size: 12pt;\">Source: <a href=\"https:\/\/www.initiative-communiste.fr\/articles\/international\/interview-exclusive-de-michel-mujica-lambassadeur-du-venezuela-en-france\/\">Iniciative Communiste<\/a>, le 2 f\u00e9vrier 2019<\/span><\/strong><\/p>\n<p><strong><span style=\"font-size: 12pt;\">Edit\u00e9 par <a href=\"http:\/\/www.lapluma.net\/fr\/nosotros\/editora\/\">Mar\u00eda Piedad Ossaba<\/a><\/span><\/strong><\/p>\n<p><strong><span style=\"font-size: 12pt;\">Traductions disponibles: <a href=\"http:\/\/www.lapluma.net\/2019\/02\/12\/entrevista-exclusiva-con-michel-mujica-embajador-de-venezuela-en-francia\/\">Espa\u00f1ol<\/a><\/span><\/strong><\/p>\n<p>&nbsp;<\/p>\n","protected":false},"excerpt":{"rendered":"<p>Dans tous les Etats de droit, il y a une s\u00e9paration des pouvoirs. Le parlement est \u00ab suspendu \u00bb car il a outrepass\u00e9 ses comp\u00e9tences et d\u00e9sob\u00e9i au Tribunal supr\u00eame.<\/p>\n","protected":false},"author":357,"featured_media":6242,"comment_status":"open","ping_status":"open","sticky":false,"template":"","format":"standard","meta":{"_uf_show_specific_survey":0,"_uf_disable_surveys":false,"footnotes":""},"categories":[5],"tags":[3212,3213,3209,2561,3215,3211,3216,3214,3210,2848,507],"coauthors":[3208],"class_list":["post-6329","post","type-post","status-publish","format-standard","has-post-thumbnail","hentry","category-editoriales-y-opiniones","tag-campagne-mediatique-criminelle","tag-desinformacion-masiva","tag-desinformation-massive","tag-groupe-de-lima-veritable-declaration-de-guerre","tag-grupo-de-lima-verdadera-declaracion-de-guerra","tag-maduro-guaido","tag-michel-mujica","tag-politica-de-recolonizacion","tag-politique-de-recolonisation","tag-rebellion-contre-le-droit-internationa-principe-democratique","tag-venezuela-usa"],"translation":{"provider":"WPGlobus","version":"2.12.2","language":"fr","enabled_languages":["es","fr"],"languages":{"es":{"title":true,"content":true,"excerpt":true},"fr":{"title":true,"content":true,"excerpt":true}}},"_links":{"self":[{"href":"https:\/\/www.lapluma.net\/fr\/wp-json\/wp\/v2\/posts\/6329","targetHints":{"allow":["GET"]}}],"collection":[{"href":"https:\/\/www.lapluma.net\/fr\/wp-json\/wp\/v2\/posts"}],"about":[{"href":"https:\/\/www.lapluma.net\/fr\/wp-json\/wp\/v2\/types\/post"}],"author":[{"embeddable":true,"href":"https:\/\/www.lapluma.net\/fr\/wp-json\/wp\/v2\/users\/357"}],"replies":[{"embeddable":true,"href":"https:\/\/www.lapluma.net\/fr\/wp-json\/wp\/v2\/comments?post=6329"}],"version-history":[{"count":11,"href":"https:\/\/www.lapluma.net\/fr\/wp-json\/wp\/v2\/posts\/6329\/revisions"}],"predecessor-version":[{"id":6335,"href":"https:\/\/www.lapluma.net\/fr\/wp-json\/wp\/v2\/posts\/6329\/revisions\/6335"}],"wp:featuredmedia":[{"embeddable":true,"href":"https:\/\/www.lapluma.net\/fr\/wp-json\/wp\/v2\/media\/6242"}],"wp:attachment":[{"href":"https:\/\/www.lapluma.net\/fr\/wp-json\/wp\/v2\/media?parent=6329"}],"wp:term":[{"taxonomy":"category","embeddable":true,"href":"https:\/\/www.lapluma.net\/fr\/wp-json\/wp\/v2\/categories?post=6329"},{"taxonomy":"post_tag","embeddable":true,"href":"https:\/\/www.lapluma.net\/fr\/wp-json\/wp\/v2\/tags?post=6329"},{"taxonomy":"author","embeddable":true,"href":"https:\/\/www.lapluma.net\/fr\/wp-json\/wp\/v2\/coauthors?post=6329"}],"curies":[{"name":"wp","href":"https:\/\/api.w.org\/{rel}","templated":true}]}}