{"id":63034,"date":"2024-02-24T20:28:04","date_gmt":"2024-02-24T20:28:04","guid":{"rendered":"https:\/\/www.lapluma.net\/?p=63034"},"modified":"2025-09-01T12:46:14","modified_gmt":"2025-09-01T12:46:14","slug":"63034","status":"publish","type":"post","link":"https:\/\/www.lapluma.net\/fr\/2024\/02\/24\/63034\/","title":{"rendered":"Bajar la pobreza es el mayor \u00e9xito: Inna Afinogenova entrevista a L\u00f3pez Obrador"},"content":{"rendered":"<p style=\"text-align: justify;\"><span style=\"font-size: 14pt;\">En entrevista concedida a Canal Red, un medio espa\u00f1ol que transmite por redes sociales, a siete meses de concluir su gesti\u00f3n, el presidente mexicano Andr\u00e9s Manuel L\u00f3pez Obrador identific\u00f3 lo que, a estas alturas, es su principal pendiente: Ayotzinapa ser\u00eda algo que me doler\u00eda no resolver. Pero todav\u00eda tenemos tiempo(\u2026) Cuando dicen que fue un asunto de Estado, s\u00ed, s\u00ed fue un asunto de Estado, pero no porque el Estado haya ordenado desaparecer a los normalistas, sino porque encubri\u00f3.<\/span><\/p>\n<p style=\"text-align: justify;\"><span style=\"font-size: 14pt;\">L\u00f3pez Obrador abord\u00f3, con la periodista rusa Inna Afinogenova diversos temas internacionales entre los cuales cuestion\u00f3 los alcances de las posturas antinmigrantes enmarcando su radicalizaci\u00f3n en la campa\u00f1a electoral en Estados Unidos. Ahora que hablaron de cerrar la frontera yo me re\u00eda, porque cierra la frontera y a lo mejor eso s\u00ed me tumba, pero primero cae el presidente de Estados Unidos. Son exageraciones, disparates.<\/span><\/p>\n<figure id=\"attachment_63036\" aria-describedby=\"caption-attachment-63036\" style=\"width: 600px\" class=\"wp-caption aligncenter\"><img loading=\"lazy\" decoding=\"async\" class=\"wp-image-63036\" src=\"https:\/\/www.lapluma.net\/wp-content\/uploads\/2024\/02\/cuba-biden-trump-300x150.jpg\" alt=\"\" width=\"600\" height=\"300\" srcset=\"https:\/\/www.lapluma.net\/wp-content\/uploads\/2024\/02\/cuba-biden-trump-300x150.jpg 300w, https:\/\/www.lapluma.net\/wp-content\/uploads\/2024\/02\/cuba-biden-trump-768x384.jpg 768w, https:\/\/www.lapluma.net\/wp-content\/uploads\/2024\/02\/cuba-biden-trump.jpg 1024w\" sizes=\"auto, (max-width: 600px) 100vw, 600px\" \/><figcaption id=\"caption-attachment-63036\" class=\"wp-caption-text\">Donald Trump y Joe Biden<\/figcaption><\/figure>\n<p style=\"text-align: justify;\"><span style=\"font-size: 14pt;\">En ese tenor, subray\u00f3 que Donald Trump y Joe Biden han respetado la postura de M\u00e9xico, lo que le permiti\u00f3 que, incluso, le planteara formalmente a este \u00faltimo desistir del proceso legal contra Julian Assange. Biden es una gente respetuosa. Le he tratado cosas. Lo de Assange se lo trat\u00e9. Eso por primera vez lo digo.<\/span><\/p>\n<h5 style=\"text-align: justify;\"><span style=\"font-size: 14pt;\"><em>\u2013\u00bfC\u00f3mo fue esta conversaci\u00f3n? \u00bfQu\u00e9 le plante\u00f3?<\/em><\/span><\/h5>\n<p style=\"text-align: justify;\"><span style=\"font-size: 14pt;\">\u2013Le di una carta y le ped\u00ed que si ayudaba a Assange, que era una injusticia tenerlo en la c\u00e1rcel. Me dijo que iba a pensarlo, pero no hubo una negativa.<\/span><\/p>\n<p style=\"text-align: justify;\"><span style=\"font-size: 14pt;\">Fueron casi dos horas y media de entrevista a la emisora vinculada al pol\u00edtico espa\u00f1ol de izquierda, Pablo Iglesias, en la que el mandatario tambi\u00e9n desestim\u00f3 que sus condenas al bloqueo a Cuba y las sanciones a Venezuela le hayan generado consecuencias en su relaci\u00f3n con Estados Unidos. Ratific\u00f3 su postura de que el bloqueo a la isla es una infamia, producto de una actitud arrogante y medieval en la que se privilegia lo pol\u00edtico e ideol\u00f3gico, y \u00bfdonde est\u00e1 lo humanitario?<\/span><\/p>\n<figure id=\"attachment_63037\" aria-describedby=\"caption-attachment-63037\" style=\"width: 600px\" class=\"wp-caption aligncenter\"><img loading=\"lazy\" decoding=\"async\" class=\"wp-image-63037\" src=\"https:\/\/www.lapluma.net\/wp-content\/uploads\/2024\/02\/Inna-Afinogenova-AMLO-300x200.webp\" alt=\"\" width=\"600\" height=\"400\" srcset=\"https:\/\/www.lapluma.net\/wp-content\/uploads\/2024\/02\/Inna-Afinogenova-AMLO-300x200.webp 300w, https:\/\/www.lapluma.net\/wp-content\/uploads\/2024\/02\/Inna-Afinogenova-AMLO-1024x683.webp 1024w, https:\/\/www.lapluma.net\/wp-content\/uploads\/2024\/02\/Inna-Afinogenova-AMLO-768x512.webp 768w, https:\/\/www.lapluma.net\/wp-content\/uploads\/2024\/02\/Inna-Afinogenova-AMLO-435x290.webp 435w, https:\/\/www.lapluma.net\/wp-content\/uploads\/2024\/02\/Inna-Afinogenova-AMLO-150x100.webp 150w, https:\/\/www.lapluma.net\/wp-content\/uploads\/2024\/02\/Inna-Afinogenova-AMLO-370x247.webp 370w, https:\/\/www.lapluma.net\/wp-content\/uploads\/2024\/02\/Inna-Afinogenova-AMLO.webp 1200w\" sizes=\"auto, (max-width: 600px) 100vw, 600px\" \/><figcaption id=\"caption-attachment-63037\" class=\"wp-caption-text\">Inna Afinogenova y Andr\u00e9s Manuel L\u00f3pez Obrador<\/figcaption><\/figure>\n<p style=\"text-align: justify;\"><span style=\"font-size: 14pt;\">Sus cr\u00edticas hacia Estados Unidos abarcan su papel la Organizaci\u00f3n de Naciones Unidas y en la pasividad del organismo para detener la guerra en Gaza, \u201ces un florero. \u00bfPueden matar a miles y pueden haber miles de refugiados y no importarnos? \u00bfY un se\u00f1or que representa a una potencia bloquea una iniciativa para conseguir la paz? Eso est\u00e1 mal, eso tiene que cambiar.<\/span><\/p>\n<p style=\"text-align: justify;\"><span style=\"font-size: 14pt;\">En el plano interno, L\u00f3pez Obrador rechaz\u00f3 que haya una oposici\u00f3n fuerte, no pasan de los insultos pero est\u00e1n perdidos. Y, \u00bfsabes por qu\u00e9? Porque no han entendido que ya se llevaron a cabo cambios, reacomodos. Y como son muy clasistas, y racistas, no quieren aceptar que el pueblo participe. Adem\u00e1s, valor\u00f3, no tienen argumentos para oponerse, el rumbo econ\u00f3mico del pa\u00eds y los logros sociales del humanismo mexicano les impiden tener posturas para regresar al poder.<\/span><\/p>\n<p style=\"text-align: justify;\"><span style=\"font-size: 14pt;\">Consider\u00f3 que su relaci\u00f3n con el Poder Judicial ha sido muy tirante porque es una instancia que est\u00e1 sometida a la oligarqu\u00eda. Echar abajo la ley el\u00e9ctrica demostr\u00f3 que est\u00e1n al servicio de las empresas extranjeras.<\/span><\/p>\n<p style=\"text-align: justify;\"><span style=\"font-size: 14pt;\">En la valoraci\u00f3n de su movimiento, subraya que no es una vanguardia la que predomina, ni siquiera \u00e9l, porque no deja de ser una minor\u00eda, es la revoluci\u00f3n de las conciencias alcanzadas lo que ha logrado los avances. A veces, las revoluciones fracasan, hay casos dolorosos, porque los dirigentes titubean al llegar al poder por querer quedar bien con todos. La causa que nosotros enarbolamos y llevamos a la pr\u00e1ctica, no.<\/span><\/p>\n<h5 style=\"text-align: justify;\"><span style=\"font-size: 14pt;\"><em>\u2013\u00bfHay algunos consejos m\u00e1s para los gobiernos progresistas de Am\u00e9rica Latina?<\/em><\/span><\/h5>\n<p style=\"text-align: justify;\"><span style=\"font-size: 14pt;\">\u2013No hay que zigzaguear. No a las medias tintas, no a la moderaci\u00f3n. Nosotros estamos aqu\u00ed por el pueblo, nosotros estamos para servirle, porque el \u00fanico que te defiende es el pueblo, es el \u00fanico. No te defienden los empresarios, no te defienden los banqueros.<\/span><\/p>\n<p><img loading=\"lazy\" decoding=\"async\" class=\"aligncenter wp-image-63038\" src=\"https:\/\/www.lapluma.net\/wp-content\/uploads\/2024\/02\/Mexico-America-Latina-y-el-Caribe-Contra-la-Inflacion-3-300x200.jpg\" alt=\"\" width=\"600\" height=\"400\" srcset=\"https:\/\/www.lapluma.net\/wp-content\/uploads\/2024\/02\/Mexico-America-Latina-y-el-Caribe-Contra-la-Inflacion-3-300x200.jpg 300w, https:\/\/www.lapluma.net\/wp-content\/uploads\/2024\/02\/Mexico-America-Latina-y-el-Caribe-Contra-la-Inflacion-3-1024x683.jpg 1024w, https:\/\/www.lapluma.net\/wp-content\/uploads\/2024\/02\/Mexico-America-Latina-y-el-Caribe-Contra-la-Inflacion-3-768x512.jpg 768w, https:\/\/www.lapluma.net\/wp-content\/uploads\/2024\/02\/Mexico-America-Latina-y-el-Caribe-Contra-la-Inflacion-3-435x290.jpg 435w, https:\/\/www.lapluma.net\/wp-content\/uploads\/2024\/02\/Mexico-America-Latina-y-el-Caribe-Contra-la-Inflacion-3-150x100.jpg 150w, https:\/\/www.lapluma.net\/wp-content\/uploads\/2024\/02\/Mexico-America-Latina-y-el-Caribe-Contra-la-Inflacion-3-370x247.jpg 370w, https:\/\/www.lapluma.net\/wp-content\/uploads\/2024\/02\/Mexico-America-Latina-y-el-Caribe-Contra-la-Inflacion-3.jpg 1500w\" sizes=\"auto, (max-width: 600px) 100vw, 600px\" \/><\/p>\n<p style=\"text-align: justify;\"><span style=\"font-size: 14pt;\">A pesar de ello, asumi\u00f3 que en Morena pudiera haber un corrimiento al centro y no hay problema. El cambio en M\u00e9xico lo hemos hecho desde abajo y entre todos. No es una vanguardia.<\/span><\/p>\n<p style=\"text-align: justify;\"><span style=\"font-size: 14pt;\">Una vez m\u00e1s elogi\u00f3 a quien apunta a sucederlo en la Presidencia: Claudia es muy inteligente, acad\u00e9micamente, es m\u00e1s que yo. Yo apenas termin\u00e9 la licenciatura. Ella es doctora. Es una mujer con convicciones, con principios, honesta. Tiene muchos m\u00e9ritos, muchas virtudes.<\/span><\/p>\n<p style=\"text-align: justify;\"><span style=\"font-size: 14pt;\">A pregunta expresa sobre los resultados en El Salvador de la pol\u00edtica de Nayib Bukele para enfrentar la violencia, L\u00f3pez Obrador desestim\u00f3 su viabilidad a largo plazo. \u201cEso es muy irracional.<\/span><\/p>\n<h5 style=\"text-align: justify;\"><span style=\"font-size: 14pt;\"><em>\u2013\u00bfEst\u00e1 seguro que eso no funciona (el encarcelamiento masivo)?<\/em><\/span><\/h5>\n<p style=\"text-align: justify;\"><span style=\"font-size: 14pt;\">\u2013Absolutamente seguro.<\/span><\/p>\n<h5 style=\"text-align: justify;\"><span style=\"font-size: 14pt;\"><em>\u2013Los datos son demoledores.<\/em><\/span><\/h5>\n<p style=\"text-align: justify;\"><span style=\"font-size: 14pt;\">\u2013S\u00ed, pero puede ser que funcione transitoriamente y eso no es una soluci\u00f3n de fondo. No se puede enfrentar la violencia con la violencia.<\/span><\/p>\n<p style=\"text-align: justify;\"><span style=\"font-size: 14pt;\">No titubea a la pregunta de su mayor orgullo de gobierno: haber reducido la pobreza, a pesar de la pandemia.<\/span><\/p>\n<p style=\"text-align: justify;\"><span style=\"font-size: 14pt;\">A lo largo de la charla reconoci\u00f3 que me ha costado bastante equilibrar la pasi\u00f3n con la raz\u00f3n, porque tambi\u00e9n eso es la pol\u00edtica. Las grandes cosas se hacen con pasi\u00f3n, pero tambi\u00e9n se requiere la raz\u00f3n. Coraz\u00f3n caliente, cabeza fr\u00eda.<\/span><\/p>\n<p style=\"text-align: justify;\"><span style=\"font-size: 14pt;\"><strong>La entrevista<\/strong><\/span><\/p>\n<p><iframe loading=\"lazy\" title=\"Entrevista COMPLETA a L\u00d3PEZ OBRADOR | Inna Afinogenova | CANAL RED\" width=\"660\" height=\"371\" src=\"https:\/\/www.youtube.com\/embed\/NFXnnFYRq9g?start=1&#038;feature=oembed\" frameborder=\"0\" allow=\"accelerometer; autoplay; clipboard-write; encrypted-media; gyroscope; picture-in-picture; web-share\" referrerpolicy=\"strict-origin-when-cross-origin\" allowfullscreen><\/iframe><\/p>\n<h2><span style=\"font-size: 14pt;\">Inna Afinogenova<\/span><\/h2>\n<h2><span style=\"font-size: 14pt;\">Fuente: <a href=\"https:\/\/www.jornada.com.mx\/noticia\/2024\/02\/21\/politica\/entrevista-inna-afinogenova-al-presidente-7255\">La Jornada<\/a>, M\u00e9xico\/<em><a href=\"https:\/\/estrategia.la\/2024\/02\/21\/bajar-la-pobreza-es-el-mayor-exito-inna-entrevista-a-lopez-obrador\/\">Centro Latinoamericano de An\u00e1lisis estrat\u00e9gico<\/a> (CLAE)<\/em>, 21 de febrero de 2024<\/span><\/h2>\n<h2><span style=\"font-size: 14pt;\">Editado por <a href=\"https:\/\/www.lapluma.net\/nosotros\/editora\/\">Mar\u00eda Piedad Ossaba<\/a><\/span><\/h2>\n","protected":false},"excerpt":{"rendered":"<p>Sus cr\u00edticas hacia Estados Unidos abarcan su papel la Organizaci\u00f3n de Naciones Unidas y en la pasividad del organismo para detener la guerra en Gaza, \u201ces un florero. \u00bfPueden matar a miles y pueden haber miles de refugiados y no importarnos? \u00bfY un se\u00f1or que representa a una potencia bloquea una iniciativa para conseguir la paz? Eso est\u00e1 mal, eso tiene que cambiar.<\/p>\n","protected":false},"author":817,"featured_media":63039,"comment_status":"open","ping_status":"open","sticky":false,"template":"","format":"standard","meta":{"_uf_show_specific_survey":0,"_uf_disable_surveys":false,"footnotes":""},"categories":[218],"tags":[1923,25747,25745,745,11615,7626,1410,25744],"coauthors":[12527],"class_list":["post-63034","post","type-post","status-publish","format-standard","has-post-thumbnail","hentry","category-monde","tag-andres-manuel-lopez-obrador","tag-ayotzinapa","tag-canal-red","tag-donald-trump","tag-inna-afinogenova","tag-joe-biden","tag-julian-assange","tag-pobreza-mexico"],"translation":{"provider":"WPGlobus","version":"2.12.2","language":"fr","enabled_languages":["es","fr"],"languages":{"es":{"title":true,"content":true,"excerpt":true},"fr":{"title":false,"content":false,"excerpt":false}}},"_links":{"self":[{"href":"https:\/\/www.lapluma.net\/fr\/wp-json\/wp\/v2\/posts\/63034","targetHints":{"allow":["GET"]}}],"collection":[{"href":"https:\/\/www.lapluma.net\/fr\/wp-json\/wp\/v2\/posts"}],"about":[{"href":"https:\/\/www.lapluma.net\/fr\/wp-json\/wp\/v2\/types\/post"}],"author":[{"embeddable":true,"href":"https:\/\/www.lapluma.net\/fr\/wp-json\/wp\/v2\/users\/817"}],"replies":[{"embeddable":true,"href":"https:\/\/www.lapluma.net\/fr\/wp-json\/wp\/v2\/comments?post=63034"}],"version-history":[{"count":7,"href":"https:\/\/www.lapluma.net\/fr\/wp-json\/wp\/v2\/posts\/63034\/revisions"}],"predecessor-version":[{"id":81753,"href":"https:\/\/www.lapluma.net\/fr\/wp-json\/wp\/v2\/posts\/63034\/revisions\/81753"}],"wp:featuredmedia":[{"embeddable":true,"href":"https:\/\/www.lapluma.net\/fr\/wp-json\/wp\/v2\/media\/63039"}],"wp:attachment":[{"href":"https:\/\/www.lapluma.net\/fr\/wp-json\/wp\/v2\/media?parent=63034"}],"wp:term":[{"taxonomy":"category","embeddable":true,"href":"https:\/\/www.lapluma.net\/fr\/wp-json\/wp\/v2\/categories?post=63034"},{"taxonomy":"post_tag","embeddable":true,"href":"https:\/\/www.lapluma.net\/fr\/wp-json\/wp\/v2\/tags?post=63034"},{"taxonomy":"author","embeddable":true,"href":"https:\/\/www.lapluma.net\/fr\/wp-json\/wp\/v2\/coauthors?post=63034"}],"curies":[{"name":"wp","href":"https:\/\/api.w.org\/{rel}","templated":true}]}}