{"id":62684,"date":"2024-02-19T16:14:39","date_gmt":"2024-02-19T16:14:39","guid":{"rendered":"https:\/\/www.lapluma.net\/?p=62684"},"modified":"2024-02-19T16:14:39","modified_gmt":"2024-02-19T16:14:39","slug":"circo-sin-pan-sin-ideas-ni-resultados-milei-ofrece-un-espectaculo-patetico-y-sombrio","status":"publish","type":"post","link":"https:\/\/www.lapluma.net\/fr\/2024\/02\/19\/circo-sin-pan-sin-ideas-ni-resultados-milei-ofrece-un-espectaculo-patetico-y-sombrio\/","title":{"rendered":"Circo sin pan: sin ideas ni resultados, Milei ofrece un espect\u00e1culo pat\u00e9tico y sombr\u00edo"},"content":{"rendered":"<p style=\"text-align: justify;\"><span style=\"font-size: 14pt;\">Nadie duda de que la Argentina se encuentra en un per\u00edodo convulsivo. Transcurridos s\u00f3lo dos meses de la asunci\u00f3n del gobierno de Javier Milei, las referencias y percepciones en relaci\u00f3n a sus propuestas, desempe\u00f1o y consecuencias inmediatas y en perspectiva para la sociedad no son meramente discursivas, sino que se perciben en la vida cotidiana. La actividad econ\u00f3mica y los niveles de vida para la mayor parte de la poblaci\u00f3n con o sin trabajo vienen empeorando notablemente.<\/span><\/p>\n<p style=\"text-align: justify;\"><span style=\"font-size: 14pt;\">No es casual la veneraci\u00f3n de Milei a la \u201cestanflaci\u00f3n\u201d, es decir a la suma de una fuerte recesi\u00f3n con muy alta inflaci\u00f3n aspirada e inducida como m\u00e9todo de reestructuraci\u00f3n y disciplinamiento econ\u00f3mico y social regresivo. Es el complemento discursivo que plantea un reino del rev\u00e9s entre promesas de que \u00aben 45 a\u00f1os vamos a ser Irlanda\u00bb \u2013pa\u00eds que, por su parte, hoy sufre una seria crisis social- y la percepci\u00f3n de un m\u00e1s de lo mismo reiterado en la historia argentina. Es un eufemismo m\u00e1s desgastado del \u201cestamos mal, pero vamos bien\u201d de su idolatrado gobierno de <a href=\"https:\/\/www.ecured.cu\/Carlos_Menem\">Carlos Menem (1989-1999)<\/a>.<\/span><\/p>\n<h5><span style=\"font-size: 18pt;\">Argumentos falaces<\/span><\/h5>\n<p style=\"text-align: justify;\"><span style=\"font-size: 14pt;\">El gobierno trata de mostrar resultados en aspectos que presenta como centrales para su gesti\u00f3n, ocultando o desconociendo antecedentes, significaci\u00f3n y din\u00e1micas abiertas. Lo parad\u00f3jico es que el discurso \u201clibertario\u201d supone que el rumbo gubernamental es exitoso, y que sus resultados son positivos y auspiciosos.<\/span><\/p>\n<p><img loading=\"lazy\" decoding=\"async\" class=\"aligncenter wp-image-62696\" src=\"https:\/\/www.lapluma.net\/wp-content\/uploads\/2024\/02\/Estanflacion-300x218.jpg\" alt=\"\" width=\"550\" height=\"399\" srcset=\"https:\/\/www.lapluma.net\/wp-content\/uploads\/2024\/02\/Estanflacion-300x218.jpg 300w, https:\/\/www.lapluma.net\/wp-content\/uploads\/2024\/02\/Estanflacion-1024x743.jpg 1024w, https:\/\/www.lapluma.net\/wp-content\/uploads\/2024\/02\/Estanflacion-768x557.jpg 768w, https:\/\/www.lapluma.net\/wp-content\/uploads\/2024\/02\/Estanflacion.jpg 1191w\" sizes=\"auto, (max-width: 550px) 100vw, 550px\" \/><\/p>\n<ul style=\"list-style-type: disc;\">\n<li style=\"text-align: justify;\"><span style=\"font-size: 14pt;\">La difusi\u00f3n del \u00edndice de inflaci\u00f3n minorista de enero del 20,6% fue llamativamente interpretada en forma prometedora por el <a href=\"https:\/\/www.lanacion.com.ar\/politica\/javier-milei-afirmo-que-eliminara-los-fideicomisos-por-decreto-y-que-buscara-mas-aliados-pero-nid14022024\/\">Presidente Milei en un reprotaje al diario La Naci\u00f3n<\/a>, al afirmar que \u201cparece un n\u00famero horroroso\u201d pero \u201chay que mirar d\u00f3nde est\u00e1bamos, cu\u00e1l es la tendencia y la herencia que recibimos\u201d. Complement\u00e1ndolo, sin fundamentarlo ni citando fuentes verificables, el ministro de Econom\u00eda, Luis \u00abToto\u00bb Caputoa, asever\u00f3 que \u00abla inflaci\u00f3n est\u00e1 bajando (pese a ser en los \u00faltimos dos meses la m\u00e1s alta desde principios del siglo XXI). \u201cLa mayor\u00eda de los economistas pronosticaban diciembre 30%, enero 30%, febrero 20%. En cambio, en diciembre fue de 25%, enero estar\u00e1 alrededor de 20% y febrero estar\u00e1 por debajo de 20%. Est\u00e1 viniendo significativamente por debajo de lo que se esperaba\u201d, agreg\u00f3.<\/span><\/li>\n<li style=\"text-align: justify;\"><span style=\"font-size: 14pt;\">En forma c\u00ednica, con una reiterada risita sard\u00f3nica que tal vez pone en evidencia cuando diserta en un ingl\u00e9s limitado, el ide\u00f3logo del decreto 70\/23 y la ahora abandonada Ley \u00d3mnibus, Federico Sturzenegger, en un seminario organizado por la Universidad de Harvard refer\u00eda que \u201chay que empobrecer a los grupos de inter\u00e9s para ganarles la pelea\u201d.<\/span><\/li>\n<li style=\"text-align: justify;\"><span style=\"font-size: 14pt;\">Resulta evidente que el empobrecimiento no se verifica en la casta de lobbistas profesionales y menos a\u00fan en los grupos financieros y econ\u00f3micos que est\u00e1n jugando con crecientes negocios con deuda p\u00fablica dolarizada (Bopreal, letras y notas del Banco Central, y Bonares y Globales del Tesoro Nacional, todos de alto rendimiento especulativo), que contienen circunstancialmente la presi\u00f3n cambiaria (diferencial entre el inaccesible d\u00f3lar oficial y los d\u00f3lares marginales), pero es una olla a presi\u00f3n a expresarse en este camino en un c\u00edrculo vicioso de devaluaci\u00f3n, inflaci\u00f3n y descompensaci\u00f3n fiscal.<\/span><\/li>\n<li style=\"text-align: justify;\"><span style=\"font-size: 14pt;\">S\u00ed se percibe el deterioro en la ca\u00edda del mercado interno, el empleo, los ingresos y derechos de los trabajadores, en la p\u00e9rdida de ahorros en pesos y en los recortes del gasto p\u00fablico social (especialmente, y en forma dram\u00e1tica, de jubilados y planes sociales). Es decir, es evidente el golpe en el nivel de vida de la mayor\u00eda de la sociedad, siendo la percepci\u00f3n popular m\u00e1s sensible e inmediata los aumentos de boletos de transporte, combustibles y electricidad, pero tambi\u00e9n en servicios de salud y educativos privados demandados por la clase media.<\/span><\/li>\n<li style=\"text-align: justify;\"><span style=\"font-size: 14pt;\">Como si fuera una novedad hist\u00f3rica, voceros y medios afines al gobierno salieron a destacar con bombos y platillos que el sector p\u00fablico nacional tuvo equilibrio en el mes de enero, aun sin la aprobaci\u00f3n del paquete fiscal que fue dejado de lado en el Congreso. Caputo mencion\u00f3 que se logr\u00f3 un 0,2% menos de d\u00e9ficit, dividido en partes iguales entre el primario \u2013diferencia entre gastos e ingresos corrientes\u2013 y el financiero, que incluye pagos por deuda p\u00fablica. No explic\u00f3 que el super\u00e1vit primario ha sido habitual en la \u00faltima d\u00e9cada (2013, 2014, 2016, 2017, 2018, 2019 y 2021). Tampoco que los vencimientos de capital e intereses por deuda p\u00fablica se acumulan en forma seriamente creciente en los pr\u00f3ximos meses. Menos a\u00fan que el peso central de la ca\u00edda del gasto se concentr\u00f3 en jubilaciones y pensiones (-32,5% a valor constante si se compara con enero de 2023), transferencias a provincias (-53,3%), salarios estatales (-18%) y en la suspensi\u00f3n de obras p\u00fablicas (-94 %). En tanto, comenz\u00f3 a aparecer el otro centro imprescindible de atenci\u00f3n que tendr\u00eda mayor significaci\u00f3n en los pr\u00f3ximos meses en tanto crezca la recesi\u00f3n: la ca\u00edda de los ingresos fiscales (-1,3%).<\/span><\/li>\n<li style=\"text-align: justify;\"><span style=\"font-size: 14pt;\">Por \u00faltimo, en la seguidilla de \u201cnoticias positivas\u201d se ha hecho referencia al aumento de las reservas del Banco Central de poco m\u00e1s de 5.000 millones de d\u00f3lares desde la s\u00faperdevaluaci\u00f3n anunciada el 13 de diciembre. Parecer\u00eda acercarse al compromiso asumido con el FMI de acumular 6.000 millones a fines de marzo, pero ello ha sido logrado esencialmente por la postergaci\u00f3n de pagos y la conversi\u00f3n de sospechosas \u2013no investigadas\u2013 Aun as\u00ed, el <a href=\"https:\/\/www.bcra.gob.ar\/PublicacionesEstadisticas\/Indices_tipo_cambio_multilateral.asp\">cuadro de aceleraci\u00f3n inflacionaria y juegos financieros de corto plazo<\/a> incentivados por el gobierno impulsan presiones de exportadores para una devaluaci\u00f3n del peso con la excusa de menores precios internacionales agropecuarios, pese a la expectativa de una cosecha r\u00e9cord y la no existencia de un \u201catraso cambiario\u201d aun si se compara con el per\u00edodo inicial de \u201cfiesta de d\u00f3lares\u201d del gobierno de Mauricio Macri (2015\/2019).<\/span><\/li>\n<\/ul>\n<h5><strong><span style=\"font-size: 18pt;\">\u00bfDolarizaci\u00f3n a la vista?<\/span><\/strong><\/h5>\n<p style=\"text-align: justify;\"><span style=\"font-size: 14pt;\">De todas formas, el debate m\u00e1s llamativo que ha vuelto a escena, y que parec\u00eda haberse diluido desde las declamaciones m\u00e1s estent\u00f3reas de Milei en campa\u00f1a, ha sido el de la dolarizaci\u00f3n. Un disparador ha sido sin dudas el extenso y detallado documento difundido por Cristina Kirchner, <a href=\"https:\/\/drive.google.com\/file\/d\/1-Iq6026Wsg9xQaoDGqrRL5fzky6fGezS\/view?usp=drivesdk\">Argentina en su Tercera Crisis de Deuda<\/a>, en el que opina que \u201cla novedad que Milei presenta es su verdadero plan de estabilizaci\u00f3n que es, ni m\u00e1s ni menos, que la dolarizaci\u00f3n\u201d, destacando l\u00edneas de acci\u00f3n que lleva adelante el ministro Caputo para concretarla (intenci\u00f3n de modificar los l\u00edmites establecidos por ley para tomar deuda p\u00fablica, el prop\u00f3sito de privatizar el Fondo de Sustentabilidad de ANSES y activos del Estado, y la v\u00eda de licuaci\u00f3n por inflaci\u00f3n de pasivos remunerados, emisi\u00f3n monetaria y dep\u00f3sitos en pesos).<\/span><\/p>\n<p><img loading=\"lazy\" decoding=\"async\" class=\"aligncenter wp-image-62697\" src=\"https:\/\/www.lapluma.net\/wp-content\/uploads\/2024\/02\/Argentina-dolarizacion-300x169.webp\" alt=\"\" width=\"550\" height=\"309\" srcset=\"https:\/\/www.lapluma.net\/wp-content\/uploads\/2024\/02\/Argentina-dolarizacion-300x169.webp 300w, https:\/\/www.lapluma.net\/wp-content\/uploads\/2024\/02\/Argentina-dolarizacion-1024x576.webp 1024w, https:\/\/www.lapluma.net\/wp-content\/uploads\/2024\/02\/Argentina-dolarizacion-768x432.webp 768w, https:\/\/www.lapluma.net\/wp-content\/uploads\/2024\/02\/Argentina-dolarizacion-870x489.webp 870w, https:\/\/www.lapluma.net\/wp-content\/uploads\/2024\/02\/Argentina-dolarizacion-895x503.webp 895w, https:\/\/www.lapluma.net\/wp-content\/uploads\/2024\/02\/Argentina-dolarizacion.webp 1200w\" sizes=\"auto, (max-width: 550px) 100vw, 550px\" \/><\/p>\n<p style=\"text-align: justify;\"><span style=\"font-size: 14pt;\">Por cierto, Milei ha reafirmado su desprecio por una moneda nacional al ponderar que \u201cen mi esquema el peso no existe m\u00e1s, nadie lo va a elegir\u201d, pero agregando en forma enigm\u00e1tica y tal vez no pudiendo percibir la contradicci\u00f3n de sentido que \u201csigo con la idea de dolarizar cuando pueda hacerlo. Hay un trabajo enorme que se est\u00e1 haciendo desde el Banco Central y probablemente no se est\u00e9 viendo. <a href=\"https:\/\/www.cronista.com\/finanzas-mercados\/vuelve-la-dolarizacion-la-contundente-propuesta-del-gobierno-para-los-proximos-meses\/\">Emitimos dinero para comprar d\u00f3lares<\/a>\u201d.<\/span><\/p>\n<p style=\"text-align: justify;\"><span style=\"font-size: 14pt;\">En el <em>establishment<\/em> local e internacional, incluyendo el FMI, se perciben diferencias de opini\u00f3n en relaci\u00f3n a la dolarizaci\u00f3n, ya no por la preocupaci\u00f3n por las condiciones de vida de la poblaci\u00f3n, sino por su viabilidad estabilizadora y reestructuradora (el ajuste inflacionario regresivo siempre es m\u00e1s enga\u00f1oso que el deflacionario, tal como se observa hoy mismo en la conmovida Ecuador) y, sobre todo, por el temor a la respuesta de la sociedad. Surge naturalmente el recuerdo del tr\u00e1gico final del \u201cancla fija estabilizadora\u201d de la Convertibilidad en 2001.<\/span><\/p>\n<p><img loading=\"lazy\" decoding=\"async\" class=\"aligncenter wp-image-62698\" src=\"https:\/\/www.lapluma.net\/wp-content\/uploads\/2024\/02\/Argentina-Milei-muneco-manifestacion-300x188.jpg\" alt=\"\" width=\"550\" height=\"344\" srcset=\"https:\/\/www.lapluma.net\/wp-content\/uploads\/2024\/02\/Argentina-Milei-muneco-manifestacion-300x188.jpg 300w, https:\/\/www.lapluma.net\/wp-content\/uploads\/2024\/02\/Argentina-Milei-muneco-manifestacion-768x480.jpg 768w, https:\/\/www.lapluma.net\/wp-content\/uploads\/2024\/02\/Argentina-Milei-muneco-manifestacion.jpg 800w\" sizes=\"auto, (max-width: 550px) 100vw, 550px\" \/><\/p>\n<p style=\"text-align: justify;\"><span style=\"font-size: 14pt;\">Apenas regresado de su gira por Israel, Italia y el Vaticano, Milei respondi\u00f3 al documento de Cristina indicando que \u201cignora algunas cuestiones b\u00e1sicas de econom\u00eda. Por m\u00e1s que no le gusta, la inflaci\u00f3n es un fen\u00f3meno monetario\u201d, no poniendo en cuesti\u00f3n justamente la caracterizaci\u00f3n m\u00e1s significativa de Cristina para la apertura del debate, <a href=\"https:\/\/drive.google.com\/file\/d\/1-Iq6026Wsg9xQaoDGqrRL5fzky6fGezS\/view?usp=drivesdk\">incluida en las conclusiones<\/a>: \u201cNo compartimos su diagn\u00f3stico en cuanto a que el d\u00e9ficit fiscal es la \u00fanica raz\u00f3n de la inflaci\u00f3n y de la crisis argentina. Como desarrollamos en el presente documento, la escasez de d\u00f3lares es la que tensiona la econom\u00eda y dispara la inflaci\u00f3n\u201d.<\/span><\/p>\n<p style=\"text-align: justify;\"><span style=\"font-size: 14pt;\">En tanto, mientras en forma soberbia e irrespetuosa <em>Toto<\/em> Caputo mandaba a callar a la ex Presidenta, Milei insist\u00eda con la descalificaci\u00f3n. Ante su falta de ideas y resultados, aseguraba que <a href=\"https:\/\/www.perfil.com\/noticias\/politica\/milei-a-cristina-kirchner-los-nuevos-tiempos-requieren-de-un-poco-de-show.phtml\">\u201clos nuevos tiempos requieren de un poco de show\u201d<\/a>. La aspiraci\u00f3n planteada ser\u00eda entonces un espect\u00e1culo pat\u00e9tico y sombr\u00edo.<\/span><\/p>\n<h2><span style=\"font-size: 14pt;\">Jorge Marchini<\/span><\/h2>\n<h2><span style=\"font-size: 14pt;\">Fuente: <em><a href=\"https:\/\/estrategia.la\/2024\/02\/19\/circo-sin-pan-sin-ideas-ni-resultados-milei-ofrece-un-espectaculo-patetico-y-sombrio\/\">Centro Latinoamericano de An\u00e1lisis Extranjero<\/a> (CLAE)<\/em>\/<a href=\"https:\/\/www.surysur.net\/circo-sin-pan-sin-ideas-ni-resultados-milei-ofrece-un-espectaculo-patetico-y-sombrio\/\">SURySUR<\/a>, 19 de febrero de 2024<\/span><\/h2>\n<h2><span style=\"font-size: 14pt;\">Editado por <\/span><a href=\"https:\/\/www.lapluma.net\/nosotros\/editora\/\"><span style=\"font-size: 14pt;\">Mar\u00eda Piedad Ossaba<\/span><\/a><\/h2>\n<h5><span style=\"font-size: 14pt;\">Lecturas recomendadas por La Pluma:<\/span><\/h5>\n<h5><span style=\"font-size: 14pt;\"><a href=\"https:\/\/www.lapluma.net\/2024\/02\/18\/el-desafio-impostergable-de-gestar-una-alternativa-desde-abajo\/\" rel=\"bookmark\">El desaf\u00edo impostergable de gestar una alternativa desde abajo<\/a><\/span><\/h5>\n<h5><span style=\"font-size: 14pt;\"><a href=\"https:\/\/www.lapluma.net\/2024\/02\/16\/62539\/\" rel=\"bookmark\">El \u201cmileinato\u201d, el cogobierno, el Papa\u2026y la calle<\/a><\/span><\/h5>\n<p><em>\u00a0<\/em><\/p>\n","protected":false},"excerpt":{"rendered":"<p>En tanto, mientras en forma soberbia e irrespetuosa Toto Caputo mandaba a callar a la ex Presidenta, Milei insist\u00eda con la descalificaci\u00f3n. Ante su falta de ideas y resultados, aseguraba que \u201clos nuevos tiempos requieren de un poco de show\u201d. La aspiraci\u00f3n planteada ser\u00eda entonces un espect\u00e1culo pat\u00e9tico y sombr\u00edo.<\/p>\n","protected":false},"author":1402,"featured_media":62695,"comment_status":"open","ping_status":"open","sticky":false,"template":"","format":"standard","meta":{"_uf_show_specific_survey":0,"_uf_disable_surveys":false,"footnotes":""},"categories":[22393,217],"tags":[25681,25679,25680,25137,23414,25266],"coauthors":[25678],"class_list":["post-62684","post","type-post","status-publish","format-standard","has-post-thumbnail","hentry","category-economia","category-abya-yala","tag-aceleracion-inflacionaria","tag-disciplinamiento-economico","tag-discurso-libertario","tag-estanflacion-crisis","tag-javier-milei","tag-ley-omnibus"],"translation":{"provider":"WPGlobus","version":"2.12.2","language":"fr","enabled_languages":["es","fr"],"languages":{"es":{"title":true,"content":true,"excerpt":true},"fr":{"title":false,"content":false,"excerpt":false}}},"_links":{"self":[{"href":"https:\/\/www.lapluma.net\/fr\/wp-json\/wp\/v2\/posts\/62684","targetHints":{"allow":["GET"]}}],"collection":[{"href":"https:\/\/www.lapluma.net\/fr\/wp-json\/wp\/v2\/posts"}],"about":[{"href":"https:\/\/www.lapluma.net\/fr\/wp-json\/wp\/v2\/types\/post"}],"author":[{"embeddable":true,"href":"https:\/\/www.lapluma.net\/fr\/wp-json\/wp\/v2\/users\/1402"}],"replies":[{"embeddable":true,"href":"https:\/\/www.lapluma.net\/fr\/wp-json\/wp\/v2\/comments?post=62684"}],"version-history":[{"count":12,"href":"https:\/\/www.lapluma.net\/fr\/wp-json\/wp\/v2\/posts\/62684\/revisions"}],"predecessor-version":[{"id":62700,"href":"https:\/\/www.lapluma.net\/fr\/wp-json\/wp\/v2\/posts\/62684\/revisions\/62700"}],"wp:featuredmedia":[{"embeddable":true,"href":"https:\/\/www.lapluma.net\/fr\/wp-json\/wp\/v2\/media\/62695"}],"wp:attachment":[{"href":"https:\/\/www.lapluma.net\/fr\/wp-json\/wp\/v2\/media?parent=62684"}],"wp:term":[{"taxonomy":"category","embeddable":true,"href":"https:\/\/www.lapluma.net\/fr\/wp-json\/wp\/v2\/categories?post=62684"},{"taxonomy":"post_tag","embeddable":true,"href":"https:\/\/www.lapluma.net\/fr\/wp-json\/wp\/v2\/tags?post=62684"},{"taxonomy":"author","embeddable":true,"href":"https:\/\/www.lapluma.net\/fr\/wp-json\/wp\/v2\/coauthors?post=62684"}],"curies":[{"name":"wp","href":"https:\/\/api.w.org\/{rel}","templated":true}]}}