{"id":62675,"date":"2024-02-18T21:19:54","date_gmt":"2024-02-18T21:19:54","guid":{"rendered":"https:\/\/www.lapluma.net\/?p=62675"},"modified":"2024-02-18T21:19:54","modified_gmt":"2024-02-18T21:19:54","slug":"el-desafio-impostergable-de-gestar-una-alternativa-desde-abajo","status":"publish","type":"post","link":"https:\/\/www.lapluma.net\/fr\/2024\/02\/18\/el-desafio-impostergable-de-gestar-una-alternativa-desde-abajo\/","title":{"rendered":"El desaf\u00edo impostergable de gestar una alternativa desde abajo"},"content":{"rendered":"<p style=\"text-align: justify;\"><em><span style=\"font-size: 12pt;\">\u201cEl libertario tiene a su propio \u2018mago de la Rosada\u2019, que es el joven y enigm\u00e1tico Santiago Caputo, integrante del exclusivo petit comit\u00e9 que comparte en soledad con Karina. All\u00ed cada d\u00eda, el asesor pasa por su tamiz literario los acontecimientos y vela porque no se desv\u00eden del eje m\u00edtico \u2018pueblo versus casta\u2019 y que el Le\u00f3n no abandone ante la opini\u00f3n p\u00fablica su vocaci\u00f3n carn\u00edvora. No es una tarea sencilla, puesto que las debilidades parlamentaria y territorial son enormes, y porque populismo y negociaci\u00f3n no hacen buena pareja; rebeld\u00eda y concesi\u00f3n tampoco. El libertarismo argento persuadi\u00f3 a los votantes de que todos los miembros de la clase pol\u00edtica &#8211; sin distinci\u00f3n de \u00e9tica, ideolog\u00eda o partido -, eran feos, sucios y malos. En consecuencia, tener que confraternizar con esa ralea se parece a una especie de traici\u00f3n. Adem\u00e1s, Javier Milei fue elegido &#8211; incluso gan\u00f3 un debate televisivo en el que claramente fue derrotado -, por su falta de experiencia pol\u00edtica\u201d.<\/span><\/em><\/p>\n<p>Jorge Fern\u00e1ndez D\u00edaz<br \/>\n\u201cEl Rasput\u00edn de Javier Milei y un relato que complica la gesti\u00f3n\u201d, en La Naci\u00f3n (4\/2\/2024)<\/p>\n<h5><span style=\"font-size: 18pt;\"><strong>La furia del Le\u00f3n traicionado<\/strong><\/span><\/h5>\n<p style=\"text-align: justify;\"><span style=\"font-size: 14pt;\">Despu\u00e9s de que el oficialismo\u00a0decidiera devolver el proyecto de\u00a0Ley \u00d3mnibus\u00a0a comisi\u00f3n\u00a0por falta de acuerdos para aprobar ciertos art\u00edculos de la iniciativa, el diputado nacional por La Libertad Avanza (LLA),<a href=\"https:\/\/www.cronista.com\/economia-politica\/quien-es-alberto-benegas-lynch-h-el-principal-mentor-de-javier-milei\/\">\u00a0<strong>Alberto Benegas Lynch<\/strong><\/a>, hizo una sola<strong>\u00a0<\/strong>autocr\u00edtica desde el oficialismo por el fracaso del tratamiento de la iniciativa en el Congreso, consistente en que\u00a0no tendr\u00edan que haber cre\u00eddo en \u201cla palabra de los pol\u00edticos\u201d.<\/span><\/p>\n<p style=\"text-align: justify;\"><span style=\"font-size: 14pt;\">Y consider\u00f3 que, de aqu\u00ed en m\u00e1s, \u201c<em>Hay al menos tres opciones.<\/em><em>\u00a0Se pueden rever ahora los 664 art\u00edculos de la ley en un nuevo debate, se puede aplazar la discusi\u00f3n y darla m\u00e1s adelante o someter las reformas a consulta popular. Esta \u00faltima no me parece mal. Tendr\u00eda que ser vinculante en todo caso<\/em>\u201d.<\/span><\/p>\n<p style=\"text-align: justify;\"><span style=\"font-size: 14pt;\">En las \u00faltimas horas, la furia del Ejecutivo por el rev\u00e9s vivido en la C\u00e1mara de Diputados arremeti\u00f3 contra propios y ajenos. <a href=\"https:\/\/es.wikipedia.org\/wiki\/Osvaldo_Giordano\"><strong>Osvaldo Giordano<\/strong><\/a>, ex titular del Anses ha sido de sus primeras v\u00edctimas. En su red social favorita, el Presidente le dio \u00ab\u00a0me gusta\u00a0\u00bb a los posteos que ped\u00edan echar al dirigente cordob\u00e9s, tras el voto negativo de su esposa, <strong>Alejandra Torres<\/strong>, en la Ley \u00d3mnibus, lo cual podr\u00eda romper el puente entre la Casa Rosada y la Casa de Gobierno de C\u00f3rdoba.<\/span><\/p>\n<p style=\"text-align: justify;\"><span style=\"font-size: 14pt;\">En paralelo, <a href=\"https:\/\/es.wikipedia.org\/wiki\/Marcela_Pagano\"><strong>Marcela Pagano<\/strong><\/a> analiza irse del bloque de LLA, y la jefatura de <a href=\"https:\/\/es.wikipedia.org\/wiki\/Mart%C3%ADn_Menem\"><strong>Mart\u00edn Menem<\/strong><\/a> entr\u00f3 en crisis. El Bloque oficialista cruje atravesado por distintas internas. Hay discusiones pendientes y se cuestiona el rol de las principales figuras.\u00a0<\/span><\/p>\n<p style=\"text-align: justify;\"><span style=\"font-size: 14pt;\">Otras de las represalias en curso, de imprevisibles consecuencias, es la que hoy enfrenta al gobierno central con las provincias, dado que <strong>Javier Milei<\/strong> cumpli\u00f3 con su palabra: fundirlas a ellas y a sus habitantes hasta que no le aprueben la Ley \u00d3mnibus. En efecto, recort\u00f3 un 27% el gasto primario en enero de 2024 respecto a 2023. Los rubros m\u00e1s damnificados fueron salud, educaci\u00f3n, obra p\u00fablica, industria, jubilaciones y pol\u00edtica ambiental. El recorte, especialmente a Buenos Aires, fue de un 56% en t\u00e9rminos reales comparado con enero de 2023. Eliminaron las transferencias de recursos a cajas previsionales provinciales, infraestructura de hospitales, pol\u00edticas educativas y penitenciarias, entre otros.\u00a0<\/span><\/p>\n<p style=\"text-align: justify;\"><span style=\"font-size: 14pt;\">As\u00ed, Milei profundiza su ofensiva contra los gobernadores pensando en poner freno al pacto fiscal. Adem\u00e1s, tiene bajo la lupa a los funcionarios que responden a los mandatarios provinciales y no piensa en convocar a una reuni\u00f3n para tratar el paquete fiscal, declarando una guerra basada en la quita de subsidios.<\/span><\/p>\n<p><img loading=\"lazy\" decoding=\"async\" class=\"aligncenter wp-image-62678\" src=\"https:\/\/www.lapluma.net\/wp-content\/uploads\/2024\/02\/ar-fmi-300x200.jpg\" alt=\"\" width=\"550\" height=\"367\" srcset=\"https:\/\/www.lapluma.net\/wp-content\/uploads\/2024\/02\/ar-fmi-300x200.jpg 300w, https:\/\/www.lapluma.net\/wp-content\/uploads\/2024\/02\/ar-fmi-1024x684.jpg 1024w, https:\/\/www.lapluma.net\/wp-content\/uploads\/2024\/02\/ar-fmi-768x513.jpg 768w, https:\/\/www.lapluma.net\/wp-content\/uploads\/2024\/02\/ar-fmi-435x290.jpg 435w, https:\/\/www.lapluma.net\/wp-content\/uploads\/2024\/02\/ar-fmi-150x100.jpg 150w, https:\/\/www.lapluma.net\/wp-content\/uploads\/2024\/02\/ar-fmi-370x247.jpg 370w, https:\/\/www.lapluma.net\/wp-content\/uploads\/2024\/02\/ar-fmi.jpg 1200w\" sizes=\"auto, (max-width: 550px) 100vw, 550px\" \/><\/p>\n<p style=\"text-align: justify;\"><span style=\"font-size: 14pt;\">Mientras se aplica la motosierra contra el pueblo, se paga la deuda con el FMI, como tambi\u00e9n a otros organismos multilaterales. Ya lo dijo <a href=\"http:\/\/revistascientificas.filo.uba.ar\/index.php\/boletin\/article\/view\/12970\/11443\"><strong>Nicol\u00e1s Avellaneda<\/strong>, la deuda se pagar\u00e1 con \u201cla sangre y el sudor de los argentinos\u201d<\/a>.\u00a0<\/span><\/p>\n<p style=\"text-align: justify;\"><span style=\"font-size: 14pt;\">Si bien el rev\u00e9s parlamentario oficialista supuso cierta oxigenaci\u00f3n para una democracia de baj\u00edsima intensidad que habr\u00e1 que refundar, tambi\u00e9n es cierto que se hizo sentir en la calle el acumulado de todas las jornadas de lucha que se han venido sucediendo desde que la militancia perfor\u00f3 el Protocolo Bullrich el 20\/12 pasado.\u00a0<\/span><\/p>\n<p style=\"text-align: justify;\"><span style=\"font-size: 14pt;\">No obstante, como se desprende de las declaraciones anteriores del nieto del ide\u00f3logo ultra liberal que tanto alaba el Presidente, el gobierno a\u00fan conserva capacidad de da\u00f1o legal.<\/span><\/p>\n<p style=\"text-align: justify;\"><span style=\"font-size: 14pt;\">El mayor desaf\u00edo para el Gobierno sigue siendo el social y, detr\u00e1s de ese, el pol\u00edtico. M\u00e1s all\u00e1 de la devaluaci\u00f3n, la alt\u00edsima inflaci\u00f3n, la ca\u00edda de ingresos, y las escaramuzas de dirigentes opositores en la calle y el Congreso, la aprobaci\u00f3n del Gobierno se mantiene. A casi dos meses de haber inaugurado su gesti\u00f3n, el gobierno de Milei cosecha una aprobaci\u00f3n del 47% y una desaprobaci\u00f3n del 50%, seg\u00fan una encuesta de D\u2019Alessio Irol\/Berensztein de este mes. Esto implica una ca\u00edda de solo tres puntos en la aprobaci\u00f3n y un alza de seis en la desaprobaci\u00f3n con relaci\u00f3n a diciembre de 2023. Si bien son noticias auspiciosas para un Gobierno que vendi\u00f3 ajuste y <em>shock<\/em>, el Presidente sabe que la manta es corta en un pa\u00eds con m\u00e1s de 40% de pobres y ca\u00eddas de sueldos desde 2017.<\/span><\/p>\n<p style=\"text-align: justify;\"><span style=\"font-size: 14pt;\">En este marco, cabe destacar que los mensajes oficialistas intervenidos con Inteligencia Artificial (Milei como Terminator aniquilando a quienes le fallaron y <strong>Villarruel <\/strong>como Wonder Woman), que el progresismo tanto defenestra, parecen tener un impacto positivo en los sectores juveniles que votaron al economista anarco liberal resentidos por haber tenido que cursar la secundaria confinados durante la pandemia de COVID 19. Aqu\u00ed hay que decir que algunos analistas han visto al ascenso de Milei como revancha de los j\u00f3venes del Siglo XXI contra las pol\u00edticas del Siglo XX, entre otras causas, dada la ineficacia persuasiva de las viejas ret\u00f3ricas.<\/span><\/p>\n<p style=\"text-align: justify;\"><span style=\"font-size: 14pt;\">Para entenderlo mejor corresponde tomar nota acerca de que la victoria electoral de La Libertad Avanza supone una reacci\u00f3n popular contra el fracaso del orden progresista, y eso no pod\u00eda tener otro signo que el de una derecha que, en su versi\u00f3n actual, se empe\u00f1a en desmantelar al Estado para dejarnos a merced del mercado.<\/span><\/p>\n<p style=\"text-align: justify;\"><span style=\"font-size: 14pt;\">Como si la incertidumbre y la angustia de lxs argentinxs fuera poca, la decidida apuesta de nuestro presidente en Israel vuelve a involucrarnos en el conflicto de Medio Oriente, con serio riesgo de sufrir represalias semejantes a las padecidas durante la d\u00e9cada de los 90s.<\/span><\/p>\n<p><img loading=\"lazy\" decoding=\"async\" class=\" wp-image-62679 aligncenter\" src=\"https:\/\/www.lapluma.net\/wp-content\/uploads\/2024\/02\/banquero_codicia-300x247.webp\" alt=\"\" width=\"441\" height=\"363\" srcset=\"https:\/\/www.lapluma.net\/wp-content\/uploads\/2024\/02\/banquero_codicia-300x247.webp 300w, https:\/\/www.lapluma.net\/wp-content\/uploads\/2024\/02\/banquero_codicia.webp 524w\" sizes=\"auto, (max-width: 441px) 100vw, 441px\" \/><\/p>\n<h5><span style=\"font-size: 18pt;\"><strong>Fortalezas y debilidades del campo popular<\/strong><strong>\u00a0<\/strong><\/span><\/h5>\n<p style=\"text-align: justify;\"><span style=\"font-size: 14pt;\">La expectativa de los sectores pol\u00edticos y gremiales rebeldes reside en prestar atenci\u00f3n a c\u00f3mo evolucione el panorama tras el inicio del ciclo lectivo ya que, si en tal contexto no se recompone la l\u00f3gica de \u00ab\u00a0piquete y cacerola, la lucha es una sola\u00a0\u00bb, se har\u00e1 harto dif\u00edcil frenar el genocidio social en curso.<\/span><\/p>\n<p style=\"text-align: justify;\"><span style=\"font-size: 14pt;\">Ante semejantes dilemas, un lugar com\u00fan en los debates militantes viene siendo el que se pregunta por las similitudes y diferencias del momento actual con aquel que condujo a la crisis del 2001.<\/span><\/p>\n<p style=\"text-align: justify;\"><span style=\"font-size: 14pt;\">No falta quien opina al respecto que hoy muchas organizaciones se han robustecido, ya debido a las capacidades multiplicadoras que proporcion\u00f3 &#8211; en algunos casos &#8211; su paso por el Estado, ya por cuanto pudo lograrse desde el llano en la interactuaci\u00f3n con \u00e9l, para promover autogesti\u00f3n.<\/span><\/p>\n<p style=\"text-align: justify;\"><span style=\"font-size: 14pt;\">No obstante, desde una mirada macro corresponde tomar nota acerca de que hacia el Argentinazo a\u00fan exist\u00eda un peronismo con suficiente m\u00fasculo como para poner coto a la protesta social &#8211; lo que ocurri\u00f3 el 26 de Junio de 2002 durante los tr\u00e1gicos sucesos que tuvieron lugar en la entonces Estaci\u00f3n de Avellaneda, que por eso mismo ahora lleva el nombre de las v\u00edctimas fatales producidas en aquellas circunstancias -, y ofrecer una alternativa de recambio capaz de encauzar el conflicto reconstruyendo la gobernabilidad con una impronta\u00a0 progresista.<\/span><\/p>\n<p style=\"text-align: justify;\"><span style=\"font-size: 14pt;\">Si la primera consideraci\u00f3n hace al \u201chaber\u201d del capital con que actualmente cuenta el campo popular &#8211; lo cual redunda en su capacidad de ocupar el espacio p\u00fablico instalando demandas que frecuentemente obtienen conquistas parciales -, la segunda debe anotarse en la lista del \u201cdebe\u201d. Y eso es as\u00ed dado que cualquier ofensiva popular de car\u00e1cter t\u00e1ctico que est\u00e9 en condiciones de producir nuestro pueblo, carece de una alternativa progresiva capaz de traducir tal esfuerzo en t\u00e9rminos de una institucionalidad virtuosa.<\/span><\/p>\n<p style=\"text-align: justify;\"><span style=\"font-size: 14pt;\">Para no discurrir en abstracto, digamos que el panorama opositor cuenta con un peronismo desarticulado y sin liderazgo de peso, en cuyo seno aflora la figura del gobernador bonaerense, m\u00e1s como promesa que como realidad efectiva que cuente con el consenso mayoritario de todo su arco partidario.<\/span><\/p>\n<p style=\"text-align: justify;\"><span style=\"font-size: 14pt;\">Y dentro del oficialismo se vive lo que la Ministra de Seguridad defini\u00f3 como un \u201credise\u00f1o\u201d, bastante semejante a un asalto al poder liso y llano por parte del macrismo, que desde la primera hora concibe al grotesco e imprevisible Primer Mandatario como su Caballo de Troya, movimiento que contar\u00eda con el benepl\u00e1cito de la Vicepresidenta de la Naci\u00f3n.\u00a0<\/span><\/p>\n<p style=\"text-align: justify;\"><span style=\"font-size: 14pt;\">Pese a tales especulaciones, desde Roma, Javier Milei dio luz verde para avanzar en un acuerdo con <strong>Mauricio Macri<\/strong> y <strong>Mauricio Macri<\/strong>, y no descarta otorgar lugares en el Ejecutivo para la tropa del PRO.<\/span><\/p>\n<p style=\"text-align: justify;\"><span style=\"font-size: 14pt;\">Es m\u00e1s, en las \u00faltimas horas ha trascendido que Macri estar\u00eda viajando a Roma para acordar con el Presidente el mentado redise\u00f1o de su gabinete.<\/span><\/p>\n<p style=\"text-align: justify;\"><span style=\"font-size: 14pt;\">Hasta nuevo aviso, y mal que le pese a nuestras penurias, ese parece ser el recambio m\u00e1s factible que estar\u00eda a punto de suceder.\u00a0<\/span><\/p>\n<p style=\"text-align: justify;\"><span style=\"font-size: 14pt;\">Por su parte, el Primer Mandatario contin\u00faa su Luna de Miel con Black Rock, que acaba de hacerle un gui\u00f1o comprando el bono que el Banco Central emiti\u00f3 para los importadores. Dicha inversi\u00f3n del fondo m\u00e1s grande del mundo &#8211; que hoy viene incrementando exponencialmente su capital en el mercado de las Bitcoins &#8211; es m\u00ednima, de apenas USD 1,8 millones y se conoce poco antes del encuentro de su CEO,<a href=\"https:\/\/es.wikipedia.org\/wiki\/Laurence_D._Fink\"> <strong>Larry Fink<\/strong>,<\/a> con Milei.<\/span><\/p>\n<p style=\"text-align: justify;\"><span style=\"font-size: 14pt;\">Lejos de Palacio, y por ahora fundamentalmente en AMBA y alrededores, el dinamismo de las asambleas de base viene reuniendo gran cantidad de vecinxs autoconvocadxs que, en el marco de la lucha contra el paquetazo gubernamental, sostienen las m\u00e1s diversas intervenciones, desde perfomances art\u00edsticas hasta capacitaciones expr\u00e9s en primeros auxilios, siempre en la v\u00eda p\u00fablica.<\/span><\/p>\n<p style=\"text-align: justify;\"><span style=\"font-size: 14pt;\">Son s\u00edntomas de una vitalidad social que, frente a las amenazas de criminalizaci\u00f3n de la protesta y libre portaci\u00f3n de armas de guerra para las fuerzas de seguridad, no describen precisamente a un pueblo sometido.<\/span><\/p>\n<p style=\"text-align: justify;\"><span style=\"font-size: 14pt;\">Como sostiene el intelectual org\u00e1nico <strong>Miguel Mazzeo<\/strong>, hoy existe en Argentina una amplia franja social en \u00ab\u00a0estado de disponibilidad hegem\u00f3nica\u00a0\u00bb.<\/span><\/p>\n<p style=\"text-align: justify;\"><span style=\"font-size: 14pt;\">El encuentro entre lxs diputadxs de izquierda y la dirigencia cegetista compartiendo la convocatoria al Paro del 24\/1, el arco pol\u00edtico plural que confluy\u00f3 armoniosamente en dicha concentraci\u00f3n, el categ\u00f3rico rechazo al DNU y la Ley \u00f3mnibus por parte de Uni\u00f3n por la Patria y el FIT, constituyen auspiciosos indicadores de que, con una derecha ultramontana arras\u00e1ndolo todo, el m\u00e1s m\u00ednimo gesto de macartismo es un lujo que no estamos en condiciones de permitirnos.<\/span><\/p>\n<p style=\"text-align: justify;\"><span style=\"font-size: 14pt;\">Har\u00e1 falta una mayor celeridad en el Plan de Lucha inaugurado por la central obrera &#8211; que va siendo hora de que apueste m\u00e1s por la acci\u00f3n directa que por la persuasi\u00f3n de los cortesanos &#8211; para crear condiciones m\u00e1s propicias a la gestaci\u00f3n de una alternativa capaz de redimir de tanto sufrimiento a este pueblo castigado, pero de pie. &#8211;<\/span><\/p>\n<h2><span style=\"font-size: 14pt;\">Jorge Falcone para La Pluma<\/span><br \/>\n<span style=\"font-size: 14pt;\"><strong><a href=\"https:\/\/chiquifalcone.blogspot.com\/\">La Gomera de David<\/a>, 12 de febrero de 2024<br \/>\n<\/strong><\/span><strong><span style=\"font-size: 14pt;\">Editado por <\/span><a href=\"https:\/\/www.lapluma.net\/nosotros\/editora\/\"><span style=\"font-size: 14pt;\">Mar\u00eda Piedad Ossaba<\/span><\/a><\/strong><\/h2>\n<p><img loading=\"lazy\" decoding=\"async\" class=\"aligncenter wp-image-52093\" src=\"https:\/\/www.lapluma.net\/wp-content\/uploads\/2023\/05\/La-gomera-de-David--254x300.jpg\" alt=\"\" width=\"300\" height=\"355\" srcset=\"https:\/\/www.lapluma.net\/wp-content\/uploads\/2023\/05\/La-gomera-de-David--254x300.jpg 254w, https:\/\/www.lapluma.net\/wp-content\/uploads\/2023\/05\/La-gomera-de-David-.jpg 433w\" sizes=\"auto, (max-width: 300px) 100vw, 300px\" \/><\/p>\n<h5 style=\"text-align: center;\">BLOG DE JORGE FALCONE \/ UNA MIRADA CR\u00cdTICA SOBRE EL ACONTECER NOSTRAMERICANO<\/h5>\n<p><strong>\u00a0<\/strong><\/p>\n","protected":false},"excerpt":{"rendered":"<p>Har\u00e1 falta una mayor celeridad en el Plan de Lucha inaugurado por la central obrera &#8211; que va siendo hora de que apueste m\u00e1s por la acci\u00f3n directa que por la persuasi\u00f3n de los cortesanos &#8211; para crear condiciones m\u00e1s propicias a la gestaci\u00f3n de una alternativa capaz de redimir de tanto sufrimiento a este pueblo castigado, pero de pie<\/p>\n","protected":false},"author":551,"featured_media":62682,"comment_status":"open","ping_status":"open","sticky":false,"template":"","format":"standard","meta":{"_uf_show_specific_survey":0,"_uf_disable_surveys":false,"footnotes":""},"categories":[217],"tags":[25677,25675,25676,23414,7900,25673,25266,619,25674],"coauthors":[7901],"class_list":["post-62675","post","type-post","status-publish","format-standard","has-post-thumbnail","hentry","category-abya-yala","tag-black-rock","tag-campo-popular","tag-fortalezas-y-debilidades","tag-javier-milei","tag-jorge-falcone","tag-larry-fink","tag-ley-omnibus","tag-mauricio-macri","tag-miguel-mazzeo"],"translation":{"provider":"WPGlobus","version":"2.12.2","language":"fr","enabled_languages":["es","fr"],"languages":{"es":{"title":true,"content":true,"excerpt":true},"fr":{"title":false,"content":false,"excerpt":false}}},"_links":{"self":[{"href":"https:\/\/www.lapluma.net\/fr\/wp-json\/wp\/v2\/posts\/62675","targetHints":{"allow":["GET"]}}],"collection":[{"href":"https:\/\/www.lapluma.net\/fr\/wp-json\/wp\/v2\/posts"}],"about":[{"href":"https:\/\/www.lapluma.net\/fr\/wp-json\/wp\/v2\/types\/post"}],"author":[{"embeddable":true,"href":"https:\/\/www.lapluma.net\/fr\/wp-json\/wp\/v2\/users\/551"}],"replies":[{"embeddable":true,"href":"https:\/\/www.lapluma.net\/fr\/wp-json\/wp\/v2\/comments?post=62675"}],"version-history":[{"count":4,"href":"https:\/\/www.lapluma.net\/fr\/wp-json\/wp\/v2\/posts\/62675\/revisions"}],"predecessor-version":[{"id":62681,"href":"https:\/\/www.lapluma.net\/fr\/wp-json\/wp\/v2\/posts\/62675\/revisions\/62681"}],"wp:featuredmedia":[{"embeddable":true,"href":"https:\/\/www.lapluma.net\/fr\/wp-json\/wp\/v2\/media\/62682"}],"wp:attachment":[{"href":"https:\/\/www.lapluma.net\/fr\/wp-json\/wp\/v2\/media?parent=62675"}],"wp:term":[{"taxonomy":"category","embeddable":true,"href":"https:\/\/www.lapluma.net\/fr\/wp-json\/wp\/v2\/categories?post=62675"},{"taxonomy":"post_tag","embeddable":true,"href":"https:\/\/www.lapluma.net\/fr\/wp-json\/wp\/v2\/tags?post=62675"},{"taxonomy":"author","embeddable":true,"href":"https:\/\/www.lapluma.net\/fr\/wp-json\/wp\/v2\/coauthors?post=62675"}],"curies":[{"name":"wp","href":"https:\/\/api.w.org\/{rel}","templated":true}]}}