{"id":62539,"date":"2024-02-16T22:23:45","date_gmt":"2024-02-16T22:23:45","guid":{"rendered":"https:\/\/www.lapluma.net\/?p=62539"},"modified":"2024-02-16T23:07:25","modified_gmt":"2024-02-16T23:07:25","slug":"62539","status":"publish","type":"post","link":"https:\/\/www.lapluma.net\/fr\/2024\/02\/16\/62539\/","title":{"rendered":"El \u201cmileinato\u201d, el cogobierno, el Papa\u2026y la calle"},"content":{"rendered":"<p style=\"text-align: justify;\"><span style=\"font-size: 14pt;\">Tras el fracaso de su\u00a0Ley \u00d3mnibus\u00a0en el Congreso, enfrentado con los gobernadores\u00a0y con una ca\u00edda en su popularidad y credibilidad, el ultraderechista presidente Javier Milei se reunir\u00eda con\u00a0el exmandatario Mauricio\u00a0Macri (2015-2019) para hablar sobre la incorporaci\u00f3n formal de\u00a0la\u00a0derechista Propuesta Republicana\u00a0(PRO)\u00a0al gobierno, en un experimento de cogobierno libertario-neoliberal.<\/span><\/p>\n<p style=\"text-align: justify;\"><span style=\"font-size: 14pt;\">\u00abAc\u00e1\u00a0no va a haber un cogobierno, el que mando soy yo\u00bb, afirm\u00f3 Milei, quien teme que el acercamiento con Macri implique\u00a0un doble comando. Ese mismo temor\u00a0lo llev\u00f3 a rechazar\u00a0un acuerdo\u00a0en diciembre, alentado por su ministra de Seguridad, Patricia Bullrich, a su vez presidenta del PRO. Milei\u00a0entiende que no pueden quedar dudas de que su gobierno no es un segundo tiempo macrista y que el que toma las decisiones es \u00e9l.\u201cNo me pidi\u00f3 nada\u201d, asegura.<\/span><\/p>\n<figure id=\"attachment_62541\" aria-describedby=\"caption-attachment-62541\" style=\"width: 550px\" class=\"wp-caption aligncenter\"><img loading=\"lazy\" decoding=\"async\" class=\"wp-image-62541\" src=\"https:\/\/www.lapluma.net\/wp-content\/uploads\/2024\/02\/mile-presidente-y-macri-300x148.jpg\" alt=\"\" width=\"550\" height=\"271\" srcset=\"https:\/\/www.lapluma.net\/wp-content\/uploads\/2024\/02\/mile-presidente-y-macri-300x148.jpg 300w, https:\/\/www.lapluma.net\/wp-content\/uploads\/2024\/02\/mile-presidente-y-macri-1024x505.jpg 1024w, https:\/\/www.lapluma.net\/wp-content\/uploads\/2024\/02\/mile-presidente-y-macri-768x379.jpg 768w, https:\/\/www.lapluma.net\/wp-content\/uploads\/2024\/02\/mile-presidente-y-macri.jpg 1256w\" sizes=\"auto, (max-width: 550px) 100vw, 550px\" \/><figcaption id=\"caption-attachment-62541\" class=\"wp-caption-text\">Asunci\u00f3n presidencial en el congreso de la naci\u00f3n: Milei y Macri.Foto Federico Lopez Claro<\/figcaption><\/figure>\n<p style=\"text-align: justify;\"><span style=\"font-size: 14pt;\">El anuncio despert\u00f3 dudas al interior de cada uno de los partidos sobre c\u00f3mo se llevar\u00e1 a cabo y qu\u00e9 implicancias tendr\u00e1. Hasta ahora, el PRO tiene dos ministros en Defensa y Seguridad\u00a0y la prensa se\u00f1ala que reclamar\u00eda tres m\u00e1s. De todas formas, rodean a Milei el ministro de Econom\u00eda Luis Caputo y el asesor principal Federico Stuttzeneger (ministro de Finanzas y ex presidente del Banco Central con Macri, respectivamente).<\/span><\/p>\n<p style=\"text-align: justify;\"><span style=\"font-size: 14pt;\">Preocupado, el derechista\u00a0presidente de Paraguay, Santiago Pe\u00f1a, aconsej\u00f3 a Milei que busque \u00abconstruir consenso pol\u00edtico\u00bb para mejorar la gesti\u00f3n del gobierno, ya que advirti\u00f3 que \u00absin el acompa\u00f1amiento de la clase pol\u00edtica representada en el Parlamento se hace muy dif\u00edcil\u00bb.<\/span><\/p>\n<p style=\"text-align: justify;\"><span style=\"font-size: 14pt;\">En poco menos de 60 d\u00edas el gobierno aplic\u00f3 \u00a0una devaluaci\u00f3n del 100%, con aumentos de combustibles, alimentos, tarifas, y recortes salariales;\u00a0apur\u00f3\u00a0un desfinanciamiento de los presupuestos p\u00fablicos, y dej\u00f3\u00a0a las universidades nacionales ante el riesgo de no poder iniciar las clases.<\/span><\/p>\n<p style=\"text-align: justify;\"><span style=\"font-size: 14pt;\">Present\u00f3 un decreto de Necesidad y Urgencia (DNU) de m\u00e1s de 300 art\u00edculos que incluye una reforma laboral regresiva, que abre la posibilidad\u00a0de un r\u00e9gimen de excepci\u00f3n por encima del Congreso, adem\u00e1s de privatizaciones de empresas p\u00fablicas, y el remate sin l\u00edmite de las tierras y recursos naturales\u00a0a \u201cbuitres\u201d nacionales y extranjeros, como\u00a0Elon Musk,\u00a0al cual el presidente parece haberle prometido el litio.<\/span><\/p>\n<figure id=\"attachment_62542\" aria-describedby=\"caption-attachment-62542\" style=\"width: 550px\" class=\"wp-caption aligncenter\"><img loading=\"lazy\" decoding=\"async\" class=\"wp-image-62542\" src=\"https:\/\/www.lapluma.net\/wp-content\/uploads\/2024\/02\/El-ajuste-de-milei-lo-paga-el-pueblo-300x169.webp\" alt=\"\" width=\"550\" height=\"309\" srcset=\"https:\/\/www.lapluma.net\/wp-content\/uploads\/2024\/02\/El-ajuste-de-milei-lo-paga-el-pueblo-300x169.webp 300w, https:\/\/www.lapluma.net\/wp-content\/uploads\/2024\/02\/El-ajuste-de-milei-lo-paga-el-pueblo-768x432.webp 768w, https:\/\/www.lapluma.net\/wp-content\/uploads\/2024\/02\/El-ajuste-de-milei-lo-paga-el-pueblo-870x489.webp 870w, https:\/\/www.lapluma.net\/wp-content\/uploads\/2024\/02\/El-ajuste-de-milei-lo-paga-el-pueblo-895x503.webp 895w, https:\/\/www.lapluma.net\/wp-content\/uploads\/2024\/02\/El-ajuste-de-milei-lo-paga-el-pueblo.webp 980w\" sizes=\"auto, (max-width: 550px) 100vw, 550px\" \/><figcaption id=\"caption-attachment-62542\" class=\"wp-caption-text\">Una mujer en la movilizaci\u00f3n durante la huelga general contra el gobierno Javier Milei en el centro de Buenos Aires, el 24 de enero de 2024 \u00a9 Luis ROBAYO \/ AFP<\/figcaption><\/figure>\n<p style=\"text-align: justify;\">\n<p style=\"text-align: justify;\"><span style=\"font-size: 14pt;\">Junto con este decreto, el gobierno envi\u00f3 al congreso una Ley \u00d3mnibus, \u00a0un paquete\u00a0de leyes redactadas como si fuera una sola, que implica cambios estructurales en el r\u00e9gimen pol\u00edtico y econ\u00f3mico, cercena el derecho a la protesta, y le otorga facultades extraordinarias al ejecutivo.<\/span><\/p>\n<p style=\"text-align: justify;\"><span style=\"font-size: 14pt;\">La expresidenta Cristina Fern\u00e1ndez de Kirchner defini\u00f3 a Milei como \u00abun showman-economista\u00bb y remarc\u00f3\u00a0que pese a su discurso en campa\u00f1a \u00abprodujo, ni bien fue electo, un ins\u00f3lito reciclaje de personajes y exfuncionarios\u00bb, se\u00f1alando\u00a0principalmente al titular de Econom\u00eda\u00a0Luis Caputo\u00a0-\u00abart\u00edfice del endeudamiento serial del gobierno de Mauricio Macri y del retorno del FMI a la Argentina\u00bb-\u00a0y Federico Sturzenegger.<\/span><\/p>\n<p style=\"text-align: justify;\"><span style=\"font-size: 14pt;\">A\u00f1adi\u00f3\u00a0que es\u00a0\u00abm\u00e1s que evidente que en la cabeza del Presidente el \u00fanico plan de estabilizaci\u00f3n es el de la dolarizaci\u00f3n, tras cuestionar el\u00a0\u00abcaos planificado\u00bb que genera el \u00abferoz programa de ajuste que act\u00faa como un verdadero plan de desestabilizaci\u00f3n\u00bb.<\/span><\/p>\n<p style=\"text-align: justify;\"><span style=\"font-size: 14pt;\">La expresidenta advirti\u00f3 sobre \u00abel clima de insultos, escraches, descalificaciones y estigmatizaciones que aument\u00f3 exponencialmente a partir de la vuelta a comisi\u00f3n del proyecto de ley \u00d3mnibus\u00bb, lo que. \u00abpresagia un escenario de violencia que, como ya sabemos, comienza por lo verbal y luego pasa a lo f\u00edsico\u00bb.<\/span><\/p>\n<figure id=\"attachment_62543\" aria-describedby=\"caption-attachment-62543\" style=\"width: 550px\" class=\"wp-caption aligncenter\"><img loading=\"lazy\" decoding=\"async\" class=\"wp-image-62543\" src=\"https:\/\/www.lapluma.net\/wp-content\/uploads\/2024\/02\/milei-y-cristinajpg-300x169.webp\" alt=\"\" width=\"550\" height=\"310\" srcset=\"https:\/\/www.lapluma.net\/wp-content\/uploads\/2024\/02\/milei-y-cristinajpg-300x169.webp 300w, https:\/\/www.lapluma.net\/wp-content\/uploads\/2024\/02\/milei-y-cristinajpg-1024x577.webp 1024w, https:\/\/www.lapluma.net\/wp-content\/uploads\/2024\/02\/milei-y-cristinajpg-768x433.webp 768w, https:\/\/www.lapluma.net\/wp-content\/uploads\/2024\/02\/milei-y-cristinajpg-870x489.webp 870w, https:\/\/www.lapluma.net\/wp-content\/uploads\/2024\/02\/milei-y-cristinajpg-895x503.webp 895w, https:\/\/www.lapluma.net\/wp-content\/uploads\/2024\/02\/milei-y-cristinajpg.webp 1200w\" sizes=\"auto, (max-width: 550px) 100vw, 550px\" \/><figcaption id=\"caption-attachment-62543\" class=\"wp-caption-text\">Milei y y Cristina Kirchner<\/figcaption><\/figure>\n<p style=\"text-align: justify;\">\n<p style=\"text-align: justify;\"><span style=\"font-size: 14pt;\">Por su parte, el acad\u00e9mico y economista Horacio Rovelli hace\u00a0especial hincapi\u00e9 en el esp\u00edritu entreguista de la Ley \u00d3mnibus y c\u00f3mo a trav\u00e9s de la misma se atentaba contra la soberan\u00eda nacional: el fondod e inveriones \u201cBlackrock es nuestro principal acreedor privado, con m\u00e1s de dos mil millones de d\u00f3lares de t\u00edtulos de deuda\u201d.<\/span><\/p>\n<p style=\"text-align: justify;\"><span style=\"font-size: 14pt;\">Destac\u00f3 que\u00a0Larry Fink, el m\u00e1s alto ejecutivo de BlackRock le pidi\u00f3 a Milei la estatal\u00a0Yacimiento Petrol\u00edferos Fiscales (YPF), el Banco Naci\u00f3n, y los yacimientos de Vaca Muerta. \u201cTienen plata para invertir y creen que somos una colonia africana que por la deuda vamos a malvender nuestro patrimonio y bellezas naturale:\u00a0por eso avanzan con la Ley de Glaciares y la Ley de Bosques\u201d, enfatiz\u00f3.<\/span><\/p>\n<p style=\"text-align: justify;\"><span style=\"font-size: 14pt;\">Para Rovelli, \u201cJavier Milei no es una persona equilibrada.\u00a0Su destino final es una Asamblea Legislativa que lo destituya\u201d.<\/span><\/p>\n<p style=\"text-align: justify;\"><span style=\"font-size: 14pt;\"><strong><b>La visita al Papa<\/b><\/strong><\/span><\/p>\n<p style=\"text-align: justify;\"><span style=\"font-size: 14pt;\">Tras enteresarse del fracaso parlamentario frente al Muro de los Lamentos en Jerusalem, Milei mantuvo una reuni\u00f3n con el Papa Francisco. \u201cYo soy cat\u00f3lico, pero practico algo de la religi\u00f3n jud\u00eda\u201d asegur\u00f3, imp\u00e1vido, en un programa de la cadena italiana Rettequatro.<\/span><\/p>\n<figure id=\"attachment_62544\" aria-describedby=\"caption-attachment-62544\" style=\"width: 440px\" class=\"wp-caption aligncenter\"><img loading=\"lazy\" decoding=\"async\" class=\"wp-image-62544\" src=\"https:\/\/www.lapluma.net\/wp-content\/uploads\/2024\/02\/ar-milei-y-francisco-300x200.jpg\" alt=\"\" width=\"440\" height=\"293\" srcset=\"https:\/\/www.lapluma.net\/wp-content\/uploads\/2024\/02\/ar-milei-y-francisco-300x200.jpg 300w, https:\/\/www.lapluma.net\/wp-content\/uploads\/2024\/02\/ar-milei-y-francisco-768x512.jpg 768w, https:\/\/www.lapluma.net\/wp-content\/uploads\/2024\/02\/ar-milei-y-francisco-435x290.jpg 435w, https:\/\/www.lapluma.net\/wp-content\/uploads\/2024\/02\/ar-milei-y-francisco-150x100.jpg 150w, https:\/\/www.lapluma.net\/wp-content\/uploads\/2024\/02\/ar-milei-y-francisco-370x247.jpg 370w, https:\/\/www.lapluma.net\/wp-content\/uploads\/2024\/02\/ar-milei-y-francisco.jpg 960w\" sizes=\"auto, (max-width: 440px) 100vw, 440px\" \/><figcaption id=\"caption-attachment-62544\" class=\"wp-caption-text\">Milei y El papa Francisco<\/figcaption><\/figure>\n<p style=\"text-align: justify;\"><span style=\"font-size: 14pt;\"><b> <\/b>Con el abrazo con el jesuita Jorge Bergoglio , Milei quiso dejar atr\u00e1s las gratuitas\u00a0agresiones que hab\u00eda vertido en campa\u00f1a hacia la m\u00e1xima autoridad de la Iglesia\u00a0cat\u00f3lica, entre ellas la de \u00abrepresentante del Maligno en la tierra\u00bb. Ahora, asegura, \u00abreconsider\u00f3 su opini\u00f3n del Papa\u00bb, que pas\u00f3 a ser para \u00e9l \u00abla persona m\u00e1s importante de toda Argentina\u00bb.<\/span><\/p>\n<p style=\"text-align: justify;\"><span style=\"font-size: 14pt;\">Pero tambi\u00e9n fue \u201cnegocio\u201d para el Papa, ya que encauz\u00f3 la\u00a0relaci\u00f3n, buscando hacer foco en la urgente agenda social.\u00a0Milei dijo que tuvo que reconsiderar \u201calgunos pensamientos porque el Papa es el jefe de los cat\u00f3licos de todo el mundo\u201d. Pero no lo plante\u00f3 como una revisi\u00f3n al improperio anterior, pese a que varios hombres de su cercan\u00eda tambi\u00e9n son jesu\u00edtas (aunque otros entre los cat\u00f3licos son del Opus Dei).\u00a0\u00bfHabr\u00e1 \u201cbendecido\u201d Bergoglio el cogobierno con Macri?<\/span><\/p>\n<p style=\"text-align: justify;\"><span style=\"font-size: 14pt;\"><strong><b>La educaci\u00f3n como negocio<\/b><\/strong><\/span><\/p>\n<p style=\"text-align: justify;\"><span style=\"font-size: 14pt;\">El proyecto mileinista\u00a0no plantea ninguna funci\u00f3n definida para el sistema educativo. Ya en su campa\u00f1a electoral, \u00a0plante\u00f3 que hab\u00eda que eliminar la educaci\u00f3n obligatoria: esa es\u00a0la concepci\u00f3n que muchos de los economistas ultraliberales y de la escuela austr\u00edaca enuncian como dogma.<\/span><\/p>\n<p style=\"text-align: justify;\"><span style=\"font-size: 14pt;\">El exministro de Educaci\u00f3n Daniel Filmus se\u00f1ala que esta concepci\u00f3n no prev\u00e9 que la educaci\u00f3n juegue un papel importante en la formaci\u00f3n para el trabajo, la productividad o el desarrollo cient\u00edfico-tecnol\u00f3gico, porque el modelo propuesto no incluye una ampliaci\u00f3n del mercado de trabajo, un proceso de industrializaci\u00f3n o de creaci\u00f3n de conocimiento y tecnolog\u00edas propias.<\/span><\/p>\n<p>&nbsp;<\/p>\n<p>&nbsp;<\/p>\n<p><img loading=\"lazy\" decoding=\"async\" class=\"sFlh5c pT0Scc b-loaded aligncenter\" src=\"https:\/\/encrypted-tbn0.gstatic.com\/images?q=tbn:ANd9GcS3WuZWbpZqJKUhZIeOWCZwWgqY1nWy50lNcQmB4GHAtMnhsix9OU87l_2WKQXH9V8JXy4&amp;usqp=CAU\" alt=\"\ud83d\udcac NICOL\u00c1S TROTTA: &quot;EL D\u00c9FICIT EDUCACIONAL NO SE SOLUCIONA CON IDEAS LOCAS&quot; \ud83d\udd34 Dirigentes pol\u00edticos repudiaron la propuesta del\u2026 | Instagram\" width=\"367\" height=\"458\" data-iml=\"684163\" \/><span style=\"font-size: 14pt;\">Los anarcocapitalistas sostienen que la sociedad no debe invertir en formar trabajadores o profesionales que no se sabe si encontrar\u00e1n puestos laborales para ejercer su carrera, ya que ello implicar\u00eda \u201csobreeducar\u201d\u00a0en una sociedad que se quiere dise\u00f1ar dividida entre empresarios-patrones y trabajadores sin educaci\u00f3n ni formaci\u00f3n, m\u00e1s f\u00e1ciles de explotar.<\/span><\/p>\n<p style=\"text-align: justify;\"><span style=\"font-size: 14pt;\">Es un modelo de construcci\u00f3n de hegemon\u00eda ideol\u00f3gica que prescinde del papel de la escuela para concentrarse principalmente en las redes sociales. Una pol\u00edtica de ajuste econ\u00f3mico que disminuir\u00e1 dr\u00e1sticamente la inversi\u00f3n en educaci\u00f3n, ciencia, y tecnolog\u00eda, y golpear\u00e1 fuertemente el salario docente, profundizando la desigualdad y condicionando la posibilidad del inicio y continuidad del ciclo lectivo y la calidad de los aprendizajes escolares, a\u00f1ade Filmus.<\/span><\/p>\n<p style=\"text-align: justify;\"><span style=\"font-size: 14pt;\">Para ellos la educaci\u00f3n significa un\u00a0gasto p\u00fablico por el que no se obtendr\u00eda una tasa de retorno que justifique la inversi\u00f3n social. Se tratar\u00eda as\u00ed de una inversi\u00f3n a riesgo que deber\u00eda ser asumida por los particulares.<\/span><\/p>\n<p style=\"text-align: justify;\"><span style=\"font-size: 14pt;\">Para ellos, los pocos empleos altamente cualificados que requerir\u00e1 una econom\u00eda crecientemente concentrada pueden ser cubiertos por los circuitos educativos de \u00e9lite o de alta calidad del sector de la ense\u00f1anza privada\u00a0o a entidades extranjeras.<\/span><\/p>\n<p style=\"text-align: justify;\"><span style=\"font-size: 14pt;\"><strong><b>\u00bfDolarizaci\u00f3n?<\/b><\/strong><\/span><\/p>\n<p style=\"text-align: justify;\"><span style=\"font-size: 14pt;\">Mientras la agenda social pasa por el ajuste, la contracci\u00f3n econ\u00f3mica y la disparada inflacionaria, el plan de Javier Milei de dolarizar la econom\u00eda avanza y se supone que\u00a0en plazos muy cortos, alentados por\u00a0empresarios e influyentes hombres del poder que creen que exterminar el peso y reemplazarlo por la moneda estadounidense es la \u00fanica salida que tiene el Gobierno para controlarloa precios.<\/span><\/p>\n<figure style=\"width: 330px\" class=\"wp-caption aligncenter\"><img loading=\"lazy\" decoding=\"async\" class=\"sFlh5c pT0Scc b-loaded\" src=\"https:\/\/encrypted-tbn0.gstatic.com\/images?q=tbn:ANd9GcT5nIFkumMYPEg4V3Iv8Zn5CdkE_4HB64dmo4HJBV-uIyuOH0MEtOry8-nifdVKL0P4r1M&amp;usqp=CAU\" alt=\"Qu\u00e9 oportunidades reales tiene Javier Milei de dolarizar la econom\u00eda\" width=\"330\" height=\"330\" data-iml=\"12979\" \/><figcaption class=\"wp-caption-text\">Milei dolarizaci\u00f3n de la econom\u00eda<\/figcaption><\/figure>\n<p style=\"text-align: justify;\"><span style=\"font-size: 14pt;\">La dolarizaci\u00f3n es esperada con los brazos abiertos por las mafias y los sectores delictivos:\u00a0va a calcar en Argentina el negocio delictivo de las Maras salvadore\u00f1as, la marginalidad y el narcotr\u00e1fico\u00a0en todo el continente, en beneficio de los grande bancos del sistema capitalista.<\/span><\/p>\n<p style=\"text-align: justify;\"><span style=\"font-size: 14pt;\">Pero los\u00a0dolarizadores temen que la\u00a0Corte Suprema de Justicia aborte la idea.Su presidente, Horacio Rosatti, se\u00f1al\u00f3 que \u00absi una dolarizaci\u00f3n elimina la moneda argentina, es inconstitucional\u201d -\u201dse tratar\u00eda de una moneda que no podr\u00eda emitir el Estado nacional\u00a0(\u2026) y\u00a0porque se tratar\u00eda de una moneda cuyo valor no podr\u00eda ser fijado por el Estado Nacional\u201d-e inst\u00f3 a los pol\u00edticos a\u00a0\u201cleer la Constituci\u00f3n\u00bb.<\/span><\/p>\n<p style=\"text-align: justify;\"><span style=\"font-size: 14pt;\"><strong><b>\u00bfBonapartismo?<\/b><\/strong><\/span><\/p>\n<p style=\"text-align: justify;\"><span style=\"font-size: 14pt;\">Algunos analistas (del exterior) se animan a calificar al mileinato como un gobierno bonapartista, aunque d\u00e9bil, ya\u00a0que el gobierno cuenta con una peque\u00f1a representaci\u00f3n parlamentaria en funci\u00f3n de objetivos tan ambiciosos, no tiene ninguna gobernaci\u00f3n en manos de su fuerza pol\u00edtica. (El bonapartismo est\u00e1 inspirado\u00a0en la pol\u00edtica llevada a cabo por el emperador franc\u00e9s Napole\u00f3n I).<\/span><\/p>\n<p style=\"text-align: justify;\"><span style=\"font-size: 14pt;\">Adem\u00e1s, existe una relaci\u00f3n de fuerzas entre las clases que necesitan quebrar y hay brechas importantes\u00a0en la propia burgues\u00eda. Como clase de conjunto acuerdan en que es necesario \u201cun ajuste duro o de shock\u201d (devaluaci\u00f3n, mayor extractivismo, reforma laboral, recorte a las jubilaciones, a la asistencia social, al empleo p\u00fablico y a los gastos del estado en general) pero cada fracci\u00f3n pretende que el ajuste lo pague otro.<\/span><\/p>\n<p style=\"text-align: justify;\"><img loading=\"lazy\" decoding=\"async\" class=\" wp-image-62547 aligncenter\" src=\"https:\/\/www.lapluma.net\/wp-content\/uploads\/2024\/02\/ar-milei-reyecito-e1707913831585-234x300-1.jpg\" alt=\"\" width=\"404\" height=\"518\" \/><\/p>\n<p style=\"text-align: justify;\"><span style=\"font-size: 14pt;\">El capital financiero y sus instituciones como el Fondo Monetario Internacional\u00a0son el principal sost\u00e9n y beneficiarios de las profundas transformaciones que pretende el gobierno para cumplir, ante todo con los tenedores de la deuda\u00a0externa. Ese mismo sector capitalista tambi\u00e9n es\u00a0consciente del golpe que significan las medidas no s\u00f3lo para las mayor\u00edas populares\u00a0sino tambi\u00e9n para intereses de otros grupos capitalistas, en parte representados por los gobernadores.<\/span><\/p>\n<p style=\"text-align: justify;\"><span style=\"font-size: 14pt;\">Esto se dej\u00f3 traslucir en el tratamiento de la Ley \u00d3mnibus en Diputados, donde las patronales exportadoras del campo y la industria lograron eliminar la suba de las retenciones\u00a0y luego otros sectores empresariales lograron quedar a resguardo de la apertura de importaciones (como el az\u00facar, citrus, etc.)<strong><b>, <\/b><\/strong>se\u00f1ala Fredy Lizarrague.<\/span><\/p>\n<p style=\"text-align: justify;\"><span style=\"font-size: 14pt;\">La aplicaci\u00f3n a rajatabla del protocolo antipiquetes pareci\u00f3 poner en riesgo la aprobaci\u00f3n de la Ley\u00a0\u00d3mnibus. Al Ministerio de Seguridad le hicieron llegar el mensaje de que la sobresaturaci\u00f3n de efectivos en la calle pod\u00eda ser contraproducente, sobre todo si Bullrich daba\u00a0la orden de reaccionar ante el primer s\u00edntoma de incumplimiento del protocolo.<\/span><\/p>\n<p style=\"text-align: justify;\"><span style=\"font-size: 14pt;\"><strong><b>\u00bfTiempo de convulsiones?<\/b><\/strong><\/span><\/p>\n<p style=\"text-align: justify;\"><span style=\"font-size: 14pt;\">Pero Milei est\u00e1 feliz con la actuaci\u00f3n de Patricia Bullrich y su misi\u00f3n de ordenar el espacio p\u00fablico, sobre todo cuando las fuerzas son provocadas o desafiadas por los manifestantes.\u00a0Pero la resistencia a la represi\u00f3n policial, si bien minoritaria, puso en alerta a los analistas del r\u00e9gimen.<\/span><\/p>\n<p style=\"text-align: justify;\"><span style=\"font-size: 14pt;\">La\u00a0previsible\u00a0etapa que se abre tras los\u00a0primeros\u00a0actos\u00a0del gobierno de Milei\u00a0-a lo que habr\u00eda que a\u00f1adir, de producirse, el cogobierno con el macrismo-, es de convulsiones sociales<strong><b>.<\/b><\/strong>\u00a0Milei, enfrenta a la realidad luego de que sus ofertas electorales comienzan a demostrar un peso m\u00e1s propagand\u00edstico que real, llevando a la pobreza a la mitad de la poblaci\u00f3n, usando la comida y la crisis alimentaria como variable de ajuste.<img loading=\"lazy\" decoding=\"async\" class=\"sFlh5c pT0Scc iPVvYb alignleft b-loaded\" src=\"https:\/\/imagenes.elpais.com\/resizer\/PGDypeHUpTGUPY1UcdFbPSiF2p8=\/414x0\/filters:focal(2030x1135:2040x1145)\/cloudfront-eu-central-1.images.arcpublishing.com\/prisa\/7GZNU3EI6NECNO7FFWDNZMNLYA.jpg\" alt=\"El ultraderechista Milei impulsa por ley hasta seis a\u00f1os de c\u00e1rcel para los promotores de protestas sociales | EL PA\u00cdS Argentina\" width=\"300\" height=\"179\" aria-hidden=\"false\" \/><\/span><\/p>\n<p style=\"text-align: justify;\"><span style=\"font-size: 14pt;\">La duda<strong><b>\u00a0<\/b><\/strong>es sobre\u00a0la masividad que pueda tener la lucha, \u00a0enfrentando el amedrentamiento de\u00a0la campa\u00f1a de miedo\u00a0desde los medios hegem\u00f3nicos y la desmedida represi\u00f3n en las calles, cuando la principal fuerza opositora, el peronismo, parece a\u00fan dormido tras la derrota electoral, causada principalmente por el desbarajuste provocado por el mal gobierno de Alberto Fern\u00e1ndez.<\/span><\/p>\n<p style=\"text-align: justify;\"><span style=\"font-size: 14pt;\">La izquierda, hoy, es la calle, donde trabajadores, educadores, desempleados, movimientos sociales y barriales, suman su repudio a las medidas y la orientaci\u00f3n del gobierno, desafiando el letal aparato represivo de Milei y Bullrich.<\/span><\/p>\n<h2 style=\"text-align: justify;\"><span style=\"font-size: 14pt;\"><strong><b>Aram Aharonian<\/b><\/strong><\/span><\/h2>\n<h2 style=\"text-align: justify;\"><span style=\"font-size: 14pt;\">Fuente : <a href=\"https:\/\/estrategia.la\/2024\/02\/14\/el-mileinato-el-cogobierno-el-papa-y-la-calle\/\"><em>C<i>entro Latinoamericano de An\u00e1lisis Estrat\u00e9gico (CLAE)<\/i><\/em><\/a>, 14 de febrero de 2024<\/span><\/h2>\n<h2 style=\"text-align: justify;\"><span style=\"font-size: 14pt;\">Editado por <\/span><a href=\"https:\/\/www.lapluma.net\/nosotros\/editora\/\"><span style=\"font-size: 14pt;\">Mar\u00eda Piedad Ossaba<\/span><\/a><\/h2>\n","protected":false},"excerpt":{"rendered":"<p>La izquierda, hoy, es la calle, donde trabajadores, educadores, desempleados, movimientos sociales y barriales, suman su repudio a las medidas y la orientaci\u00f3n del gobierno, desafiando el letal aparato represivo de Milei y Bullrich.<\/p>\n","protected":false},"author":5,"featured_media":62540,"comment_status":"open","ping_status":"open","sticky":false,"template":"","format":"standard","meta":{"_uf_show_specific_survey":0,"_uf_disable_surveys":false,"footnotes":""},"categories":[218,217],"tags":[1205,225,23414,25647,345],"coauthors":[253],"class_list":["post-62539","post","type-post","status-publish","format-standard","has-post-thumbnail","hentry","category-monde","category-abya-yala","tag-aram-aharonian","tag-argentina","tag-javier-milei","tag-papa-bergoglio","tag-revueltas-logicas"],"translation":{"provider":"WPGlobus","version":"2.12.2","language":"fr","enabled_languages":["es","fr"],"languages":{"es":{"title":true,"content":true,"excerpt":true},"fr":{"title":false,"content":false,"excerpt":false}}},"_links":{"self":[{"href":"https:\/\/www.lapluma.net\/fr\/wp-json\/wp\/v2\/posts\/62539","targetHints":{"allow":["GET"]}}],"collection":[{"href":"https:\/\/www.lapluma.net\/fr\/wp-json\/wp\/v2\/posts"}],"about":[{"href":"https:\/\/www.lapluma.net\/fr\/wp-json\/wp\/v2\/types\/post"}],"author":[{"embeddable":true,"href":"https:\/\/www.lapluma.net\/fr\/wp-json\/wp\/v2\/users\/5"}],"replies":[{"embeddable":true,"href":"https:\/\/www.lapluma.net\/fr\/wp-json\/wp\/v2\/comments?post=62539"}],"version-history":[{"count":3,"href":"https:\/\/www.lapluma.net\/fr\/wp-json\/wp\/v2\/posts\/62539\/revisions"}],"predecessor-version":[{"id":62549,"href":"https:\/\/www.lapluma.net\/fr\/wp-json\/wp\/v2\/posts\/62539\/revisions\/62549"}],"wp:featuredmedia":[{"embeddable":true,"href":"https:\/\/www.lapluma.net\/fr\/wp-json\/wp\/v2\/media\/62540"}],"wp:attachment":[{"href":"https:\/\/www.lapluma.net\/fr\/wp-json\/wp\/v2\/media?parent=62539"}],"wp:term":[{"taxonomy":"category","embeddable":true,"href":"https:\/\/www.lapluma.net\/fr\/wp-json\/wp\/v2\/categories?post=62539"},{"taxonomy":"post_tag","embeddable":true,"href":"https:\/\/www.lapluma.net\/fr\/wp-json\/wp\/v2\/tags?post=62539"},{"taxonomy":"author","embeddable":true,"href":"https:\/\/www.lapluma.net\/fr\/wp-json\/wp\/v2\/coauthors?post=62539"}],"curies":[{"name":"wp","href":"https:\/\/api.w.org\/{rel}","templated":true}]}}