{"id":62295,"date":"2024-02-12T22:00:57","date_gmt":"2024-02-12T22:00:57","guid":{"rendered":"https:\/\/www.lapluma.net\/?p=62295"},"modified":"2024-02-12T23:07:47","modified_gmt":"2024-02-12T23:07:47","slug":"elites-y-democracias-oligarquicas","status":"publish","type":"post","link":"https:\/\/www.lapluma.net\/fr\/2024\/02\/12\/elites-y-democracias-oligarquicas\/","title":{"rendered":"\u00c9lites y democracias olig\u00e1rquicas"},"content":{"rendered":"<p style=\"text-align: justify;\"><span style=\"font-size: 14pt;\">Cada continente tiene su propia historia. Adem\u00e1s, en ellos tambi\u00e9n hay diferencias regionales y sociales que marcan historias espec\u00edficas. Y si bien Am\u00e9rica, en general y Am\u00e9rica Latina\/Caribe, en particular, tienen una milenaria historia precolonial, con una riqueza de culturas que evolucionaron en distintas fases desde el poblamiento originario y las primeras comunidades de cazadores-recolectores, hasta llegar a la \u00e9poca de las grandes civilizaciones de Aztecas, Mayas e Inkas, la regi\u00f3n pas\u00f3 a formar parte de la historia de Occidente a partir de la invasi\u00f3n y conquista iniciada por Crist\u00f3bal Col\u00f3n en 1492. Lo hizo como regi\u00f3n subordinada al mercantilismo colonial. Y desde este momento se sentaron las bases hist\u00f3ricas de la dependencia externa, el subdesarrollo, la jerarquizaci\u00f3n social, la explotaci\u00f3n de minor\u00edas criollas blancas y blanco-mestizas sobre las enormes mayor\u00edas de las poblaciones y otros tantos \u201cpatrones\u201d de evoluci\u00f3n posterior, que fueron destacados medio siglo atr\u00e1s por Stanley J. Stein y Barbara H. Stein en <em>La herencia colonial de Am\u00e9rica Latina<\/em> (1970).<\/span><\/p>\n<p style=\"text-align: center;\"><img loading=\"lazy\" decoding=\"async\" class=\"aligncenter\" src=\"https:\/\/pictures.abebooks.com\/isbn\/9789682301575-us.jpg\" alt=\"https:\/\/pictures.abebooks.com\/isbn\/9789682301575-us.jpg\" width=\"345\" height=\"603\" \/><a href=\"https:\/\/proletarios.org\/books\/Stanley-Stein-La_Herencia_Colonial_de_America_Latina.pdf\"><span style=\"font-size: 12pt;\">Stanley J. Stein y Barbara H. Stein, <em>La Herencia Colonial de America Latina<\/em><\/span><\/a><span style=\"font-size: 12pt;\">. Formato PDF<\/span><span style=\"font-size: 14pt;\"><br \/>\n<\/span><\/p>\n<p style=\"text-align: justify;\"><span style=\"font-size: 14pt;\">A esa herencia se suman las nuevas condiciones creadas a partir de las independencias, por las rep\u00fablicas latinoamericanas, el modelo pol\u00edtico definitivo, ya que fueron temporales los imperios en M\u00e9xico y Brasil. Dominadas por poderosos terratenientes, empresarios del comercio interno y externo, por mineros y banqueros, las \u201cdemocracias\u201d proclamadas en el siglo XIX no solo fueron censitarias, sino \u201celitistas\u201d, porque esas clases excluyeron expresamente a las poblaciones y los conflictos de la vida pol\u00edtica se centralizaron en ellas. Durante el siglo XX, al comp\u00e1s del desarrollo capitalista, la afirmaci\u00f3n de las burgues\u00edas latinoamericanas y el creciente ascenso y lucha de clases medias, trabajadores y sectores populares, las econom\u00edas se volvieron complejas, la pol\u00edtica se diversific\u00f3 entre fuerzas sociales con diversidad de intereses y la regi\u00f3n tambi\u00e9n pas\u00f3 a integrarse en la vor\u00e1gine mundial despertada con el desarrollo del <em>imperialismo capitalista<\/em>. La literatura social sobre estos temas es riqu\u00edsima en la regi\u00f3n. Y tuvo un crecimiento y profundidad impresionantes desde la d\u00e9cada de 1960, especialmente por las investigaciones vinculadas con la teor\u00eda marxista, que hasta fines de la d\u00e9cada de 1980 determin\u00f3 las coordenadas de la ciencia social de la regi\u00f3n, como lo analizaron a su tiempo obras como la de Aldo E. Solari, Rolando Franco y Joel Jutkowitz, <a href=\"https:\/\/repositorio.cepal.org\/server\/api\/core\/bitstreams\/40fe3173-5fdd-4d8e-b68c-b3a310c0384e\/content\"><em>Teor\u00eda, acci\u00f3n social y desarrollo en Am\u00e9rica Latina<\/em><\/a> (1976) o la de Ciro F. S. Cardoso y H\u00e9ctor P\u00e9rez Brignoli <a href=\"https:\/\/fr.scribd.com\/document\/494374290\/Cardoso-Perez-Brignoli-Los-Metodos-de-La-Historia\"><em>Los m\u00e9todos de la historia<\/em> (1984)<\/a>.<\/span><\/p>\n<p><img loading=\"lazy\" decoding=\"async\" class=\" wp-image-62335 aligncenter\" src=\"https:\/\/www.lapluma.net\/wp-content\/uploads\/2024\/02\/Capture-decran-Teoria-AS-desarrollo-AL-Metodos-de-la-historia-300x190.png\" alt=\"\" width=\"474\" height=\"300\" srcset=\"https:\/\/www.lapluma.net\/wp-content\/uploads\/2024\/02\/Capture-decran-Teoria-AS-desarrollo-AL-Metodos-de-la-historia-300x190.png 300w, https:\/\/www.lapluma.net\/wp-content\/uploads\/2024\/02\/Capture-decran-Teoria-AS-desarrollo-AL-Metodos-de-la-historia.png 487w\" sizes=\"auto, (max-width: 474px) 100vw, 474px\" \/><\/p>\n<p style=\"text-align: justify;\"><span style=\"font-size: 14pt;\">En lo que va del siglo XXI igualmente se ha esclarecido que el capitalismo latinoamericano ha ingresado a una nueva \u00e9poca, evidentemente m\u00e1s compleja, pero que tampoco ha superado viejas herencias coloniales y republicanas. A\u00fan m\u00e1s, de la mano de gobiernos y pol\u00edticas econ\u00f3micas neoliberales, la regi\u00f3n revirti\u00f3 \u201cviejos\u201d logros sociales, como los derechos laborales, y arras\u00f3 con las capacidades de los Estados, otrora potenciadas por las pol\u00edticas desarrollistas y estructuralistas de las d\u00e9cadas de los 60 y 70 del pasado siglo. Incluso las econom\u00edas sociales avanzadas por los gobernantes progresistas fueron desmontadas al suceder gobiernos abiertamente empresariales y neoliberales.<\/span><\/p>\n<p style=\"text-align: justify;\"><span style=\"font-size: 14pt;\">En estos nuevos contextos hist\u00f3ricos, vuelve a hablarse de \u201c\u00e9lites\u201d que no solo controlan las riendas de la econom\u00eda, sino que hegemonizan el poder, \u201ccapturan\u201d los Estados y aseguran su dominaci\u00f3n social. Al estudio pionero de Seymour Martin Lipset y Aldo E. Solari en <em>Elites y desarrollo en Am\u00e9rica Latina<\/em> (1967), se unen recientes estudios. Destaco cuatro obras que tienen singular importancia para el presente hist\u00f3rico: el libro de In\u00e9s Nercesian <a href=\"https:\/\/www.scielo.org.mx\/scielo.php?pid=S0188-25032022000100257&amp;script=sci_arttext\"><em>Presidentes empresarios y Estados capturados: Am\u00e9rica Latina en el siglo XXI<\/em> (2020); <em>Las tramas del poder en Am\u00e9rica Latina. \u00c9lites y privilegios<\/em><\/a>, editado por In\u00e9s Nercesian, Francisco Robles-Rivera y Miguel Serna (agosto 2023); el dossier sobre <a href=\"https:\/\/www.redalyc.org\/journal\/509\/50975633001\/html\/\">\u201c\u00c9lites y poder pol\u00edtico en Am\u00e9rica Latina\u201d <\/a>coordinado por Edison Hurtado, Miguel Ruiz, Jonathan B\u00e1ez (<em>\u00cdconos <\/em>77, diciembre 2023); y el reciente libro coordinado por Soledad Stoessel y Valeria Coronel <a href=\"https:\/\/biblioteca-repositorio.clacso.edu.ar\/bitstream\/CLACSO\/249320\/1\/La-desrregulacion.pdf\"><em>La (des)regulaci\u00f3n de la riqueza en Am\u00e9rica Latina. Lecturas interdisciplinarias en tiempos de pospandemia<\/em><\/a> (2024). Lo importante es que en estas obras hay estudios sobre varios pa\u00edses, un asunto vital para comprender el fen\u00f3meno de las \u201c\u00e9lites\u201d latinoamericanas y destacar que su presencia y las condiciones de su poder no son exclusivas de un pa\u00eds en particular, sino una realidad especial en la regi\u00f3n.<\/span><\/p>\n<p><img loading=\"lazy\" decoding=\"async\" class=\" wp-image-62336 aligncenter\" src=\"https:\/\/www.lapluma.net\/wp-content\/uploads\/2024\/02\/Capture-decran-La-des-regularizacion-de-la-riqueza-en-AL--208x300.png\" alt=\"\" width=\"359\" height=\"518\" srcset=\"https:\/\/www.lapluma.net\/wp-content\/uploads\/2024\/02\/Capture-decran-La-des-regularizacion-de-la-riqueza-en-AL--208x300.png 208w, https:\/\/www.lapluma.net\/wp-content\/uploads\/2024\/02\/Capture-decran-La-des-regularizacion-de-la-riqueza-en-AL-.png 371w\" sizes=\"auto, (max-width: 359px) 100vw, 359px\" \/><\/p>\n<h5 style=\"text-align: center;\"><span style=\"font-size: 12pt;\">Soledad Stoessel y Valeria Coronel <a href=\"https:\/\/biblioteca-repositorio.clacso.edu.ar\/bitstream\/CLACSO\/249320\/1\/La-desrregulacion.pdf\"><em>La (des)regulaci\u00f3n de la riqueza en Am\u00e9rica Latina. Lecturas interdisciplinarias en tiempos de pospandemia<\/em><\/a> (2024). Formato PDF<\/span><br \/>\n<span style=\"font-size: 14pt;\">\u00a0<\/span><\/h5>\n<p style=\"text-align: justify;\"><span style=\"font-size: 14pt;\">A partir de esos estudios, resalto algo m\u00e1s sobre las nuevas circunstancias hist\u00f3ricas analizadas en ellos. Es cierto que, en el presente siglo, las <em>\u00e9lites<\/em> ya no se limitan a influir en el poder, sino que incursionan directamente en la pol\u00edtica y capturan el Estado, de modo que no son raros los empresarios-pol\u00edticos ni los presidentes-empresarios y, adem\u00e1s, millonarios. Guiados por sus consignas <em>neoliberales<\/em> y ahora <em>libertarias<\/em>, no les interesa <a href=\"https:\/\/www.lapluma.net\/fr\/2024\/02\/06\/justicia-social-un-ideal-injusto-y-violento\/\">la justicia social<\/a>, desprecian a los sectores populares, abiertamente buscan f\u00f3rmulas para explotar a los trabajadores y usan el Estado, sus funciones y sus aparatos, para perseguir, judicializar y reprimir a los opositores y, ante todo, al progresismo y al izquierdismo sociales. Interesados exclusivamente en las mayores rentabilidades y la concentraci\u00f3n de la riqueza y los recursos nacionales en sus manos, las \u201c\u00e9lites\u201d (o mejor la <em>alta burgues\u00eda<\/em>) han dejado de preocuparse por el desarrollo econ\u00f3mico. Es impresionante, de acuerdo con los datos aportados por los investigadores en los libros citados, c\u00f3mo se ha agravado la concentraci\u00f3n de la riqueza en medio de la pandemia del Covid del a\u00f1o 2020, al mismo tiempo que la polarizaci\u00f3n frente a la pobreza, el desempleo, el subempleo y la emigraci\u00f3n. Y algo adicional, que se vuelve cada vez m\u00e1s visible, aunque lo vivi\u00f3 Colombia largo tiempo: algunas \u201c\u00e9lites\u201d est\u00e1n rozando las v\u00edas por las que tambi\u00e9n transita la <em>econom\u00eda ilegal<\/em> de mafias y crimen organizado, como se est\u00e1 destapando en la experiencia de Ecuador de los \u00faltimos siete a\u00f1os. Los responsables hist\u00f3ricos de esta in\u00e9dita situaci\u00f3n son los gobiernos de <a href=\"https:\/\/www.ecured.cu\/Len%C3%ADn_Moreno\">Len\u00edn Moreno (2017-2021)<\/a> y del banquero <a href=\"https:\/\/www.ecured.cu\/Guillermo_Lasso\">Guillermo Lasso (2021-2023)<\/a>. A pesar de esa herencia, la matriz econ\u00f3mica empresarial-neoliberal no se ha modificado con el gobierno del millonario <a href=\"https:\/\/www.ecured.cu\/Daniel_Noboa\">Daniel Noboa<\/a>.<\/span><br \/>\n<span style=\"font-size: 14pt;\">\u00a0<\/span><br \/>\n<span style=\"font-size: 14pt;\">Todo ello significa que la \u201cdemocracia\u201d ha dado un giro contra su propio ideal: Am\u00e9rica Latina ha retomado la senda que tuvieron las <em>democracias elitistas<\/em> del siglo XIX e incluso las conducciones del Estado, en manos de los empresarios-pol\u00edticos, recobra las mismas caracter\u00edsticas que tuvieron los <em>Estados olig\u00e1rquicos<\/em> del pasado. Democracias en las que ya no se admiten las demandas e intereses de lo que cierta conceptualizaci\u00f3n sociol\u00f3gica denomina como \u201cclases subalternas\u201d. Que acuden al golpismo institucional cuando es necesario, como lo experimenta ahora el presidente Gustavo Petro en Colombia. \u00c9lites latinoamericanas abiertamente identificadas con el capital transnacional y, sin duda, con los Estados Unidos. Que cumplen con fidelidad al FMI. Son las <em>democracias-olig\u00e1rquicas<\/em> del siglo XXI.<\/span><\/p>\n<h2><span style=\"font-size: 14pt;\">Juan J. Paz y Mi\u00f1o Cepeda para La Pluma, Ecuador 12 de febrero de 2024<\/span><\/h2>\n<h2><span style=\"font-size: 14pt;\">Editado por <a href=\"https:\/\/www.lapluma.net\/nosotros\/editora\/\">Mar\u00eda Piedad Ossaba<\/a><\/span><\/h2>\n<h2><span style=\"font-size: 14pt;\">Publicado por <a href=\"https:\/\/www.historiaypresente.com\/elites-y-democracias-oligarquicas\/\">Blog Historia y presente<\/a><\/span><\/h2>\n<p style=\"padding-left: 40px;\"><em><span style=\"font-size: 14pt;\"><span style=\"color: #000000;\">Visita la red del colectivo<\/span> <a href=\"https:\/\/rutakritica.org\"><strong><span style=\"color: #0000ff;\">Ruta Kr\u00edtica<\/span><\/strong><\/a>, <span style=\"color: #000000;\">el nuevo blog de difusi\u00f3n del pensamiento y la comunicaci\u00f3n alternativos<\/span><\/span><\/em><\/p>\n","protected":false},"excerpt":{"rendered":"<p>Am\u00e9rica Latina ha retomado la senda que tuvieron las democracias elitistas del siglo XIX e incluso las conducciones del Estado, en manos de los empresarios-pol\u00edticos, recobra las mismas caracter\u00edsticas que tuvieron los Estados olig\u00e1rquicos del pasado. Democracias en las que ya no se admiten las demandas e intereses de lo que cierta conceptualizaci\u00f3n sociol\u00f3gica denomina como \u201cclases subalternas\u201d.<\/p>\n","protected":false},"author":8,"featured_media":62297,"comment_status":"open","ping_status":"open","sticky":false,"template":"","format":"standard","meta":{"_uf_show_specific_survey":0,"_uf_disable_surveys":false,"footnotes":""},"categories":[5,217],"tags":[25571,25573,23265,708,25580,25572,25579,25578,25574,13744,7877,114,5659],"coauthors":[257],"class_list":["post-62295","post","type-post","status-publish","format-standard","has-post-thumbnail","hentry","category-editoriales-y-opiniones","category-abya-yala","tag-america-latina-caribe-abya-yala","tag-aztecas","tag-capitalismo-latinoamericano","tag-concentracion-de-la-riqueza","tag-elites-alta-burguesia","tag-elites-democracias","tag-herencias-coloniales-republicanas","tag-imperialismo-capitalista","tag-inkas","tag-juan-j-paz-y-mino-cepeda-2","tag-mayas","tag-neoliberalismo","tag-oligarquia"],"translation":{"provider":"WPGlobus","version":"2.12.2","language":"fr","enabled_languages":["es","fr"],"languages":{"es":{"title":true,"content":true,"excerpt":true},"fr":{"title":false,"content":false,"excerpt":false}}},"_links":{"self":[{"href":"https:\/\/www.lapluma.net\/fr\/wp-json\/wp\/v2\/posts\/62295","targetHints":{"allow":["GET"]}}],"collection":[{"href":"https:\/\/www.lapluma.net\/fr\/wp-json\/wp\/v2\/posts"}],"about":[{"href":"https:\/\/www.lapluma.net\/fr\/wp-json\/wp\/v2\/types\/post"}],"author":[{"embeddable":true,"href":"https:\/\/www.lapluma.net\/fr\/wp-json\/wp\/v2\/users\/8"}],"replies":[{"embeddable":true,"href":"https:\/\/www.lapluma.net\/fr\/wp-json\/wp\/v2\/comments?post=62295"}],"version-history":[{"count":6,"href":"https:\/\/www.lapluma.net\/fr\/wp-json\/wp\/v2\/posts\/62295\/revisions"}],"predecessor-version":[{"id":62342,"href":"https:\/\/www.lapluma.net\/fr\/wp-json\/wp\/v2\/posts\/62295\/revisions\/62342"}],"wp:featuredmedia":[{"embeddable":true,"href":"https:\/\/www.lapluma.net\/fr\/wp-json\/wp\/v2\/media\/62297"}],"wp:attachment":[{"href":"https:\/\/www.lapluma.net\/fr\/wp-json\/wp\/v2\/media?parent=62295"}],"wp:term":[{"taxonomy":"category","embeddable":true,"href":"https:\/\/www.lapluma.net\/fr\/wp-json\/wp\/v2\/categories?post=62295"},{"taxonomy":"post_tag","embeddable":true,"href":"https:\/\/www.lapluma.net\/fr\/wp-json\/wp\/v2\/tags?post=62295"},{"taxonomy":"author","embeddable":true,"href":"https:\/\/www.lapluma.net\/fr\/wp-json\/wp\/v2\/coauthors?post=62295"}],"curies":[{"name":"wp","href":"https:\/\/api.w.org\/{rel}","templated":true}]}}