{"id":61730,"date":"2024-01-27T16:52:57","date_gmt":"2024-01-27T16:52:57","guid":{"rendered":"https:\/\/www.lapluma.net\/?p=61730"},"modified":"2024-03-11T19:36:55","modified_gmt":"2024-03-11T19:36:55","slug":"61730","status":"publish","type":"post","link":"https:\/\/www.lapluma.net\/fr\/2024\/01\/27\/61730\/","title":{"rendered":"La clase trabajadora se expidi\u00f3: \u201cMilei, hasta ac\u00e1 lleg\u00e1s\u201d<br> Para hacer que aclare no hay que desensillar"},"content":{"rendered":"<h5 style=\"text-align: justify;\"><span style=\"font-size: 18pt;\">Tres mujeres, un pa\u00eds<\/span><\/h5>\n<p style=\"text-align: justify;\"><span style=\"font-size: 14pt;\">En la era pre digital, hu\u00e9rfano de Google, <a href=\"https:\/\/www.ecured.cu\/Rodolfo_Walsh\">Rodolfo Jorge Walsh<\/a> acostumbraba a leer los avisos f\u00fanebres de la oligarqu\u00eda tomando nota de las condolencias, para hacerse una composici\u00f3n de lugar acerca de qui\u00e9n era qui\u00e9n al interior de ese bloque social. A\u00fan sin contar con el talento ni la sistem\u00e1tica minucia del m\u00e1s grande periodista de investigaci\u00f3n argentino, corresponde no perder de vista la interrelaci\u00f3n entre ciertas micro realidades que hacen a la periferia del acontecer pol\u00edtico, pero contribuyen a comprender en profundidad su centro.<\/span><\/p>\n<p style=\"text-align: justify;\"><span style=\"font-size: 14pt;\">Hace algunos d\u00edas, circul\u00f3 en las redes sociales un video estremecedor, de esos que quitan el aliento. En \u00e9l pod\u00eda verse a una joven llorando desgarrada y a voz en cuello, arrodillada junto a tres cuerpos masculinos con sus cr\u00e1neos sangrantes. La escena no proven\u00eda de la Franja de Gaza sino del conurbano bonaerense, m\u00e1s precisamente de la localidad de <a href=\"https:\/\/www.pagina12.com.ar\/704315-gonzalez-catan-las-razones-detras-de-la-masacre-en-la-asambl\">Gonz\u00e1lez Cat\u00e1n, Partido de La Matanza<\/a>. Esa confusa situaci\u00f3n tard\u00f3 en aclararse, hasta que pudo reconstruirse que en un predio de terrenos tomados cuyxs ocupantes aspiraban a organizarse bajo la forma de una asociaci\u00f3n civil para administrar sus lotes, se aperson\u00f3 un grupo de autotitulados \u201cdelegados\u201d, secundados por media docena de sujetos que no tardar\u00edan en revelarse como sicarios. Pretend\u00edan quedar a cargo de la situaci\u00f3n. A continuaci\u00f3n, se discuti\u00f3 acaloradamente sin llegar a ning\u00fan acuerdo, pasando incluso a la violencia f\u00edsica, circunstancia en la que los visitantes habilitaron a sus culatas &#8211; entre los cuales hab\u00eda menores de edad &#8211; a abrir fuego sobre los rebeldes, que resultaron teniendo cinco v\u00edctimas fatales. A la fecha, hay tres detenidxs, entre ellxs una mujer encargada de vender los terrenos tomados. Lo dicho: La escena viralizada no tuvo lugar en Oriente Medio, y su circunstancia responde a causas diferentes a la \u00e9tnica o religiosa, pero refleja a las claras la dimensi\u00f3n que en los \u00faltimos a\u00f1os ha ido adquiriendo ese Estado Profundo que &#8211; en el marco de un avanzado proceso de descomposici\u00f3n social al que una clase pol\u00edtica venal y rentista ha brindado enorme colaboraci\u00f3n &#8211; se rige por reglas no precisamente escritas en la Constituci\u00f3n Nacional. Hechos como este componen el complejo panorama actual de una Argentina que, al cumplir cuatro d\u00e9cadas de vida democr\u00e1tica, dado el resultado electoral conocido, no encontr\u00f3 motivo alguno de celebraci\u00f3n.<\/span><\/p>\n<p style=\"text-align: justify;\"><span style=\"font-size: 14pt;\">Casi simult\u00e1neamente, una vez m\u00e1s habr\u00edan de ser las redes sociales la caja de resonancia de ciertos dramas cotidianos de los que los grandes medios se desentienden. Ahora otra mujer desesperada registraba con su propio celular c\u00f3mo las topadoras del progreso demol\u00edan su precaria vivienda ubicada en Tilcara, Provincia de Jujuy, clamando a las fuerzas de seguridad que custodiaban ese operativo que, aunque m\u00e1s no fuera le permitiesen rescatar sus enseres del interior de la misma. Pero los RoboCops a cargo del mismo no respond\u00edan, ni siquiera la miraban. Si tom\u00e1ramos por estrictamente cierto lo que la pobre mujer vociferaba en el video, los pocos bienes materiales con que contaba en la vida estaban dentro de esa casa que le estaban demoliendo. Por lo dem\u00e1s, todos sabemos que un hogar no solo se compone de objetos materiales, sino tambi\u00e9n de vivencias. <a href=\"https:\/\/www.pagina12.com.ar\/690911-familias-de-tilcara-resisten-un-desalojo-impulsado-por-el-go\">Seg\u00fan denunciara a grito pelado la v\u00edctima de semejante atropello<\/a>, sus peque\u00f1os hijxs estaban siendo testigxs de la tragedia que lxs dejaba desamparadxs y en la calle, sin siquiera hab\u00e9rseles mostrado alg\u00fan papel que justificara legalmente esa acci\u00f3n. Como los ya mayores recordar\u00e1n, hace casi medio siglo fue Tucum\u00e1n, durante el Operativo Independencia &#8211; y a\u00fan bajo el Estado de Derecho &#8211; el globo de ensayo del siniestro plan que a partir del golpe de Estado de 1976 se desplegar\u00eda en todo el pa\u00eds. En las actuales circunstancias &#8211; no es la primera vez que se expresa &#8211; ha sido el <a href=\"https:\/\/www.pagina12.com.ar\/560245-una-por-una-las-mentiras-de-gerardo-morales-para-justificar-\">Jujuy de Gerardo Morales el experimento que preludi\u00f3 el estadio superior del saqueo y la represi\u00f3<\/a>n, imperante desde el 10 de diciembre pasado en toda la geograf\u00eda nacional. Aunque el sentido com\u00fan vigente contin\u00fae pendiente de cuanto acontece en la capital &#8211; puerto.<\/span><\/p>\n<p style=\"text-align: justify;\"><span style=\"font-size: 14pt;\">Poco despu\u00e9s de lo antedicho, este cronista se cruz\u00f3 con una vecina muy humilde, ex trabajadora del servicio dom\u00e9stico y hermana de un detenido &#8211; desaparecido nunca denunciado, seg\u00fan sus palabras debido al engorro burocr\u00e1tico que supon\u00eda aquel tr\u00e1mite. Una de tantxs miembros de modestas familias represaliadas pertenecientes a esa Argentina Profunda (y no medi\u00e1tica) cuyo ausente sin tumba no figura en las listas conocidas, dato que amerita pensar que, para disgusto de lxs negacionistas, la cifra en cuesti\u00f3n bien puede exceder significativamente el n\u00famero de 30.000. Cuando la mujer, visiblemente deteriorada por una vida de sacrificios e indignada a causa del precio inalcanzable de la canasta familiar, fue consultada respecto a c\u00f3mo ve\u00eda la situaci\u00f3n, respondi\u00f3 con franqueza y aflicci\u00f3n que hab\u00eda votado a Patricia Bullrich, porque estaba harta de los atracos en barrios humildes. Y se mostr\u00f3 profundamente arrepentida con aquella decisi\u00f3n. De inmediato fue invitada a participar en la asamblea vecinal, convite que acept\u00f3 de buen grado. Ella integra la masa cr\u00edtica de votantes de La Libertad Avanza que no forma parte de su n\u00facleo duro y, a medida que la carest\u00eda de la vida golpea con mayor ferocidad, va engrosando el \u00e9xodo en curso, sin destino predecible a\u00fan, de numerosxs desencantadxs que, como en todo proceso de duelo, despu\u00e9s del autorreproche y el baj\u00f3n, muy probablemente le pongan el cuerpo al descontento y la frustraci\u00f3n generalizados. Y cuando la econom\u00eda rigor\u00e9e a\u00fan m\u00e1s a los sectores medios, el resultado de dicho proceso quiz\u00e1s se asemeje al que hace poco m\u00e1s de dos d\u00e9cadas acu\u00f1\u00f3 la consigna \u201cpiquete y cacerola, la lucha es una sola\u201d.<\/span><\/p>\n<h5 style=\"text-align: justify;\"><span style=\"font-size: 18pt;\">Potentados del mundo un\u00edos<\/span><\/h5>\n<p style=\"text-align: justify;\"><span style=\"font-size: 14pt;\">Mucha tela se ha cortado en torno al reciente <a href=\"https:\/\/es.weforum.org\/agenda\/2024\/01\/davos-2024-discurso-especial-de-javier-milei-presidente-de-argentina\/\">discurso del Presidente de la Naci\u00f3n<\/a> ante el foro que nuclea a los due\u00f1os del planeta, cuya asistencia por ahora cuenta con m\u00e1s globalistas que nacionalistas econ\u00f3micos. Pero, salvo honrosas excepciones, con absoluta liviandad, el progresismo manifest\u00f3 sentir verg\u00fcenza ajena, y opt\u00f3 mayoritariamente por reducir el hecho a una suerte de papel\u00f3n inmerecido de escala global. Desde ese punto de vista, el \u00fanico Jefe de Estado alineado con la Escuela Austr\u00edaca de econom\u00eda, en pleno modo Hood Robin, cometi\u00f3 la osad\u00eda de espetarle en el rostro a los popes de la burgues\u00eda global que dejen de sentirse moralmente culpables de la desgracia de las grandes mayor\u00edas, dado que son los verdaderos h\u00e9roes responsables de que la historia progrese, muy a pesar de los palos en la rueda que les viene poniendo el proletariado.<\/span><\/p>\n<figure id=\"attachment_61713\" aria-describedby=\"caption-attachment-61713\" style=\"width: 442px\" class=\"wp-caption aligncenter\"><img loading=\"lazy\" decoding=\"async\" class=\"wp-image-61713\" src=\"https:\/\/www.lapluma.net\/wp-content\/uploads\/2024\/01\/Javier-Milei-expuso-en-el-Foro-Mundial-de-Davos-y-300x300.jpg\" alt=\"\" width=\"442\" height=\"442\" srcset=\"https:\/\/www.lapluma.net\/wp-content\/uploads\/2024\/01\/Javier-Milei-expuso-en-el-Foro-Mundial-de-Davos-y-300x300.jpg 300w, https:\/\/www.lapluma.net\/wp-content\/uploads\/2024\/01\/Javier-Milei-expuso-en-el-Foro-Mundial-de-Davos-y-150x150.jpg 150w, https:\/\/www.lapluma.net\/wp-content\/uploads\/2024\/01\/Javier-Milei-expuso-en-el-Foro-Mundial-de-Davos-y.jpg 768w\" sizes=\"auto, (max-width: 442px) 100vw, 442px\" \/><figcaption id=\"caption-attachment-61713\" class=\"wp-caption-text\">Javier Milei en el Foro Econ\u00f3mico Mundial de Davos<\/figcaption><\/figure>\n<p style=\"text-align: justify;\"><span style=\"font-size: 14pt;\">Como se sabe, el Foro Econ\u00f3mico Mundial (FEM), tambi\u00e9n llamado Foro de Davos, es una organizaci\u00f3n no gubernamental internacional con sede en Cologny, que se re\u00fane anualmente en Davos (Suiza), y que sobre todo es conocida por su asamblea anual en esa localidad. All\u00ed se re\u00fanen desde 1971 los principales l\u00edderes empresariales, los l\u00edderes pol\u00edticos internacionales, as\u00ed como periodistas e intelectuales selectos, a efectos de analizar los problemas m\u00e1s apremiantes que afronta el mundo, entre ellos, la inclusi\u00f3n social, la problem\u00e1tica de g\u00e9nero, y el medio ambiente, temas estos que Milei se pas\u00f3 por el traste.<\/span><\/p>\n<p style=\"text-align: justify;\"><span style=\"font-size: 14pt;\">Sin embargo, a contrapelo de las reacciones generales de estupor o rechazo que despert\u00f3 su discurso, el empresario m\u00e1s acaudalado del mundo y su par de nuestro pa\u00eds &#8211; a saber, Elon Musk y Marcos Galperin respectivamente &#8211; se mostraron decididamente elogiosos. Sin ir m\u00e1s lejos, el primero de ellos coment\u00f3 en su red X que el discurso del presidente argentino en Davos era una \u201cBuena explicaci\u00f3n de lo que hace que los pa\u00edses sean m\u00e1s o menos pr\u00f3speros\u201d.<\/span><\/p>\n<p style=\"text-align: justify;\"><span style=\"font-size: 14pt;\">Y es as\u00ed dado que los intereses m\u00e1s regresivos del Norte Global vienen librando una batalla terminal y decisiva contra los pueblos del mundo en nombre del capitalismo m\u00e1s feroz e inhumano. Y Javier Milei es el representante local de esa lidia. Por eso mismo, respondiendo a los m\u00e1s poderosos fondos de inversi\u00f3n trasnacionales, se dispone a conseguir la aprobaci\u00f3n a contrarreloj de un DNU y una Ley \u00d3mnibus cuyo contenido redise\u00f1a de un plumazo el orden que ha regido en el pa\u00eds hasta la fecha.<\/span><\/p>\n<p style=\"text-align: justify;\"><span style=\"font-size: 14pt;\">Cuando algunos manifestamos que su proyecto es peor que el de la dictadura, cierto pensamiento republicano se crispa, argumentando que, a pesar de los pesares, estamos a considerable distancia de la tortura como m\u00e9todo de interrogatorio, de los vuelos de la muerte, o del robo y apropiaci\u00f3n de beb\u00e9s de compatriotas insumisxs. Si bien eso es absolutamente cierto, hoy el poder mundial est\u00e1 mucho m\u00e1s concentrado, y en manos de megaempresas que funcionan como supra estados, absolutamente prescindentes de la voluntad de lxs presidentes y de las legislaciones nacionales. Y eso constituye una dram\u00e1tica novedad de nuestra era. A ellos les habl\u00f3 Milei. Y, al margen de las consecuencias futuras que tenga su discurso, ahora esos tanques cuentan con un vocero global que, por m\u00e1s estrafalario que parezca, intentar\u00e1 denodadamente legitimarlos. Solo eso ya constituye un cambio civilizatorio. Aunque Jabad Lubavitch, la secta sionista a la que adhiere nuestro presidente, ayude en la c\u00e1rcel a la exmujer y socia del ped\u00f3filo Jeffrey Epstein, Ghislaine Maxwell, o el narcoestado ecuatoriano actual contradiga sus cantos de sirena, exhibiendo el rostro m\u00e1s terrible de una dolarizaci\u00f3n a la que el economista anarco liberal no renuncia.<\/span><\/p>\n<p style=\"text-align: justify;\"><span style=\"font-size: 14pt;\">Por lo pronto, ya hay empresas que proyectan una fuerte ca\u00edda de la actividad y comienzan una sangr\u00eda en el empleo. Se habla de un derrumbe del 2,5% del PBI, compensado por una buena actividad del agro, la miner\u00eda y la energ\u00eda. La industria y el comercio ya dieron de baja contratos. Y la merma en la Construcci\u00f3n alcanz\u00f3 los 30.000 empleos.<\/span><\/p>\n<p><img loading=\"lazy\" decoding=\"async\" class=\" wp-image-61734 aligncenter\" src=\"https:\/\/www.lapluma.net\/wp-content\/uploads\/2024\/01\/Doctrina-del-Shock-300x169.jpg\" alt=\"\" width=\"446\" height=\"251\" srcset=\"https:\/\/www.lapluma.net\/wp-content\/uploads\/2024\/01\/Doctrina-del-Shock-300x169.jpg 300w, https:\/\/www.lapluma.net\/wp-content\/uploads\/2024\/01\/Doctrina-del-Shock-1024x576.jpg 1024w, https:\/\/www.lapluma.net\/wp-content\/uploads\/2024\/01\/Doctrina-del-Shock-768x432.jpg 768w, https:\/\/www.lapluma.net\/wp-content\/uploads\/2024\/01\/Doctrina-del-Shock-870x489.jpg 870w, https:\/\/www.lapluma.net\/wp-content\/uploads\/2024\/01\/Doctrina-del-Shock-895x503.jpg 895w, https:\/\/www.lapluma.net\/wp-content\/uploads\/2024\/01\/Doctrina-del-Shock.jpg 1200w\" sizes=\"auto, (max-width: 446px) 100vw, 446px\" \/><\/p>\n<p style=\"text-align: justify;\"><span style=\"font-size: 14pt;\">Pero que no cunda el p\u00e1nico: Seg\u00fan anunci\u00f3 el Presidente, apenas faltan 45 a\u00f1os para ver la luz al fin del t\u00fanel.<\/span><\/p>\n<p style=\"text-align: justify;\"><span style=\"font-size: 14pt;\">\u00bfEs \u00e9tico darle tiempo a la Doctrina del Shock?<\/span><\/p>\n<p style=\"text-align: justify;\"><span style=\"font-size: 14pt;\">Uno de los argumentos m\u00e1s trajinados por los adalides de la democracia formal consiste en reclamar a la sociedad paciencia ante un gobierno que acaba de asumir por v\u00eda legal y goza de la legitimidad del voto popular, mientras este se propone transformar al pa\u00eds en una maquila al servicio de los Fondos Buitres, antes de que los sectores medios pudientes y creadores de opini\u00f3n p\u00fablica regresen de sus vacaciones en Canc\u00fan, Punta del Este o Pinamar. <\/span><\/p>\n<p style=\"text-align: justify;\"><span style=\"font-size: 14pt;\">En tanto, cierto parlamentarismo lameculo se aviene a acordar algunas modificaciones del devastador paquetazo propuesto por el gobierno, al solo efecto de no votar alineado con el kirchnerismo.<br \/>\n<\/span><\/p>\n<p><img loading=\"lazy\" decoding=\"async\" class=\" wp-image-4495 aligncenter\" src=\"https:\/\/www.lapluma.net\/wp-content\/uploads\/2018\/12\/Fondos-buitre-y-especuladores.jpg\" alt=\"\" width=\"424\" height=\"212\" \/><\/p>\n<p style=\"text-align: justify;\"><span style=\"font-size: 14pt;\">Afortunadamente, durante los \u00faltimos d\u00edas los resquicios de una democracia que el oficialismo pretende desguazar han permitido escuchar en las comisiones donde se libran los debates espec\u00edficos voces tan dignas y patri\u00f3ticas como las de Beverly Keene (economista integrante de Di\u00e1logo 2000) y Beatriz Rajtland (profesora consulta de la Facultad de Derecho), quienes dejaron en claro c\u00f3mo un desconocimiento soberano de la odiosa Deuda Externa argentina echar\u00eda por tierra la cantinela libertariana de que \u201cno hay plata\u201d; la del abogado ambientalista Enrique Viale, quien denunci\u00f3 con nombre y apellido a las corporaciones responsables del modelo de acumulaci\u00f3n por desposesi\u00f3n vigente amparado por el oficialismo; o la de la talentosa Lucrecia Martel &#8211; acaso nuestra realizadora de mayor prestigio internacional -, que fundament\u00f3 con absoluta autoridad la fuente de divisas que representa el cine nacional, cuyo fomento se pretende interrumpir. Es l\u00edcito interrogarse si semejantes intervenciones lograr\u00e1n interpelar al parlamento\u2026 o su refractariedad ante la vox populi ya es irreversible.<\/span><\/p>\n<figure id=\"attachment_61741\" aria-describedby=\"caption-attachment-61741\" style=\"width: 550px\" class=\"wp-caption aligncenter\"><img loading=\"lazy\" decoding=\"async\" class=\"wp-image-61741\" src=\"https:\/\/www.lapluma.net\/wp-content\/uploads\/2024\/01\/Capture-decran-manifestacion-en-Argentina2-300x210.png\" alt=\"\" width=\"550\" height=\"384\" srcset=\"https:\/\/www.lapluma.net\/wp-content\/uploads\/2024\/01\/Capture-decran-manifestacion-en-Argentina2-300x210.png 300w, https:\/\/www.lapluma.net\/wp-content\/uploads\/2024\/01\/Capture-decran-manifestacion-en-Argentina2-768x536.png 768w, https:\/\/www.lapluma.net\/wp-content\/uploads\/2024\/01\/Capture-decran-manifestacion-en-Argentina2.png 816w\" sizes=\"auto, (max-width: 550px) 100vw, 550px\" \/><figcaption id=\"caption-attachment-61741\" class=\"wp-caption-text\">Vista a\u00e9rea de las manifestaciones frente al Congreso, este mi\u00e9rcoles, en Buenos Aires.Marcelo Endelli (Getty Images)<\/figcaption><\/figure>\n<figure id=\"attachment_61740\" aria-describedby=\"caption-attachment-61740\" style=\"width: 550px\" class=\"wp-caption aligncenter\"><img loading=\"lazy\" decoding=\"async\" class=\"wp-image-61740\" src=\"https:\/\/www.lapluma.net\/wp-content\/uploads\/2024\/01\/Capture-decran-Manifestacion-en-Argentina-300x148.png\" alt=\"\" width=\"550\" height=\"272\" srcset=\"https:\/\/www.lapluma.net\/wp-content\/uploads\/2024\/01\/Capture-decran-Manifestacion-en-Argentina-300x148.png 300w, https:\/\/www.lapluma.net\/wp-content\/uploads\/2024\/01\/Capture-decran-Manifestacion-en-Argentina-1024x506.png 1024w, https:\/\/www.lapluma.net\/wp-content\/uploads\/2024\/01\/Capture-decran-Manifestacion-en-Argentina-768x379.png 768w, https:\/\/www.lapluma.net\/wp-content\/uploads\/2024\/01\/Capture-decran-Manifestacion-en-Argentina.png 1114w\" sizes=\"auto, (max-width: 550px) 100vw, 550px\" \/><figcaption id=\"caption-attachment-61740\" class=\"wp-caption-text\">\u201cLa patria no se vende\u201d: El primer paro general contra Milei<\/figcaption><\/figure>\n<p>&nbsp;<\/p>\n<p style=\"text-align: justify;\"><span style=\"font-size: 14pt;\">Probablemente asumiendo como nunca antes la advertencia de \u201ccon los dirigentes a la cabeza o con la cabeza de los dirigentes\u201d &#8211; hasta Luis Barrionuevo tom\u00f3 nota del humor social y se desmarc\u00f3 del oficialismo -, la CGT reaccion\u00f3 como sus bases y gran parte del campo popular le ven\u00edan exigiendo, y su iniciativa de convocar a un Paro Nacional con movilizaci\u00f3n al Congreso de la Naci\u00f3n cont\u00f3 con la solidaridad internacional de numerosas centrales obreras.<\/span><\/p>\n<p style=\"text-align: justify;\"><span style=\"font-size: 14pt;\">Se trat\u00f3 de una concentraci\u00f3n popular claramente hegemonizada por el mundo del trabajo &#8211; y tan multitudinaria como no se ve\u00eda desde hace a\u00f1os -, que colm\u00f3 la porte\u00f1a Plaza de los Dos Congresos, atronando con la consigna \u00ab\u00a0el que no salta vot\u00f3 a Milei\u00a0\u00bb, \u00ab\u00a0unidad de los trabajadores, y al que no le gusta, se jode, se jode\u00a0\u00bb, y \u00ab\u00a0la Patria no se vende\u00a0\u00bb.<\/span><\/p>\n<p><iframe loading=\"lazy\" title=\"El que no salta vot\u00f3 a MILEI se canto en el recital de BABAS\u00d3NICOS. Opiniones?\" width=\"660\" height=\"371\" src=\"https:\/\/www.youtube.com\/embed\/G1ymjjuL-Jk?feature=oembed\" frameborder=\"0\" allow=\"accelerometer; autoplay; clipboard-write; encrypted-media; gyroscope; picture-in-picture; web-share\" referrerpolicy=\"strict-origin-when-cross-origin\" allowfullscreen><\/iframe><\/p>\n<p style=\"text-align: justify;\"><span style=\"font-size: 14pt;\">As\u00ed, con una celeridad sin precedentes, a poco de asumido el devastador gobierno de La Libertad Avanza, la conflictividad social en curso da un salto m\u00e1s que significativo celebrando un primer cese de tareas de 12 horas, bajo la exigencia mayoritaria de una masa cr\u00edtica que clama ir por m\u00e1s.<\/span><\/p>\n<p style=\"text-align: justify;\"><span style=\"font-size: 14pt;\">No es la renuncia de Milei lo que est\u00e1 en juego, sino la derrota de un paquetazo ajustador que contempla m\u00e1s de 600 iniciativas, a cu\u00e1l m\u00e1s perjudicial para el pobrer\u00edo. El parlamento decidir\u00e1 si vota a favor o en contra de su pueblo.<\/span><\/p>\n<p style=\"text-align: justify;\"><span style=\"font-size: 14pt;\">Y si hace lo segundo, \u00bfno ser\u00e1 que ha llegado la hora de que el campo popular comience a debatir la necesidad de impulsar una Asamblea Constituyente capaz de introducir en el parlamento la voz y el voto de nuevos actores sociales, que desplacen a esta clase pol\u00edtica sin vocaci\u00f3n patri\u00f3tica?<\/span><\/p>\n<p style=\"text-align: justify;\"><span style=\"font-size: 14pt;\">El acontecimiento de masas al que acaba de asistir la Argentina no ocurre en pleno desencanto del votante desprevenido de Milei, para eso falta. Pero el Protocolo Represivo, ya quebrado el 20 de diciembre pasado, otra vez vuelve a fracasar, dejando a la Ministra de Seguridad en rid\u00edculo nuevamente.<\/span><\/p>\n<p style=\"text-align: justify;\"><span style=\"font-size: 14pt;\">Como se recordar\u00e1, en su asunci\u00f3n el presidente electo reuni\u00f3 menos de 30.000 voluntades para que lo aclamaran. Bien puede que en la concentraci\u00f3n convocada por la Central Obrera la concurrencia le haya agregado a esa cifra un cero m\u00e1s.<\/span><\/p>\n<p style=\"text-align: justify;\"><span style=\"font-size: 14pt;\">En consecuencia, por el contrario de lo que alguna vez intentaron los \u00ab\u00a0escu\u00e1lidos\u00a0\u00bb venezolanos contra la Revoluci\u00f3n Bolivariana, el actual gobierno argentino solo est\u00e1 en condiciones de contestar a la lucha popular de calles por Twitter. Esa es su debilidad. La nuestra es que, si esta gesti\u00f3n tambaleara, hasta nuevo aviso el \u00fanico recambio a la vista pasa por el eje Villarruel &#8211; Macri. La taba est\u00e1 en el aire, y el tiempo apremia.<\/span><\/p>\n<p style=\"text-align: justify;\"><span style=\"font-size: 14pt;\">Oteando el panorama opositor, podr\u00eda decirse que en el amplio arco de la oposici\u00f3n pol\u00edtica la figura de Cristina Kirchner contin\u00faa perdiendo centralidad; la de Guillermo Moreno &#8211; recuperado por ex adherentes al Instituto Patria &#8211; inunda los medios de comunicaci\u00f3n jugando el rol de vocero oficioso del Movimiento Nacional Justicialista, y llamando a no hacer olas, para dejar que La Libertad Avanza se cocine en su propia salsa \u201cdentro de los marcos de la ley y el orden\u201d; Axel Kiciloff, por su parte, si bien formula declaraciones cr\u00edticas del oficialismo de tanto en tanto, a\u00fan no se mueve como el presidenciable que el neo progresismo espera; mientras que Juan Grabois, siempre atento a los l\u00edmites que le impone el Vaticano (\u201cyo nunca en mi vida tir\u00e9 una piedra\u201d), mantiene la posici\u00f3n m\u00e1s dura dentro de Uni\u00f3n por la Patria, coalici\u00f3n que, saludablemente, ha venido haciendo causa com\u00fan con la izquierda contra el paquetazo gubernamental. Los dos \u00faltimos, dentro de la coalici\u00f3n a la que pertenecen, integran un espacio de debate junto con Quintela, Gobernador de La Rioja.<\/span><\/p>\n<p style=\"text-align: justify;\"><span style=\"font-size: 14pt;\">Sin embargo, una de los fen\u00f3menos m\u00e1s auspiciosos que se ha venido recuperando desde la asunci\u00f3n del todav\u00eda nuevo gobierno nacional acaso sea el de la masiva participaci\u00f3n popular en multisectoriales &#8211; por lo general alentadas por jefes comunales K, como Ferraresi, que acaba de producir un Avellanedazo del que participaron alrededor de 30.000 vecinxs &#8211; y el asamble\u00edsmo de base, que prolifera con mayor autonom\u00eda al menos en numerosos distritos del AMBA.<\/span><\/p>\n<p style=\"text-align: justify;\"><span style=\"font-size: 14pt;\">Y esto es as\u00ed porque si alguna idea viene siendo a todas luces interpelada &#8211; por ahora t\u00e1citamente, ya que, tras la implosi\u00f3n de los socialismos reales y la vacancia de nuevas utop\u00edas, casi nadie se atreve a salir de esta zona de confort poniendo el grito en el cielo contra el statu quo -, esa idea es la democracia, en un momento de la historia en el que la versi\u00f3n financiera de este capitalismo desbocado se ha tornado incompatible con toda forma de vida democr\u00e1tica. En tal contexto, la pr\u00e1ctica que aqu\u00ed reivindicamos justamente prefigura una democracia bien distinta de la que acaba de cumplir 40 a\u00f1os con m\u00e1s pena que gloria.<\/span><\/p>\n<p style=\"text-align: justify;\"><span style=\"font-size: 14pt;\">En el seno de dicho fen\u00f3meno se dan cita expresiones netamente territoriales, otras tantas de tipo cultural, pero tambi\u00e9n asisten muchas comisiones sindicales combativas. As\u00ed como en la presentaci\u00f3n de la cautelar contra el DNU el 27\/12 pasado atron\u00f3 la consigna \u201cParo, paro, paro, paro general\u201d, ahora en cada reuni\u00f3n barrial va creciendo un clamor popular que exige dar continuidad y profundizar la lucha despu\u00e9s del paro.<\/span><\/p>\n<p style=\"text-align: justify;\"><span style=\"font-size: 14pt;\">Ojal\u00e1 que esta vez el estado de movilizaci\u00f3n en curso redunde en una mayor organizaci\u00f3n popular y una s\u00f3lida confluencia de fuerzas diversas capaz de evitar que la Patria se venda.<\/span><\/p>\n<p><img loading=\"lazy\" decoding=\"async\" class=\" wp-image-61714 aligncenter\" src=\"https:\/\/www.lapluma.net\/wp-content\/uploads\/2024\/01\/MILEI-MOTOSIERRA-LA-MEJOR-300x169.jpg\" alt=\"\" width=\"469\" height=\"264\" srcset=\"https:\/\/www.lapluma.net\/wp-content\/uploads\/2024\/01\/MILEI-MOTOSIERRA-LA-MEJOR-300x169.jpg 300w, https:\/\/www.lapluma.net\/wp-content\/uploads\/2024\/01\/MILEI-MOTOSIERRA-LA-MEJOR-768x432.jpg 768w, https:\/\/www.lapluma.net\/wp-content\/uploads\/2024\/01\/MILEI-MOTOSIERRA-LA-MEJOR-870x489.jpg 870w, https:\/\/www.lapluma.net\/wp-content\/uploads\/2024\/01\/MILEI-MOTOSIERRA-LA-MEJOR-895x503.jpg 895w, https:\/\/www.lapluma.net\/wp-content\/uploads\/2024\/01\/MILEI-MOTOSIERRA-LA-MEJOR.jpg 987w\" sizes=\"auto, (max-width: 469px) 100vw, 469px\" \/><\/p>\n<p style=\"text-align: justify;\"><span style=\"font-size: 14pt;\">Y que ning\u00fan pol\u00edtico encantador de serpientes vaya a planchar y cooptar nuevamente a esta pr\u00e1ctica tan valiosa, ni siquiera bajando el cuadro de Javier Gerardo Milei de la galer\u00eda de presidentes argentinxs. \u2013<\/span><\/p>\n<h2 style=\"text-align: justify;\"><span style=\"font-size: 14pt;\">Jorge Falcone para La Pluma<\/span><\/h2>\n<h2 style=\"text-align: justify;\"><span style=\"font-size: 14pt;\"><strong><a href=\"https:\/\/chiquifalcone.blogspot.com\/\">La Gomera de David<\/a>, 24 de enero de 2024<\/strong><\/span><\/h2>\n<h2 style=\"text-align: justify;\"><span style=\"font-size: 14pt;\"><strong>Editado por <a href=\"https:\/\/www.lapluma.net\/nosotros\/editora\/\">Mar\u00eda Piedad Ossaba<\/a><\/strong><\/span><\/h2>\n<h5 style=\"text-align: center;\"><img loading=\"lazy\" decoding=\"async\" class=\"wp-image-52093 aligncenter\" src=\"https:\/\/www.lapluma.net\/wp-content\/uploads\/2023\/05\/La-gomera-de-David--254x300.jpg\" sizes=\"auto, (max-width: 442px) 100vw, 442px\" srcset=\"https:\/\/www.lapluma.net\/wp-content\/uploads\/2023\/05\/La-gomera-de-David--254x300.jpg 254w, https:\/\/www.lapluma.net\/wp-content\/uploads\/2023\/05\/La-gomera-de-David-.jpg 433w\" alt=\"\" width=\"442\" height=\"522\" \/><span style=\"font-size: 10pt;\">BLOG DE JORGE FALCONE \/ UNA MIRADA CR\u00cdTICA SOBRE EL ACONTECER NOSTRAMERICANO<\/span><\/h5>\n","protected":false},"excerpt":{"rendered":"<p>Ojal\u00e1 que esta vez el estado de movilizaci\u00f3n en curso redunde en una mayor organizaci\u00f3n popular y una s\u00f3lida confluencia de fuerzas diversas capaz de evitar que la Patria se venda. Y que ning\u00fan pol\u00edtico encantador de serpientes vaya a planchar y cooptar nuevamente a esta pr\u00e1ctica tan valiosa, ni siquiera bajando el cuadro de Javier Gerardo Milei de la galer\u00eda de presidentes argentinxs. <\/p>\n","protected":false},"author":551,"featured_media":61732,"comment_status":"open","ping_status":"open","sticky":false,"template":"","format":"standard","meta":{"_uf_show_specific_survey":0,"_uf_disable_surveys":false,"footnotes":""},"categories":[217],"tags":[18627,25401,8105,7900,25400],"coauthors":[7901],"class_list":["post-61730","post","type-post","status-publish","format-standard","has-post-thumbnail","hentry","category-abya-yala","tag-doctrina-del-shock","tag-fondos-buitres","tag-foro-economico-mundial-de-davos","tag-jorge-falcone","tag-rodolfo-jorge-walsh"],"translation":{"provider":"WPGlobus","version":"2.12.2","language":"fr","enabled_languages":["es","fr"],"languages":{"es":{"title":true,"content":true,"excerpt":true},"fr":{"title":false,"content":false,"excerpt":false}}},"_links":{"self":[{"href":"https:\/\/www.lapluma.net\/fr\/wp-json\/wp\/v2\/posts\/61730","targetHints":{"allow":["GET"]}}],"collection":[{"href":"https:\/\/www.lapluma.net\/fr\/wp-json\/wp\/v2\/posts"}],"about":[{"href":"https:\/\/www.lapluma.net\/fr\/wp-json\/wp\/v2\/types\/post"}],"author":[{"embeddable":true,"href":"https:\/\/www.lapluma.net\/fr\/wp-json\/wp\/v2\/users\/551"}],"replies":[{"embeddable":true,"href":"https:\/\/www.lapluma.net\/fr\/wp-json\/wp\/v2\/comments?post=61730"}],"version-history":[{"count":8,"href":"https:\/\/www.lapluma.net\/fr\/wp-json\/wp\/v2\/posts\/61730\/revisions"}],"predecessor-version":[{"id":63725,"href":"https:\/\/www.lapluma.net\/fr\/wp-json\/wp\/v2\/posts\/61730\/revisions\/63725"}],"wp:featuredmedia":[{"embeddable":true,"href":"https:\/\/www.lapluma.net\/fr\/wp-json\/wp\/v2\/media\/61732"}],"wp:attachment":[{"href":"https:\/\/www.lapluma.net\/fr\/wp-json\/wp\/v2\/media?parent=61730"}],"wp:term":[{"taxonomy":"category","embeddable":true,"href":"https:\/\/www.lapluma.net\/fr\/wp-json\/wp\/v2\/categories?post=61730"},{"taxonomy":"post_tag","embeddable":true,"href":"https:\/\/www.lapluma.net\/fr\/wp-json\/wp\/v2\/tags?post=61730"},{"taxonomy":"author","embeddable":true,"href":"https:\/\/www.lapluma.net\/fr\/wp-json\/wp\/v2\/coauthors?post=61730"}],"curies":[{"name":"wp","href":"https:\/\/api.w.org\/{rel}","templated":true}]}}