{"id":61510,"date":"2024-01-22T21:10:05","date_gmt":"2024-01-22T21:10:05","guid":{"rendered":"https:\/\/www.lapluma.net\/?p=61510"},"modified":"2024-02-12T17:19:53","modified_gmt":"2024-02-12T17:19:53","slug":"61510","status":"publish","type":"post","link":"https:\/\/www.lapluma.net\/fr\/2024\/01\/22\/61510\/","title":{"rendered":"HAMAS : Pourquoi l\u2019Op\u00e9ration D\u00e9luge d\u2019Al Aqsa ?  Notre vision des choses"},"content":{"rendered":"<div data-wp-editing=\"1\">\n<div style=\"text-align: justify;\">\n<blockquote>\n<p style=\"padding-left: 40px;\"><span style=\"color: #000000;\"><strong><span style=\"font-size: large; line-height: 107%; mso-bidi-font-family: VBVNDT+Al-Jazeera-Arabic-Regula; mso-bidi-language: AR-TN;\">Le bureau de presse du Mouvement de R\u00e9sistance Islamique (Hamas) a diffus\u00e9 le dimanche 21 janvier 2024 une d\u00e9claration en <span style=\"color: #0000ff;\"><a style=\"color: #0000ff;\" href=\"https:\/\/tlaxcala-int.blogspot.com\/2024\/01\/7.html\" target=\"_blank\" rel=\"noopener\">arabe <\/a><\/span>et en <span style=\"color: #0000ff;\"><a style=\"color: #0000ff;\" href=\"https:\/\/tlaxcala-int.blogspot.com\/2024\/01\/blog-post_21.html\" target=\"_blank\" rel=\"noopener\">anglais<\/a><\/span>, traduite en <span style=\"color: #0000ff;\"><a style=\"color: #0000ff;\" href=\"https:\/\/tlaxcala-int.blogspot.com\/2024\/01\/hamas-por-que-la-operacion-diluvio-de.html\">espagnol<\/a><\/span> et en fran\u00e7ais par nos soins.-<\/span><span style=\"font-size: large; line-height: 107%; mso-bidi-font-family: VBVNDT+Al-Jazeera-Arabic-Regula; mso-bidi-language: AR-TN;\"><a style=\"color: #000000;\" href=\"https:\/\/tlaxcala-int.blogspot.com\/\">Tlaxcala<\/a><\/span><\/strong><\/span><\/p>\n<\/blockquote>\n<\/div>\n<div class=\"separator\" style=\"clear: both; text-align: center;\">\n<p><img loading=\"lazy\" decoding=\"async\" class=\"wp-image-61512\" src=\"https:\/\/www.lapluma.net\/wp-content\/uploads\/2024\/01\/Bismillah.jpg\" alt=\"\" width=\"419\" height=\"155\" \/><\/p>\n<p><span style=\"font-size: large;\"><b><span style=\"color: #3b3838; line-height: 107%; mso-bidi-font-family: VBVNDT+Al-Jazeera-Arabic-Regula; mso-bidi-font-size: 13.0pt; mso-bidi-language: AR-TN; mso-style-textfill-fill-alpha: 100.0%; mso-style-textfill-fill-color: #3B3838; mso-style-textfill-fill-colortransforms: lumm=25000; mso-style-textfill-fill-themecolor: background2; mso-themecolor: background2; mso-themeshade: 64;\">Au nom d\u2019Allah, le Tout Mis\u00e9ricordieux, le Tr\u00e8s Mis\u00e9ricordieux<\/span><\/b><\/span><\/p>\n<\/div>\n<\/div>\n<p class=\"MsoNormal\" style=\"text-align: justify;\"><span style=\"font-size: large;\"><b><span style=\"line-height: 107%; mso-bidi-font-family: VBVNDT+Al-Jazeera-Arabic-Regula; mso-bidi-language: AR-TN;\"><br \/>\n\u00c0 notre in\u00e9branlable peuple palestinien,<\/span><\/b><\/span><\/p>\n<p class=\"MsoNormal\" style=\"text-align: justify;\"><span style=\"font-size: large;\"><b><span style=\"line-height: 107%; mso-bidi-font-family: VBVNDT+Al-Jazeera-Arabic-Regula; mso-bidi-language: AR-TN;\">Aux nations arabes et islamiques,<\/span><\/b><\/span><\/p>\n<p class=\"MsoNormal\" style=\"text-align: justify;\"><span style=\"font-size: large;\"><b><span style=\"line-height: 107%; mso-bidi-font-family: VBVNDT+Al-Jazeera-Arabic-Regula; mso-bidi-language: AR-TN;\">Aux peuples libres du monde entier et \u00e0 ceux qui d\u00e9fendent la libert\u00e9, la justice et la dignit\u00e9 humaine, <\/span><\/b><\/span><\/p>\n<p style=\"text-align: justify;\"><span style=\"font-size: 14pt; color: #000000;\">\u00c0 la lumi\u00e8re de l\u2019agression isra\u00e9lienne en cours sur la bande de Gaza et la Cisjordanie, et alors que notre peuple poursuit sa bataille pour l\u2019ind\u00e9pendance, la dignit\u00e9 et la lib\u00e9ration de l\u2019occupation la plus longue de l\u2019histoire, au cours de laquelle il a fait preuve de la plus grande bravoure et du plus grand h\u00e9ro\u00efsme en affrontant la machine meurtri\u00e8re et l\u2019agression isra\u00e9liennes,<\/span><\/p>\n<p style=\"text-align: justify;\"><span style=\"font-size: 14pt; color: #000000;\">\u00a0Nous voudrions clarifier pour notre peuple et les peuples libres du monde la r\u00e9alit\u00e9 de ce qui s\u2019est pass\u00e9 le 7 octobre, ses motivations, son contexte g\u00e9n\u00e9ral li\u00e9 \u00e0 la cause palestinienne, r\u00e9futer les all\u00e9gations isra\u00e9liennes et mettre les faits en perspective.<\/span><\/p>\n<p class=\"MsoNormal\" style=\"text-align: justify;\"><span style=\"font-size: x-large; line-height: 107%; mso-bidi-font-family: VBVNDT+Al-Jazeera-Arabic-Regula; mso-bidi-language: AR-TN;\">\u00a0<\/span><span style=\"font-size: x-large;\"><b><span style=\"color: red; line-height: 107%; mso-bidi-font-family: VBVNDT+Al-Jazeera-Arabic-Regula; mso-bidi-font-size: 15.0pt; mso-bidi-language: AR-TN;\">Sommaire<\/span><\/b><\/span><\/p>\n<p><span style=\"font-size: 14pt; color: #1dc90a;\"><strong>Premi\u00e8rement : Pourquoi l\u2019Op\u00e9ration D\u00e9luge d\u2019Al Aqsa\u00a0? 4<br \/>\n<\/strong><strong>Deuxi\u00e8mement : Les \u00e9v\u00e9nements de l\u2019Op\u00e9ration D\u00e9luge d\u2019Al Aqsa et nos<br \/>\nr\u00e9ponses aux all\u00e9gations isra\u00e9liennes 9<br \/>\n<\/strong><strong>Troisi\u00e8mement : Vers une enqu\u00eate internationale transparente 14<br \/>\n<\/strong><strong>Quatri\u00e8mement : Un rappel au monde : qui est le Hamas ? 16<br \/>\n<\/strong><strong>Cinqui\u00e8mement : De quoi avons-nous besoin ? 19<\/strong><\/span><\/p>\n<figure style=\"width: 450px\" class=\"wp-caption aligncenter\"><a style=\"margin-left: 1em; margin-right: 1em;\" href=\"https:\/\/drive.google.com\/file\/d\/19FX9dOyT-d9dLz__fEj9hV0Yn8p2dy6X\/view?usp=sharing \" target=\"_blank\" rel=\"noopener\"><img loading=\"lazy\" decoding=\"async\" src=\"https:\/\/blogger.googleusercontent.com\/img\/b\/R29vZ2xl\/AVvXsEgLVxo6G6GJG2iox10gAbouKJK33suOGWyqnwQAfYd2iQABpd2kHisFCii_u6cWtD3QV-QsoAS0McXMpk_uAtqkxnmKoWDj31sHPO3UJgOJ8zBXxZnkAbGhFfEHdyGG3K5CdmPtLMi-pUI-xmTibbyGtmRTdUZ1MN8y-hRHUdk5MJMWtLVpiBDncNwJLPnO\/w450-h640\/Our%20narrative%20cover%20FR.png\" alt=\"\" width=\"450\" height=\"640\" border=\"0\" data-original-height=\"570\" data-original-width=\"400\" \/><\/a><figcaption class=\"wp-caption-text\"><span style=\"color: #0000ff; font-size: 14pt;\"><strong>Cliquer pour ouvrir<\/strong><\/span><\/figcaption><\/figure>\n","protected":false},"excerpt":{"rendered":"<p>La bataille du peuple palestinien contre l\u2019occupation et le colonialisme n\u2019a pas commenc\u00e9 le 7 octobre, mais il y a 105 ans, dont 30 ans de colonialisme britannique et 75 ans d\u2019occupation sioniste.<\/p>\n","protected":false},"author":1006,"featured_media":61518,"comment_status":"open","ping_status":"open","sticky":false,"template":"","format":"standard","meta":{"_uf_show_specific_survey":0,"_uf_disable_surveys":false,"footnotes":""},"categories":[5,218],"tags":[5092,11667,24917,24873,1656,25374,25375,1338,17190,1518,4962],"coauthors":[16670],"class_list":["post-61510","post","type-post","status-publish","format-standard","has-post-thumbnail","hentry","category-editoriales-y-opiniones","category-mundo","tag-derechos-de-los-pueblos","tag-droits-des-peuples","tag-genocide-de-gaza","tag-genocidio-de-gaza","tag-hamas","tag-operacion-diluvio-de-al-aqsa","tag-operation-deluge-dal-aqsa","tag-palestina-israel","tag-palestine-israel-2","tag-resistance-palestinienne","tag-resistencia-palestina"],"translation":{"provider":"WPGlobus","version":"2.12.2","language":"fr","enabled_languages":["es","fr"],"languages":{"es":{"title":true,"content":true,"excerpt":true},"fr":{"title":true,"content":true,"excerpt":true}}},"_links":{"self":[{"href":"https:\/\/www.lapluma.net\/fr\/wp-json\/wp\/v2\/posts\/61510","targetHints":{"allow":["GET"]}}],"collection":[{"href":"https:\/\/www.lapluma.net\/fr\/wp-json\/wp\/v2\/posts"}],"about":[{"href":"https:\/\/www.lapluma.net\/fr\/wp-json\/wp\/v2\/types\/post"}],"author":[{"embeddable":true,"href":"https:\/\/www.lapluma.net\/fr\/wp-json\/wp\/v2\/users\/1006"}],"replies":[{"embeddable":true,"href":"https:\/\/www.lapluma.net\/fr\/wp-json\/wp\/v2\/comments?post=61510"}],"version-history":[{"count":13,"href":"https:\/\/www.lapluma.net\/fr\/wp-json\/wp\/v2\/posts\/61510\/revisions"}],"predecessor-version":[{"id":62326,"href":"https:\/\/www.lapluma.net\/fr\/wp-json\/wp\/v2\/posts\/61510\/revisions\/62326"}],"wp:featuredmedia":[{"embeddable":true,"href":"https:\/\/www.lapluma.net\/fr\/wp-json\/wp\/v2\/media\/61518"}],"wp:attachment":[{"href":"https:\/\/www.lapluma.net\/fr\/wp-json\/wp\/v2\/media?parent=61510"}],"wp:term":[{"taxonomy":"category","embeddable":true,"href":"https:\/\/www.lapluma.net\/fr\/wp-json\/wp\/v2\/categories?post=61510"},{"taxonomy":"post_tag","embeddable":true,"href":"https:\/\/www.lapluma.net\/fr\/wp-json\/wp\/v2\/tags?post=61510"},{"taxonomy":"author","embeddable":true,"href":"https:\/\/www.lapluma.net\/fr\/wp-json\/wp\/v2\/coauthors?post=61510"}],"curies":[{"name":"wp","href":"https:\/\/api.w.org\/{rel}","templated":true}]}}